{"id":145115,"date":"2020-04-06T20:55:41","date_gmt":"2020-04-06T18:55:41","guid":{"rendered":"https:\/\/www.prijedordanas.com\/?p=145115"},"modified":"2020-04-06T20:55:41","modified_gmt":"2020-04-06T18:55:41","slug":"donesene-prve-uredbe-sa-zakonskom-snagom-od-proglasenja-vanrednog-stanja-u-republici-srpskoj","status":"publish","type":"post","link":"https:\/\/www.prijedordanas.com\/?p=145115","title":{"rendered":"Donesene prve Uredbe sa zakonskom snagom od progla\u0161enja vanrednog stanja u Republici Srpskoj"},"content":{"rendered":"<p><a href=\"https:\/\/www.prijedordanas.com\/wp-content\/uploads\/2020\/04\/atv-sastanak-prve-uredbe.jpg\"><img loading=\"lazy\" decoding=\"async\" src=\"https:\/\/www.prijedordanas.com\/wp-content\/uploads\/2020\/04\/atv-sastanak-prve-uredbe-300x217.jpg\" alt=\"\" width=\"300\" height=\"217\" class=\"alignleft size-medium wp-image-145116\" srcset=\"https:\/\/www.prijedordanas.com\/wp-content\/uploads\/2020\/04\/atv-sastanak-prve-uredbe-300x217.jpg 300w, https:\/\/www.prijedordanas.com\/wp-content\/uploads\/2020\/04\/atv-sastanak-prve-uredbe.jpg 690w\" sizes=\"(max-width: 300px) 100vw, 300px\" \/><\/a>Donesene su prve Uredbe za zakonskom snagom, od uvo\u0111enja vanrednog stanja u Srpskoj. Jedna se odnosi na rokove i postupanje u sudskim postupcima za vrijeme vanrednog stanja. Druga na prekr\u0161aje izazivanja panike i nereda.<\/p>\n<p>Na snagu stupaju dan nakon objavljivanja u Slu\u017ebenom glasniku Srpske. Predsjednica \u017deljka Cvijanovi\u0107 za ATV-ov politi\u010dki magazin Dosije ka\u017ee da \u0107e uredbe omogu\u0107iti nesmetano funkcionisanje institucija Srpske i sprovo\u0111enje svih mjera koje su donesene u Srpskoj, kako bi se sprije\u010dile ili ubla\u017eile posljedice pandemije. <\/p>\n<p>&#8220;Nijedna od tih stvari nije ne\u0161to \u0161to treba da zamijeni neki redovan rad, nego da nam pomogne da u ovako vanrednim okolnostima, mo\u017eemo da fukcioni\u0161emo da preduzimamo odre\u0111ene radnje, vode\u0107i ra\u010duna o interesima gra\u0111ana, da oni ne budu o\u0161te\u0107eni, evo kad su u pitanju sudski postupci i bilo \u0161ta drugo \u0161to \u0107e do\u0107i na red. Vi ste \u010duli od predsjednika Vlade da \u0107emo imati Uredbe ili set koji \u0107e se odnositi na ekononmsko privredna pitanja&#8221;, rekla je \u017deljka Cvijanovi\u0107, predsjendik Republike Srpske. <\/p>\n<p>Sadr\u017eaj i potrebu dono\u0161enja uredbi obrazlo\u017dili su predsjednici danas premijer Radovan Vi\u0161kovi\u0107 i resorni ministri, Anton Kasipovi\u0107 i Dragan Luka\u010d. Ministar unutra\u0161njih poslova za ATV poru\u010duje da  Uredba o prekr\u0161aju izazivanja panike i nereda za cilj ima sprje\u010davanje namjernog ili nenamjernog izazivanja panike i straha za vrijeme vanrednog stanja, i da \u0107e oni koji propis prekr\u0161e, pla\u0107ati paprene kazne.<\/p>\n<p>&#8220;Uglavnom je predvi\u0111ena nov\u010dana kazna za fizi\u010dko lice od 1.000 KM, za pravna lica od 3.000 do 10.000 KM i za odgovorno lice u pravnom licu tako\u0111e 1.000 KM za sve one koji na bilo koji na\u010din poku\u0161avaju da izazovu paniku ili nered u Srpskoj za vrijeme vanrednog stanja, tako\u0111e se odnosi i na one koji to poku\u0161avaju da rade putem mre\u017ea&#8221;; istakao je Dragan Luka\u010d, ministar unutra\u0161njih poslova Republike Srpske.<\/p>\n<p>Ministar pravde Srpske, Anton Kasipovi\u0107, prije nekoliko dana poru\u010dio je da \u0107e se Uredbom o  rokovima i postupanju u sudskim postupcima stvoriti uslovi da, za vrijeme vanrednog stanja, ne trpe pravosudni sistem i gra\u0111ani. Kasipovi\u0107 je tada rekao da \u0107e se po prestanku vanrednog stanja vratiti na uobi\u010dajen na\u010din postupanja. Sastanku u palati prisustvovali su danas i predsjednik NSRS Nedeljko \u010cubrilovi\u0107, koji je dao svoje mi\u0161ljenje o Uredbama i predsjednik zakonodavnog odbora NS, Du\u0161ica \u0160olaja. Vanredno stanje je u Srpskoj na snagu stupilo prije tri dana. Po njegovom zavr\u0161etku, sve Uredbe \u0107e na potvrdu u Parlament Srpske.<\/p>\n<p>ATV BL<\/p>\n","protected":false},"excerpt":{"rendered":"<p>Donesene su prve Uredbe za zakonskom snagom, od uvo\u0111enja vanrednog stanja u Srpskoj. Jedna se odnosi na rokove i postupanje u sudskim postupcima za vrijeme vanrednog stanja. Druga na prekr\u0161aje [&hellip;]<\/p>\n","protected":false},"author":1,"featured_media":0,"comment_status":"closed","ping_status":"open","sticky":false,"template":"","format":"standard","meta":{"_monsterinsights_skip_tracking":false,"_monsterinsights_sitenote_active":false,"_monsterinsights_sitenote_note":"","_monsterinsights_sitenote_category":0,"footnotes":""},"categories":[8],"tags":[11081,11160,1270],"yoast_head":"<!-- This site is optimized with the Yoast SEO plugin v21.6 - https:\/\/yoast.com\/wordpress\/plugins\/seo\/ -->\n<title>Donesene prve Uredbe sa zakonskom snagom od progla\u0161enja vanrednog stanja u Republici Srpskoj - PrijedorDanas.com - Prijedorski gradski portal<\/title>\n<meta name=\"robots\" content=\"index, follow, max-snippet:-1, max-image-preview:large, max-video-preview:-1\" \/>\n<link rel=\"canonical\" href=\"https:\/\/www.prijedordanas.com\/?p=145115\" \/>\n<meta property=\"og:locale\" content=\"en_US\" \/>\n<meta property=\"og:type\" content=\"article\" \/>\n<meta property=\"og:title\" content=\"Donesene prve Uredbe sa zakonskom snagom od progla\u0161enja vanrednog stanja u Republici Srpskoj - PrijedorDanas.com - Prijedorski gradski portal\" \/>\n<meta property=\"og:description\" content=\"Donesene su prve Uredbe za zakonskom snagom, od uvo\u0111enja vanrednog stanja u Srpskoj. Jedna se odnosi na rokove i postupanje u sudskim postupcima za vrijeme vanrednog stanja. Druga na prekr\u0161aje [&hellip;]\" \/>\n<meta property=\"og:url\" content=\"https:\/\/www.prijedordanas.com\/?p=145115\" \/>\n<meta property=\"og:site_name\" content=\"PrijedorDanas.com - Prijedorski gradski portal\" \/>\n<meta property=\"article:publisher\" content=\"https:\/\/www.facebook.com\/PrijedorDanasCom\/\" \/>\n<meta property=\"article:published_time\" content=\"2020-04-06T18:55:41+00:00\" \/>\n<meta property=\"og:image\" content=\"https:\/\/www.prijedordanas.com\/wp-content\/uploads\/2020\/04\/atv-sastanak-prve-uredbe-300x217.jpg\" \/>\n<meta name=\"author\" content=\"admin\" \/>\n<meta name=\"twitter:card\" content=\"summary_large_image\" \/>\n<meta name=\"twitter:label1\" content=\"Written by\" \/>\n\t<meta name=\"twitter:data1\" content=\"admin\" \/>\n\t<meta name=\"twitter:label2\" content=\"Est. reading time\" \/>\n\t<meta name=\"twitter:data2\" content=\"2 minutes\" \/>\n<script type=\"application\/ld+json\" class=\"yoast-schema-graph\">{\"@context\":\"https:\/\/schema.org\",\"@graph\":[{\"@type\":\"Article\",\"@id\":\"https:\/\/www.prijedordanas.com\/?p=145115#article\",\"isPartOf\":{\"@id\":\"https:\/\/www.prijedordanas.com\/?p=145115\"},\"author\":{\"name\":\"admin\",\"@id\":\"https:\/\/www.prijedordanas.com\/#\/schema\/person\/4e08ccf29b506ca916ff86d46bb700e6\"},\"headline\":\"Donesene prve Uredbe sa zakonskom snagom od progla\u0161enja vanrednog stanja u Republici Srpskoj\",\"datePublished\":\"2020-04-06T18:55:41+00:00\",\"dateModified\":\"2020-04-06T18:55:41+00:00\",\"mainEntityOfPage\":{\"@id\":\"https:\/\/www.prijedordanas.com\/?p=145115\"},\"wordCount\":445,\"publisher\":{\"@id\":\"https:\/\/www.prijedordanas.com\/#organization\"},\"keywords\":[\"korona\",\"uredbe\",\"vanredno stanje\"],\"articleSection\":[\"Svakodnevno\"],\"inLanguage\":\"en-US\"},{\"@type\":\"WebPage\",\"@id\":\"https:\/\/www.prijedordanas.com\/?p=145115\",\"url\":\"https:\/\/www.prijedordanas.com\/?p=145115\",\"name\":\"Donesene prve Uredbe sa zakonskom snagom od progla\u0161enja vanrednog stanja u Republici Srpskoj - PrijedorDanas.com - Prijedorski gradski portal\",\"isPartOf\":{\"@id\":\"https:\/\/www.prijedordanas.com\/#website\"},\"datePublished\":\"2020-04-06T18:55:41+00:00\",\"dateModified\":\"2020-04-06T18:55:41+00:00\",\"breadcrumb\":{\"@id\":\"https:\/\/www.prijedordanas.com\/?p=145115#breadcrumb\"},\"inLanguage\":\"en-US\",\"potentialAction\":[{\"@type\":\"ReadAction\",\"target\":[\"https:\/\/www.prijedordanas.com\/?p=145115\"]}]},{\"@type\":\"BreadcrumbList\",\"@id\":\"https:\/\/www.prijedordanas.com\/?p=145115#breadcrumb\",\"itemListElement\":[{\"@type\":\"ListItem\",\"position\":1,\"name\":\"Home\",\"item\":\"https:\/\/www.prijedordanas.com\/\"},{\"@type\":\"ListItem\",\"position\":2,\"name\":\"Donesene prve Uredbe sa zakonskom snagom od progla\u0161enja vanrednog stanja u Republici Srpskoj\"}]},{\"@type\":\"WebSite\",\"@id\":\"https:\/\/www.prijedordanas.com\/#website\",\"url\":\"https:\/\/www.prijedordanas.com\/\",\"name\":\"PrijedorDanas.com - Prijedorski gradski portal\",\"description\":\"Portal o doga\u0111anjima u gradu Prijedoru\",\"publisher\":{\"@id\":\"https:\/\/www.prijedordanas.com\/#organization\"},\"potentialAction\":[{\"@type\":\"SearchAction\",\"target\":{\"@type\":\"EntryPoint\",\"urlTemplate\":\"https:\/\/www.prijedordanas.com\/?s={search_term_string}\"},\"query-input\":\"required name=search_term_string\"}],\"inLanguage\":\"en-US\"},{\"@type\":\"Organization\",\"@id\":\"https:\/\/www.prijedordanas.com\/#organization\",\"name\":\"PrijedorDanas.com\",\"url\":\"https:\/\/www.prijedordanas.com\/\",\"logo\":{\"@type\":\"ImageObject\",\"inLanguage\":\"en-US\",\"@id\":\"https:\/\/www.prijedordanas.com\/#\/schema\/logo\/image\/\",\"url\":\"http:\/\/www.prijedordanas.com\/wp-content\/uploads\/2021\/12\/logopng.png\",\"contentUrl\":\"http:\/\/www.prijedordanas.com\/wp-content\/uploads\/2021\/12\/logopng.png\",\"width\":1019,\"height\":776,\"caption\":\"PrijedorDanas.com\"},\"image\":{\"@id\":\"https:\/\/www.prijedordanas.com\/#\/schema\/logo\/image\/\"},\"sameAs\":[\"https:\/\/www.facebook.com\/PrijedorDanasCom\/\"]},{\"@type\":\"Person\",\"@id\":\"https:\/\/www.prijedordanas.com\/#\/schema\/person\/4e08ccf29b506ca916ff86d46bb700e6\",\"name\":\"admin\",\"image\":{\"@type\":\"ImageObject\",\"inLanguage\":\"en-US\",\"@id\":\"https:\/\/www.prijedordanas.com\/#\/schema\/person\/image\/\",\"url\":\"https:\/\/secure.gravatar.com\/avatar\/1d3fc949d550f0b53a5f0d51e06dfd79?s=96&d=mm&r=g\",\"contentUrl\":\"https:\/\/secure.gravatar.com\/avatar\/1d3fc949d550f0b53a5f0d51e06dfd79?s=96&d=mm&r=g\",\"caption\":\"admin\"},\"url\":\"https:\/\/www.prijedordanas.com\/?author=1\"}]}<\/script>\n<!-- \/ Yoast SEO plugin. -->","yoast_head_json":{"title":"Donesene prve Uredbe sa zakonskom snagom od progla\u0161enja vanrednog stanja u Republici Srpskoj - PrijedorDanas.com - Prijedorski gradski portal","robots":{"index":"index","follow":"follow","max-snippet":"max-snippet:-1","max-image-preview":"max-image-preview:large","max-video-preview":"max-video-preview:-1"},"canonical":"https:\/\/www.prijedordanas.com\/?p=145115","og_locale":"en_US","og_type":"article","og_title":"Donesene prve Uredbe sa zakonskom snagom od progla\u0161enja vanrednog stanja u Republici Srpskoj - PrijedorDanas.com - Prijedorski gradski portal","og_description":"Donesene su prve Uredbe za zakonskom snagom, od uvo\u0111enja vanrednog stanja u Srpskoj. Jedna se odnosi na rokove i postupanje u sudskim postupcima za vrijeme vanrednog stanja. Druga na prekr\u0161aje [&hellip;]","og_url":"https:\/\/www.prijedordanas.com\/?p=145115","og_site_name":"PrijedorDanas.com - Prijedorski gradski portal","article_publisher":"https:\/\/www.facebook.com\/PrijedorDanasCom\/","article_published_time":"2020-04-06T18:55:41+00:00","og_image":[{"url":"https:\/\/www.prijedordanas.com\/wp-content\/uploads\/2020\/04\/atv-sastanak-prve-uredbe-300x217.jpg"}],"author":"admin","twitter_card":"summary_large_image","twitter_misc":{"Written by":"admin","Est. reading time":"2 minutes"},"schema":{"@context":"https:\/\/schema.org","@graph":[{"@type":"Article","@id":"https:\/\/www.prijedordanas.com\/?p=145115#article","isPartOf":{"@id":"https:\/\/www.prijedordanas.com\/?p=145115"},"author":{"name":"admin","@id":"https:\/\/www.prijedordanas.com\/#\/schema\/person\/4e08ccf29b506ca916ff86d46bb700e6"},"headline":"Donesene prve Uredbe sa zakonskom snagom od progla\u0161enja vanrednog stanja u Republici Srpskoj","datePublished":"2020-04-06T18:55:41+00:00","dateModified":"2020-04-06T18:55:41+00:00","mainEntityOfPage":{"@id":"https:\/\/www.prijedordanas.com\/?p=145115"},"wordCount":445,"publisher":{"@id":"https:\/\/www.prijedordanas.com\/#organization"},"keywords":["korona","uredbe","vanredno stanje"],"articleSection":["Svakodnevno"],"inLanguage":"en-US"},{"@type":"WebPage","@id":"https:\/\/www.prijedordanas.com\/?p=145115","url":"https:\/\/www.prijedordanas.com\/?p=145115","name":"Donesene prve Uredbe sa zakonskom snagom od progla\u0161enja vanrednog stanja u Republici Srpskoj - PrijedorDanas.com - Prijedorski gradski portal","isPartOf":{"@id":"https:\/\/www.prijedordanas.com\/#website"},"datePublished":"2020-04-06T18:55:41+00:00","dateModified":"2020-04-06T18:55:41+00:00","breadcrumb":{"@id":"https:\/\/www.prijedordanas.com\/?p=145115#breadcrumb"},"inLanguage":"en-US","potentialAction":[{"@type":"ReadAction","target":["https:\/\/www.prijedordanas.com\/?p=145115"]}]},{"@type":"BreadcrumbList","@id":"https:\/\/www.prijedordanas.com\/?p=145115#breadcrumb","itemListElement":[{"@type":"ListItem","position":1,"name":"Home","item":"https:\/\/www.prijedordanas.com\/"},{"@type":"ListItem","position":2,"name":"Donesene prve Uredbe sa zakonskom snagom od progla\u0161enja vanrednog stanja u Republici Srpskoj"}]},{"@type":"WebSite","@id":"https:\/\/www.prijedordanas.com\/#website","url":"https:\/\/www.prijedordanas.com\/","name":"PrijedorDanas.com - Prijedorski gradski portal","description":"Portal o doga\u0111anjima u gradu Prijedoru","publisher":{"@id":"https:\/\/www.prijedordanas.com\/#organization"},"potentialAction":[{"@type":"SearchAction","target":{"@type":"EntryPoint","urlTemplate":"https:\/\/www.prijedordanas.com\/?s={search_term_string}"},"query-input":"required name=search_term_string"}],"inLanguage":"en-US"},{"@type":"Organization","@id":"https:\/\/www.prijedordanas.com\/#organization","name":"PrijedorDanas.com","url":"https:\/\/www.prijedordanas.com\/","logo":{"@type":"ImageObject","inLanguage":"en-US","@id":"https:\/\/www.prijedordanas.com\/#\/schema\/logo\/image\/","url":"http:\/\/www.prijedordanas.com\/wp-content\/uploads\/2021\/12\/logopng.png","contentUrl":"http:\/\/www.prijedordanas.com\/wp-content\/uploads\/2021\/12\/logopng.png","width":1019,"height":776,"caption":"PrijedorDanas.com"},"image":{"@id":"https:\/\/www.prijedordanas.com\/#\/schema\/logo\/image\/"},"sameAs":["https:\/\/www.facebook.com\/PrijedorDanasCom\/"]},{"@type":"Person","@id":"https:\/\/www.prijedordanas.com\/#\/schema\/person\/4e08ccf29b506ca916ff86d46bb700e6","name":"admin","image":{"@type":"ImageObject","inLanguage":"en-US","@id":"https:\/\/www.prijedordanas.com\/#\/schema\/person\/image\/","url":"https:\/\/secure.gravatar.com\/avatar\/1d3fc949d550f0b53a5f0d51e06dfd79?s=96&d=mm&r=g","contentUrl":"https:\/\/secure.gravatar.com\/avatar\/1d3fc949d550f0b53a5f0d51e06dfd79?s=96&d=mm&r=g","caption":"admin"},"url":"https:\/\/www.prijedordanas.com\/?author=1"}]}},"_links":{"self":[{"href":"https:\/\/www.prijedordanas.com\/index.php?rest_route=\/wp\/v2\/posts\/145115"}],"collection":[{"href":"https:\/\/www.prijedordanas.com\/index.php?rest_route=\/wp\/v2\/posts"}],"about":[{"href":"https:\/\/www.prijedordanas.com\/index.php?rest_route=\/wp\/v2\/types\/post"}],"author":[{"embeddable":true,"href":"https:\/\/www.prijedordanas.com\/index.php?rest_route=\/wp\/v2\/users\/1"}],"replies":[{"embeddable":true,"href":"https:\/\/www.prijedordanas.com\/index.php?rest_route=%2Fwp%2Fv2%2Fcomments&post=145115"}],"version-history":[{"count":1,"href":"https:\/\/www.prijedordanas.com\/index.php?rest_route=\/wp\/v2\/posts\/145115\/revisions"}],"predecessor-version":[{"id":145117,"href":"https:\/\/www.prijedordanas.com\/index.php?rest_route=\/wp\/v2\/posts\/145115\/revisions\/145117"}],"wp:attachment":[{"href":"https:\/\/www.prijedordanas.com\/index.php?rest_route=%2Fwp%2Fv2%2Fmedia&parent=145115"}],"wp:term":[{"taxonomy":"category","embeddable":true,"href":"https:\/\/www.prijedordanas.com\/index.php?rest_route=%2Fwp%2Fv2%2Fcategories&post=145115"},{"taxonomy":"post_tag","embeddable":true,"href":"https:\/\/www.prijedordanas.com\/index.php?rest_route=%2Fwp%2Fv2%2Ftags&post=145115"}],"curies":[{"name":"wp","href":"https:\/\/api.w.org\/{rel}","templated":true}]}}