{"id":14505,"date":"2015-01-22T09:42:55","date_gmt":"2015-01-22T08:42:55","guid":{"rendered":"https:\/\/www.prijedordanas.com\/?p=14505"},"modified":"2015-01-22T09:42:55","modified_gmt":"2015-01-22T08:42:55","slug":"negativan-prirastaj-u-prijedoru-broj-umrlih-za-372-stanovnika-veci-od-broja-rodenih","status":"publish","type":"post","link":"https:\/\/www.prijedordanas.com\/?p=14505","title":{"rendered":"NEGATIVAN PRIRA\u0160TAJ U PRIJEDORU: BROJ UMRLIH ZA 372 STANOVNIKA VE\u0106I OD BROJA RO\u0110ENIH"},"content":{"rendered":"<p><a href=\"https:\/\/www.prijedordanas.com\/wp-content\/uploads\/2015\/01\/srna-jasminka-murselovic.jpg\"><img loading=\"lazy\" decoding=\"async\" src=\"https:\/\/www.prijedordanas.com\/wp-content\/uploads\/2015\/01\/srna-jasminka-murselovic-300x202.jpg\" alt=\"srna-jasminka murselovic\" width=\"300\" height=\"202\" class=\"alignleft size-medium wp-image-14501\" srcset=\"https:\/\/www.prijedordanas.com\/wp-content\/uploads\/2015\/01\/srna-jasminka-murselovic-300x202.jpg 300w, https:\/\/www.prijedordanas.com\/wp-content\/uploads\/2015\/01\/srna-jasminka-murselovic.jpg 600w\" sizes=\"(max-width: 300px) 100vw, 300px\" \/><\/a>U Prijedoru je tokom 2014. godine ro\u0111eno 800 beba, sklopljena su 423 braka, a umrlo je 1.172 lica.<\/p>\n<p>Na\u010delnik Odjeljenja za op\u0161tu upravu grada Prijedora Jasminka Murselovi\u0107 istakla je da ovi podaci pokazuju da je pro\u0161loj godini na podru\u010dju Prijedora broj umrlih bio ve\u0107i od broja novoro\u0111enih za 372 stanovnika i da grad Prijedor ima negativan prira\u0161taj, kao i ve\u0107ina drugih gradova u Republici Srpskoj. <\/p>\n<p>&#8220;Broj ro\u0111enih beba je za 20 beba ve\u0107i nego u 2013. godini, bilo je i 26 vi\u0161e zaklju\u010denih brakova, ali je evidentirano i za 21 lice vi\u0161e umrlih nego godinu prije&#8221;, potvrdila je Murselovi\u0107eva. <\/p>\n<p>Ona je dodala da ovi statisti\u010dki podaci pokazuju da grad Prijedor ima negativan prira\u0161taj i da je broj novoro\u0111enih manji od broja umrlih posljednjih godina. <\/p>\n<p>&#8220;Negativan trend rasta populacije u Republici Srpskoj i uop\u0161te u regionu nije izbjegao ni grad Prijedor&#8221;, kazala je Murselovi\u0107eva. <\/p>\n<p>Ona je dodala da iako nije domen rada ovog odjeljenja da razmatra razloge ovog trenda, kao ni mjere da se njegov negativni karakter zaustavi, ali da se on ne mora vezati isklju\u010divo za ekonomsku krizu. <\/p>\n<p>&#8220;Evidentno je da mladi nerado stupaju u bra\u010dnu zajednicu, da se starosna granica prvorotki pove\u0107ava i da je u pitanju niz sociolo\u0161kih faktora koji na ovu pojavu uti\u010du&#8221;, istakla je Murselovi\u0107eva. <\/p>\n<p>SRNA<\/p>\n","protected":false},"excerpt":{"rendered":"<p>U Prijedoru je tokom 2014. godine ro\u0111eno 800 beba, sklopljena su 423 braka, a umrlo je 1.172 lica. Na\u010delnik Odjeljenja za op\u0161tu upravu grada Prijedora Jasminka Murselovi\u0107 istakla je da [&hellip;]<\/p>\n","protected":false},"author":1,"featured_media":0,"comment_status":"closed","ping_status":"open","sticky":false,"template":"","format":"standard","meta":{"_monsterinsights_skip_tracking":false,"_monsterinsights_sitenote_active":false,"_monsterinsights_sitenote_note":"","_monsterinsights_sitenote_category":0,"footnotes":""},"categories":[8],"tags":[],"yoast_head":"<!-- This site is optimized with the Yoast SEO plugin v21.6 - https:\/\/yoast.com\/wordpress\/plugins\/seo\/ -->\n<title>NEGATIVAN PRIRA\u0160TAJ U PRIJEDORU: BROJ UMRLIH ZA 372 STANOVNIKA VE\u0106I OD BROJA RO\u0110ENIH - PrijedorDanas.com - Prijedorski gradski portal<\/title>\n<meta name=\"robots\" content=\"index, follow, max-snippet:-1, max-image-preview:large, max-video-preview:-1\" \/>\n<link rel=\"canonical\" href=\"https:\/\/www.prijedordanas.com\/?p=14505\" \/>\n<meta property=\"og:locale\" content=\"en_US\" \/>\n<meta property=\"og:type\" content=\"article\" \/>\n<meta property=\"og:title\" content=\"NEGATIVAN PRIRA\u0160TAJ U PRIJEDORU: BROJ UMRLIH ZA 372 STANOVNIKA VE\u0106I OD BROJA RO\u0110ENIH - PrijedorDanas.com - Prijedorski gradski portal\" \/>\n<meta property=\"og:description\" content=\"U Prijedoru je tokom 2014. godine ro\u0111eno 800 beba, sklopljena su 423 braka, a umrlo je 1.172 lica. Na\u010delnik Odjeljenja za op\u0161tu upravu grada Prijedora Jasminka Murselovi\u0107 istakla je da [&hellip;]\" \/>\n<meta property=\"og:url\" content=\"https:\/\/www.prijedordanas.com\/?p=14505\" \/>\n<meta property=\"og:site_name\" content=\"PrijedorDanas.com - Prijedorski gradski portal\" \/>\n<meta property=\"article:publisher\" content=\"https:\/\/www.facebook.com\/PrijedorDanasCom\/\" \/>\n<meta property=\"article:published_time\" content=\"2015-01-22T08:42:55+00:00\" \/>\n<meta property=\"og:image\" content=\"https:\/\/www.prijedordanas.com\/wp-content\/uploads\/2015\/01\/srna-jasminka-murselovic-300x202.jpg\" \/>\n<meta name=\"author\" content=\"admin\" \/>\n<meta name=\"twitter:card\" content=\"summary_large_image\" \/>\n<meta name=\"twitter:label1\" content=\"Written by\" \/>\n\t<meta name=\"twitter:data1\" content=\"admin\" \/>\n\t<meta name=\"twitter:label2\" content=\"Est. reading time\" \/>\n\t<meta name=\"twitter:data2\" content=\"1 minute\" \/>\n<script type=\"application\/ld+json\" class=\"yoast-schema-graph\">{\"@context\":\"https:\/\/schema.org\",\"@graph\":[{\"@type\":\"Article\",\"@id\":\"https:\/\/www.prijedordanas.com\/?p=14505#article\",\"isPartOf\":{\"@id\":\"https:\/\/www.prijedordanas.com\/?p=14505\"},\"author\":{\"name\":\"admin\",\"@id\":\"https:\/\/www.prijedordanas.com\/#\/schema\/person\/4e08ccf29b506ca916ff86d46bb700e6\"},\"headline\":\"NEGATIVAN PRIRA\u0160TAJ U PRIJEDORU: BROJ UMRLIH ZA 372 STANOVNIKA VE\u0106I OD BROJA RO\u0110ENIH\",\"datePublished\":\"2015-01-22T08:42:55+00:00\",\"dateModified\":\"2015-01-22T08:42:55+00:00\",\"mainEntityOfPage\":{\"@id\":\"https:\/\/www.prijedordanas.com\/?p=14505\"},\"wordCount\":242,\"publisher\":{\"@id\":\"https:\/\/www.prijedordanas.com\/#organization\"},\"articleSection\":[\"Svakodnevno\"],\"inLanguage\":\"en-US\"},{\"@type\":\"WebPage\",\"@id\":\"https:\/\/www.prijedordanas.com\/?p=14505\",\"url\":\"https:\/\/www.prijedordanas.com\/?p=14505\",\"name\":\"NEGATIVAN PRIRA\u0160TAJ U PRIJEDORU: BROJ UMRLIH ZA 372 STANOVNIKA VE\u0106I OD BROJA RO\u0110ENIH - PrijedorDanas.com - Prijedorski gradski portal\",\"isPartOf\":{\"@id\":\"https:\/\/www.prijedordanas.com\/#website\"},\"datePublished\":\"2015-01-22T08:42:55+00:00\",\"dateModified\":\"2015-01-22T08:42:55+00:00\",\"breadcrumb\":{\"@id\":\"https:\/\/www.prijedordanas.com\/?p=14505#breadcrumb\"},\"inLanguage\":\"en-US\",\"potentialAction\":[{\"@type\":\"ReadAction\",\"target\":[\"https:\/\/www.prijedordanas.com\/?p=14505\"]}]},{\"@type\":\"BreadcrumbList\",\"@id\":\"https:\/\/www.prijedordanas.com\/?p=14505#breadcrumb\",\"itemListElement\":[{\"@type\":\"ListItem\",\"position\":1,\"name\":\"Home\",\"item\":\"https:\/\/www.prijedordanas.com\/\"},{\"@type\":\"ListItem\",\"position\":2,\"name\":\"NEGATIVAN PRIRA\u0160TAJ U PRIJEDORU: BROJ UMRLIH ZA 372 STANOVNIKA VE\u0106I OD BROJA RO\u0110ENIH\"}]},{\"@type\":\"WebSite\",\"@id\":\"https:\/\/www.prijedordanas.com\/#website\",\"url\":\"https:\/\/www.prijedordanas.com\/\",\"name\":\"PrijedorDanas.com - Prijedorski gradski portal\",\"description\":\"Portal o doga\u0111anjima u gradu Prijedoru\",\"publisher\":{\"@id\":\"https:\/\/www.prijedordanas.com\/#organization\"},\"potentialAction\":[{\"@type\":\"SearchAction\",\"target\":{\"@type\":\"EntryPoint\",\"urlTemplate\":\"https:\/\/www.prijedordanas.com\/?s={search_term_string}\"},\"query-input\":\"required name=search_term_string\"}],\"inLanguage\":\"en-US\"},{\"@type\":\"Organization\",\"@id\":\"https:\/\/www.prijedordanas.com\/#organization\",\"name\":\"PrijedorDanas.com\",\"url\":\"https:\/\/www.prijedordanas.com\/\",\"logo\":{\"@type\":\"ImageObject\",\"inLanguage\":\"en-US\",\"@id\":\"https:\/\/www.prijedordanas.com\/#\/schema\/logo\/image\/\",\"url\":\"http:\/\/www.prijedordanas.com\/wp-content\/uploads\/2021\/12\/logopng.png\",\"contentUrl\":\"http:\/\/www.prijedordanas.com\/wp-content\/uploads\/2021\/12\/logopng.png\",\"width\":1019,\"height\":776,\"caption\":\"PrijedorDanas.com\"},\"image\":{\"@id\":\"https:\/\/www.prijedordanas.com\/#\/schema\/logo\/image\/\"},\"sameAs\":[\"https:\/\/www.facebook.com\/PrijedorDanasCom\/\"]},{\"@type\":\"Person\",\"@id\":\"https:\/\/www.prijedordanas.com\/#\/schema\/person\/4e08ccf29b506ca916ff86d46bb700e6\",\"name\":\"admin\",\"image\":{\"@type\":\"ImageObject\",\"inLanguage\":\"en-US\",\"@id\":\"https:\/\/www.prijedordanas.com\/#\/schema\/person\/image\/\",\"url\":\"https:\/\/secure.gravatar.com\/avatar\/1d3fc949d550f0b53a5f0d51e06dfd79?s=96&d=mm&r=g\",\"contentUrl\":\"https:\/\/secure.gravatar.com\/avatar\/1d3fc949d550f0b53a5f0d51e06dfd79?s=96&d=mm&r=g\",\"caption\":\"admin\"},\"url\":\"https:\/\/www.prijedordanas.com\/?author=1\"}]}<\/script>\n<!-- \/ Yoast SEO plugin. -->","yoast_head_json":{"title":"NEGATIVAN PRIRA\u0160TAJ U PRIJEDORU: BROJ UMRLIH ZA 372 STANOVNIKA VE\u0106I OD BROJA RO\u0110ENIH - PrijedorDanas.com - Prijedorski gradski portal","robots":{"index":"index","follow":"follow","max-snippet":"max-snippet:-1","max-image-preview":"max-image-preview:large","max-video-preview":"max-video-preview:-1"},"canonical":"https:\/\/www.prijedordanas.com\/?p=14505","og_locale":"en_US","og_type":"article","og_title":"NEGATIVAN PRIRA\u0160TAJ U PRIJEDORU: BROJ UMRLIH ZA 372 STANOVNIKA VE\u0106I OD BROJA RO\u0110ENIH - PrijedorDanas.com - Prijedorski gradski portal","og_description":"U Prijedoru je tokom 2014. godine ro\u0111eno 800 beba, sklopljena su 423 braka, a umrlo je 1.172 lica. Na\u010delnik Odjeljenja za op\u0161tu upravu grada Prijedora Jasminka Murselovi\u0107 istakla je da [&hellip;]","og_url":"https:\/\/www.prijedordanas.com\/?p=14505","og_site_name":"PrijedorDanas.com - Prijedorski gradski portal","article_publisher":"https:\/\/www.facebook.com\/PrijedorDanasCom\/","article_published_time":"2015-01-22T08:42:55+00:00","og_image":[{"url":"https:\/\/www.prijedordanas.com\/wp-content\/uploads\/2015\/01\/srna-jasminka-murselovic-300x202.jpg"}],"author":"admin","twitter_card":"summary_large_image","twitter_misc":{"Written by":"admin","Est. reading time":"1 minute"},"schema":{"@context":"https:\/\/schema.org","@graph":[{"@type":"Article","@id":"https:\/\/www.prijedordanas.com\/?p=14505#article","isPartOf":{"@id":"https:\/\/www.prijedordanas.com\/?p=14505"},"author":{"name":"admin","@id":"https:\/\/www.prijedordanas.com\/#\/schema\/person\/4e08ccf29b506ca916ff86d46bb700e6"},"headline":"NEGATIVAN PRIRA\u0160TAJ U PRIJEDORU: BROJ UMRLIH ZA 372 STANOVNIKA VE\u0106I OD BROJA RO\u0110ENIH","datePublished":"2015-01-22T08:42:55+00:00","dateModified":"2015-01-22T08:42:55+00:00","mainEntityOfPage":{"@id":"https:\/\/www.prijedordanas.com\/?p=14505"},"wordCount":242,"publisher":{"@id":"https:\/\/www.prijedordanas.com\/#organization"},"articleSection":["Svakodnevno"],"inLanguage":"en-US"},{"@type":"WebPage","@id":"https:\/\/www.prijedordanas.com\/?p=14505","url":"https:\/\/www.prijedordanas.com\/?p=14505","name":"NEGATIVAN PRIRA\u0160TAJ U PRIJEDORU: BROJ UMRLIH ZA 372 STANOVNIKA VE\u0106I OD BROJA RO\u0110ENIH - PrijedorDanas.com - Prijedorski gradski portal","isPartOf":{"@id":"https:\/\/www.prijedordanas.com\/#website"},"datePublished":"2015-01-22T08:42:55+00:00","dateModified":"2015-01-22T08:42:55+00:00","breadcrumb":{"@id":"https:\/\/www.prijedordanas.com\/?p=14505#breadcrumb"},"inLanguage":"en-US","potentialAction":[{"@type":"ReadAction","target":["https:\/\/www.prijedordanas.com\/?p=14505"]}]},{"@type":"BreadcrumbList","@id":"https:\/\/www.prijedordanas.com\/?p=14505#breadcrumb","itemListElement":[{"@type":"ListItem","position":1,"name":"Home","item":"https:\/\/www.prijedordanas.com\/"},{"@type":"ListItem","position":2,"name":"NEGATIVAN PRIRA\u0160TAJ U PRIJEDORU: BROJ UMRLIH ZA 372 STANOVNIKA VE\u0106I OD BROJA RO\u0110ENIH"}]},{"@type":"WebSite","@id":"https:\/\/www.prijedordanas.com\/#website","url":"https:\/\/www.prijedordanas.com\/","name":"PrijedorDanas.com - Prijedorski gradski portal","description":"Portal o doga\u0111anjima u gradu Prijedoru","publisher":{"@id":"https:\/\/www.prijedordanas.com\/#organization"},"potentialAction":[{"@type":"SearchAction","target":{"@type":"EntryPoint","urlTemplate":"https:\/\/www.prijedordanas.com\/?s={search_term_string}"},"query-input":"required name=search_term_string"}],"inLanguage":"en-US"},{"@type":"Organization","@id":"https:\/\/www.prijedordanas.com\/#organization","name":"PrijedorDanas.com","url":"https:\/\/www.prijedordanas.com\/","logo":{"@type":"ImageObject","inLanguage":"en-US","@id":"https:\/\/www.prijedordanas.com\/#\/schema\/logo\/image\/","url":"http:\/\/www.prijedordanas.com\/wp-content\/uploads\/2021\/12\/logopng.png","contentUrl":"http:\/\/www.prijedordanas.com\/wp-content\/uploads\/2021\/12\/logopng.png","width":1019,"height":776,"caption":"PrijedorDanas.com"},"image":{"@id":"https:\/\/www.prijedordanas.com\/#\/schema\/logo\/image\/"},"sameAs":["https:\/\/www.facebook.com\/PrijedorDanasCom\/"]},{"@type":"Person","@id":"https:\/\/www.prijedordanas.com\/#\/schema\/person\/4e08ccf29b506ca916ff86d46bb700e6","name":"admin","image":{"@type":"ImageObject","inLanguage":"en-US","@id":"https:\/\/www.prijedordanas.com\/#\/schema\/person\/image\/","url":"https:\/\/secure.gravatar.com\/avatar\/1d3fc949d550f0b53a5f0d51e06dfd79?s=96&d=mm&r=g","contentUrl":"https:\/\/secure.gravatar.com\/avatar\/1d3fc949d550f0b53a5f0d51e06dfd79?s=96&d=mm&r=g","caption":"admin"},"url":"https:\/\/www.prijedordanas.com\/?author=1"}]}},"_links":{"self":[{"href":"https:\/\/www.prijedordanas.com\/index.php?rest_route=\/wp\/v2\/posts\/14505"}],"collection":[{"href":"https:\/\/www.prijedordanas.com\/index.php?rest_route=\/wp\/v2\/posts"}],"about":[{"href":"https:\/\/www.prijedordanas.com\/index.php?rest_route=\/wp\/v2\/types\/post"}],"author":[{"embeddable":true,"href":"https:\/\/www.prijedordanas.com\/index.php?rest_route=\/wp\/v2\/users\/1"}],"replies":[{"embeddable":true,"href":"https:\/\/www.prijedordanas.com\/index.php?rest_route=%2Fwp%2Fv2%2Fcomments&post=14505"}],"version-history":[{"count":1,"href":"https:\/\/www.prijedordanas.com\/index.php?rest_route=\/wp\/v2\/posts\/14505\/revisions"}],"predecessor-version":[{"id":14506,"href":"https:\/\/www.prijedordanas.com\/index.php?rest_route=\/wp\/v2\/posts\/14505\/revisions\/14506"}],"wp:attachment":[{"href":"https:\/\/www.prijedordanas.com\/index.php?rest_route=%2Fwp%2Fv2%2Fmedia&parent=14505"}],"wp:term":[{"taxonomy":"category","embeddable":true,"href":"https:\/\/www.prijedordanas.com\/index.php?rest_route=%2Fwp%2Fv2%2Fcategories&post=14505"},{"taxonomy":"post_tag","embeddable":true,"href":"https:\/\/www.prijedordanas.com\/index.php?rest_route=%2Fwp%2Fv2%2Ftags&post=14505"}],"curies":[{"name":"wp","href":"https:\/\/api.w.org\/{rel}","templated":true}]}}