{"id":144813,"date":"2020-04-02T08:15:50","date_gmt":"2020-04-02T06:15:50","guid":{"rendered":"https:\/\/www.prijedordanas.com\/?p=144813"},"modified":"2020-04-02T08:15:50","modified_gmt":"2020-04-02T06:15:50","slug":"nabavke-i-isporuke-otkazane-dio-fabrika-u-republici-srpskoj-prekida-proizvodnju","status":"publish","type":"post","link":"https:\/\/www.prijedordanas.com\/?p=144813","title":{"rendered":"Nabavke i isporuke otkazane, dio fabrika u Republici Srpskoj prekida proizvodnju"},"content":{"rendered":"<p><a href=\"https:\/\/www.prijedordanas.com\/wp-content\/uploads\/2020\/04\/capital-proizvodnja-namjestaja.jpg\"><img loading=\"lazy\" decoding=\"async\" src=\"https:\/\/www.prijedordanas.com\/wp-content\/uploads\/2020\/04\/capital-proizvodnja-namjestaja-300x217.jpg\" alt=\"\" width=\"300\" height=\"217\" class=\"alignleft size-medium wp-image-144814\" srcset=\"https:\/\/www.prijedordanas.com\/wp-content\/uploads\/2020\/04\/capital-proizvodnja-namjestaja-300x217.jpg 300w, https:\/\/www.prijedordanas.com\/wp-content\/uploads\/2020\/04\/capital-proizvodnja-namjestaja.jpg 690w\" sizes=\"(max-width: 300px) 100vw, 300px\" \/><\/a>Veliki broj privrednih subjekata u Republici Srpskoj kojima je dozvoljen rad crpi poslednje atome snage u krizi izazvanoj pandemijom virusa korona, a one fabrike koje to ve\u0107 nisu, najavljuju obustavljanje proizvodnje narednih dana.<\/p>\n<p>S obzirom da  maloprodaje ne rade u zemaljama okru\u017eenja, a i EU, gdje doma\u0107i proizvo\u0111a\u010di plasiraju proizvode, dosta ugovorenih narud\u017ebi je otkazano ili je neizvjesna njihova isporuka. <\/p>\n<p>S druge strane, doma\u0107i proizvo\u0111a\u010di imaju problem i sa zatvaranjem fabrika u inostranstvu, a od kojih nabavljaju repromaterijal kojeg im je ve\u0107 nestalo ili su zalihe pri kraju. <\/p>\n<p>Preduze\u0107e \u201eCIMSS\u201c iz Prijedora koje proizvodi stolice je zatvoreno ve\u0107 deset dana jer je partner iz Italije, od kojeg nabavljaju repromaterijal, tako\u0111e zatvoren. <\/p>\n<p>\u201eProzvodimo stolice i sve plasiramo u inostranstvo, imamo ugovore za ovu i idu\u0107u godinu, nisu nam otkazali narud\u017ebe, ali nemamo repromatrijal da radimo. Koliko smo imali repromaterijala toliko smo radili. Imamo nezavr\u0161enih poslova, milion ugovora i \u0161ta \u0107e biti dalje ne znam. Pustio sam radnike ku\u0107i do 1. aprila, plati\u0107u im sve kao da su radili, a od prvog ne znam \u0161ta da radim\u201c, ka\u017ee za portal CAPITAL direktor te firme Irfan Cepi\u0107.<\/p>\n<p>Dodao je da Vlada RS najavljuje da \u0107e sprovesti mjere, ali da konkretno ne govore kakve. <\/p>\n<p>\u201eNa\u0161ao sam se u neobranom gro\u017e\u0111u, za mjesec dana opet moram obaveze platiti. Da imam 10 ili 15 radnika, pa da nekako i podnesem, ali imam 80 radnika. Neka provode mjere koje najavljuju, sve se najavljuje, a odakle \u0107e sve realizovati i ho\u0107e li ja ne znam. Ne mogu se ja igrati mi\u0161a i ma\u010dke pa za mjesec da mi ka\u017eu plati obaveze, a mi \u0107emo vidjeti kako \u0107emo ti pomo\u0107i. Mi tako ne mo\u017eemo pre\u017eivjeti. Ne treba mi novac, ali mi trebaju neke za\u0161titne mjere da znam re\u0107i radnicima \u0161ta \u0107emo i da znaju ho\u0107e li imati od \u010dega da pre\u017eive, da na\u0111emo izlaz dok ovo traje\u201c, kazao je Cepi\u0107. <\/p>\n<p>Dodao je da je nije za to da otpu\u0161ta radnike, ali da ne mo\u017ee preuzimati obaveze koje ne\u0107e mo\u0107i da izvr\u0161i. <\/p>\n<p>U preduze\u0107u \u201eNukleus\u201c u Novom Gradu, koje proizvodi p\u010delarsku opremu, jo\u0161 nisu zaustavili proizvodnju, ali rade s 50 odsto manje kapaciteta.<\/p>\n<p>\u201eRadimo u jednoj smjeni, imamo repromaterijala jo\u0161 za mjesec dana rada, problem nam je transport robe i dalja nabavka repromaterijala. Problem je i sa prevoznicima, trebali smo poslati robu, ali voza\u010di ne\u0107e da idu jer za izvoz robe u Njema\u010dku po osam ili devet dana provedu na putu. Najava Vlade da \u0107e otpisati poreze i doprinose zna\u010dila bi nam puno, jer radimo 50 odsto manje i ako ovo potraje bi\u0107emo u kolapsu. Radnici nisu \u201ena \u010dekanju\u201c, pla\u0107eni su, samo \u0161to jedne sedmice rade jedni, a druge drugi, ali ni to ne\u0107emo mo\u0107i du\u017ee od mjesec, dva da izdr\u017eimo. Na\u0161e proizvode, 80 odsto izvozimo u Njema\u010dku, a ostalo u Hrvatsku i Sloveniju. Oni i dalje tra\u017ee robu, nisu smanjili ni\u0161ta, ali je problem u isporuci i repromaterijalu\u201c, rekli su nam u firmi \u201eNukleus\u201c. <\/p>\n<p>Jo\u0161 nekoliko dana i zatvaramo<br \/>\nU firmi \u201cExclusive Lingerie\u201c koja se bavi proizvodnjom donjeg rublja, ka\u017eu da im je zatvorena fabrika u Italiji od koje nabavljaju repromaterijal.<\/p>\n<p>Direktor te firme Nino Tolimir ka\u017ee za CAPITAL da su ih iz fabrike u Italiji obavijestili da ne\u0107e raditi 15 dana. <\/p>\n<p>\u201eMi trenutno radimo, imamo dvije narud\u017ebe za \u0160vedsku, imamo na lageru materijala jo\u0161, dugoro\u010dno se ni\u0161ta ne mo\u017ee re\u0107i \u0161ta \u0107e se izde\u0161avati. Transport je ote\u017ean i to je problem koji imaju svi koji \u0161alju ili dobijaju robu iz Evrope. Nezahvalno je da procjenjujem koliko \u0107emo jo\u0161 raditi, ako ostane ovako stanje. \u0160to se ti\u010de zemalja regije, maloprodaje gdje prodajemo robu ne rade kao i kod nas, sama ta \u010dinjenica zna\u010di da ne poru\u010duju novu robu. Za sad radimo, bukvalno dan za dan\u201c, ka\u017ee Tolimir. <\/p>\n<p>Prema saznanjima CAPITAL-a u ponedjeljak bi proizvodnju mogla da obustavi i fabrika \u201ePrima ISG\u201c u Gradi\u0161ci, koja prozvodi namje\u0161taj, ali za to nismo mogli dobiti potvrdu jer telefoni firme uzalud zvone. <\/p>\n<p>I fabrika za proizvodnju dijelova obu\u0107e \u201eAlfa\u201c iz Modri\u010de najavila je mogu\u0107nost obustave proizvodnje. U toj firmi danas odgovorni nisu bili dostupni, pa smo im uputili pitanja pismeno.<\/p>\n<p>U Privrednoj komori RS ka\u017eu da na osnovu problema privrednika rade na kreiranju mjera za saniranje \u0161teta.<\/p>\n<p>\u201eSve vi\u0161e firmi se javlja i skoro da nema fabrike koja nije direktno ili indirektno pogo\u0111ena i ne trpi posljedince usljed vanredne situacije i pandemije virusa korona\u201c, kazao je portparol Privredne komore RS Vladimir Blagojevi\u0107.<\/p>\n<p>capital.ba<\/p>\n","protected":false},"excerpt":{"rendered":"<p>Veliki broj privrednih subjekata u Republici Srpskoj kojima je dozvoljen rad crpi poslednje atome snage u krizi izazvanoj pandemijom virusa korona, a one fabrike koje to ve\u0107 nisu, najavljuju obustavljanje [&hellip;]<\/p>\n","protected":false},"author":1,"featured_media":0,"comment_status":"closed","ping_status":"open","sticky":false,"template":"","format":"standard","meta":{"_monsterinsights_skip_tracking":false,"_monsterinsights_sitenote_active":false,"_monsterinsights_sitenote_note":"","_monsterinsights_sitenote_category":0,"footnotes":""},"categories":[3],"tags":[],"yoast_head":"<!-- This site is optimized with the Yoast SEO plugin v21.6 - https:\/\/yoast.com\/wordpress\/plugins\/seo\/ -->\n<title>Nabavke i isporuke otkazane, dio fabrika u Republici Srpskoj prekida proizvodnju - PrijedorDanas.com - Prijedorski gradski portal<\/title>\n<meta name=\"robots\" content=\"index, follow, max-snippet:-1, max-image-preview:large, max-video-preview:-1\" \/>\n<link rel=\"canonical\" href=\"https:\/\/www.prijedordanas.com\/?p=144813\" \/>\n<meta property=\"og:locale\" content=\"en_US\" \/>\n<meta property=\"og:type\" content=\"article\" \/>\n<meta property=\"og:title\" content=\"Nabavke i isporuke otkazane, dio fabrika u Republici Srpskoj prekida proizvodnju - PrijedorDanas.com - Prijedorski gradski portal\" \/>\n<meta property=\"og:description\" content=\"Veliki broj privrednih subjekata u Republici Srpskoj kojima je dozvoljen rad crpi poslednje atome snage u krizi izazvanoj pandemijom virusa korona, a one fabrike koje to ve\u0107 nisu, najavljuju obustavljanje [&hellip;]\" \/>\n<meta property=\"og:url\" content=\"https:\/\/www.prijedordanas.com\/?p=144813\" \/>\n<meta property=\"og:site_name\" content=\"PrijedorDanas.com - Prijedorski gradski portal\" \/>\n<meta property=\"article:publisher\" content=\"https:\/\/www.facebook.com\/PrijedorDanasCom\/\" \/>\n<meta property=\"article:published_time\" content=\"2020-04-02T06:15:50+00:00\" \/>\n<meta property=\"og:image\" content=\"https:\/\/www.prijedordanas.com\/wp-content\/uploads\/2020\/04\/capital-proizvodnja-namjestaja-300x217.jpg\" \/>\n<meta name=\"author\" content=\"admin\" \/>\n<meta name=\"twitter:card\" content=\"summary_large_image\" \/>\n<meta name=\"twitter:label1\" content=\"Written by\" \/>\n\t<meta name=\"twitter:data1\" content=\"admin\" \/>\n\t<meta name=\"twitter:label2\" content=\"Est. reading time\" \/>\n\t<meta name=\"twitter:data2\" content=\"4 minutes\" \/>\n<script type=\"application\/ld+json\" class=\"yoast-schema-graph\">{\"@context\":\"https:\/\/schema.org\",\"@graph\":[{\"@type\":\"Article\",\"@id\":\"https:\/\/www.prijedordanas.com\/?p=144813#article\",\"isPartOf\":{\"@id\":\"https:\/\/www.prijedordanas.com\/?p=144813\"},\"author\":{\"name\":\"admin\",\"@id\":\"https:\/\/www.prijedordanas.com\/#\/schema\/person\/4e08ccf29b506ca916ff86d46bb700e6\"},\"headline\":\"Nabavke i isporuke otkazane, dio fabrika u Republici Srpskoj prekida proizvodnju\",\"datePublished\":\"2020-04-02T06:15:50+00:00\",\"dateModified\":\"2020-04-02T06:15:50+00:00\",\"mainEntityOfPage\":{\"@id\":\"https:\/\/www.prijedordanas.com\/?p=144813\"},\"wordCount\":807,\"publisher\":{\"@id\":\"https:\/\/www.prijedordanas.com\/#organization\"},\"articleSection\":[\"\u017divot\"],\"inLanguage\":\"en-US\"},{\"@type\":\"WebPage\",\"@id\":\"https:\/\/www.prijedordanas.com\/?p=144813\",\"url\":\"https:\/\/www.prijedordanas.com\/?p=144813\",\"name\":\"Nabavke i isporuke otkazane, dio fabrika u Republici Srpskoj prekida proizvodnju - PrijedorDanas.com - Prijedorski gradski portal\",\"isPartOf\":{\"@id\":\"https:\/\/www.prijedordanas.com\/#website\"},\"datePublished\":\"2020-04-02T06:15:50+00:00\",\"dateModified\":\"2020-04-02T06:15:50+00:00\",\"breadcrumb\":{\"@id\":\"https:\/\/www.prijedordanas.com\/?p=144813#breadcrumb\"},\"inLanguage\":\"en-US\",\"potentialAction\":[{\"@type\":\"ReadAction\",\"target\":[\"https:\/\/www.prijedordanas.com\/?p=144813\"]}]},{\"@type\":\"BreadcrumbList\",\"@id\":\"https:\/\/www.prijedordanas.com\/?p=144813#breadcrumb\",\"itemListElement\":[{\"@type\":\"ListItem\",\"position\":1,\"name\":\"Home\",\"item\":\"https:\/\/www.prijedordanas.com\/\"},{\"@type\":\"ListItem\",\"position\":2,\"name\":\"Nabavke i isporuke otkazane, dio fabrika u Republici Srpskoj prekida proizvodnju\"}]},{\"@type\":\"WebSite\",\"@id\":\"https:\/\/www.prijedordanas.com\/#website\",\"url\":\"https:\/\/www.prijedordanas.com\/\",\"name\":\"PrijedorDanas.com - Prijedorski gradski portal\",\"description\":\"Portal o doga\u0111anjima u gradu Prijedoru\",\"publisher\":{\"@id\":\"https:\/\/www.prijedordanas.com\/#organization\"},\"potentialAction\":[{\"@type\":\"SearchAction\",\"target\":{\"@type\":\"EntryPoint\",\"urlTemplate\":\"https:\/\/www.prijedordanas.com\/?s={search_term_string}\"},\"query-input\":\"required name=search_term_string\"}],\"inLanguage\":\"en-US\"},{\"@type\":\"Organization\",\"@id\":\"https:\/\/www.prijedordanas.com\/#organization\",\"name\":\"PrijedorDanas.com\",\"url\":\"https:\/\/www.prijedordanas.com\/\",\"logo\":{\"@type\":\"ImageObject\",\"inLanguage\":\"en-US\",\"@id\":\"https:\/\/www.prijedordanas.com\/#\/schema\/logo\/image\/\",\"url\":\"http:\/\/www.prijedordanas.com\/wp-content\/uploads\/2021\/12\/logopng.png\",\"contentUrl\":\"http:\/\/www.prijedordanas.com\/wp-content\/uploads\/2021\/12\/logopng.png\",\"width\":1019,\"height\":776,\"caption\":\"PrijedorDanas.com\"},\"image\":{\"@id\":\"https:\/\/www.prijedordanas.com\/#\/schema\/logo\/image\/\"},\"sameAs\":[\"https:\/\/www.facebook.com\/PrijedorDanasCom\/\"]},{\"@type\":\"Person\",\"@id\":\"https:\/\/www.prijedordanas.com\/#\/schema\/person\/4e08ccf29b506ca916ff86d46bb700e6\",\"name\":\"admin\",\"image\":{\"@type\":\"ImageObject\",\"inLanguage\":\"en-US\",\"@id\":\"https:\/\/www.prijedordanas.com\/#\/schema\/person\/image\/\",\"url\":\"https:\/\/secure.gravatar.com\/avatar\/1d3fc949d550f0b53a5f0d51e06dfd79?s=96&d=mm&r=g\",\"contentUrl\":\"https:\/\/secure.gravatar.com\/avatar\/1d3fc949d550f0b53a5f0d51e06dfd79?s=96&d=mm&r=g\",\"caption\":\"admin\"},\"url\":\"https:\/\/www.prijedordanas.com\/?author=1\"}]}<\/script>\n<!-- \/ Yoast SEO plugin. -->","yoast_head_json":{"title":"Nabavke i isporuke otkazane, dio fabrika u Republici Srpskoj prekida proizvodnju - PrijedorDanas.com - Prijedorski gradski portal","robots":{"index":"index","follow":"follow","max-snippet":"max-snippet:-1","max-image-preview":"max-image-preview:large","max-video-preview":"max-video-preview:-1"},"canonical":"https:\/\/www.prijedordanas.com\/?p=144813","og_locale":"en_US","og_type":"article","og_title":"Nabavke i isporuke otkazane, dio fabrika u Republici Srpskoj prekida proizvodnju - PrijedorDanas.com - Prijedorski gradski portal","og_description":"Veliki broj privrednih subjekata u Republici Srpskoj kojima je dozvoljen rad crpi poslednje atome snage u krizi izazvanoj pandemijom virusa korona, a one fabrike koje to ve\u0107 nisu, najavljuju obustavljanje [&hellip;]","og_url":"https:\/\/www.prijedordanas.com\/?p=144813","og_site_name":"PrijedorDanas.com - Prijedorski gradski portal","article_publisher":"https:\/\/www.facebook.com\/PrijedorDanasCom\/","article_published_time":"2020-04-02T06:15:50+00:00","og_image":[{"url":"https:\/\/www.prijedordanas.com\/wp-content\/uploads\/2020\/04\/capital-proizvodnja-namjestaja-300x217.jpg"}],"author":"admin","twitter_card":"summary_large_image","twitter_misc":{"Written by":"admin","Est. reading time":"4 minutes"},"schema":{"@context":"https:\/\/schema.org","@graph":[{"@type":"Article","@id":"https:\/\/www.prijedordanas.com\/?p=144813#article","isPartOf":{"@id":"https:\/\/www.prijedordanas.com\/?p=144813"},"author":{"name":"admin","@id":"https:\/\/www.prijedordanas.com\/#\/schema\/person\/4e08ccf29b506ca916ff86d46bb700e6"},"headline":"Nabavke i isporuke otkazane, dio fabrika u Republici Srpskoj prekida proizvodnju","datePublished":"2020-04-02T06:15:50+00:00","dateModified":"2020-04-02T06:15:50+00:00","mainEntityOfPage":{"@id":"https:\/\/www.prijedordanas.com\/?p=144813"},"wordCount":807,"publisher":{"@id":"https:\/\/www.prijedordanas.com\/#organization"},"articleSection":["\u017divot"],"inLanguage":"en-US"},{"@type":"WebPage","@id":"https:\/\/www.prijedordanas.com\/?p=144813","url":"https:\/\/www.prijedordanas.com\/?p=144813","name":"Nabavke i isporuke otkazane, dio fabrika u Republici Srpskoj prekida proizvodnju - PrijedorDanas.com - Prijedorski gradski portal","isPartOf":{"@id":"https:\/\/www.prijedordanas.com\/#website"},"datePublished":"2020-04-02T06:15:50+00:00","dateModified":"2020-04-02T06:15:50+00:00","breadcrumb":{"@id":"https:\/\/www.prijedordanas.com\/?p=144813#breadcrumb"},"inLanguage":"en-US","potentialAction":[{"@type":"ReadAction","target":["https:\/\/www.prijedordanas.com\/?p=144813"]}]},{"@type":"BreadcrumbList","@id":"https:\/\/www.prijedordanas.com\/?p=144813#breadcrumb","itemListElement":[{"@type":"ListItem","position":1,"name":"Home","item":"https:\/\/www.prijedordanas.com\/"},{"@type":"ListItem","position":2,"name":"Nabavke i isporuke otkazane, dio fabrika u Republici Srpskoj prekida proizvodnju"}]},{"@type":"WebSite","@id":"https:\/\/www.prijedordanas.com\/#website","url":"https:\/\/www.prijedordanas.com\/","name":"PrijedorDanas.com - Prijedorski gradski portal","description":"Portal o doga\u0111anjima u gradu Prijedoru","publisher":{"@id":"https:\/\/www.prijedordanas.com\/#organization"},"potentialAction":[{"@type":"SearchAction","target":{"@type":"EntryPoint","urlTemplate":"https:\/\/www.prijedordanas.com\/?s={search_term_string}"},"query-input":"required name=search_term_string"}],"inLanguage":"en-US"},{"@type":"Organization","@id":"https:\/\/www.prijedordanas.com\/#organization","name":"PrijedorDanas.com","url":"https:\/\/www.prijedordanas.com\/","logo":{"@type":"ImageObject","inLanguage":"en-US","@id":"https:\/\/www.prijedordanas.com\/#\/schema\/logo\/image\/","url":"http:\/\/www.prijedordanas.com\/wp-content\/uploads\/2021\/12\/logopng.png","contentUrl":"http:\/\/www.prijedordanas.com\/wp-content\/uploads\/2021\/12\/logopng.png","width":1019,"height":776,"caption":"PrijedorDanas.com"},"image":{"@id":"https:\/\/www.prijedordanas.com\/#\/schema\/logo\/image\/"},"sameAs":["https:\/\/www.facebook.com\/PrijedorDanasCom\/"]},{"@type":"Person","@id":"https:\/\/www.prijedordanas.com\/#\/schema\/person\/4e08ccf29b506ca916ff86d46bb700e6","name":"admin","image":{"@type":"ImageObject","inLanguage":"en-US","@id":"https:\/\/www.prijedordanas.com\/#\/schema\/person\/image\/","url":"https:\/\/secure.gravatar.com\/avatar\/1d3fc949d550f0b53a5f0d51e06dfd79?s=96&d=mm&r=g","contentUrl":"https:\/\/secure.gravatar.com\/avatar\/1d3fc949d550f0b53a5f0d51e06dfd79?s=96&d=mm&r=g","caption":"admin"},"url":"https:\/\/www.prijedordanas.com\/?author=1"}]}},"_links":{"self":[{"href":"https:\/\/www.prijedordanas.com\/index.php?rest_route=\/wp\/v2\/posts\/144813"}],"collection":[{"href":"https:\/\/www.prijedordanas.com\/index.php?rest_route=\/wp\/v2\/posts"}],"about":[{"href":"https:\/\/www.prijedordanas.com\/index.php?rest_route=\/wp\/v2\/types\/post"}],"author":[{"embeddable":true,"href":"https:\/\/www.prijedordanas.com\/index.php?rest_route=\/wp\/v2\/users\/1"}],"replies":[{"embeddable":true,"href":"https:\/\/www.prijedordanas.com\/index.php?rest_route=%2Fwp%2Fv2%2Fcomments&post=144813"}],"version-history":[{"count":1,"href":"https:\/\/www.prijedordanas.com\/index.php?rest_route=\/wp\/v2\/posts\/144813\/revisions"}],"predecessor-version":[{"id":144815,"href":"https:\/\/www.prijedordanas.com\/index.php?rest_route=\/wp\/v2\/posts\/144813\/revisions\/144815"}],"wp:attachment":[{"href":"https:\/\/www.prijedordanas.com\/index.php?rest_route=%2Fwp%2Fv2%2Fmedia&parent=144813"}],"wp:term":[{"taxonomy":"category","embeddable":true,"href":"https:\/\/www.prijedordanas.com\/index.php?rest_route=%2Fwp%2Fv2%2Fcategories&post=144813"},{"taxonomy":"post_tag","embeddable":true,"href":"https:\/\/www.prijedordanas.com\/index.php?rest_route=%2Fwp%2Fv2%2Ftags&post=144813"}],"curies":[{"name":"wp","href":"https:\/\/api.w.org\/{rel}","templated":true}]}}