{"id":144726,"date":"2020-03-31T13:31:40","date_gmt":"2020-03-31T11:31:40","guid":{"rendered":"https:\/\/www.prijedordanas.com\/?p=144726"},"modified":"2020-03-31T13:31:40","modified_gmt":"2020-03-31T11:31:40","slug":"osvojila-internet-uciteljica-iz-prijedora-koju-prozivaju-zbog-pra-pra-pra-rodaka-ovako-odgovara-hejterima","status":"publish","type":"post","link":"https:\/\/www.prijedordanas.com\/?p=144726","title":{"rendered":"Osvojila internet: U\u010diteljica iz Prijedora koju prozivaju zbog pra, pra, pra ro\u0111aka ovako odgovara hejterima"},"content":{"rendered":"<p><a href=\"https:\/\/www.prijedordanas.com\/wp-content\/uploads\/2020\/03\/vesna-zekanovic-uciteljica-5.jpg\"><img loading=\"lazy\" decoding=\"async\" class=\"alignleft size-medium wp-image-144729\" src=\"https:\/\/www.prijedordanas.com\/wp-content\/uploads\/2020\/03\/vesna-zekanovic-uciteljica-5-300x217.jpg\" alt=\"\" width=\"300\" height=\"217\" srcset=\"https:\/\/www.prijedordanas.com\/wp-content\/uploads\/2020\/03\/vesna-zekanovic-uciteljica-5-300x217.jpg 300w, https:\/\/www.prijedordanas.com\/wp-content\/uploads\/2020\/03\/vesna-zekanovic-uciteljica-5.jpg 690w\" sizes=\"(max-width: 300px) 100vw, 300px\" \/><\/a>Njoj se ni\u0161ta nije otelo! Ve\u0107 13 dana je u ku\u0107noj samoizalociji, zbog posrednog kontakta sa jednim pacijentom zara\u017eenim korona virusom, ali ne miruje. Daleko je od svojih \u0111aka, a radi za njih, non-stop, kao dragstor: priprema prezentacije, kontroli\u0161e zadatke, razmjenjuje materijale, iskustva i ideje sa kolegama.<\/p>\n<p>Ona je Vesna Zekanovi\u0107, vi\u0161estruko nagra\u0111ivana u\u010diteljica, omiljena, ne samo me\u0111u svojim \u0111acima u O\u0160 \u201cPetar Ko\u010di\u0107\u201d u Prijedoru, nego i me\u0111u brojnim TV gledaocima.<\/p>\n<p>Njena predavanja za peti razred osnovne \u0161kole na televizijskom programu rado prate i mladi i stari. Na dru\u0161tvenim mre\u017eama se pro\u010dula po sekvenci o razvoju \u010dovjeka i na\u0161em \u201cpra, pra pra ro\u0111aku\u201d.<\/p>\n<p><a href=\"https:\/\/www.prijedordanas.com\/wp-content\/uploads\/2020\/03\/vesna-zekanovic-uciteljica-3.jpg\"><img loading=\"lazy\" decoding=\"async\" class=\"alignleft size-medium wp-image-144730\" src=\"https:\/\/www.prijedordanas.com\/wp-content\/uploads\/2020\/03\/vesna-zekanovic-uciteljica-3-300x222.jpg\" alt=\"\" width=\"300\" height=\"222\" srcset=\"https:\/\/www.prijedordanas.com\/wp-content\/uploads\/2020\/03\/vesna-zekanovic-uciteljica-3-300x222.jpg 300w, https:\/\/www.prijedordanas.com\/wp-content\/uploads\/2020\/03\/vesna-zekanovic-uciteljica-3.jpg 675w\" sizes=\"(max-width: 300px) 100vw, 300px\" \/><\/a>I dok su u\u010denici odu\u0161evljeni njenim neobi\u010dnim, upe\u010datljivim pri\u010dama, o \u010demu svjedo\u010di i to \u0161to je njen razred poznat po tome \u0161to ima najmanje izostanaka, ima i hejtera koji na internetu ismijavaju njen pristup. Ali, u\u010diteljica Vesna se ne da zbuniti.<\/p>\n<p>\u2013 Neka, ne smeta to meni. Zna\u010di, gledaju nas, pa \u0107e i oni \u0161to komentari\u0161u ne\u0161to nau\u010diti ili obnoviti gradivo. U svakom slu\u010daju, ne\u0161to \u0107e im korisno ostati u glavi \u2013 ka\u017ee za Srpskainfo u\u010diteljica Vesna.<\/p>\n<p>Nakon 27 godina u\u010diteljske prakse, kad je mislila da je vi\u0161e ni\u0161ta ne mo\u017ee iznenaditi, nedavno se, kao i njene kolege, na\u0161la pred novim izazovom \u2013 nastava na daljinu, koju \u0111aci mogu da prate i na portalu Srpskainfo. Valjalo je, u rekordnom vremenu, pripremiti lekcije i umjesto pred razredom, predavati pred TV kamerom, mnogobrojnim, ali nevidljivim u\u010denicima.<\/p>\n<p><a href=\"https:\/\/www.prijedordanas.com\/wp-content\/uploads\/2020\/03\/vesna-zekanovic-uciteljica-4.jpg\"><img loading=\"lazy\" decoding=\"async\" src=\"https:\/\/www.prijedordanas.com\/wp-content\/uploads\/2020\/03\/vesna-zekanovic-uciteljica-4-300x200.jpg\" alt=\"\" width=\"300\" height=\"200\" class=\"alignleft size-medium wp-image-144731\" srcset=\"https:\/\/www.prijedordanas.com\/wp-content\/uploads\/2020\/03\/vesna-zekanovic-uciteljica-4-300x200.jpg 300w, https:\/\/www.prijedordanas.com\/wp-content\/uploads\/2020\/03\/vesna-zekanovic-uciteljica-4-480x320.jpg 480w, https:\/\/www.prijedordanas.com\/wp-content\/uploads\/2020\/03\/vesna-zekanovic-uciteljica-4.jpg 600w\" sizes=\"(max-width: 300px) 100vw, 300px\" \/><\/a>\u2013 Da mi je neko rekao prije mjesec dana da \u0107u predavanja dr\u017eati u TV sudiju, rekla bih: \u201cma bje\u017ei!\u201d Ali kad je do\u0161lo stani pani, sve su se kockice slo\u017eile. U subotu su nam javili \u0161ta nas \u010deka, ve\u0107 u ponedjeljak je bilo prvo snimanje \u2013 pri\u010da u svom stilu u\u010diteljica Vesna.<\/p>\n<p>Uz pomo\u0107 Milice Titelski, nadzornice za razrednu nastavu u Republi\u010dkom pedago\u0161kom zavodu, sedam u\u010diteljica, koje se od ranije nisu poznavale, postale su tim koji savr\u0161eno funkcioni\u0161e.<\/p>\n<p>Ovaj tim, zadu\u017een za gradivo za peti razred, predvodi upravo Vesna Zekanovi\u0107, koja je njihova koordinatorka.<\/p>\n<p>\u2013 Sjajno funkcioni\u0161emo, po cijeli dan smo u kontaktu, razgovaramo na Viberu, razmjenjujemo prezentacije. Presre\u0107na sam \u0161to imamo tako lijepo iskustvo u ovako ru\u017enom vemenu \u2013 ka\u017ee u\u010diteljica Vesna.<\/p>\n<p><a href=\"https:\/\/www.prijedordanas.com\/wp-content\/uploads\/2020\/03\/vesna-zekanovic-uciteljica-2.jpg\"><img loading=\"lazy\" decoding=\"async\" src=\"https:\/\/www.prijedordanas.com\/wp-content\/uploads\/2020\/03\/vesna-zekanovic-uciteljica-2-300x200.jpg\" alt=\"\" width=\"300\" height=\"200\" class=\"alignleft size-medium wp-image-144732\" srcset=\"https:\/\/www.prijedordanas.com\/wp-content\/uploads\/2020\/03\/vesna-zekanovic-uciteljica-2-300x200.jpg 300w, https:\/\/www.prijedordanas.com\/wp-content\/uploads\/2020\/03\/vesna-zekanovic-uciteljica-2-480x320.jpg 480w, https:\/\/www.prijedordanas.com\/wp-content\/uploads\/2020\/03\/vesna-zekanovic-uciteljica-2.jpg 600w\" sizes=\"(max-width: 300px) 100vw, 300px\" \/><\/a>Iako po\u010detkom devedesetih, kada je ona studirala, nije imala pojma kako se koristi kompjuter, a za internet ili pauer point nije ni \u010dula, postala je pionirka primjene novih tehnologija u nastavi.<\/p>\n<p>\u2013 Moramo pratiti na\u0161u djecu, da bismo ih mogli podu\u010davati. Samouka sam na ra\u010dunaru, u\u010dila sam na sopstvenim gre\u0161kama, ali i na brojnim seminarima. Uvijek sam se grabila da idem na seminare, da bih ne\u0161to novo nau\u010dila. Ipak te\u0161ko je sti\u0107i nove generacije, pa i danas \u010desto zamolim svoju k\u0107erku za pomo\u0107. Ponekad mi se ona i smije, u stilu, \u201cmama, pa kako to ne zna\u0161, to je tako jednostavno\u201d. A ja joj ka\u017eem: \u0161ta misli\u0161, mala, jesam li se ja tebi smijala kad si prohodavala i na svakom koraku zapinjala i padala\u201d \u2013 ka\u017ee uz osmijeh simpati\u010dna u\u010diteljica.<\/p>\n<p>Nimalo se ne sla\u017ee sa skepticima koji tvrde da djeca \u201csamo gube vrijeme, bulje\u0107i u ra\u010dunare i telefone\u201d. Naprotiv, odavno je shvatila da je intenet dragocjeno nastavno sredstvo, pa njeni \u0111aci \u010desto dobijaju doma\u0107e zada\u0107e tipa \u201cistra\u017ei na internetu detalje o \u017eivotu i radu ovog pisca\u201d.<\/p>\n<p>I njena predavanja u\u017eivo su upe\u010datljiva, puna zanimljivosti i neobi\u010dnih obrta.<\/p>\n<p>\u2013 Morate uvijek praviti neki performans, neko pozori\u0161te, da bi vas \u0111aci slu\u0161ali i sa interesovanjem pratili nastavu \u2013 ka\u017ee za Srpskainfo u\u010diteljica Vesna.<\/p>\n<p>Pozori\u0161te je za nju dio nastavnog procesa. Vodi dramsku sekciju, pa je 2013. na Petom festivalu dje\u010dijeg dramskog stvarala\u0161tva RS u Mrkonji\u0107 Gradu osvojila prvu nagradu za dramatizaciju teksta \u201cTu\u017ena pri\u010da teta lije\u201d.<\/p>\n<p>Godinu kasnije osvojila je Svetosavsku povelju, kao najbolja u\u010diteljica u Prijedoru. Bilo je tu jo\u0161 nagrada: za najbolji autrski tekst za dramsku sekciju, za razred sa najmanje izostanaka\u2026<\/p>\n<p>Ipak, kao i svakom u\u010ditelju, najve\u0107a joj je nagrada osmijeh njenih \u0111aka.<\/p>\n<p>\u2013 Volimo se, djeca i ja, u\u010dimo jedni od drugih, ba\u0161 nam je lijepo kad smo zajedno, iako sam, priznajem, prili\u010dno stroga u\u010diteljica. Mnogo mi nedostaju moja djeca, jer taj direktni kontakt je ipak nezamjenjiv. Ali, vidimo se u sepembru, ve\u0107 se radujem tom susretu \u2013 poru\u010duje u\u010diteljica Vesna.<\/p>\n<p>EuroBlic-srpskainfo.com<\/p>\n<p>https:\/\/www.facebook.com\/Glassabalkana2\/videos\/251128155922798\/<\/p>\n","protected":false},"excerpt":{"rendered":"<p>Njoj se ni\u0161ta nije otelo! Ve\u0107 13 dana je u ku\u0107noj samoizalociji, zbog posrednog kontakta sa jednim pacijentom zara\u017eenim korona virusom, ali ne miruje. Daleko je od svojih \u0111aka, a [&hellip;]<\/p>\n","protected":false},"author":1,"featured_media":0,"comment_status":"closed","ping_status":"open","sticky":false,"template":"","format":"standard","meta":{"_monsterinsights_skip_tracking":false,"_monsterinsights_sitenote_active":false,"_monsterinsights_sitenote_note":"","_monsterinsights_sitenote_category":0,"footnotes":""},"categories":[3],"tags":[2176],"yoast_head":"<!-- This site is optimized with the Yoast SEO plugin v21.6 - https:\/\/yoast.com\/wordpress\/plugins\/seo\/ -->\n<title>Osvojila internet: U\u010diteljica iz Prijedora koju prozivaju zbog pra, pra, pra ro\u0111aka ovako odgovara hejterima - PrijedorDanas.com - Prijedorski gradski portal<\/title>\n<meta name=\"robots\" content=\"index, follow, max-snippet:-1, max-image-preview:large, max-video-preview:-1\" \/>\n<link rel=\"canonical\" href=\"https:\/\/www.prijedordanas.com\/?p=144726\" \/>\n<meta property=\"og:locale\" content=\"en_US\" \/>\n<meta property=\"og:type\" content=\"article\" \/>\n<meta property=\"og:title\" content=\"Osvojila internet: U\u010diteljica iz Prijedora koju prozivaju zbog pra, pra, pra ro\u0111aka ovako odgovara hejterima - PrijedorDanas.com - Prijedorski gradski portal\" \/>\n<meta property=\"og:description\" content=\"Njoj se ni\u0161ta nije otelo! Ve\u0107 13 dana je u ku\u0107noj samoizalociji, zbog posrednog kontakta sa jednim pacijentom zara\u017eenim korona virusom, ali ne miruje. Daleko je od svojih \u0111aka, a [&hellip;]\" \/>\n<meta property=\"og:url\" content=\"https:\/\/www.prijedordanas.com\/?p=144726\" \/>\n<meta property=\"og:site_name\" content=\"PrijedorDanas.com - Prijedorski gradski portal\" \/>\n<meta property=\"article:publisher\" content=\"https:\/\/www.facebook.com\/PrijedorDanasCom\/\" \/>\n<meta property=\"article:published_time\" content=\"2020-03-31T11:31:40+00:00\" \/>\n<meta property=\"og:image\" content=\"https:\/\/www.prijedordanas.com\/wp-content\/uploads\/2020\/03\/vesna-zekanovic-uciteljica-5-300x217.jpg\" \/>\n<meta name=\"author\" content=\"admin\" \/>\n<meta name=\"twitter:card\" content=\"summary_large_image\" \/>\n<meta name=\"twitter:label1\" content=\"Written by\" \/>\n\t<meta name=\"twitter:data1\" content=\"admin\" \/>\n\t<meta name=\"twitter:label2\" content=\"Est. reading time\" \/>\n\t<meta name=\"twitter:data2\" content=\"4 minutes\" \/>\n<script type=\"application\/ld+json\" class=\"yoast-schema-graph\">{\"@context\":\"https:\/\/schema.org\",\"@graph\":[{\"@type\":\"Article\",\"@id\":\"https:\/\/www.prijedordanas.com\/?p=144726#article\",\"isPartOf\":{\"@id\":\"https:\/\/www.prijedordanas.com\/?p=144726\"},\"author\":{\"name\":\"admin\",\"@id\":\"https:\/\/www.prijedordanas.com\/#\/schema\/person\/4e08ccf29b506ca916ff86d46bb700e6\"},\"headline\":\"Osvojila internet: U\u010diteljica iz Prijedora koju prozivaju zbog pra, pra, pra ro\u0111aka ovako odgovara hejterima\",\"datePublished\":\"2020-03-31T11:31:40+00:00\",\"dateModified\":\"2020-03-31T11:31:40+00:00\",\"mainEntityOfPage\":{\"@id\":\"https:\/\/www.prijedordanas.com\/?p=144726\"},\"wordCount\":798,\"publisher\":{\"@id\":\"https:\/\/www.prijedordanas.com\/#organization\"},\"keywords\":[\"u\u010diteljica\"],\"articleSection\":[\"\u017divot\"],\"inLanguage\":\"en-US\"},{\"@type\":\"WebPage\",\"@id\":\"https:\/\/www.prijedordanas.com\/?p=144726\",\"url\":\"https:\/\/www.prijedordanas.com\/?p=144726\",\"name\":\"Osvojila internet: U\u010diteljica iz Prijedora koju prozivaju zbog pra, pra, pra ro\u0111aka ovako odgovara hejterima - PrijedorDanas.com - Prijedorski gradski portal\",\"isPartOf\":{\"@id\":\"https:\/\/www.prijedordanas.com\/#website\"},\"datePublished\":\"2020-03-31T11:31:40+00:00\",\"dateModified\":\"2020-03-31T11:31:40+00:00\",\"breadcrumb\":{\"@id\":\"https:\/\/www.prijedordanas.com\/?p=144726#breadcrumb\"},\"inLanguage\":\"en-US\",\"potentialAction\":[{\"@type\":\"ReadAction\",\"target\":[\"https:\/\/www.prijedordanas.com\/?p=144726\"]}]},{\"@type\":\"BreadcrumbList\",\"@id\":\"https:\/\/www.prijedordanas.com\/?p=144726#breadcrumb\",\"itemListElement\":[{\"@type\":\"ListItem\",\"position\":1,\"name\":\"Home\",\"item\":\"https:\/\/www.prijedordanas.com\/\"},{\"@type\":\"ListItem\",\"position\":2,\"name\":\"Osvojila internet: U\u010diteljica iz Prijedora koju prozivaju zbog pra, pra, pra ro\u0111aka ovako odgovara hejterima\"}]},{\"@type\":\"WebSite\",\"@id\":\"https:\/\/www.prijedordanas.com\/#website\",\"url\":\"https:\/\/www.prijedordanas.com\/\",\"name\":\"PrijedorDanas.com - Prijedorski gradski portal\",\"description\":\"Portal o doga\u0111anjima u gradu Prijedoru\",\"publisher\":{\"@id\":\"https:\/\/www.prijedordanas.com\/#organization\"},\"potentialAction\":[{\"@type\":\"SearchAction\",\"target\":{\"@type\":\"EntryPoint\",\"urlTemplate\":\"https:\/\/www.prijedordanas.com\/?s={search_term_string}\"},\"query-input\":\"required name=search_term_string\"}],\"inLanguage\":\"en-US\"},{\"@type\":\"Organization\",\"@id\":\"https:\/\/www.prijedordanas.com\/#organization\",\"name\":\"PrijedorDanas.com\",\"url\":\"https:\/\/www.prijedordanas.com\/\",\"logo\":{\"@type\":\"ImageObject\",\"inLanguage\":\"en-US\",\"@id\":\"https:\/\/www.prijedordanas.com\/#\/schema\/logo\/image\/\",\"url\":\"http:\/\/www.prijedordanas.com\/wp-content\/uploads\/2021\/12\/logopng.png\",\"contentUrl\":\"http:\/\/www.prijedordanas.com\/wp-content\/uploads\/2021\/12\/logopng.png\",\"width\":1019,\"height\":776,\"caption\":\"PrijedorDanas.com\"},\"image\":{\"@id\":\"https:\/\/www.prijedordanas.com\/#\/schema\/logo\/image\/\"},\"sameAs\":[\"https:\/\/www.facebook.com\/PrijedorDanasCom\/\"]},{\"@type\":\"Person\",\"@id\":\"https:\/\/www.prijedordanas.com\/#\/schema\/person\/4e08ccf29b506ca916ff86d46bb700e6\",\"name\":\"admin\",\"image\":{\"@type\":\"ImageObject\",\"inLanguage\":\"en-US\",\"@id\":\"https:\/\/www.prijedordanas.com\/#\/schema\/person\/image\/\",\"url\":\"https:\/\/secure.gravatar.com\/avatar\/1d3fc949d550f0b53a5f0d51e06dfd79?s=96&d=mm&r=g\",\"contentUrl\":\"https:\/\/secure.gravatar.com\/avatar\/1d3fc949d550f0b53a5f0d51e06dfd79?s=96&d=mm&r=g\",\"caption\":\"admin\"},\"url\":\"https:\/\/www.prijedordanas.com\/?author=1\"}]}<\/script>\n<!-- \/ Yoast SEO plugin. -->","yoast_head_json":{"title":"Osvojila internet: U\u010diteljica iz Prijedora koju prozivaju zbog pra, pra, pra ro\u0111aka ovako odgovara hejterima - PrijedorDanas.com - Prijedorski gradski portal","robots":{"index":"index","follow":"follow","max-snippet":"max-snippet:-1","max-image-preview":"max-image-preview:large","max-video-preview":"max-video-preview:-1"},"canonical":"https:\/\/www.prijedordanas.com\/?p=144726","og_locale":"en_US","og_type":"article","og_title":"Osvojila internet: U\u010diteljica iz Prijedora koju prozivaju zbog pra, pra, pra ro\u0111aka ovako odgovara hejterima - PrijedorDanas.com - Prijedorski gradski portal","og_description":"Njoj se ni\u0161ta nije otelo! Ve\u0107 13 dana je u ku\u0107noj samoizalociji, zbog posrednog kontakta sa jednim pacijentom zara\u017eenim korona virusom, ali ne miruje. Daleko je od svojih \u0111aka, a [&hellip;]","og_url":"https:\/\/www.prijedordanas.com\/?p=144726","og_site_name":"PrijedorDanas.com - Prijedorski gradski portal","article_publisher":"https:\/\/www.facebook.com\/PrijedorDanasCom\/","article_published_time":"2020-03-31T11:31:40+00:00","og_image":[{"url":"https:\/\/www.prijedordanas.com\/wp-content\/uploads\/2020\/03\/vesna-zekanovic-uciteljica-5-300x217.jpg"}],"author":"admin","twitter_card":"summary_large_image","twitter_misc":{"Written by":"admin","Est. reading time":"4 minutes"},"schema":{"@context":"https:\/\/schema.org","@graph":[{"@type":"Article","@id":"https:\/\/www.prijedordanas.com\/?p=144726#article","isPartOf":{"@id":"https:\/\/www.prijedordanas.com\/?p=144726"},"author":{"name":"admin","@id":"https:\/\/www.prijedordanas.com\/#\/schema\/person\/4e08ccf29b506ca916ff86d46bb700e6"},"headline":"Osvojila internet: U\u010diteljica iz Prijedora koju prozivaju zbog pra, pra, pra ro\u0111aka ovako odgovara hejterima","datePublished":"2020-03-31T11:31:40+00:00","dateModified":"2020-03-31T11:31:40+00:00","mainEntityOfPage":{"@id":"https:\/\/www.prijedordanas.com\/?p=144726"},"wordCount":798,"publisher":{"@id":"https:\/\/www.prijedordanas.com\/#organization"},"keywords":["u\u010diteljica"],"articleSection":["\u017divot"],"inLanguage":"en-US"},{"@type":"WebPage","@id":"https:\/\/www.prijedordanas.com\/?p=144726","url":"https:\/\/www.prijedordanas.com\/?p=144726","name":"Osvojila internet: U\u010diteljica iz Prijedora koju prozivaju zbog pra, pra, pra ro\u0111aka ovako odgovara hejterima - PrijedorDanas.com - Prijedorski gradski portal","isPartOf":{"@id":"https:\/\/www.prijedordanas.com\/#website"},"datePublished":"2020-03-31T11:31:40+00:00","dateModified":"2020-03-31T11:31:40+00:00","breadcrumb":{"@id":"https:\/\/www.prijedordanas.com\/?p=144726#breadcrumb"},"inLanguage":"en-US","potentialAction":[{"@type":"ReadAction","target":["https:\/\/www.prijedordanas.com\/?p=144726"]}]},{"@type":"BreadcrumbList","@id":"https:\/\/www.prijedordanas.com\/?p=144726#breadcrumb","itemListElement":[{"@type":"ListItem","position":1,"name":"Home","item":"https:\/\/www.prijedordanas.com\/"},{"@type":"ListItem","position":2,"name":"Osvojila internet: U\u010diteljica iz Prijedora koju prozivaju zbog pra, pra, pra ro\u0111aka ovako odgovara hejterima"}]},{"@type":"WebSite","@id":"https:\/\/www.prijedordanas.com\/#website","url":"https:\/\/www.prijedordanas.com\/","name":"PrijedorDanas.com - Prijedorski gradski portal","description":"Portal o doga\u0111anjima u gradu Prijedoru","publisher":{"@id":"https:\/\/www.prijedordanas.com\/#organization"},"potentialAction":[{"@type":"SearchAction","target":{"@type":"EntryPoint","urlTemplate":"https:\/\/www.prijedordanas.com\/?s={search_term_string}"},"query-input":"required name=search_term_string"}],"inLanguage":"en-US"},{"@type":"Organization","@id":"https:\/\/www.prijedordanas.com\/#organization","name":"PrijedorDanas.com","url":"https:\/\/www.prijedordanas.com\/","logo":{"@type":"ImageObject","inLanguage":"en-US","@id":"https:\/\/www.prijedordanas.com\/#\/schema\/logo\/image\/","url":"http:\/\/www.prijedordanas.com\/wp-content\/uploads\/2021\/12\/logopng.png","contentUrl":"http:\/\/www.prijedordanas.com\/wp-content\/uploads\/2021\/12\/logopng.png","width":1019,"height":776,"caption":"PrijedorDanas.com"},"image":{"@id":"https:\/\/www.prijedordanas.com\/#\/schema\/logo\/image\/"},"sameAs":["https:\/\/www.facebook.com\/PrijedorDanasCom\/"]},{"@type":"Person","@id":"https:\/\/www.prijedordanas.com\/#\/schema\/person\/4e08ccf29b506ca916ff86d46bb700e6","name":"admin","image":{"@type":"ImageObject","inLanguage":"en-US","@id":"https:\/\/www.prijedordanas.com\/#\/schema\/person\/image\/","url":"https:\/\/secure.gravatar.com\/avatar\/1d3fc949d550f0b53a5f0d51e06dfd79?s=96&d=mm&r=g","contentUrl":"https:\/\/secure.gravatar.com\/avatar\/1d3fc949d550f0b53a5f0d51e06dfd79?s=96&d=mm&r=g","caption":"admin"},"url":"https:\/\/www.prijedordanas.com\/?author=1"}]}},"_links":{"self":[{"href":"https:\/\/www.prijedordanas.com\/index.php?rest_route=\/wp\/v2\/posts\/144726"}],"collection":[{"href":"https:\/\/www.prijedordanas.com\/index.php?rest_route=\/wp\/v2\/posts"}],"about":[{"href":"https:\/\/www.prijedordanas.com\/index.php?rest_route=\/wp\/v2\/types\/post"}],"author":[{"embeddable":true,"href":"https:\/\/www.prijedordanas.com\/index.php?rest_route=\/wp\/v2\/users\/1"}],"replies":[{"embeddable":true,"href":"https:\/\/www.prijedordanas.com\/index.php?rest_route=%2Fwp%2Fv2%2Fcomments&post=144726"}],"version-history":[{"count":1,"href":"https:\/\/www.prijedordanas.com\/index.php?rest_route=\/wp\/v2\/posts\/144726\/revisions"}],"predecessor-version":[{"id":144733,"href":"https:\/\/www.prijedordanas.com\/index.php?rest_route=\/wp\/v2\/posts\/144726\/revisions\/144733"}],"wp:attachment":[{"href":"https:\/\/www.prijedordanas.com\/index.php?rest_route=%2Fwp%2Fv2%2Fmedia&parent=144726"}],"wp:term":[{"taxonomy":"category","embeddable":true,"href":"https:\/\/www.prijedordanas.com\/index.php?rest_route=%2Fwp%2Fv2%2Fcategories&post=144726"},{"taxonomy":"post_tag","embeddable":true,"href":"https:\/\/www.prijedordanas.com\/index.php?rest_route=%2Fwp%2Fv2%2Ftags&post=144726"}],"curies":[{"name":"wp","href":"https:\/\/api.w.org\/{rel}","templated":true}]}}