{"id":144559,"date":"2020-03-28T08:45:33","date_gmt":"2020-03-28T07:45:33","guid":{"rendered":"https:\/\/www.prijedordanas.com\/?p=144559"},"modified":"2020-03-28T08:45:33","modified_gmt":"2020-03-28T07:45:33","slug":"prosvjetni-radnici-briga-za-ucenike-tjera-strah-od-kamera","status":"publish","type":"post","link":"https:\/\/www.prijedordanas.com\/?p=144559","title":{"rendered":"Prosvjetni radnici: Briga za u\u010denike tjera strah od kamera"},"content":{"rendered":"<p><a href=\"https:\/\/www.prijedordanas.com\/wp-content\/uploads\/2020\/03\/nezavisne-nastava-tv.jpg\"><img loading=\"lazy\" decoding=\"async\" src=\"https:\/\/www.prijedordanas.com\/wp-content\/uploads\/2020\/03\/nezavisne-nastava-tv-300x217.jpg\" alt=\"\" width=\"300\" height=\"217\" class=\"alignleft size-medium wp-image-144560\" srcset=\"https:\/\/www.prijedordanas.com\/wp-content\/uploads\/2020\/03\/nezavisne-nastava-tv-300x217.jpg 300w, https:\/\/www.prijedordanas.com\/wp-content\/uploads\/2020\/03\/nezavisne-nastava-tv.jpg 690w\" sizes=\"(max-width: 300px) 100vw, 300px\" \/><\/a>Nastavom na daljinu poku\u0161avamo u\u010denicima omogu\u0107iti da u \u0161to manjoj mjeri budu uskra\u0107eni za ono \u0161to im je potrebno od znanja, a na \u0161ta imaju pravo, kazala je za &#8220;Nezavisne&#8221; Dragana Davidovi\u0107, u\u010diteljica razredne nastave u O\u0160 &#8220;Desanka Maksimovi\u0107&#8221; iz Trna, kod Banjaluke, a koja trenutno u RS dr\u017ei \u010dasove pred TV kamerama.<\/p>\n<p>&#8220;Veliku zahvalnost dugujem na\u0161im u\u010denicima koji su veoma vrijedni i roditeljima koji se trude da isprate ono \u0161to djeca rade, te nam putem omogu\u0107enih veza svakodnevno \u0161alju u\u010deni\u010dke radove&#8221;, kazala je Davidovi\u0107eva.<\/p>\n<p>Prema njenim rije\u010dima, svaki prosvjetni radnik je na odre\u0111en na\u010din u kontaktu sa svojim u\u010denicima ili roditeljima \u0111aka koji su mla\u0111eg uzrasta, razmjenjuju informacije i dobijaju dodatna obja\u0161njenja ukoliko za tim postoji potreba.<\/p>\n<p>&#8220;Svakodnevnim kontaktom i saradnjom sa savjetnicima iz Republi\u010dkog pedago\u0161kog zavoda, koji su nam stalno na  raspolaganju, dobijamo smjernice i dogovaramo se o sadr\u017eajima koje \u0107emo na\u0161im u\u010denicima prezentovati. Unutar timova dijelimo zadu\u017eenja i zadatke trude\u0107i se da niko ne bude preoptere\u0107en, ali u \u017eelji da ispo\u0161tujemo ono \u0161to se od nas o\u010dekuje. Aktivnosti koje sprovodimo u pripremi nekada podrazumijevaju posao koji traje du\u017ei dio dana&#8221;, kazala je Davidovi\u0107eva.<\/p>\n<p>Prema njenim rije\u010dima, nije jednostavno stati pred kamere, jer je za ve\u0107inu nastavnika ovo prvi put.<\/p>\n<p>&#8220;Po\u010detni strah i nesigurnost su neminovni. Onog momenta kad pomislimo na na\u0161e u\u010denike, strah ostavljamo po strani i trudimo se da im nastavne sadr\u017eaje prenesemo najbolje \u0161to mo\u017eemo. To je osnovni razlog zbog kojeg smo tu&#8221;, istakla je Davidovi\u0107eva.<\/p>\n<p>S njom se sla\u017ee  i Gordana Jev\u0111eni\u0107, nastavnica u O\u0160 &#8220;Jovan Cviji\u0107&#8221; iz Banjaluke, koja je u protekle dvije sedmice, umjesto u u\u010dionici, za \u0111ake sedmog i devetog  razreda  \u010dasove iz matematike odr\u017eala u studiju Radio-televizije RS.<\/p>\n<p>&#8220;Djeca su se uozbiljila i podigla su nivo ozbiljnosti na visoku granicu, jer ne znamo kako \u0107e se ocjene kasnije zaklju\u010divati&#8221;, kazala je Jev\u0111eni\u0107eva.<\/p>\n<p>Isti\u010de da su svi nastavnici nakon nastave dostupni u\u010denicima posredstvom e-maila ili telefona da im objasne sve \u0161to je neophodno da bi i oni savladali svoje zadatke.<\/p>\n<p>&#8220;U stalnom smo kontaktu i sa roditeljima, a i sa u\u010denicima&#8221;, pojasnila je ona.<\/p>\n<p>Roditelji i \u0111aci su zadovoljni ovakvim  vidom nastave, jer je bitno da se ne gubi \u0161kolska godina zbog situacije sa virusom korona.<\/p>\n<p>Lidija K.  iz Prijedora, majka djevoj\u010dice koja ide u tre\u0107i razred, isti\u010de da je ovaj vid nastave dobar  te da  je stalno u komunikaciji sa u\u010diteljicom putem e-maila.<\/p>\n<p>&#8220;Ono \u0161to je meni zna\u010dajno jeste da je moja djevoj\u010dica pogledala nastavu, da prati aktivno \u0161ta je re\u010deno preko TV-a i da radi vrijedno zada\u0107u&#8221;, kazala je ona.<\/p>\n<p>Ivana \u010c. iz Banjaluke, majka u\u010denika  koji poha\u0111a \u0161esti razred, kazala je da se njen sin od ove godine prvi put susre\u0107e sa njema\u010dkim jezikom.<\/p>\n<p>&#8220;Jedina mana je to \u0161to cijeli \u010das nastavnica pri\u010da na njema\u010dkom jeziku, mo\u017eda bi bilo bolje da su se samo malo prilagodili, jer djeci je malo nezgodno da slu\u0161aju strani jezik a tek se upoznaju sa ovim predmetom&#8221;, kazala je ona.<\/p>\n<p>Natalija Trivi\u0107, ministarka prosvjete i kulture RS, rekla je da su se nastavnici spremno upustili u novi izazov, online nastavu, a jedan broj onih koji su zaposleni u osnovnim \u0161kolama dodatno su ulo\u017eili napore da snimaju predavanja u programu Radio-televizije RS kako bi osnovcima na najbolji na\u010din, instruktivno, pribli\u017eili novo gradivo te zadali zadatke za provjeru.<\/p>\n<p>&#8220;Izvo\u0111enje interaktivne online nastave izme\u0111u nastavnika i u\u010denika u posljednje dvije sedmice potvr\u0111uje ve\u0107 sada \u010dinjenicu da obrazovanje u \u0161kolama nikada ne\u0107e biti isto kao \u0161to je bilo do pojave virusa korona&#8221;, kazala je Trivi\u0107eva.<\/p>\n<p>Ona je navela da se u postoje\u0107em obliku nastave na daljinu pojavljuju i odre\u0111eni problemi, obi\u010dno tehni\u010dke prirode, koje \u0107e Ministarstvo prosvjete i kulture RS u kontinuitetu rje\u0161avati. Navela je da su \u0161kolama rekli da utvrde potrebe u\u010denika za laptopima, ra\u010dunarima i mogu\u0107nosti dostupnosti interneta.<\/p>\n<p>&#8220;Odre\u0111ene pogodnosti za te namjene smo dobili od dru\u0161tveno odgovornih kompanija&#8221;, dodala je Trive\u0107eva.<\/p>\n<p>Prema njenim rije\u010dima, odluke o na\u010dinima ocjenjivanja, polaganja razrednih ispita, matura, upisa u srednje \u0161kole \u0107e kontinuitetu i shodno ukupnoj situaciji blagovremeno donositi.<\/p>\n<p>Nezavisne novine<\/p>\n","protected":false},"excerpt":{"rendered":"<p>Nastavom na daljinu poku\u0161avamo u\u010denicima omogu\u0107iti da u \u0161to manjoj mjeri budu uskra\u0107eni za ono \u0161to im je potrebno od znanja, a na \u0161ta imaju pravo, kazala je za &#8220;Nezavisne&#8221; [&hellip;]<\/p>\n","protected":false},"author":1,"featured_media":0,"comment_status":"closed","ping_status":"open","sticky":false,"template":"","format":"standard","meta":{"_monsterinsights_skip_tracking":false,"_monsterinsights_sitenote_active":false,"_monsterinsights_sitenote_note":"","_monsterinsights_sitenote_category":0,"footnotes":""},"categories":[7518],"tags":[2944,743],"yoast_head":"<!-- This site is optimized with the Yoast SEO plugin v21.6 - https:\/\/yoast.com\/wordpress\/plugins\/seo\/ -->\n<title>Prosvjetni radnici: Briga za u\u010denike tjera strah od kamera - PrijedorDanas.com - Prijedorski gradski portal<\/title>\n<meta name=\"robots\" content=\"index, follow, max-snippet:-1, max-image-preview:large, max-video-preview:-1\" \/>\n<link rel=\"canonical\" href=\"https:\/\/www.prijedordanas.com\/?p=144559\" \/>\n<meta property=\"og:locale\" content=\"en_US\" \/>\n<meta property=\"og:type\" content=\"article\" \/>\n<meta property=\"og:title\" content=\"Prosvjetni radnici: Briga za u\u010denike tjera strah od kamera - PrijedorDanas.com - Prijedorski gradski portal\" \/>\n<meta property=\"og:description\" content=\"Nastavom na daljinu poku\u0161avamo u\u010denicima omogu\u0107iti da u \u0161to manjoj mjeri budu uskra\u0107eni za ono \u0161to im je potrebno od znanja, a na \u0161ta imaju pravo, kazala je za &#8220;Nezavisne&#8221; [&hellip;]\" \/>\n<meta property=\"og:url\" content=\"https:\/\/www.prijedordanas.com\/?p=144559\" \/>\n<meta property=\"og:site_name\" content=\"PrijedorDanas.com - Prijedorski gradski portal\" \/>\n<meta property=\"article:publisher\" content=\"https:\/\/www.facebook.com\/PrijedorDanasCom\/\" \/>\n<meta property=\"article:published_time\" content=\"2020-03-28T07:45:33+00:00\" \/>\n<meta property=\"og:image\" content=\"https:\/\/www.prijedordanas.com\/wp-content\/uploads\/2020\/03\/nezavisne-nastava-tv-300x217.jpg\" \/>\n<meta name=\"author\" content=\"admin\" \/>\n<meta name=\"twitter:card\" content=\"summary_large_image\" \/>\n<meta name=\"twitter:label1\" content=\"Written by\" \/>\n\t<meta name=\"twitter:data1\" content=\"admin\" \/>\n\t<meta name=\"twitter:label2\" content=\"Est. reading time\" \/>\n\t<meta name=\"twitter:data2\" content=\"4 minutes\" \/>\n<script type=\"application\/ld+json\" class=\"yoast-schema-graph\">{\"@context\":\"https:\/\/schema.org\",\"@graph\":[{\"@type\":\"Article\",\"@id\":\"https:\/\/www.prijedordanas.com\/?p=144559#article\",\"isPartOf\":{\"@id\":\"https:\/\/www.prijedordanas.com\/?p=144559\"},\"author\":{\"name\":\"admin\",\"@id\":\"https:\/\/www.prijedordanas.com\/#\/schema\/person\/4e08ccf29b506ca916ff86d46bb700e6\"},\"headline\":\"Prosvjetni radnici: Briga za u\u010denike tjera strah od kamera\",\"datePublished\":\"2020-03-28T07:45:33+00:00\",\"dateModified\":\"2020-03-28T07:45:33+00:00\",\"mainEntityOfPage\":{\"@id\":\"https:\/\/www.prijedordanas.com\/?p=144559\"},\"wordCount\":757,\"publisher\":{\"@id\":\"https:\/\/www.prijedordanas.com\/#organization\"},\"keywords\":[\"nastava\",\"prosvjetni radnici\"],\"articleSection\":[\"Mladi\"],\"inLanguage\":\"en-US\"},{\"@type\":\"WebPage\",\"@id\":\"https:\/\/www.prijedordanas.com\/?p=144559\",\"url\":\"https:\/\/www.prijedordanas.com\/?p=144559\",\"name\":\"Prosvjetni radnici: Briga za u\u010denike tjera strah od kamera - PrijedorDanas.com - Prijedorski gradski portal\",\"isPartOf\":{\"@id\":\"https:\/\/www.prijedordanas.com\/#website\"},\"datePublished\":\"2020-03-28T07:45:33+00:00\",\"dateModified\":\"2020-03-28T07:45:33+00:00\",\"breadcrumb\":{\"@id\":\"https:\/\/www.prijedordanas.com\/?p=144559#breadcrumb\"},\"inLanguage\":\"en-US\",\"potentialAction\":[{\"@type\":\"ReadAction\",\"target\":[\"https:\/\/www.prijedordanas.com\/?p=144559\"]}]},{\"@type\":\"BreadcrumbList\",\"@id\":\"https:\/\/www.prijedordanas.com\/?p=144559#breadcrumb\",\"itemListElement\":[{\"@type\":\"ListItem\",\"position\":1,\"name\":\"Home\",\"item\":\"https:\/\/www.prijedordanas.com\/\"},{\"@type\":\"ListItem\",\"position\":2,\"name\":\"Prosvjetni radnici: Briga za u\u010denike tjera strah od kamera\"}]},{\"@type\":\"WebSite\",\"@id\":\"https:\/\/www.prijedordanas.com\/#website\",\"url\":\"https:\/\/www.prijedordanas.com\/\",\"name\":\"PrijedorDanas.com - Prijedorski gradski portal\",\"description\":\"Portal o doga\u0111anjima u gradu Prijedoru\",\"publisher\":{\"@id\":\"https:\/\/www.prijedordanas.com\/#organization\"},\"potentialAction\":[{\"@type\":\"SearchAction\",\"target\":{\"@type\":\"EntryPoint\",\"urlTemplate\":\"https:\/\/www.prijedordanas.com\/?s={search_term_string}\"},\"query-input\":\"required name=search_term_string\"}],\"inLanguage\":\"en-US\"},{\"@type\":\"Organization\",\"@id\":\"https:\/\/www.prijedordanas.com\/#organization\",\"name\":\"PrijedorDanas.com\",\"url\":\"https:\/\/www.prijedordanas.com\/\",\"logo\":{\"@type\":\"ImageObject\",\"inLanguage\":\"en-US\",\"@id\":\"https:\/\/www.prijedordanas.com\/#\/schema\/logo\/image\/\",\"url\":\"http:\/\/www.prijedordanas.com\/wp-content\/uploads\/2021\/12\/logopng.png\",\"contentUrl\":\"http:\/\/www.prijedordanas.com\/wp-content\/uploads\/2021\/12\/logopng.png\",\"width\":1019,\"height\":776,\"caption\":\"PrijedorDanas.com\"},\"image\":{\"@id\":\"https:\/\/www.prijedordanas.com\/#\/schema\/logo\/image\/\"},\"sameAs\":[\"https:\/\/www.facebook.com\/PrijedorDanasCom\/\"]},{\"@type\":\"Person\",\"@id\":\"https:\/\/www.prijedordanas.com\/#\/schema\/person\/4e08ccf29b506ca916ff86d46bb700e6\",\"name\":\"admin\",\"image\":{\"@type\":\"ImageObject\",\"inLanguage\":\"en-US\",\"@id\":\"https:\/\/www.prijedordanas.com\/#\/schema\/person\/image\/\",\"url\":\"https:\/\/secure.gravatar.com\/avatar\/1d3fc949d550f0b53a5f0d51e06dfd79?s=96&d=mm&r=g\",\"contentUrl\":\"https:\/\/secure.gravatar.com\/avatar\/1d3fc949d550f0b53a5f0d51e06dfd79?s=96&d=mm&r=g\",\"caption\":\"admin\"},\"url\":\"https:\/\/www.prijedordanas.com\/?author=1\"}]}<\/script>\n<!-- \/ Yoast SEO plugin. -->","yoast_head_json":{"title":"Prosvjetni radnici: Briga za u\u010denike tjera strah od kamera - PrijedorDanas.com - Prijedorski gradski portal","robots":{"index":"index","follow":"follow","max-snippet":"max-snippet:-1","max-image-preview":"max-image-preview:large","max-video-preview":"max-video-preview:-1"},"canonical":"https:\/\/www.prijedordanas.com\/?p=144559","og_locale":"en_US","og_type":"article","og_title":"Prosvjetni radnici: Briga za u\u010denike tjera strah od kamera - PrijedorDanas.com - Prijedorski gradski portal","og_description":"Nastavom na daljinu poku\u0161avamo u\u010denicima omogu\u0107iti da u \u0161to manjoj mjeri budu uskra\u0107eni za ono \u0161to im je potrebno od znanja, a na \u0161ta imaju pravo, kazala je za &#8220;Nezavisne&#8221; [&hellip;]","og_url":"https:\/\/www.prijedordanas.com\/?p=144559","og_site_name":"PrijedorDanas.com - Prijedorski gradski portal","article_publisher":"https:\/\/www.facebook.com\/PrijedorDanasCom\/","article_published_time":"2020-03-28T07:45:33+00:00","og_image":[{"url":"https:\/\/www.prijedordanas.com\/wp-content\/uploads\/2020\/03\/nezavisne-nastava-tv-300x217.jpg"}],"author":"admin","twitter_card":"summary_large_image","twitter_misc":{"Written by":"admin","Est. reading time":"4 minutes"},"schema":{"@context":"https:\/\/schema.org","@graph":[{"@type":"Article","@id":"https:\/\/www.prijedordanas.com\/?p=144559#article","isPartOf":{"@id":"https:\/\/www.prijedordanas.com\/?p=144559"},"author":{"name":"admin","@id":"https:\/\/www.prijedordanas.com\/#\/schema\/person\/4e08ccf29b506ca916ff86d46bb700e6"},"headline":"Prosvjetni radnici: Briga za u\u010denike tjera strah od kamera","datePublished":"2020-03-28T07:45:33+00:00","dateModified":"2020-03-28T07:45:33+00:00","mainEntityOfPage":{"@id":"https:\/\/www.prijedordanas.com\/?p=144559"},"wordCount":757,"publisher":{"@id":"https:\/\/www.prijedordanas.com\/#organization"},"keywords":["nastava","prosvjetni radnici"],"articleSection":["Mladi"],"inLanguage":"en-US"},{"@type":"WebPage","@id":"https:\/\/www.prijedordanas.com\/?p=144559","url":"https:\/\/www.prijedordanas.com\/?p=144559","name":"Prosvjetni radnici: Briga za u\u010denike tjera strah od kamera - PrijedorDanas.com - Prijedorski gradski portal","isPartOf":{"@id":"https:\/\/www.prijedordanas.com\/#website"},"datePublished":"2020-03-28T07:45:33+00:00","dateModified":"2020-03-28T07:45:33+00:00","breadcrumb":{"@id":"https:\/\/www.prijedordanas.com\/?p=144559#breadcrumb"},"inLanguage":"en-US","potentialAction":[{"@type":"ReadAction","target":["https:\/\/www.prijedordanas.com\/?p=144559"]}]},{"@type":"BreadcrumbList","@id":"https:\/\/www.prijedordanas.com\/?p=144559#breadcrumb","itemListElement":[{"@type":"ListItem","position":1,"name":"Home","item":"https:\/\/www.prijedordanas.com\/"},{"@type":"ListItem","position":2,"name":"Prosvjetni radnici: Briga za u\u010denike tjera strah od kamera"}]},{"@type":"WebSite","@id":"https:\/\/www.prijedordanas.com\/#website","url":"https:\/\/www.prijedordanas.com\/","name":"PrijedorDanas.com - Prijedorski gradski portal","description":"Portal o doga\u0111anjima u gradu Prijedoru","publisher":{"@id":"https:\/\/www.prijedordanas.com\/#organization"},"potentialAction":[{"@type":"SearchAction","target":{"@type":"EntryPoint","urlTemplate":"https:\/\/www.prijedordanas.com\/?s={search_term_string}"},"query-input":"required name=search_term_string"}],"inLanguage":"en-US"},{"@type":"Organization","@id":"https:\/\/www.prijedordanas.com\/#organization","name":"PrijedorDanas.com","url":"https:\/\/www.prijedordanas.com\/","logo":{"@type":"ImageObject","inLanguage":"en-US","@id":"https:\/\/www.prijedordanas.com\/#\/schema\/logo\/image\/","url":"http:\/\/www.prijedordanas.com\/wp-content\/uploads\/2021\/12\/logopng.png","contentUrl":"http:\/\/www.prijedordanas.com\/wp-content\/uploads\/2021\/12\/logopng.png","width":1019,"height":776,"caption":"PrijedorDanas.com"},"image":{"@id":"https:\/\/www.prijedordanas.com\/#\/schema\/logo\/image\/"},"sameAs":["https:\/\/www.facebook.com\/PrijedorDanasCom\/"]},{"@type":"Person","@id":"https:\/\/www.prijedordanas.com\/#\/schema\/person\/4e08ccf29b506ca916ff86d46bb700e6","name":"admin","image":{"@type":"ImageObject","inLanguage":"en-US","@id":"https:\/\/www.prijedordanas.com\/#\/schema\/person\/image\/","url":"https:\/\/secure.gravatar.com\/avatar\/1d3fc949d550f0b53a5f0d51e06dfd79?s=96&d=mm&r=g","contentUrl":"https:\/\/secure.gravatar.com\/avatar\/1d3fc949d550f0b53a5f0d51e06dfd79?s=96&d=mm&r=g","caption":"admin"},"url":"https:\/\/www.prijedordanas.com\/?author=1"}]}},"_links":{"self":[{"href":"https:\/\/www.prijedordanas.com\/index.php?rest_route=\/wp\/v2\/posts\/144559"}],"collection":[{"href":"https:\/\/www.prijedordanas.com\/index.php?rest_route=\/wp\/v2\/posts"}],"about":[{"href":"https:\/\/www.prijedordanas.com\/index.php?rest_route=\/wp\/v2\/types\/post"}],"author":[{"embeddable":true,"href":"https:\/\/www.prijedordanas.com\/index.php?rest_route=\/wp\/v2\/users\/1"}],"replies":[{"embeddable":true,"href":"https:\/\/www.prijedordanas.com\/index.php?rest_route=%2Fwp%2Fv2%2Fcomments&post=144559"}],"version-history":[{"count":1,"href":"https:\/\/www.prijedordanas.com\/index.php?rest_route=\/wp\/v2\/posts\/144559\/revisions"}],"predecessor-version":[{"id":144561,"href":"https:\/\/www.prijedordanas.com\/index.php?rest_route=\/wp\/v2\/posts\/144559\/revisions\/144561"}],"wp:attachment":[{"href":"https:\/\/www.prijedordanas.com\/index.php?rest_route=%2Fwp%2Fv2%2Fmedia&parent=144559"}],"wp:term":[{"taxonomy":"category","embeddable":true,"href":"https:\/\/www.prijedordanas.com\/index.php?rest_route=%2Fwp%2Fv2%2Fcategories&post=144559"},{"taxonomy":"post_tag","embeddable":true,"href":"https:\/\/www.prijedordanas.com\/index.php?rest_route=%2Fwp%2Fv2%2Ftags&post=144559"}],"curies":[{"name":"wp","href":"https:\/\/api.w.org\/{rel}","templated":true}]}}