{"id":144430,"date":"2020-03-25T22:37:26","date_gmt":"2020-03-25T21:37:26","guid":{"rendered":"https:\/\/www.prijedordanas.com\/?p=144430"},"modified":"2020-03-25T22:37:26","modified_gmt":"2020-03-25T21:37:26","slug":"prijedor-koordinisati-rad-humanitarnih-organizacija-kako-bi-pomoc-stigla-do-sto-vise-korisnika","status":"publish","type":"post","link":"https:\/\/www.prijedordanas.com\/?p=144430","title":{"rendered":"Prijedor: Koordinisati rad humanitarnih organizacija kako bi pomo\u0107 stigla do \u0161to vi\u0161e korisnika"},"content":{"rendered":"<p><a href=\"https:\/\/www.prijedordanas.com\/wp-content\/uploads\/2019\/06\/prijedor-iz-vazduha-proljece-2019-4.jpg\"><img loading=\"lazy\" decoding=\"async\" src=\"https:\/\/www.prijedordanas.com\/wp-content\/uploads\/2019\/06\/prijedor-iz-vazduha-proljece-2019-4-300x217.jpg\" alt=\"\" width=\"300\" height=\"217\" class=\"alignleft size-medium wp-image-129077\" srcset=\"https:\/\/www.prijedordanas.com\/wp-content\/uploads\/2019\/06\/prijedor-iz-vazduha-proljece-2019-4-300x217.jpg 300w, https:\/\/www.prijedordanas.com\/wp-content\/uploads\/2019\/06\/prijedor-iz-vazduha-proljece-2019-4-100x72.jpg 100w, https:\/\/www.prijedordanas.com\/wp-content\/uploads\/2019\/06\/prijedor-iz-vazduha-proljece-2019-4.jpg 690w\" sizes=\"(max-width: 300px) 100vw, 300px\" \/><\/a>U Prijedoru je osnovano koordinaciono tijelo socijalno-humanitarnih organizacija s ciljem da humanitarna pomo\u0107 do\u0111e do \u0161to ve\u0107eg broja ugro\u017eenih porodica i pojedinaca i da se ne duplira.<\/p>\n<p>Za koordinatora je imenovan vr\u0161ilac du\u017enosti direktora Centra za socijalni rad Branislav Vujasin i sve organizacije pozvane su da dostave spiskove svojih korisnika Centru za socijalni rad, a i od savjeta mjesnih zajednica bi\u0107e zatra\u017eeni spiskovi najugro\u017eenijih lica.<\/p>\n<p>Osim Centra za socijalni rad, koordinaciono tijelo \u010dine predstavnici Odjeljenja za dru\u0161tvene djelatnosti, Crvenog krsta i humanitarnih organizacija &#8220;Optimisti&#8221;, &#8220;Hleb \u017eivota&#8221;, &#8220;Merhamet&#8221; i &#8220;Humano brdo&#8221;, a poziv da se priklju\u010de organizaciji upu\u0107en je svim organizacijama koje se bave socijalno-humanitarnim radom.<\/p>\n<p>Inicijativu za koordinaciju humanitarne pomo\u0107i prije nekoliko godina pokrenuo je tada\u0161nji predsjednik Skup\u0161tine grada Prijedora Sead Jakupovi\u0107. <\/p>\n<p>SRNA<br \/>\nFoto &#8211; ilustracija<\/p>\n","protected":false},"excerpt":{"rendered":"<p>U Prijedoru je osnovano koordinaciono tijelo socijalno-humanitarnih organizacija s ciljem da humanitarna pomo\u0107 do\u0111e do \u0161to ve\u0107eg broja ugro\u017eenih porodica i pojedinaca i da se ne duplira. Za koordinatora je [&hellip;]<\/p>\n","protected":false},"author":1,"featured_media":0,"comment_status":"closed","ping_status":"open","sticky":false,"template":"","format":"standard","meta":{"_monsterinsights_skip_tracking":false,"_monsterinsights_sitenote_active":false,"_monsterinsights_sitenote_note":"","_monsterinsights_sitenote_category":0,"footnotes":""},"categories":[3],"tags":[11134],"yoast_head":"<!-- This site is optimized with the Yoast SEO plugin v21.6 - https:\/\/yoast.com\/wordpress\/plugins\/seo\/ -->\n<title>Prijedor: Koordinisati rad humanitarnih organizacija kako bi pomo\u0107 stigla do \u0161to vi\u0161e korisnika - PrijedorDanas.com - Prijedorski gradski portal<\/title>\n<meta name=\"robots\" content=\"index, follow, max-snippet:-1, max-image-preview:large, max-video-preview:-1\" \/>\n<link rel=\"canonical\" href=\"https:\/\/www.prijedordanas.com\/?p=144430\" \/>\n<meta property=\"og:locale\" content=\"en_US\" \/>\n<meta property=\"og:type\" content=\"article\" \/>\n<meta property=\"og:title\" content=\"Prijedor: Koordinisati rad humanitarnih organizacija kako bi pomo\u0107 stigla do \u0161to vi\u0161e korisnika - PrijedorDanas.com - Prijedorski gradski portal\" \/>\n<meta property=\"og:description\" content=\"U Prijedoru je osnovano koordinaciono tijelo socijalno-humanitarnih organizacija s ciljem da humanitarna pomo\u0107 do\u0111e do \u0161to ve\u0107eg broja ugro\u017eenih porodica i pojedinaca i da se ne duplira. Za koordinatora je [&hellip;]\" \/>\n<meta property=\"og:url\" content=\"https:\/\/www.prijedordanas.com\/?p=144430\" \/>\n<meta property=\"og:site_name\" content=\"PrijedorDanas.com - Prijedorski gradski portal\" \/>\n<meta property=\"article:publisher\" content=\"https:\/\/www.facebook.com\/PrijedorDanasCom\/\" \/>\n<meta property=\"article:published_time\" content=\"2020-03-25T21:37:26+00:00\" \/>\n<meta property=\"og:image\" content=\"https:\/\/www.prijedordanas.com\/wp-content\/uploads\/2019\/06\/prijedor-iz-vazduha-proljece-2019-4-300x217.jpg\" \/>\n<meta name=\"author\" content=\"admin\" \/>\n<meta name=\"twitter:card\" content=\"summary_large_image\" \/>\n<meta name=\"twitter:label1\" content=\"Written by\" \/>\n\t<meta name=\"twitter:data1\" content=\"admin\" \/>\n\t<meta name=\"twitter:label2\" content=\"Est. reading time\" \/>\n\t<meta name=\"twitter:data2\" content=\"1 minute\" \/>\n<script type=\"application\/ld+json\" class=\"yoast-schema-graph\">{\"@context\":\"https:\/\/schema.org\",\"@graph\":[{\"@type\":\"Article\",\"@id\":\"https:\/\/www.prijedordanas.com\/?p=144430#article\",\"isPartOf\":{\"@id\":\"https:\/\/www.prijedordanas.com\/?p=144430\"},\"author\":{\"name\":\"admin\",\"@id\":\"https:\/\/www.prijedordanas.com\/#\/schema\/person\/4e08ccf29b506ca916ff86d46bb700e6\"},\"headline\":\"Prijedor: Koordinisati rad humanitarnih organizacija kako bi pomo\u0107 stigla do \u0161to vi\u0161e korisnika\",\"datePublished\":\"2020-03-25T21:37:26+00:00\",\"dateModified\":\"2020-03-25T21:37:26+00:00\",\"mainEntityOfPage\":{\"@id\":\"https:\/\/www.prijedordanas.com\/?p=144430\"},\"wordCount\":154,\"publisher\":{\"@id\":\"https:\/\/www.prijedordanas.com\/#organization\"},\"keywords\":[\"humanitarne organizacije\"],\"articleSection\":[\"\u017divot\"],\"inLanguage\":\"en-US\"},{\"@type\":\"WebPage\",\"@id\":\"https:\/\/www.prijedordanas.com\/?p=144430\",\"url\":\"https:\/\/www.prijedordanas.com\/?p=144430\",\"name\":\"Prijedor: Koordinisati rad humanitarnih organizacija kako bi pomo\u0107 stigla do \u0161to vi\u0161e korisnika - PrijedorDanas.com - Prijedorski gradski portal\",\"isPartOf\":{\"@id\":\"https:\/\/www.prijedordanas.com\/#website\"},\"datePublished\":\"2020-03-25T21:37:26+00:00\",\"dateModified\":\"2020-03-25T21:37:26+00:00\",\"breadcrumb\":{\"@id\":\"https:\/\/www.prijedordanas.com\/?p=144430#breadcrumb\"},\"inLanguage\":\"en-US\",\"potentialAction\":[{\"@type\":\"ReadAction\",\"target\":[\"https:\/\/www.prijedordanas.com\/?p=144430\"]}]},{\"@type\":\"BreadcrumbList\",\"@id\":\"https:\/\/www.prijedordanas.com\/?p=144430#breadcrumb\",\"itemListElement\":[{\"@type\":\"ListItem\",\"position\":1,\"name\":\"Home\",\"item\":\"https:\/\/www.prijedordanas.com\/\"},{\"@type\":\"ListItem\",\"position\":2,\"name\":\"Prijedor: Koordinisati rad humanitarnih organizacija kako bi pomo\u0107 stigla do \u0161to vi\u0161e korisnika\"}]},{\"@type\":\"WebSite\",\"@id\":\"https:\/\/www.prijedordanas.com\/#website\",\"url\":\"https:\/\/www.prijedordanas.com\/\",\"name\":\"PrijedorDanas.com - Prijedorski gradski portal\",\"description\":\"Portal o doga\u0111anjima u gradu Prijedoru\",\"publisher\":{\"@id\":\"https:\/\/www.prijedordanas.com\/#organization\"},\"potentialAction\":[{\"@type\":\"SearchAction\",\"target\":{\"@type\":\"EntryPoint\",\"urlTemplate\":\"https:\/\/www.prijedordanas.com\/?s={search_term_string}\"},\"query-input\":\"required name=search_term_string\"}],\"inLanguage\":\"en-US\"},{\"@type\":\"Organization\",\"@id\":\"https:\/\/www.prijedordanas.com\/#organization\",\"name\":\"PrijedorDanas.com\",\"url\":\"https:\/\/www.prijedordanas.com\/\",\"logo\":{\"@type\":\"ImageObject\",\"inLanguage\":\"en-US\",\"@id\":\"https:\/\/www.prijedordanas.com\/#\/schema\/logo\/image\/\",\"url\":\"http:\/\/www.prijedordanas.com\/wp-content\/uploads\/2021\/12\/logopng.png\",\"contentUrl\":\"http:\/\/www.prijedordanas.com\/wp-content\/uploads\/2021\/12\/logopng.png\",\"width\":1019,\"height\":776,\"caption\":\"PrijedorDanas.com\"},\"image\":{\"@id\":\"https:\/\/www.prijedordanas.com\/#\/schema\/logo\/image\/\"},\"sameAs\":[\"https:\/\/www.facebook.com\/PrijedorDanasCom\/\"]},{\"@type\":\"Person\",\"@id\":\"https:\/\/www.prijedordanas.com\/#\/schema\/person\/4e08ccf29b506ca916ff86d46bb700e6\",\"name\":\"admin\",\"image\":{\"@type\":\"ImageObject\",\"inLanguage\":\"en-US\",\"@id\":\"https:\/\/www.prijedordanas.com\/#\/schema\/person\/image\/\",\"url\":\"https:\/\/secure.gravatar.com\/avatar\/1d3fc949d550f0b53a5f0d51e06dfd79?s=96&d=mm&r=g\",\"contentUrl\":\"https:\/\/secure.gravatar.com\/avatar\/1d3fc949d550f0b53a5f0d51e06dfd79?s=96&d=mm&r=g\",\"caption\":\"admin\"},\"url\":\"https:\/\/www.prijedordanas.com\/?author=1\"}]}<\/script>\n<!-- \/ Yoast SEO plugin. -->","yoast_head_json":{"title":"Prijedor: Koordinisati rad humanitarnih organizacija kako bi pomo\u0107 stigla do \u0161to vi\u0161e korisnika - PrijedorDanas.com - Prijedorski gradski portal","robots":{"index":"index","follow":"follow","max-snippet":"max-snippet:-1","max-image-preview":"max-image-preview:large","max-video-preview":"max-video-preview:-1"},"canonical":"https:\/\/www.prijedordanas.com\/?p=144430","og_locale":"en_US","og_type":"article","og_title":"Prijedor: Koordinisati rad humanitarnih organizacija kako bi pomo\u0107 stigla do \u0161to vi\u0161e korisnika - PrijedorDanas.com - Prijedorski gradski portal","og_description":"U Prijedoru je osnovano koordinaciono tijelo socijalno-humanitarnih organizacija s ciljem da humanitarna pomo\u0107 do\u0111e do \u0161to ve\u0107eg broja ugro\u017eenih porodica i pojedinaca i da se ne duplira. Za koordinatora je [&hellip;]","og_url":"https:\/\/www.prijedordanas.com\/?p=144430","og_site_name":"PrijedorDanas.com - Prijedorski gradski portal","article_publisher":"https:\/\/www.facebook.com\/PrijedorDanasCom\/","article_published_time":"2020-03-25T21:37:26+00:00","og_image":[{"url":"https:\/\/www.prijedordanas.com\/wp-content\/uploads\/2019\/06\/prijedor-iz-vazduha-proljece-2019-4-300x217.jpg"}],"author":"admin","twitter_card":"summary_large_image","twitter_misc":{"Written by":"admin","Est. reading time":"1 minute"},"schema":{"@context":"https:\/\/schema.org","@graph":[{"@type":"Article","@id":"https:\/\/www.prijedordanas.com\/?p=144430#article","isPartOf":{"@id":"https:\/\/www.prijedordanas.com\/?p=144430"},"author":{"name":"admin","@id":"https:\/\/www.prijedordanas.com\/#\/schema\/person\/4e08ccf29b506ca916ff86d46bb700e6"},"headline":"Prijedor: Koordinisati rad humanitarnih organizacija kako bi pomo\u0107 stigla do \u0161to vi\u0161e korisnika","datePublished":"2020-03-25T21:37:26+00:00","dateModified":"2020-03-25T21:37:26+00:00","mainEntityOfPage":{"@id":"https:\/\/www.prijedordanas.com\/?p=144430"},"wordCount":154,"publisher":{"@id":"https:\/\/www.prijedordanas.com\/#organization"},"keywords":["humanitarne organizacije"],"articleSection":["\u017divot"],"inLanguage":"en-US"},{"@type":"WebPage","@id":"https:\/\/www.prijedordanas.com\/?p=144430","url":"https:\/\/www.prijedordanas.com\/?p=144430","name":"Prijedor: Koordinisati rad humanitarnih organizacija kako bi pomo\u0107 stigla do \u0161to vi\u0161e korisnika - PrijedorDanas.com - Prijedorski gradski portal","isPartOf":{"@id":"https:\/\/www.prijedordanas.com\/#website"},"datePublished":"2020-03-25T21:37:26+00:00","dateModified":"2020-03-25T21:37:26+00:00","breadcrumb":{"@id":"https:\/\/www.prijedordanas.com\/?p=144430#breadcrumb"},"inLanguage":"en-US","potentialAction":[{"@type":"ReadAction","target":["https:\/\/www.prijedordanas.com\/?p=144430"]}]},{"@type":"BreadcrumbList","@id":"https:\/\/www.prijedordanas.com\/?p=144430#breadcrumb","itemListElement":[{"@type":"ListItem","position":1,"name":"Home","item":"https:\/\/www.prijedordanas.com\/"},{"@type":"ListItem","position":2,"name":"Prijedor: Koordinisati rad humanitarnih organizacija kako bi pomo\u0107 stigla do \u0161to vi\u0161e korisnika"}]},{"@type":"WebSite","@id":"https:\/\/www.prijedordanas.com\/#website","url":"https:\/\/www.prijedordanas.com\/","name":"PrijedorDanas.com - Prijedorski gradski portal","description":"Portal o doga\u0111anjima u gradu Prijedoru","publisher":{"@id":"https:\/\/www.prijedordanas.com\/#organization"},"potentialAction":[{"@type":"SearchAction","target":{"@type":"EntryPoint","urlTemplate":"https:\/\/www.prijedordanas.com\/?s={search_term_string}"},"query-input":"required name=search_term_string"}],"inLanguage":"en-US"},{"@type":"Organization","@id":"https:\/\/www.prijedordanas.com\/#organization","name":"PrijedorDanas.com","url":"https:\/\/www.prijedordanas.com\/","logo":{"@type":"ImageObject","inLanguage":"en-US","@id":"https:\/\/www.prijedordanas.com\/#\/schema\/logo\/image\/","url":"http:\/\/www.prijedordanas.com\/wp-content\/uploads\/2021\/12\/logopng.png","contentUrl":"http:\/\/www.prijedordanas.com\/wp-content\/uploads\/2021\/12\/logopng.png","width":1019,"height":776,"caption":"PrijedorDanas.com"},"image":{"@id":"https:\/\/www.prijedordanas.com\/#\/schema\/logo\/image\/"},"sameAs":["https:\/\/www.facebook.com\/PrijedorDanasCom\/"]},{"@type":"Person","@id":"https:\/\/www.prijedordanas.com\/#\/schema\/person\/4e08ccf29b506ca916ff86d46bb700e6","name":"admin","image":{"@type":"ImageObject","inLanguage":"en-US","@id":"https:\/\/www.prijedordanas.com\/#\/schema\/person\/image\/","url":"https:\/\/secure.gravatar.com\/avatar\/1d3fc949d550f0b53a5f0d51e06dfd79?s=96&d=mm&r=g","contentUrl":"https:\/\/secure.gravatar.com\/avatar\/1d3fc949d550f0b53a5f0d51e06dfd79?s=96&d=mm&r=g","caption":"admin"},"url":"https:\/\/www.prijedordanas.com\/?author=1"}]}},"_links":{"self":[{"href":"https:\/\/www.prijedordanas.com\/index.php?rest_route=\/wp\/v2\/posts\/144430"}],"collection":[{"href":"https:\/\/www.prijedordanas.com\/index.php?rest_route=\/wp\/v2\/posts"}],"about":[{"href":"https:\/\/www.prijedordanas.com\/index.php?rest_route=\/wp\/v2\/types\/post"}],"author":[{"embeddable":true,"href":"https:\/\/www.prijedordanas.com\/index.php?rest_route=\/wp\/v2\/users\/1"}],"replies":[{"embeddable":true,"href":"https:\/\/www.prijedordanas.com\/index.php?rest_route=%2Fwp%2Fv2%2Fcomments&post=144430"}],"version-history":[{"count":1,"href":"https:\/\/www.prijedordanas.com\/index.php?rest_route=\/wp\/v2\/posts\/144430\/revisions"}],"predecessor-version":[{"id":144431,"href":"https:\/\/www.prijedordanas.com\/index.php?rest_route=\/wp\/v2\/posts\/144430\/revisions\/144431"}],"wp:attachment":[{"href":"https:\/\/www.prijedordanas.com\/index.php?rest_route=%2Fwp%2Fv2%2Fmedia&parent=144430"}],"wp:term":[{"taxonomy":"category","embeddable":true,"href":"https:\/\/www.prijedordanas.com\/index.php?rest_route=%2Fwp%2Fv2%2Fcategories&post=144430"},{"taxonomy":"post_tag","embeddable":true,"href":"https:\/\/www.prijedordanas.com\/index.php?rest_route=%2Fwp%2Fv2%2Ftags&post=144430"}],"curies":[{"name":"wp","href":"https:\/\/api.w.org\/{rel}","templated":true}]}}