{"id":144348,"date":"2020-03-24T12:14:43","date_gmt":"2020-03-24T11:14:43","guid":{"rendered":"https:\/\/www.prijedordanas.com\/?p=144348"},"modified":"2020-03-24T12:14:43","modified_gmt":"2020-03-24T11:14:43","slug":"prekrsajna-prijava-doktorki-maji-stojic-dragojevic-iz-prijedora-zbog-izazivanja-panike-u-vanrednoj-situaciji","status":"publish","type":"post","link":"https:\/\/www.prijedordanas.com\/?p=144348","title":{"rendered":"Prekr\u0161ajna prijava doktorki Maji Stoji\u0107-Dragojevi\u0107 iz Prijedora zbog izazivanja panike u vanrednoj situaciji"},"content":{"rendered":"<p><a href=\"https:\/\/www.prijedordanas.com\/wp-content\/uploads\/2020\/03\/maja-dragojevic-stojic.jpg\"><img loading=\"lazy\" decoding=\"async\" src=\"https:\/\/www.prijedordanas.com\/wp-content\/uploads\/2020\/03\/maja-dragojevic-stojic-300x217.jpg\" alt=\"\" width=\"300\" height=\"217\" class=\"alignleft size-medium wp-image-144349\" srcset=\"https:\/\/www.prijedordanas.com\/wp-content\/uploads\/2020\/03\/maja-dragojevic-stojic-300x217.jpg 300w, https:\/\/www.prijedordanas.com\/wp-content\/uploads\/2020\/03\/maja-dragojevic-stojic.jpg 690w\" sizes=\"(max-width: 300px) 100vw, 300px\" \/><\/a>Doktorki Maji Stoji\u0107-Dragojevi\u0107 iz Prijedora policija je ju\u010de uru\u010dila prekr\u0161ajni nalog zbog kr\u0161enja odluke Vlade Republike Srpske o zabrani izazivanja panike i nereda za vrijeme vanredne situacije na teritoriji Republike Srpske.<\/p>\n<p>Stoji\u0107-Dragojevi\u0107 je i \u010dlan Predsjedni\u0161tva SDS, a prijavu je dobila izbog njenih izjava u jednoj televizijskoj emisiji.<\/p>\n<p>\u2013 Prekr\u0161ajni nalog je uru\u010den nakon \u0161to je, za vrijeme vanredne situacije usljed \u0161irenja virusa korona, na internet portalu jedne televizijske ku\u0107e, objavljena njena izjava o trenutnoj epidemiolo\u0161koj situaciji u Republici Srpskoj, \u010dime je postupila protivno navedenoj Odluci Vlade Republike Srpske \u2013 poru\u010dili su iz policije.<\/p>\n<p>Ona je izme\u0111u ostalog izjavila da je epidemija korona virusa pokazala manjkavosti na\u0161eg zdravstvenog sistema.<\/p>\n<p>\u2013 U svijetu postoje protokoli, preporuke za terapiju i tretman\u2026 Ali u Republici Srpskoj odre\u0111eni broj zdravstvenih ustanova uop\u0161te nema ni infektologa, epidemiologa. Nemamo timove, organizovane slu\u017ebe, dovoljan broj respiratora\u2026 Imamo manjak intenzivne njege, na \u0161ta je trebalo mnogo ranije misliti. Nama ne zna\u010de kreveti bez adekvatne opreme, edukovanog kadra, neophodne terapije, treba nam adekvatna intenzivna njega! Nepripremljeni \u010dekamo na ono \u0161to \u0107e nam sti\u0107i. Veliki problem je broj potrebnih testova, koje ve\u0107 sad nemamo u odre\u0111enim zdravstvenim ustanovam \u2013 rekla je Stoji\u0107-Dragojevi\u0107 i zbog tih izjava zadobila prekr\u0161ajni nalog.<\/p>\n<p>Iz Policijske uprave Prijedor su rekli da apeluju na sve gra\u0111ane da tokom vanredne situacije po\u0161tuju nalo\u017eene mjere Republi\u010dkog \u0161taba za vanredne situacije.<\/p>\n<p>\u2013 Tako\u0111e, upozoravamo gra\u0111ane da se tokom epidemiolo\u0161ke situacije u Republici Srpskoj pona\u0161aju odgovorno, kako prema sebi tako i prema drugima, te da izazivanje panike i nereda izno\u0161enjem ili preno\u0161enjem la\u017enih vijesti ote\u017eava sprovo\u0111enje nalo\u017eenih mjera i ni na koji na\u010din ne doprinosi rje\u0161avanju problema. Podsje\u0107amo, Odlukom je propisana nov\u010dana kazna za fizi\u010dko lice u iznosu od 1.000 do 3.000 KM, za pravno lice od 3.000 do 9.000 KM te za odgovorno lice u pravnom licu od 1.000 do 3.000 KM \u2013 rekli su u PU Prijedor.<\/p>\n<p>EuroBlic-srpskainfo.com<br \/>\nFoto &#8211; SDS<\/p>\n","protected":false},"excerpt":{"rendered":"<p>Doktorki Maji Stoji\u0107-Dragojevi\u0107 iz Prijedora policija je ju\u010de uru\u010dila prekr\u0161ajni nalog zbog kr\u0161enja odluke Vlade Republike Srpske o zabrani izazivanja panike i nereda za vrijeme vanredne situacije na teritoriji Republike [&hellip;]<\/p>\n","protected":false},"author":1,"featured_media":0,"comment_status":"closed","ping_status":"open","sticky":false,"template":"","format":"standard","meta":{"_monsterinsights_skip_tracking":false,"_monsterinsights_sitenote_active":false,"_monsterinsights_sitenote_note":"","_monsterinsights_sitenote_category":0,"footnotes":""},"categories":[5],"tags":[11081,9240],"yoast_head":"<!-- This site is optimized with the Yoast SEO plugin v21.6 - https:\/\/yoast.com\/wordpress\/plugins\/seo\/ -->\n<title>Prekr\u0161ajna prijava doktorki Maji Stoji\u0107-Dragojevi\u0107 iz Prijedora zbog izazivanja panike u vanrednoj situaciji - PrijedorDanas.com - Prijedorski gradski portal<\/title>\n<meta name=\"robots\" content=\"index, follow, max-snippet:-1, max-image-preview:large, max-video-preview:-1\" \/>\n<link rel=\"canonical\" href=\"https:\/\/www.prijedordanas.com\/?p=144348\" \/>\n<meta property=\"og:locale\" content=\"en_US\" \/>\n<meta property=\"og:type\" content=\"article\" \/>\n<meta property=\"og:title\" content=\"Prekr\u0161ajna prijava doktorki Maji Stoji\u0107-Dragojevi\u0107 iz Prijedora zbog izazivanja panike u vanrednoj situaciji - PrijedorDanas.com - Prijedorski gradski portal\" \/>\n<meta property=\"og:description\" content=\"Doktorki Maji Stoji\u0107-Dragojevi\u0107 iz Prijedora policija je ju\u010de uru\u010dila prekr\u0161ajni nalog zbog kr\u0161enja odluke Vlade Republike Srpske o zabrani izazivanja panike i nereda za vrijeme vanredne situacije na teritoriji Republike [&hellip;]\" \/>\n<meta property=\"og:url\" content=\"https:\/\/www.prijedordanas.com\/?p=144348\" \/>\n<meta property=\"og:site_name\" content=\"PrijedorDanas.com - Prijedorski gradski portal\" \/>\n<meta property=\"article:publisher\" content=\"https:\/\/www.facebook.com\/PrijedorDanasCom\/\" \/>\n<meta property=\"article:published_time\" content=\"2020-03-24T11:14:43+00:00\" \/>\n<meta property=\"og:image\" content=\"https:\/\/www.prijedordanas.com\/wp-content\/uploads\/2020\/03\/maja-dragojevic-stojic-300x217.jpg\" \/>\n<meta name=\"author\" content=\"admin\" \/>\n<meta name=\"twitter:card\" content=\"summary_large_image\" \/>\n<meta name=\"twitter:label1\" content=\"Written by\" \/>\n\t<meta name=\"twitter:data1\" content=\"admin\" \/>\n\t<meta name=\"twitter:label2\" content=\"Est. reading time\" \/>\n\t<meta name=\"twitter:data2\" content=\"2 minutes\" \/>\n<script type=\"application\/ld+json\" class=\"yoast-schema-graph\">{\"@context\":\"https:\/\/schema.org\",\"@graph\":[{\"@type\":\"Article\",\"@id\":\"https:\/\/www.prijedordanas.com\/?p=144348#article\",\"isPartOf\":{\"@id\":\"https:\/\/www.prijedordanas.com\/?p=144348\"},\"author\":{\"name\":\"admin\",\"@id\":\"https:\/\/www.prijedordanas.com\/#\/schema\/person\/4e08ccf29b506ca916ff86d46bb700e6\"},\"headline\":\"Prekr\u0161ajna prijava doktorki Maji Stoji\u0107-Dragojevi\u0107 iz Prijedora zbog izazivanja panike u vanrednoj situaciji\",\"datePublished\":\"2020-03-24T11:14:43+00:00\",\"dateModified\":\"2020-03-24T11:14:43+00:00\",\"mainEntityOfPage\":{\"@id\":\"https:\/\/www.prijedordanas.com\/?p=144348\"},\"wordCount\":358,\"publisher\":{\"@id\":\"https:\/\/www.prijedordanas.com\/#organization\"},\"keywords\":[\"korona\",\"panika\"],\"articleSection\":[\"Hronika\"],\"inLanguage\":\"en-US\"},{\"@type\":\"WebPage\",\"@id\":\"https:\/\/www.prijedordanas.com\/?p=144348\",\"url\":\"https:\/\/www.prijedordanas.com\/?p=144348\",\"name\":\"Prekr\u0161ajna prijava doktorki Maji Stoji\u0107-Dragojevi\u0107 iz Prijedora zbog izazivanja panike u vanrednoj situaciji - PrijedorDanas.com - Prijedorski gradski portal\",\"isPartOf\":{\"@id\":\"https:\/\/www.prijedordanas.com\/#website\"},\"datePublished\":\"2020-03-24T11:14:43+00:00\",\"dateModified\":\"2020-03-24T11:14:43+00:00\",\"breadcrumb\":{\"@id\":\"https:\/\/www.prijedordanas.com\/?p=144348#breadcrumb\"},\"inLanguage\":\"en-US\",\"potentialAction\":[{\"@type\":\"ReadAction\",\"target\":[\"https:\/\/www.prijedordanas.com\/?p=144348\"]}]},{\"@type\":\"BreadcrumbList\",\"@id\":\"https:\/\/www.prijedordanas.com\/?p=144348#breadcrumb\",\"itemListElement\":[{\"@type\":\"ListItem\",\"position\":1,\"name\":\"Home\",\"item\":\"https:\/\/www.prijedordanas.com\/\"},{\"@type\":\"ListItem\",\"position\":2,\"name\":\"Prekr\u0161ajna prijava doktorki Maji Stoji\u0107-Dragojevi\u0107 iz Prijedora zbog izazivanja panike u vanrednoj situaciji\"}]},{\"@type\":\"WebSite\",\"@id\":\"https:\/\/www.prijedordanas.com\/#website\",\"url\":\"https:\/\/www.prijedordanas.com\/\",\"name\":\"PrijedorDanas.com - Prijedorski gradski portal\",\"description\":\"Portal o doga\u0111anjima u gradu Prijedoru\",\"publisher\":{\"@id\":\"https:\/\/www.prijedordanas.com\/#organization\"},\"potentialAction\":[{\"@type\":\"SearchAction\",\"target\":{\"@type\":\"EntryPoint\",\"urlTemplate\":\"https:\/\/www.prijedordanas.com\/?s={search_term_string}\"},\"query-input\":\"required name=search_term_string\"}],\"inLanguage\":\"en-US\"},{\"@type\":\"Organization\",\"@id\":\"https:\/\/www.prijedordanas.com\/#organization\",\"name\":\"PrijedorDanas.com\",\"url\":\"https:\/\/www.prijedordanas.com\/\",\"logo\":{\"@type\":\"ImageObject\",\"inLanguage\":\"en-US\",\"@id\":\"https:\/\/www.prijedordanas.com\/#\/schema\/logo\/image\/\",\"url\":\"http:\/\/www.prijedordanas.com\/wp-content\/uploads\/2021\/12\/logopng.png\",\"contentUrl\":\"http:\/\/www.prijedordanas.com\/wp-content\/uploads\/2021\/12\/logopng.png\",\"width\":1019,\"height\":776,\"caption\":\"PrijedorDanas.com\"},\"image\":{\"@id\":\"https:\/\/www.prijedordanas.com\/#\/schema\/logo\/image\/\"},\"sameAs\":[\"https:\/\/www.facebook.com\/PrijedorDanasCom\/\"]},{\"@type\":\"Person\",\"@id\":\"https:\/\/www.prijedordanas.com\/#\/schema\/person\/4e08ccf29b506ca916ff86d46bb700e6\",\"name\":\"admin\",\"image\":{\"@type\":\"ImageObject\",\"inLanguage\":\"en-US\",\"@id\":\"https:\/\/www.prijedordanas.com\/#\/schema\/person\/image\/\",\"url\":\"https:\/\/secure.gravatar.com\/avatar\/1d3fc949d550f0b53a5f0d51e06dfd79?s=96&d=mm&r=g\",\"contentUrl\":\"https:\/\/secure.gravatar.com\/avatar\/1d3fc949d550f0b53a5f0d51e06dfd79?s=96&d=mm&r=g\",\"caption\":\"admin\"},\"url\":\"https:\/\/www.prijedordanas.com\/?author=1\"}]}<\/script>\n<!-- \/ Yoast SEO plugin. -->","yoast_head_json":{"title":"Prekr\u0161ajna prijava doktorki Maji Stoji\u0107-Dragojevi\u0107 iz Prijedora zbog izazivanja panike u vanrednoj situaciji - PrijedorDanas.com - Prijedorski gradski portal","robots":{"index":"index","follow":"follow","max-snippet":"max-snippet:-1","max-image-preview":"max-image-preview:large","max-video-preview":"max-video-preview:-1"},"canonical":"https:\/\/www.prijedordanas.com\/?p=144348","og_locale":"en_US","og_type":"article","og_title":"Prekr\u0161ajna prijava doktorki Maji Stoji\u0107-Dragojevi\u0107 iz Prijedora zbog izazivanja panike u vanrednoj situaciji - PrijedorDanas.com - Prijedorski gradski portal","og_description":"Doktorki Maji Stoji\u0107-Dragojevi\u0107 iz Prijedora policija je ju\u010de uru\u010dila prekr\u0161ajni nalog zbog kr\u0161enja odluke Vlade Republike Srpske o zabrani izazivanja panike i nereda za vrijeme vanredne situacije na teritoriji Republike [&hellip;]","og_url":"https:\/\/www.prijedordanas.com\/?p=144348","og_site_name":"PrijedorDanas.com - Prijedorski gradski portal","article_publisher":"https:\/\/www.facebook.com\/PrijedorDanasCom\/","article_published_time":"2020-03-24T11:14:43+00:00","og_image":[{"url":"https:\/\/www.prijedordanas.com\/wp-content\/uploads\/2020\/03\/maja-dragojevic-stojic-300x217.jpg"}],"author":"admin","twitter_card":"summary_large_image","twitter_misc":{"Written by":"admin","Est. reading time":"2 minutes"},"schema":{"@context":"https:\/\/schema.org","@graph":[{"@type":"Article","@id":"https:\/\/www.prijedordanas.com\/?p=144348#article","isPartOf":{"@id":"https:\/\/www.prijedordanas.com\/?p=144348"},"author":{"name":"admin","@id":"https:\/\/www.prijedordanas.com\/#\/schema\/person\/4e08ccf29b506ca916ff86d46bb700e6"},"headline":"Prekr\u0161ajna prijava doktorki Maji Stoji\u0107-Dragojevi\u0107 iz Prijedora zbog izazivanja panike u vanrednoj situaciji","datePublished":"2020-03-24T11:14:43+00:00","dateModified":"2020-03-24T11:14:43+00:00","mainEntityOfPage":{"@id":"https:\/\/www.prijedordanas.com\/?p=144348"},"wordCount":358,"publisher":{"@id":"https:\/\/www.prijedordanas.com\/#organization"},"keywords":["korona","panika"],"articleSection":["Hronika"],"inLanguage":"en-US"},{"@type":"WebPage","@id":"https:\/\/www.prijedordanas.com\/?p=144348","url":"https:\/\/www.prijedordanas.com\/?p=144348","name":"Prekr\u0161ajna prijava doktorki Maji Stoji\u0107-Dragojevi\u0107 iz Prijedora zbog izazivanja panike u vanrednoj situaciji - PrijedorDanas.com - Prijedorski gradski portal","isPartOf":{"@id":"https:\/\/www.prijedordanas.com\/#website"},"datePublished":"2020-03-24T11:14:43+00:00","dateModified":"2020-03-24T11:14:43+00:00","breadcrumb":{"@id":"https:\/\/www.prijedordanas.com\/?p=144348#breadcrumb"},"inLanguage":"en-US","potentialAction":[{"@type":"ReadAction","target":["https:\/\/www.prijedordanas.com\/?p=144348"]}]},{"@type":"BreadcrumbList","@id":"https:\/\/www.prijedordanas.com\/?p=144348#breadcrumb","itemListElement":[{"@type":"ListItem","position":1,"name":"Home","item":"https:\/\/www.prijedordanas.com\/"},{"@type":"ListItem","position":2,"name":"Prekr\u0161ajna prijava doktorki Maji Stoji\u0107-Dragojevi\u0107 iz Prijedora zbog izazivanja panike u vanrednoj situaciji"}]},{"@type":"WebSite","@id":"https:\/\/www.prijedordanas.com\/#website","url":"https:\/\/www.prijedordanas.com\/","name":"PrijedorDanas.com - Prijedorski gradski portal","description":"Portal o doga\u0111anjima u gradu Prijedoru","publisher":{"@id":"https:\/\/www.prijedordanas.com\/#organization"},"potentialAction":[{"@type":"SearchAction","target":{"@type":"EntryPoint","urlTemplate":"https:\/\/www.prijedordanas.com\/?s={search_term_string}"},"query-input":"required name=search_term_string"}],"inLanguage":"en-US"},{"@type":"Organization","@id":"https:\/\/www.prijedordanas.com\/#organization","name":"PrijedorDanas.com","url":"https:\/\/www.prijedordanas.com\/","logo":{"@type":"ImageObject","inLanguage":"en-US","@id":"https:\/\/www.prijedordanas.com\/#\/schema\/logo\/image\/","url":"http:\/\/www.prijedordanas.com\/wp-content\/uploads\/2021\/12\/logopng.png","contentUrl":"http:\/\/www.prijedordanas.com\/wp-content\/uploads\/2021\/12\/logopng.png","width":1019,"height":776,"caption":"PrijedorDanas.com"},"image":{"@id":"https:\/\/www.prijedordanas.com\/#\/schema\/logo\/image\/"},"sameAs":["https:\/\/www.facebook.com\/PrijedorDanasCom\/"]},{"@type":"Person","@id":"https:\/\/www.prijedordanas.com\/#\/schema\/person\/4e08ccf29b506ca916ff86d46bb700e6","name":"admin","image":{"@type":"ImageObject","inLanguage":"en-US","@id":"https:\/\/www.prijedordanas.com\/#\/schema\/person\/image\/","url":"https:\/\/secure.gravatar.com\/avatar\/1d3fc949d550f0b53a5f0d51e06dfd79?s=96&d=mm&r=g","contentUrl":"https:\/\/secure.gravatar.com\/avatar\/1d3fc949d550f0b53a5f0d51e06dfd79?s=96&d=mm&r=g","caption":"admin"},"url":"https:\/\/www.prijedordanas.com\/?author=1"}]}},"_links":{"self":[{"href":"https:\/\/www.prijedordanas.com\/index.php?rest_route=\/wp\/v2\/posts\/144348"}],"collection":[{"href":"https:\/\/www.prijedordanas.com\/index.php?rest_route=\/wp\/v2\/posts"}],"about":[{"href":"https:\/\/www.prijedordanas.com\/index.php?rest_route=\/wp\/v2\/types\/post"}],"author":[{"embeddable":true,"href":"https:\/\/www.prijedordanas.com\/index.php?rest_route=\/wp\/v2\/users\/1"}],"replies":[{"embeddable":true,"href":"https:\/\/www.prijedordanas.com\/index.php?rest_route=%2Fwp%2Fv2%2Fcomments&post=144348"}],"version-history":[{"count":1,"href":"https:\/\/www.prijedordanas.com\/index.php?rest_route=\/wp\/v2\/posts\/144348\/revisions"}],"predecessor-version":[{"id":144350,"href":"https:\/\/www.prijedordanas.com\/index.php?rest_route=\/wp\/v2\/posts\/144348\/revisions\/144350"}],"wp:attachment":[{"href":"https:\/\/www.prijedordanas.com\/index.php?rest_route=%2Fwp%2Fv2%2Fmedia&parent=144348"}],"wp:term":[{"taxonomy":"category","embeddable":true,"href":"https:\/\/www.prijedordanas.com\/index.php?rest_route=%2Fwp%2Fv2%2Fcategories&post=144348"},{"taxonomy":"post_tag","embeddable":true,"href":"https:\/\/www.prijedordanas.com\/index.php?rest_route=%2Fwp%2Fv2%2Ftags&post=144348"}],"curies":[{"name":"wp","href":"https:\/\/api.w.org\/{rel}","templated":true}]}}