{"id":144284,"date":"2020-03-23T14:29:20","date_gmt":"2020-03-23T13:29:20","guid":{"rendered":"https:\/\/www.prijedordanas.com\/?p=144284"},"modified":"2020-03-23T14:29:20","modified_gmt":"2020-03-23T13:29:20","slug":"pocela-nastava-na-daljinu-u-srednjim-skolama-sovilj-nema-sumnje-u-uspjeh-i-kvalitet-prosvjetari-daju-svoj-maksimum","status":"publish","type":"post","link":"https:\/\/www.prijedordanas.com\/?p=144284","title":{"rendered":"Po\u010dela nastava na daljinu u srednjim \u0161kolama-Sovilj: Nema sumnje u uspjeh i kvalitet, prosvjetari daju svoj maksimum"},"content":{"rendered":"<p><a href=\"https:\/\/www.prijedordanas.com\/wp-content\/uploads\/2018\/09\/blic-valentina-sovilj.jpg\"><img loading=\"lazy\" decoding=\"async\" src=\"https:\/\/www.prijedordanas.com\/wp-content\/uploads\/2018\/09\/blic-valentina-sovilj-300x225.jpg\" alt=\"\" width=\"300\" height=\"225\" class=\"alignleft size-medium wp-image-111943\" srcset=\"https:\/\/www.prijedordanas.com\/wp-content\/uploads\/2018\/09\/blic-valentina-sovilj-300x225.jpg 300w, https:\/\/www.prijedordanas.com\/wp-content\/uploads\/2018\/09\/blic-valentina-sovilj-100x75.jpg 100w, https:\/\/www.prijedordanas.com\/wp-content\/uploads\/2018\/09\/blic-valentina-sovilj-640x480.jpg 640w, https:\/\/www.prijedordanas.com\/wp-content\/uploads\/2018\/09\/blic-valentina-sovilj.jpg 667w\" sizes=\"(max-width: 300px) 100vw, 300px\" \/><\/a>Predsjednik Aktiva direktora srednjih \u0161kola prijedorske regije Valentina Sovilj izjavila je da su prosvjetni radnici izuzetno posve\u0107eno i predano pristupili i prilagodili se novom na\u010dinu rada na daljinu radi prevencije \u0161irenja virusa korona i imaju ogroman optimizam, te niko ne treba sumnjati u uspjeh i kvalitet nastavnog procesa.<\/p>\n<p>&#8220;Niko od kolega nije pokazao otpor. Ovo je situacija u kojoj se ve\u0107 pokazalo da svako od nas daje svoj maksimum. Solidarnost je velika i svako iz sebe izvla\u010di i najvi\u0161e i najbolje. Uprkos odijumu jednog dijela javnosti prema na\u0161oj struci i poslu generalno, nagla\u0161avam da su prosvjetni radnici u ovome briljantni&#8221;, rekla je Soviljeva Srni.<\/p>\n<p>Soviljeva je potvrdila da je danas po\u010dela nastava na daljinu i za srednjo\u0161kolce &#8211; sve \u0161kole su sa\u010dinile sedmi\u010dne planove i svaka je birala sredstvo komunikacije prema svojim mogu\u0107nostima i preferencijama.<\/p>\n<p>&#8220;Na raspolaganju su onlajn u\u010dionice, elektronski dnevnici, `Vajber` grupe, `Mesind\u017eer`, dru\u0161tvene mre\u017ee, elektronska po\u0161ta. Krenuli smo danas i cilj je da informacija stigne do svakog u\u010denika, a i \u0111ake smo pozvali na solidarnost, odnosno da razmjenjuju materijale po\u0161to oni ve\u0107 funkcioni\u0161u u virtuelnim grupama na raznim platformama&#8221;, navela je Soviljeva.<\/p>\n<p>Ona je naglasila da je u ovoj fazi prioritet prijem gradiva i da svi \u0111aci imaju pristup gradivu, a da \u0107e naknadno uslijediti odluka o procesu ocjenjivanja. <\/p>\n<p>SRNA<\/p>\n","protected":false},"excerpt":{"rendered":"<p>Predsjednik Aktiva direktora srednjih \u0161kola prijedorske regije Valentina Sovilj izjavila je da su prosvjetni radnici izuzetno posve\u0107eno i predano pristupili i prilagodili se novom na\u010dinu rada na daljinu radi prevencije [&hellip;]<\/p>\n","protected":false},"author":1,"featured_media":0,"comment_status":"closed","ping_status":"open","sticky":false,"template":"","format":"standard","meta":{"_monsterinsights_skip_tracking":false,"_monsterinsights_sitenote_active":false,"_monsterinsights_sitenote_note":"","_monsterinsights_sitenote_category":0,"footnotes":""},"categories":[8],"tags":[11081,2944,245],"yoast_head":"<!-- This site is optimized with the Yoast SEO plugin v21.6 - https:\/\/yoast.com\/wordpress\/plugins\/seo\/ -->\n<title>Po\u010dela nastava na daljinu u srednjim \u0161kolama-Sovilj: Nema sumnje u uspjeh i kvalitet, prosvjetari daju svoj maksimum - PrijedorDanas.com - Prijedorski gradski portal<\/title>\n<meta name=\"robots\" content=\"index, follow, max-snippet:-1, max-image-preview:large, max-video-preview:-1\" \/>\n<link rel=\"canonical\" href=\"https:\/\/www.prijedordanas.com\/?p=144284\" \/>\n<meta property=\"og:locale\" content=\"en_US\" \/>\n<meta property=\"og:type\" content=\"article\" \/>\n<meta property=\"og:title\" content=\"Po\u010dela nastava na daljinu u srednjim \u0161kolama-Sovilj: Nema sumnje u uspjeh i kvalitet, prosvjetari daju svoj maksimum - PrijedorDanas.com - Prijedorski gradski portal\" \/>\n<meta property=\"og:description\" content=\"Predsjednik Aktiva direktora srednjih \u0161kola prijedorske regije Valentina Sovilj izjavila je da su prosvjetni radnici izuzetno posve\u0107eno i predano pristupili i prilagodili se novom na\u010dinu rada na daljinu radi prevencije [&hellip;]\" \/>\n<meta property=\"og:url\" content=\"https:\/\/www.prijedordanas.com\/?p=144284\" \/>\n<meta property=\"og:site_name\" content=\"PrijedorDanas.com - Prijedorski gradski portal\" \/>\n<meta property=\"article:publisher\" content=\"https:\/\/www.facebook.com\/PrijedorDanasCom\/\" \/>\n<meta property=\"article:published_time\" content=\"2020-03-23T13:29:20+00:00\" \/>\n<meta property=\"og:image\" content=\"https:\/\/www.prijedordanas.com\/wp-content\/uploads\/2018\/09\/blic-valentina-sovilj-300x225.jpg\" \/>\n<meta name=\"author\" content=\"admin\" \/>\n<meta name=\"twitter:card\" content=\"summary_large_image\" \/>\n<meta name=\"twitter:label1\" content=\"Written by\" \/>\n\t<meta name=\"twitter:data1\" content=\"admin\" \/>\n\t<meta name=\"twitter:label2\" content=\"Est. reading time\" \/>\n\t<meta name=\"twitter:data2\" content=\"1 minute\" \/>\n<script type=\"application\/ld+json\" class=\"yoast-schema-graph\">{\"@context\":\"https:\/\/schema.org\",\"@graph\":[{\"@type\":\"Article\",\"@id\":\"https:\/\/www.prijedordanas.com\/?p=144284#article\",\"isPartOf\":{\"@id\":\"https:\/\/www.prijedordanas.com\/?p=144284\"},\"author\":{\"name\":\"admin\",\"@id\":\"https:\/\/www.prijedordanas.com\/#\/schema\/person\/4e08ccf29b506ca916ff86d46bb700e6\"},\"headline\":\"Po\u010dela nastava na daljinu u srednjim \u0161kolama-Sovilj: Nema sumnje u uspjeh i kvalitet, prosvjetari daju svoj maksimum\",\"datePublished\":\"2020-03-23T13:29:20+00:00\",\"dateModified\":\"2020-03-23T13:29:20+00:00\",\"mainEntityOfPage\":{\"@id\":\"https:\/\/www.prijedordanas.com\/?p=144284\"},\"wordCount\":250,\"publisher\":{\"@id\":\"https:\/\/www.prijedordanas.com\/#organization\"},\"keywords\":[\"korona\",\"nastava\",\"srednje \u0161kole\"],\"articleSection\":[\"Svakodnevno\"],\"inLanguage\":\"en-US\"},{\"@type\":\"WebPage\",\"@id\":\"https:\/\/www.prijedordanas.com\/?p=144284\",\"url\":\"https:\/\/www.prijedordanas.com\/?p=144284\",\"name\":\"Po\u010dela nastava na daljinu u srednjim \u0161kolama-Sovilj: Nema sumnje u uspjeh i kvalitet, prosvjetari daju svoj maksimum - PrijedorDanas.com - Prijedorski gradski portal\",\"isPartOf\":{\"@id\":\"https:\/\/www.prijedordanas.com\/#website\"},\"datePublished\":\"2020-03-23T13:29:20+00:00\",\"dateModified\":\"2020-03-23T13:29:20+00:00\",\"breadcrumb\":{\"@id\":\"https:\/\/www.prijedordanas.com\/?p=144284#breadcrumb\"},\"inLanguage\":\"en-US\",\"potentialAction\":[{\"@type\":\"ReadAction\",\"target\":[\"https:\/\/www.prijedordanas.com\/?p=144284\"]}]},{\"@type\":\"BreadcrumbList\",\"@id\":\"https:\/\/www.prijedordanas.com\/?p=144284#breadcrumb\",\"itemListElement\":[{\"@type\":\"ListItem\",\"position\":1,\"name\":\"Home\",\"item\":\"https:\/\/www.prijedordanas.com\/\"},{\"@type\":\"ListItem\",\"position\":2,\"name\":\"Po\u010dela nastava na daljinu u srednjim \u0161kolama-Sovilj: Nema sumnje u uspjeh i kvalitet, prosvjetari daju svoj maksimum\"}]},{\"@type\":\"WebSite\",\"@id\":\"https:\/\/www.prijedordanas.com\/#website\",\"url\":\"https:\/\/www.prijedordanas.com\/\",\"name\":\"PrijedorDanas.com - Prijedorski gradski portal\",\"description\":\"Portal o doga\u0111anjima u gradu Prijedoru\",\"publisher\":{\"@id\":\"https:\/\/www.prijedordanas.com\/#organization\"},\"potentialAction\":[{\"@type\":\"SearchAction\",\"target\":{\"@type\":\"EntryPoint\",\"urlTemplate\":\"https:\/\/www.prijedordanas.com\/?s={search_term_string}\"},\"query-input\":\"required name=search_term_string\"}],\"inLanguage\":\"en-US\"},{\"@type\":\"Organization\",\"@id\":\"https:\/\/www.prijedordanas.com\/#organization\",\"name\":\"PrijedorDanas.com\",\"url\":\"https:\/\/www.prijedordanas.com\/\",\"logo\":{\"@type\":\"ImageObject\",\"inLanguage\":\"en-US\",\"@id\":\"https:\/\/www.prijedordanas.com\/#\/schema\/logo\/image\/\",\"url\":\"http:\/\/www.prijedordanas.com\/wp-content\/uploads\/2021\/12\/logopng.png\",\"contentUrl\":\"http:\/\/www.prijedordanas.com\/wp-content\/uploads\/2021\/12\/logopng.png\",\"width\":1019,\"height\":776,\"caption\":\"PrijedorDanas.com\"},\"image\":{\"@id\":\"https:\/\/www.prijedordanas.com\/#\/schema\/logo\/image\/\"},\"sameAs\":[\"https:\/\/www.facebook.com\/PrijedorDanasCom\/\"]},{\"@type\":\"Person\",\"@id\":\"https:\/\/www.prijedordanas.com\/#\/schema\/person\/4e08ccf29b506ca916ff86d46bb700e6\",\"name\":\"admin\",\"image\":{\"@type\":\"ImageObject\",\"inLanguage\":\"en-US\",\"@id\":\"https:\/\/www.prijedordanas.com\/#\/schema\/person\/image\/\",\"url\":\"https:\/\/secure.gravatar.com\/avatar\/1d3fc949d550f0b53a5f0d51e06dfd79?s=96&d=mm&r=g\",\"contentUrl\":\"https:\/\/secure.gravatar.com\/avatar\/1d3fc949d550f0b53a5f0d51e06dfd79?s=96&d=mm&r=g\",\"caption\":\"admin\"},\"url\":\"https:\/\/www.prijedordanas.com\/?author=1\"}]}<\/script>\n<!-- \/ Yoast SEO plugin. -->","yoast_head_json":{"title":"Po\u010dela nastava na daljinu u srednjim \u0161kolama-Sovilj: Nema sumnje u uspjeh i kvalitet, prosvjetari daju svoj maksimum - PrijedorDanas.com - Prijedorski gradski portal","robots":{"index":"index","follow":"follow","max-snippet":"max-snippet:-1","max-image-preview":"max-image-preview:large","max-video-preview":"max-video-preview:-1"},"canonical":"https:\/\/www.prijedordanas.com\/?p=144284","og_locale":"en_US","og_type":"article","og_title":"Po\u010dela nastava na daljinu u srednjim \u0161kolama-Sovilj: Nema sumnje u uspjeh i kvalitet, prosvjetari daju svoj maksimum - PrijedorDanas.com - Prijedorski gradski portal","og_description":"Predsjednik Aktiva direktora srednjih \u0161kola prijedorske regije Valentina Sovilj izjavila je da su prosvjetni radnici izuzetno posve\u0107eno i predano pristupili i prilagodili se novom na\u010dinu rada na daljinu radi prevencije [&hellip;]","og_url":"https:\/\/www.prijedordanas.com\/?p=144284","og_site_name":"PrijedorDanas.com - Prijedorski gradski portal","article_publisher":"https:\/\/www.facebook.com\/PrijedorDanasCom\/","article_published_time":"2020-03-23T13:29:20+00:00","og_image":[{"url":"https:\/\/www.prijedordanas.com\/wp-content\/uploads\/2018\/09\/blic-valentina-sovilj-300x225.jpg"}],"author":"admin","twitter_card":"summary_large_image","twitter_misc":{"Written by":"admin","Est. reading time":"1 minute"},"schema":{"@context":"https:\/\/schema.org","@graph":[{"@type":"Article","@id":"https:\/\/www.prijedordanas.com\/?p=144284#article","isPartOf":{"@id":"https:\/\/www.prijedordanas.com\/?p=144284"},"author":{"name":"admin","@id":"https:\/\/www.prijedordanas.com\/#\/schema\/person\/4e08ccf29b506ca916ff86d46bb700e6"},"headline":"Po\u010dela nastava na daljinu u srednjim \u0161kolama-Sovilj: Nema sumnje u uspjeh i kvalitet, prosvjetari daju svoj maksimum","datePublished":"2020-03-23T13:29:20+00:00","dateModified":"2020-03-23T13:29:20+00:00","mainEntityOfPage":{"@id":"https:\/\/www.prijedordanas.com\/?p=144284"},"wordCount":250,"publisher":{"@id":"https:\/\/www.prijedordanas.com\/#organization"},"keywords":["korona","nastava","srednje \u0161kole"],"articleSection":["Svakodnevno"],"inLanguage":"en-US"},{"@type":"WebPage","@id":"https:\/\/www.prijedordanas.com\/?p=144284","url":"https:\/\/www.prijedordanas.com\/?p=144284","name":"Po\u010dela nastava na daljinu u srednjim \u0161kolama-Sovilj: Nema sumnje u uspjeh i kvalitet, prosvjetari daju svoj maksimum - PrijedorDanas.com - Prijedorski gradski portal","isPartOf":{"@id":"https:\/\/www.prijedordanas.com\/#website"},"datePublished":"2020-03-23T13:29:20+00:00","dateModified":"2020-03-23T13:29:20+00:00","breadcrumb":{"@id":"https:\/\/www.prijedordanas.com\/?p=144284#breadcrumb"},"inLanguage":"en-US","potentialAction":[{"@type":"ReadAction","target":["https:\/\/www.prijedordanas.com\/?p=144284"]}]},{"@type":"BreadcrumbList","@id":"https:\/\/www.prijedordanas.com\/?p=144284#breadcrumb","itemListElement":[{"@type":"ListItem","position":1,"name":"Home","item":"https:\/\/www.prijedordanas.com\/"},{"@type":"ListItem","position":2,"name":"Po\u010dela nastava na daljinu u srednjim \u0161kolama-Sovilj: Nema sumnje u uspjeh i kvalitet, prosvjetari daju svoj maksimum"}]},{"@type":"WebSite","@id":"https:\/\/www.prijedordanas.com\/#website","url":"https:\/\/www.prijedordanas.com\/","name":"PrijedorDanas.com - Prijedorski gradski portal","description":"Portal o doga\u0111anjima u gradu Prijedoru","publisher":{"@id":"https:\/\/www.prijedordanas.com\/#organization"},"potentialAction":[{"@type":"SearchAction","target":{"@type":"EntryPoint","urlTemplate":"https:\/\/www.prijedordanas.com\/?s={search_term_string}"},"query-input":"required name=search_term_string"}],"inLanguage":"en-US"},{"@type":"Organization","@id":"https:\/\/www.prijedordanas.com\/#organization","name":"PrijedorDanas.com","url":"https:\/\/www.prijedordanas.com\/","logo":{"@type":"ImageObject","inLanguage":"en-US","@id":"https:\/\/www.prijedordanas.com\/#\/schema\/logo\/image\/","url":"http:\/\/www.prijedordanas.com\/wp-content\/uploads\/2021\/12\/logopng.png","contentUrl":"http:\/\/www.prijedordanas.com\/wp-content\/uploads\/2021\/12\/logopng.png","width":1019,"height":776,"caption":"PrijedorDanas.com"},"image":{"@id":"https:\/\/www.prijedordanas.com\/#\/schema\/logo\/image\/"},"sameAs":["https:\/\/www.facebook.com\/PrijedorDanasCom\/"]},{"@type":"Person","@id":"https:\/\/www.prijedordanas.com\/#\/schema\/person\/4e08ccf29b506ca916ff86d46bb700e6","name":"admin","image":{"@type":"ImageObject","inLanguage":"en-US","@id":"https:\/\/www.prijedordanas.com\/#\/schema\/person\/image\/","url":"https:\/\/secure.gravatar.com\/avatar\/1d3fc949d550f0b53a5f0d51e06dfd79?s=96&d=mm&r=g","contentUrl":"https:\/\/secure.gravatar.com\/avatar\/1d3fc949d550f0b53a5f0d51e06dfd79?s=96&d=mm&r=g","caption":"admin"},"url":"https:\/\/www.prijedordanas.com\/?author=1"}]}},"_links":{"self":[{"href":"https:\/\/www.prijedordanas.com\/index.php?rest_route=\/wp\/v2\/posts\/144284"}],"collection":[{"href":"https:\/\/www.prijedordanas.com\/index.php?rest_route=\/wp\/v2\/posts"}],"about":[{"href":"https:\/\/www.prijedordanas.com\/index.php?rest_route=\/wp\/v2\/types\/post"}],"author":[{"embeddable":true,"href":"https:\/\/www.prijedordanas.com\/index.php?rest_route=\/wp\/v2\/users\/1"}],"replies":[{"embeddable":true,"href":"https:\/\/www.prijedordanas.com\/index.php?rest_route=%2Fwp%2Fv2%2Fcomments&post=144284"}],"version-history":[{"count":1,"href":"https:\/\/www.prijedordanas.com\/index.php?rest_route=\/wp\/v2\/posts\/144284\/revisions"}],"predecessor-version":[{"id":144285,"href":"https:\/\/www.prijedordanas.com\/index.php?rest_route=\/wp\/v2\/posts\/144284\/revisions\/144285"}],"wp:attachment":[{"href":"https:\/\/www.prijedordanas.com\/index.php?rest_route=%2Fwp%2Fv2%2Fmedia&parent=144284"}],"wp:term":[{"taxonomy":"category","embeddable":true,"href":"https:\/\/www.prijedordanas.com\/index.php?rest_route=%2Fwp%2Fv2%2Fcategories&post=144284"},{"taxonomy":"post_tag","embeddable":true,"href":"https:\/\/www.prijedordanas.com\/index.php?rest_route=%2Fwp%2Fv2%2Ftags&post=144284"}],"curies":[{"name":"wp","href":"https:\/\/api.w.org\/{rel}","templated":true}]}}