{"id":144262,"date":"2020-03-22T20:41:01","date_gmt":"2020-03-22T19:41:01","guid":{"rendered":"https:\/\/www.prijedordanas.com\/?p=144262"},"modified":"2020-03-22T20:41:01","modified_gmt":"2020-03-22T19:41:01","slug":"prijedor-mjestanin-gornje-omarske-uprkos-zabrani-kretanja-isao-na-sahranu-komsiji-pa-zaradio-prekrsajni-nalog","status":"publish","type":"post","link":"https:\/\/www.prijedordanas.com\/?p=144262","title":{"rendered":"Prijedor: Mje\u0161tanin Gornje Omarske uprkos zabrani kretanja i\u0161ao na sahranu kom\u0161iji pa zaradio prekr\u0161ajni nalog"},"content":{"rendered":"<p><a href=\"https:\/\/www.prijedordanas.com\/wp-content\/uploads\/2018\/09\/policija-omarska.jpg\"><img loading=\"lazy\" decoding=\"async\" src=\"https:\/\/www.prijedordanas.com\/wp-content\/uploads\/2018\/09\/policija-omarska-300x222.jpg\" alt=\"\" width=\"300\" height=\"222\" class=\"alignleft size-medium wp-image-113169\" srcset=\"https:\/\/www.prijedordanas.com\/wp-content\/uploads\/2018\/09\/policija-omarska-300x222.jpg 300w, https:\/\/www.prijedordanas.com\/wp-content\/uploads\/2018\/09\/policija-omarska-100x74.jpg 100w, https:\/\/www.prijedordanas.com\/wp-content\/uploads\/2018\/09\/policija-omarska.jpg 675w\" sizes=\"(max-width: 300px) 100vw, 300px\" \/><\/a>Ministarstvo unutra\u0161njih poslova Republike Srpske apeluje na gra\u0111ane da po\u0161tuju Zaklju\u010dak Republi\u010dkog \u0161taba za vanredne situacije o obaveznom sprovo\u0111enju mjera za reagovanje na pojavu bolesti izazvane novim virusom korona (COVID-19) u Republici Srpskoj, a kojim se propisuju vanredne mjere u cilju prevencije \u0161irenja virusa korona \u201eSARS-CoV-2\u201c i \u201eCOVID-19\u201c bolesti na teritoriji Republike Srpske.<\/p>\n<p>Ministar unutra\u0161njih poslova Republike Srpske saop\u0161tio je danas da je Republi\u010dki \u0161tab za vanredne situacije donio Zaklju\u010dak da se javno objavljuju imena lica koja prekr\u0161e izre\u010dene mjere izolacije, kao i njihovo mjesto prebivali\u0161ta odnosno adrese stanovanja.<\/p>\n<p>Tako\u0111e, Repububli\u010dki \u0161tab je Zaklju\u010dkom obavezao lokalne zajednice da u roku od 24 \u010dasa na teritoriji svojih lokalnih zajednica obezbjede karantin u koji \u0107e biti smje\u0161tena lica za koja se utvdi da su prekr\u0161ila izre\u010dene mjere izolacije.<\/p>\n<p>Ministar Luka\u010d je da je ova mjera donesena, jer se utvrdilo da desetine lica ne po\u0161tuju izre\u010dene mjere izolacije, dovode\u0107i u opasnost ne samo svoj \u017eivot, ve\u0107 i \u017eivote svih onih sa kojima je u kontaktu.<\/p>\n<p>Samo u protekla 24 \u010dasa od strane policijskih slu\u017ebenika evidentirano je pet prekr\u0161aja po Zakonu o javnom redu i miru, a u vezi sa vanrednom situacijom:<\/p>\n<p>-Dana 22.03.2020. godine u 09,50 \u010dasova u marketu  \u201eAS\u201c u Omladinskoj ulici  u Banjaluci zate\u010deno je lice  V.L., kojem je izre\u010dena mjera  izolacije. Licu je uru\u010den prekr\u0161ajni  nalog po \u010dl. 22 Zakona o JRiM.<\/p>\n<p>-Dana 21.03.2020. godine u 11,30 \u010dasova u Policijsku stanicu Omarska putem telefona  se obratio gra\u0111anin i  prijavio  R.C. iz Gornje Omarske, da je 20.03.2020. godine do\u0161ao iz Republike  Slovenije i da je, iako ima  zabranu kretanja do\u0161ao na sahranu kom\u0161iji N.D. Na lice mjesta upu\u0107ena je patrola policije PS Omarska. Licu R.C. uru\u010den prekr\u0161ajni nalog po \u010dl. 22 Zakona o JRiM.<\/p>\n<p>-Dana 21.03.2020. godine u 13,00 \u010dasova, policijski  slu\u017ebenici PS Bijeljina 2, su uru\u010dili  prekr\u0161ajni nalog iz \u010dl. 22, Zakona o JRM, luci \u0110.\u0110. iz Bijeljina, jer isti nije postupio po naredbi Epidemiolo\u0161ke slu\u017ebe kojom je nalo\u017eena samoizolacija na adresi stanovanja, tj. isti se kretao na javnom mjestu 20.03.2020. godine.<\/p>\n<p>-Dana 21.03.2020. godine u 13,30 \u010dasova, policijski slu\u017ebenici SOP Skelani, do\u0161li su do saznanja da je M.B. iz Skelana, iza\u0161ao iz ku\u0107ne izolacije. Upoznat komunalni inspektor, koji treba izdati prekr\u0161ajni nalog M.B. <\/p>\n<p>-Dana 21.03.2020. godine u 15,00 \u010dasova  policijski slu\u017ebenici PS Zvornik, po saznanju da se \u017d.D. iz Zvornika, ne nalazi u izolaciji, izvr\u0161ili su provjeru istog, koji nije zate\u010den na odre\u0111enoj adresi, a Rje\u0161enjem mu je odre\u0111ena izolacija. Obavije\u0161tena komunalna inspekcija, koji su nadle\u017eni za dalje postupanje.           <\/p>\n<p>Podsje\u0107amo, u Republici Srpskoj je od ju\u010de, 21. marta, na snazi zabrana kretanja lica na teritoriji Republike Srpske, kojom je u periodu u od 20,00 \u010dasova do 05,00 \u010dasova ujutru uveden policijski \u010das, odnosno svim licima zabranjen je izlazak iz stanova, prostorija i objekata za stanovanje.<\/p>\n<p>Zbog nepo\u0161tovanja policijskog \u010dasa u Republici Srpskoj, policijski slu\u017ebenici su no\u0107as upozirili 163 gra\u0111anina koji su zate\u010deni na ulici, van svojih stanova. Gra\u0111anima koji ne po\u0161tuju Zaklju\u010dak Republi\u010dkog \u0161taba za vanredne situacije o zabrani kretanja, policijski slu\u017ebenici \u0107e ubudu\u0107e izricati sankciju u skladu sa pozitivnim zakonskim aktima.<\/p>\n<p>Od ukupno 163 upozorena gra\u0111anina, 90 ih je upozoreno na podru\u010dju Policijske uprave Banjaluka, 30 na podru\u010dju PU Doboj, 26 na podru\u010dju PU Prijedor, 10 na podru\u010dju PU Isto\u010dno Sarajevo i 7 na podru\u010dju PU Bijeljina.<\/p>\n<p>Na podru\u010dju Grada Banjaluke no\u0107as, 22.03.2020. godine u 02,30 \u010dasova na Bulevaru Milutina Milankovi\u0107a dogodila se saobra\u0107ajna nezgoda sa posljedicama po lica u kojoj je u\u010destvovalo lice D.G. iz Banjaluke, a koji je sletio s puta sa svojim putni\u010dkim motornim vozilom marke \u201eBMV\u201c. Prilikom kontrole ovog lica, policijski slu\u017ebenici su utvrdili da je istom od strane inspekcije izdato rje\u0161enje  u stvaljanju u karantin i pod zdravstveni nadzor . Protiv lica D.G. bi\u0107e pokrenut prekr\u0161ajni postupak po \u010dlanu 174. stav 2. Zakona o bezbjednosti saobra\u0107aja na putevima u BiH i \u010dlanom 22. Zakona o javnom redu i miru.<\/p>\n<p>Ministar Luka\u010d je apelovao na gra\u0111ane da po\u0161tuju ove mjere, navode\u0107i da \u0107e od ve\u010deras policijski slu\u017ebenici po\u010deti da primjenjuju represivne mjere, odnosno izri\u010du sankcije u skladu sa pozitivnim zakonskim aktima.<\/p>\n<p>Apelujemo na gra\u0111ane da po\u0161tuju mjere Republi\u010dkog \u0161taba za vanredne situacije i preporuke Ministarstva zdravlja i socijalne za\u0161tite RS i nadle\u017enih inspekcijskih slu\u017ebi.<\/p>\n<p>MUP RS<\/p>\n","protected":false},"excerpt":{"rendered":"<p>Ministarstvo unutra\u0161njih poslova Republike Srpske apeluje na gra\u0111ane da po\u0161tuju Zaklju\u010dak Republi\u010dkog \u0161taba za vanredne situacije o obaveznom sprovo\u0111enju mjera za reagovanje na pojavu bolesti izazvane novim virusom korona (COVID-19) [&hellip;]<\/p>\n","protected":false},"author":1,"featured_media":0,"comment_status":"closed","ping_status":"open","sticky":false,"template":"","format":"standard","meta":{"_monsterinsights_skip_tracking":false,"_monsterinsights_sitenote_active":false,"_monsterinsights_sitenote_note":"","_monsterinsights_sitenote_category":0,"footnotes":""},"categories":[5],"tags":[11097,11081],"yoast_head":"<!-- This site is optimized with the Yoast SEO plugin v21.6 - https:\/\/yoast.com\/wordpress\/plugins\/seo\/ -->\n<title>Prijedor: Mje\u0161tanin Gornje Omarske uprkos zabrani kretanja i\u0161ao na sahranu kom\u0161iji pa zaradio prekr\u0161ajni nalog - PrijedorDanas.com - Prijedorski gradski portal<\/title>\n<meta name=\"robots\" content=\"index, follow, max-snippet:-1, max-image-preview:large, max-video-preview:-1\" \/>\n<link rel=\"canonical\" href=\"https:\/\/www.prijedordanas.com\/?p=144262\" \/>\n<meta property=\"og:locale\" content=\"en_US\" \/>\n<meta property=\"og:type\" content=\"article\" \/>\n<meta property=\"og:title\" content=\"Prijedor: Mje\u0161tanin Gornje Omarske uprkos zabrani kretanja i\u0161ao na sahranu kom\u0161iji pa zaradio prekr\u0161ajni nalog - PrijedorDanas.com - Prijedorski gradski portal\" \/>\n<meta property=\"og:description\" content=\"Ministarstvo unutra\u0161njih poslova Republike Srpske apeluje na gra\u0111ane da po\u0161tuju Zaklju\u010dak Republi\u010dkog \u0161taba za vanredne situacije o obaveznom sprovo\u0111enju mjera za reagovanje na pojavu bolesti izazvane novim virusom korona (COVID-19) [&hellip;]\" \/>\n<meta property=\"og:url\" content=\"https:\/\/www.prijedordanas.com\/?p=144262\" \/>\n<meta property=\"og:site_name\" content=\"PrijedorDanas.com - Prijedorski gradski portal\" \/>\n<meta property=\"article:publisher\" content=\"https:\/\/www.facebook.com\/PrijedorDanasCom\/\" \/>\n<meta property=\"article:published_time\" content=\"2020-03-22T19:41:01+00:00\" \/>\n<meta property=\"og:image\" content=\"https:\/\/www.prijedordanas.com\/wp-content\/uploads\/2018\/09\/policija-omarska-300x222.jpg\" \/>\n<meta name=\"author\" content=\"admin\" \/>\n<meta name=\"twitter:card\" content=\"summary_large_image\" \/>\n<meta name=\"twitter:label1\" content=\"Written by\" \/>\n\t<meta name=\"twitter:data1\" content=\"admin\" \/>\n\t<meta name=\"twitter:label2\" content=\"Est. reading time\" \/>\n\t<meta name=\"twitter:data2\" content=\"4 minutes\" \/>\n<script type=\"application\/ld+json\" class=\"yoast-schema-graph\">{\"@context\":\"https:\/\/schema.org\",\"@graph\":[{\"@type\":\"Article\",\"@id\":\"https:\/\/www.prijedordanas.com\/?p=144262#article\",\"isPartOf\":{\"@id\":\"https:\/\/www.prijedordanas.com\/?p=144262\"},\"author\":{\"name\":\"admin\",\"@id\":\"https:\/\/www.prijedordanas.com\/#\/schema\/person\/4e08ccf29b506ca916ff86d46bb700e6\"},\"headline\":\"Prijedor: Mje\u0161tanin Gornje Omarske uprkos zabrani kretanja i\u0161ao na sahranu kom\u0161iji pa zaradio prekr\u0161ajni nalog\",\"datePublished\":\"2020-03-22T19:41:01+00:00\",\"dateModified\":\"2020-03-22T19:41:01+00:00\",\"mainEntityOfPage\":{\"@id\":\"https:\/\/www.prijedordanas.com\/?p=144262\"},\"wordCount\":782,\"publisher\":{\"@id\":\"https:\/\/www.prijedordanas.com\/#organization\"},\"keywords\":[\"izolacija\",\"korona\"],\"articleSection\":[\"Hronika\"],\"inLanguage\":\"en-US\"},{\"@type\":\"WebPage\",\"@id\":\"https:\/\/www.prijedordanas.com\/?p=144262\",\"url\":\"https:\/\/www.prijedordanas.com\/?p=144262\",\"name\":\"Prijedor: Mje\u0161tanin Gornje Omarske uprkos zabrani kretanja i\u0161ao na sahranu kom\u0161iji pa zaradio prekr\u0161ajni nalog - PrijedorDanas.com - Prijedorski gradski portal\",\"isPartOf\":{\"@id\":\"https:\/\/www.prijedordanas.com\/#website\"},\"datePublished\":\"2020-03-22T19:41:01+00:00\",\"dateModified\":\"2020-03-22T19:41:01+00:00\",\"breadcrumb\":{\"@id\":\"https:\/\/www.prijedordanas.com\/?p=144262#breadcrumb\"},\"inLanguage\":\"en-US\",\"potentialAction\":[{\"@type\":\"ReadAction\",\"target\":[\"https:\/\/www.prijedordanas.com\/?p=144262\"]}]},{\"@type\":\"BreadcrumbList\",\"@id\":\"https:\/\/www.prijedordanas.com\/?p=144262#breadcrumb\",\"itemListElement\":[{\"@type\":\"ListItem\",\"position\":1,\"name\":\"Home\",\"item\":\"https:\/\/www.prijedordanas.com\/\"},{\"@type\":\"ListItem\",\"position\":2,\"name\":\"Prijedor: Mje\u0161tanin Gornje Omarske uprkos zabrani kretanja i\u0161ao na sahranu kom\u0161iji pa zaradio prekr\u0161ajni nalog\"}]},{\"@type\":\"WebSite\",\"@id\":\"https:\/\/www.prijedordanas.com\/#website\",\"url\":\"https:\/\/www.prijedordanas.com\/\",\"name\":\"PrijedorDanas.com - Prijedorski gradski portal\",\"description\":\"Portal o doga\u0111anjima u gradu Prijedoru\",\"publisher\":{\"@id\":\"https:\/\/www.prijedordanas.com\/#organization\"},\"potentialAction\":[{\"@type\":\"SearchAction\",\"target\":{\"@type\":\"EntryPoint\",\"urlTemplate\":\"https:\/\/www.prijedordanas.com\/?s={search_term_string}\"},\"query-input\":\"required name=search_term_string\"}],\"inLanguage\":\"en-US\"},{\"@type\":\"Organization\",\"@id\":\"https:\/\/www.prijedordanas.com\/#organization\",\"name\":\"PrijedorDanas.com\",\"url\":\"https:\/\/www.prijedordanas.com\/\",\"logo\":{\"@type\":\"ImageObject\",\"inLanguage\":\"en-US\",\"@id\":\"https:\/\/www.prijedordanas.com\/#\/schema\/logo\/image\/\",\"url\":\"http:\/\/www.prijedordanas.com\/wp-content\/uploads\/2021\/12\/logopng.png\",\"contentUrl\":\"http:\/\/www.prijedordanas.com\/wp-content\/uploads\/2021\/12\/logopng.png\",\"width\":1019,\"height\":776,\"caption\":\"PrijedorDanas.com\"},\"image\":{\"@id\":\"https:\/\/www.prijedordanas.com\/#\/schema\/logo\/image\/\"},\"sameAs\":[\"https:\/\/www.facebook.com\/PrijedorDanasCom\/\"]},{\"@type\":\"Person\",\"@id\":\"https:\/\/www.prijedordanas.com\/#\/schema\/person\/4e08ccf29b506ca916ff86d46bb700e6\",\"name\":\"admin\",\"image\":{\"@type\":\"ImageObject\",\"inLanguage\":\"en-US\",\"@id\":\"https:\/\/www.prijedordanas.com\/#\/schema\/person\/image\/\",\"url\":\"https:\/\/secure.gravatar.com\/avatar\/1d3fc949d550f0b53a5f0d51e06dfd79?s=96&d=mm&r=g\",\"contentUrl\":\"https:\/\/secure.gravatar.com\/avatar\/1d3fc949d550f0b53a5f0d51e06dfd79?s=96&d=mm&r=g\",\"caption\":\"admin\"},\"url\":\"https:\/\/www.prijedordanas.com\/?author=1\"}]}<\/script>\n<!-- \/ Yoast SEO plugin. -->","yoast_head_json":{"title":"Prijedor: Mje\u0161tanin Gornje Omarske uprkos zabrani kretanja i\u0161ao na sahranu kom\u0161iji pa zaradio prekr\u0161ajni nalog - PrijedorDanas.com - Prijedorski gradski portal","robots":{"index":"index","follow":"follow","max-snippet":"max-snippet:-1","max-image-preview":"max-image-preview:large","max-video-preview":"max-video-preview:-1"},"canonical":"https:\/\/www.prijedordanas.com\/?p=144262","og_locale":"en_US","og_type":"article","og_title":"Prijedor: Mje\u0161tanin Gornje Omarske uprkos zabrani kretanja i\u0161ao na sahranu kom\u0161iji pa zaradio prekr\u0161ajni nalog - PrijedorDanas.com - Prijedorski gradski portal","og_description":"Ministarstvo unutra\u0161njih poslova Republike Srpske apeluje na gra\u0111ane da po\u0161tuju Zaklju\u010dak Republi\u010dkog \u0161taba za vanredne situacije o obaveznom sprovo\u0111enju mjera za reagovanje na pojavu bolesti izazvane novim virusom korona (COVID-19) [&hellip;]","og_url":"https:\/\/www.prijedordanas.com\/?p=144262","og_site_name":"PrijedorDanas.com - Prijedorski gradski portal","article_publisher":"https:\/\/www.facebook.com\/PrijedorDanasCom\/","article_published_time":"2020-03-22T19:41:01+00:00","og_image":[{"url":"https:\/\/www.prijedordanas.com\/wp-content\/uploads\/2018\/09\/policija-omarska-300x222.jpg"}],"author":"admin","twitter_card":"summary_large_image","twitter_misc":{"Written by":"admin","Est. reading time":"4 minutes"},"schema":{"@context":"https:\/\/schema.org","@graph":[{"@type":"Article","@id":"https:\/\/www.prijedordanas.com\/?p=144262#article","isPartOf":{"@id":"https:\/\/www.prijedordanas.com\/?p=144262"},"author":{"name":"admin","@id":"https:\/\/www.prijedordanas.com\/#\/schema\/person\/4e08ccf29b506ca916ff86d46bb700e6"},"headline":"Prijedor: Mje\u0161tanin Gornje Omarske uprkos zabrani kretanja i\u0161ao na sahranu kom\u0161iji pa zaradio prekr\u0161ajni nalog","datePublished":"2020-03-22T19:41:01+00:00","dateModified":"2020-03-22T19:41:01+00:00","mainEntityOfPage":{"@id":"https:\/\/www.prijedordanas.com\/?p=144262"},"wordCount":782,"publisher":{"@id":"https:\/\/www.prijedordanas.com\/#organization"},"keywords":["izolacija","korona"],"articleSection":["Hronika"],"inLanguage":"en-US"},{"@type":"WebPage","@id":"https:\/\/www.prijedordanas.com\/?p=144262","url":"https:\/\/www.prijedordanas.com\/?p=144262","name":"Prijedor: Mje\u0161tanin Gornje Omarske uprkos zabrani kretanja i\u0161ao na sahranu kom\u0161iji pa zaradio prekr\u0161ajni nalog - PrijedorDanas.com - Prijedorski gradski portal","isPartOf":{"@id":"https:\/\/www.prijedordanas.com\/#website"},"datePublished":"2020-03-22T19:41:01+00:00","dateModified":"2020-03-22T19:41:01+00:00","breadcrumb":{"@id":"https:\/\/www.prijedordanas.com\/?p=144262#breadcrumb"},"inLanguage":"en-US","potentialAction":[{"@type":"ReadAction","target":["https:\/\/www.prijedordanas.com\/?p=144262"]}]},{"@type":"BreadcrumbList","@id":"https:\/\/www.prijedordanas.com\/?p=144262#breadcrumb","itemListElement":[{"@type":"ListItem","position":1,"name":"Home","item":"https:\/\/www.prijedordanas.com\/"},{"@type":"ListItem","position":2,"name":"Prijedor: Mje\u0161tanin Gornje Omarske uprkos zabrani kretanja i\u0161ao na sahranu kom\u0161iji pa zaradio prekr\u0161ajni nalog"}]},{"@type":"WebSite","@id":"https:\/\/www.prijedordanas.com\/#website","url":"https:\/\/www.prijedordanas.com\/","name":"PrijedorDanas.com - Prijedorski gradski portal","description":"Portal o doga\u0111anjima u gradu Prijedoru","publisher":{"@id":"https:\/\/www.prijedordanas.com\/#organization"},"potentialAction":[{"@type":"SearchAction","target":{"@type":"EntryPoint","urlTemplate":"https:\/\/www.prijedordanas.com\/?s={search_term_string}"},"query-input":"required name=search_term_string"}],"inLanguage":"en-US"},{"@type":"Organization","@id":"https:\/\/www.prijedordanas.com\/#organization","name":"PrijedorDanas.com","url":"https:\/\/www.prijedordanas.com\/","logo":{"@type":"ImageObject","inLanguage":"en-US","@id":"https:\/\/www.prijedordanas.com\/#\/schema\/logo\/image\/","url":"http:\/\/www.prijedordanas.com\/wp-content\/uploads\/2021\/12\/logopng.png","contentUrl":"http:\/\/www.prijedordanas.com\/wp-content\/uploads\/2021\/12\/logopng.png","width":1019,"height":776,"caption":"PrijedorDanas.com"},"image":{"@id":"https:\/\/www.prijedordanas.com\/#\/schema\/logo\/image\/"},"sameAs":["https:\/\/www.facebook.com\/PrijedorDanasCom\/"]},{"@type":"Person","@id":"https:\/\/www.prijedordanas.com\/#\/schema\/person\/4e08ccf29b506ca916ff86d46bb700e6","name":"admin","image":{"@type":"ImageObject","inLanguage":"en-US","@id":"https:\/\/www.prijedordanas.com\/#\/schema\/person\/image\/","url":"https:\/\/secure.gravatar.com\/avatar\/1d3fc949d550f0b53a5f0d51e06dfd79?s=96&d=mm&r=g","contentUrl":"https:\/\/secure.gravatar.com\/avatar\/1d3fc949d550f0b53a5f0d51e06dfd79?s=96&d=mm&r=g","caption":"admin"},"url":"https:\/\/www.prijedordanas.com\/?author=1"}]}},"_links":{"self":[{"href":"https:\/\/www.prijedordanas.com\/index.php?rest_route=\/wp\/v2\/posts\/144262"}],"collection":[{"href":"https:\/\/www.prijedordanas.com\/index.php?rest_route=\/wp\/v2\/posts"}],"about":[{"href":"https:\/\/www.prijedordanas.com\/index.php?rest_route=\/wp\/v2\/types\/post"}],"author":[{"embeddable":true,"href":"https:\/\/www.prijedordanas.com\/index.php?rest_route=\/wp\/v2\/users\/1"}],"replies":[{"embeddable":true,"href":"https:\/\/www.prijedordanas.com\/index.php?rest_route=%2Fwp%2Fv2%2Fcomments&post=144262"}],"version-history":[{"count":1,"href":"https:\/\/www.prijedordanas.com\/index.php?rest_route=\/wp\/v2\/posts\/144262\/revisions"}],"predecessor-version":[{"id":144263,"href":"https:\/\/www.prijedordanas.com\/index.php?rest_route=\/wp\/v2\/posts\/144262\/revisions\/144263"}],"wp:attachment":[{"href":"https:\/\/www.prijedordanas.com\/index.php?rest_route=%2Fwp%2Fv2%2Fmedia&parent=144262"}],"wp:term":[{"taxonomy":"category","embeddable":true,"href":"https:\/\/www.prijedordanas.com\/index.php?rest_route=%2Fwp%2Fv2%2Fcategories&post=144262"},{"taxonomy":"post_tag","embeddable":true,"href":"https:\/\/www.prijedordanas.com\/index.php?rest_route=%2Fwp%2Fv2%2Ftags&post=144262"}],"curies":[{"name":"wp","href":"https:\/\/api.w.org\/{rel}","templated":true}]}}