{"id":14394,"date":"2015-01-20T10:07:57","date_gmt":"2015-01-20T09:07:57","guid":{"rendered":"https:\/\/www.prijedordanas.com\/?p=14394"},"modified":"2015-01-20T10:07:57","modified_gmt":"2015-01-20T09:07:57","slug":"humanitarna-organizacija-srbi-za-srbe-pomognuti-poplavljeni-u-prijedoru-foto","status":"publish","type":"post","link":"https:\/\/www.prijedordanas.com\/?p=14394","title":{"rendered":"HUMANITARNA ORGANIZACIJA \u201eSRBI ZA SRBE\u201c: POMOGNUTI POPLAVLJENI U PRIJEDORU \u2013 FOTO"},"content":{"rendered":"<p><a href=\"https:\/\/www.prijedordanas.com\/wp-content\/uploads\/2015\/01\/prijedor05.jpg\"><img loading=\"lazy\" decoding=\"async\" class=\"alignleft size-medium wp-image-14395\" src=\"https:\/\/www.prijedordanas.com\/wp-content\/uploads\/2015\/01\/prijedor05-300x246.jpg\" alt=\"prijedor05\" width=\"300\" height=\"246\" srcset=\"https:\/\/www.prijedordanas.com\/wp-content\/uploads\/2015\/01\/prijedor05-300x246.jpg 300w, https:\/\/www.prijedordanas.com\/wp-content\/uploads\/2015\/01\/prijedor05.jpg 420w\" sizes=\"(max-width: 300px) 100vw, 300px\" \/><\/a>Humanitarna organizacija SRBI ZA SRBE uru\u010dila je 27. i 29. decembra u Prijedoru u Republici Srpskoj vrednu humanitarnu pomoc\u0301 za 18 porodica sa decom, \u010diji su domovi nastradali tokom majskih poplava. U sklopu akcije BORBA PROTIV POPLAVA, uru\u010dena je pomoc\u0301 od 4 ve\u0161 ma\u0161ine, 4 \u0161poreta na drva, 3 zamrziva\u010da, 3 kombinovanovana fri\u017eidera, 2 le\u017eaja, jednog elektri\u010dnog i jednog kombinovanog \u0161poreta, ormara, tu\u0161 kabine i gra\u0111evinskog materijala u ukupnoj vrednosti od 8.598 KM. Akciju pomoc\u0301i u Prijedoru podr\u017eala je organizacija Srpska Bratska Pomoc\u0301 iz Kanade.<\/p>\n<p>Zahvaljujemo se prijateljima koji su nam pomogli u obilasku porodica i isporuci pomoc\u0301i.<\/p>\n<p>Ranije u toku akcije Borba protiv poplava, pomogli smo vec\u0301 i dje\u010dicu Darjanu (11 godina) i Luku (10) Toma\u0161, koja \u017eive sama sa svojom bakom i starateljkom Gorankom Balaba, a koja im je otac i majka i koja se nesebi\u010dno trudi da ih izvede na put. Kako im je kuc\u0301a stradala u poplavi, a kako je \u0161kola vec\u0301 bila uveliko po\u010dela, i kako su novac od vau\u010dera utro\u0161ili na obnovu kuc\u0301e, odlu\u010dili smo se da im pomognemo kupovinom knjiga za \u0161kolu i kupovinom najosnovnije odjec\u0301e i obuc\u0301e u vrednosti od 213 KM.<\/p>\n<p>Tako\u0111e ovdje bi uputili i apel nadle\u017enim vlastima da \u0161to prije pokrenu rje\u0161avanje spora u kome se nalazi ova pordica, jer dje\u010dica \u017eive u mraku i bez struje od oktobra mjeseca.<\/p>\n<p><a href=\"https:\/\/www.prijedordanas.com\/wp-content\/uploads\/2015\/01\/prijedor08.jpg\"><img loading=\"lazy\" decoding=\"async\" class=\"alignleft size-medium wp-image-14396\" src=\"https:\/\/www.prijedordanas.com\/wp-content\/uploads\/2015\/01\/prijedor08-225x300.jpg\" alt=\"prijedor08\" width=\"225\" height=\"300\" srcset=\"https:\/\/www.prijedordanas.com\/wp-content\/uploads\/2015\/01\/prijedor08-225x300.jpg 225w, https:\/\/www.prijedordanas.com\/wp-content\/uploads\/2015\/01\/prijedor08.jpg 420w\" sizes=\"(max-width: 225px) 100vw, 225px\" \/><\/a>U nastavku vesti se nalazi spisak pomognutih porodica iz Prijedora, uru\u010dena pomoc\u0301, kao i njena vrednost:<br \/>\n1. Kusonjic\u0301 N. (le\u017eaj) &#8211; 189 KM (troje dece) (SZS)<br \/>\n2. Stanic\u0301 N. (\u0161poret na drva) &#8211; 350 KM (jedno dete) (SZS)<br \/>\n3. Maric\u0301 M. (\u0161poret na drva) &#8211; 334 KM (jedno dete) (SZS)<br \/>\n4. Mr\u0161ic\u0301 D. (zamrziva\u010d) &#8211; 538 KM (dvoje dece) (SBP)<br \/>\n5. An\u010dic\u0301 S. (zamrziva\u010d) &#8211; 538 KM (dvoje dece) (SBP)<br \/>\n6. Tubin D. (le\u017eaj i ormar) &#8211; 538 KM (troje dece) (SZS)<br \/>\n7. Grahovac M. (elektri\u010dni \u0161poret) &#8211; 429 KM (\u010detvoro dece) (SZS)<br \/>\n8. Male\u0161 M. (kombinovani fri\u017eider) &#8211; 415 KM (dvoje dece) (SBP)<br \/>\n9. \u0110uric\u0301 Z. (tu\u0161 kabina) &#8211; 269 KM (dvoje dece) (SZS)<br \/>\n10. Zdjelar R. (4 palete blokova) &#8211; 526 KM (jedno dete) (SZS)<br \/>\n11. Stupar R. (kombinovani fri\u017eider) &#8211; 415 KM (jedno dete) (SBP)<br \/>\n12. Lazarevic\u0301 Stevo (kombinovani fri\u017eider) &#8211; 539 KM (dvoje dece) (SZS)<br \/>\n13. Lazarevic\u0301 Stanko (ve\u0161 ma\u0161ina) &#8211; 436 KM (dvoje dece) (SZS)<br \/>\n14. Bilbija M. (ve\u0161 ma\u0161ina) &#8211; 436 KM (dvoje dece) (SZS)<br \/>\n15. Vidi\u010devic\u0301 V. (kombinovani \u0161poret) &#8211; 476 KM (dvoje dece) (SZS)<br \/>\n16. Brankovic\u0301 G. (\u0161poret na drva) &#8211; 350 KM (jedno dete) (SZS)<br \/>\n17. Mikic\u0301 M. (ve\u0161 ma\u0161ina, zamrziva\u010d) &#8211; 974 KM (sedmoro dece) (SBP)<br \/>\n18. Mr\u0161ic\u0301 D. (ve\u0161 ma\u0161ina) &#8211; 513 KM (dvoje dece) (SZS)<\/p>\n<p>Velika akcija BORBA PROTIV POPLAVA se nastavlja. Humanitarna organizacija Srbi za Srbe poziva sve bratske organizacije, donatore i dobre ljude u Srbiji i \u0161irom sveta da se uklju\u010de tako \u0161to c\u0301e uplatiti sredstva u skladu sa svojim moguc\u0301nostima na neki od ra\u010duna organizacije &#8211; www.srbizasrbe.org\/donacije.<\/p>\n<p>www.srbizasrbe.net<br \/>\n<a href=\"https:\/\/www.prijedordanas.com\/wp-content\/uploads\/2015\/01\/prijedor02.jpg\"><img loading=\"lazy\" decoding=\"async\" class=\"alignleft size-medium wp-image-14398\" src=\"https:\/\/www.prijedordanas.com\/wp-content\/uploads\/2015\/01\/prijedor02-300x238.jpg\" alt=\"prijedor02\" width=\"300\" height=\"238\" srcset=\"https:\/\/www.prijedordanas.com\/wp-content\/uploads\/2015\/01\/prijedor02-300x238.jpg 300w, https:\/\/www.prijedordanas.com\/wp-content\/uploads\/2015\/01\/prijedor02.jpg 420w\" sizes=\"(max-width: 300px) 100vw, 300px\" \/><\/a> <a href=\"https:\/\/www.prijedordanas.com\/wp-content\/uploads\/2015\/01\/prijedor03.jpg\"><img loading=\"lazy\" decoding=\"async\" class=\"alignleft size-medium wp-image-14399\" src=\"https:\/\/www.prijedordanas.com\/wp-content\/uploads\/2015\/01\/prijedor03-300x236.jpg\" alt=\"prijedor03\" width=\"300\" height=\"236\" srcset=\"https:\/\/www.prijedordanas.com\/wp-content\/uploads\/2015\/01\/prijedor03-300x236.jpg 300w, https:\/\/www.prijedordanas.com\/wp-content\/uploads\/2015\/01\/prijedor03.jpg 420w\" sizes=\"(max-width: 300px) 100vw, 300px\" \/><\/a> <a href=\"https:\/\/www.prijedordanas.com\/wp-content\/uploads\/2015\/01\/prijedor07.jpg\"><img loading=\"lazy\" decoding=\"async\" class=\"alignleft size-medium wp-image-14402\" src=\"https:\/\/www.prijedordanas.com\/wp-content\/uploads\/2015\/01\/prijedor07-300x221.jpg\" alt=\"prijedor07\" width=\"300\" height=\"221\" srcset=\"https:\/\/www.prijedordanas.com\/wp-content\/uploads\/2015\/01\/prijedor07-300x221.jpg 300w, https:\/\/www.prijedordanas.com\/wp-content\/uploads\/2015\/01\/prijedor07.jpg 420w\" sizes=\"(max-width: 300px) 100vw, 300px\" \/><\/a> <a href=\"https:\/\/www.prijedordanas.com\/wp-content\/uploads\/2015\/01\/prijedor01.jpg\"><img loading=\"lazy\" decoding=\"async\" class=\"alignleft size-medium wp-image-14397\" src=\"https:\/\/www.prijedordanas.com\/wp-content\/uploads\/2015\/01\/prijedor01-300x223.jpg\" alt=\"prijedor01\" width=\"300\" height=\"223\" srcset=\"https:\/\/www.prijedordanas.com\/wp-content\/uploads\/2015\/01\/prijedor01-300x223.jpg 300w, https:\/\/www.prijedordanas.com\/wp-content\/uploads\/2015\/01\/prijedor01.jpg 420w\" sizes=\"(max-width: 300px) 100vw, 300px\" \/><\/a> <a href=\"https:\/\/www.prijedordanas.com\/wp-content\/uploads\/2015\/01\/prijedor04.jpg\"><img loading=\"lazy\" decoding=\"async\" class=\"alignleft size-medium wp-image-14400\" src=\"https:\/\/www.prijedordanas.com\/wp-content\/uploads\/2015\/01\/prijedor04-300x229.jpg\" alt=\"prijedor04\" width=\"300\" height=\"229\" srcset=\"https:\/\/www.prijedordanas.com\/wp-content\/uploads\/2015\/01\/prijedor04-300x229.jpg 300w, https:\/\/www.prijedordanas.com\/wp-content\/uploads\/2015\/01\/prijedor04.jpg 420w\" sizes=\"(max-width: 300px) 100vw, 300px\" \/><\/a> <a href=\"https:\/\/www.prijedordanas.com\/wp-content\/uploads\/2015\/01\/prijedor06.jpg\"><img loading=\"lazy\" decoding=\"async\" class=\"alignleft size-medium wp-image-14401\" src=\"https:\/\/www.prijedordanas.com\/wp-content\/uploads\/2015\/01\/prijedor06-300x224.jpg\" alt=\"prijedor06\" width=\"300\" height=\"224\" srcset=\"https:\/\/www.prijedordanas.com\/wp-content\/uploads\/2015\/01\/prijedor06-300x224.jpg 300w, https:\/\/www.prijedordanas.com\/wp-content\/uploads\/2015\/01\/prijedor06.jpg 420w\" sizes=\"(max-width: 300px) 100vw, 300px\" \/><\/a><\/p>\n","protected":false},"excerpt":{"rendered":"<p>Humanitarna organizacija SRBI ZA SRBE uru\u010dila je 27. i 29. decembra u Prijedoru u Republici Srpskoj vrednu humanitarnu pomoc\u0301 za 18 porodica sa decom, \u010diji su domovi nastradali tokom majskih [&hellip;]<\/p>\n","protected":false},"author":1,"featured_media":0,"comment_status":"closed","ping_status":"open","sticky":false,"template":"","format":"standard","meta":{"_monsterinsights_skip_tracking":false,"_monsterinsights_sitenote_active":false,"_monsterinsights_sitenote_note":"","_monsterinsights_sitenote_category":0,"footnotes":""},"categories":[4],"tags":[2966],"yoast_head":"<!-- This site is optimized with the Yoast SEO plugin v21.6 - https:\/\/yoast.com\/wordpress\/plugins\/seo\/ -->\n<title>HUMANITARNA ORGANIZACIJA \u201eSRBI ZA SRBE\u201c: POMOGNUTI POPLAVLJENI U PRIJEDORU \u2013 FOTO - PrijedorDanas.com - Prijedorski gradski portal<\/title>\n<meta name=\"robots\" content=\"index, follow, max-snippet:-1, max-image-preview:large, max-video-preview:-1\" \/>\n<link rel=\"canonical\" href=\"https:\/\/www.prijedordanas.com\/?p=14394\" \/>\n<meta property=\"og:locale\" content=\"en_US\" \/>\n<meta property=\"og:type\" content=\"article\" \/>\n<meta property=\"og:title\" content=\"HUMANITARNA ORGANIZACIJA \u201eSRBI ZA SRBE\u201c: POMOGNUTI POPLAVLJENI U PRIJEDORU \u2013 FOTO - PrijedorDanas.com - Prijedorski gradski portal\" \/>\n<meta property=\"og:description\" content=\"Humanitarna organizacija SRBI ZA SRBE uru\u010dila je 27. i 29. decembra u Prijedoru u Republici Srpskoj vrednu humanitarnu pomoc\u0301 za 18 porodica sa decom, \u010diji su domovi nastradali tokom majskih [&hellip;]\" \/>\n<meta property=\"og:url\" content=\"https:\/\/www.prijedordanas.com\/?p=14394\" \/>\n<meta property=\"og:site_name\" content=\"PrijedorDanas.com - Prijedorski gradski portal\" \/>\n<meta property=\"article:publisher\" content=\"https:\/\/www.facebook.com\/PrijedorDanasCom\/\" \/>\n<meta property=\"article:published_time\" content=\"2015-01-20T09:07:57+00:00\" \/>\n<meta property=\"og:image\" content=\"https:\/\/www.prijedordanas.com\/wp-content\/uploads\/2015\/01\/prijedor05-300x246.jpg\" \/>\n<meta name=\"author\" content=\"admin\" \/>\n<meta name=\"twitter:card\" content=\"summary_large_image\" \/>\n<meta name=\"twitter:label1\" content=\"Written by\" \/>\n\t<meta name=\"twitter:data1\" content=\"admin\" \/>\n\t<meta name=\"twitter:label2\" content=\"Est. reading time\" \/>\n\t<meta name=\"twitter:data2\" content=\"2 minutes\" \/>\n<script type=\"application\/ld+json\" class=\"yoast-schema-graph\">{\"@context\":\"https:\/\/schema.org\",\"@graph\":[{\"@type\":\"Article\",\"@id\":\"https:\/\/www.prijedordanas.com\/?p=14394#article\",\"isPartOf\":{\"@id\":\"https:\/\/www.prijedordanas.com\/?p=14394\"},\"author\":{\"name\":\"admin\",\"@id\":\"https:\/\/www.prijedordanas.com\/#\/schema\/person\/4e08ccf29b506ca916ff86d46bb700e6\"},\"headline\":\"HUMANITARNA ORGANIZACIJA \u201eSRBI ZA SRBE\u201c: POMOGNUTI POPLAVLJENI U PRIJEDORU \u2013 FOTO\",\"datePublished\":\"2015-01-20T09:07:57+00:00\",\"dateModified\":\"2015-01-20T09:07:57+00:00\",\"mainEntityOfPage\":{\"@id\":\"https:\/\/www.prijedordanas.com\/?p=14394\"},\"wordCount\":494,\"publisher\":{\"@id\":\"https:\/\/www.prijedordanas.com\/#organization\"},\"keywords\":[\"Srbi za Srbe\"],\"articleSection\":[\"Dru\u0161tvo\"],\"inLanguage\":\"en-US\"},{\"@type\":\"WebPage\",\"@id\":\"https:\/\/www.prijedordanas.com\/?p=14394\",\"url\":\"https:\/\/www.prijedordanas.com\/?p=14394\",\"name\":\"HUMANITARNA ORGANIZACIJA \u201eSRBI ZA SRBE\u201c: POMOGNUTI POPLAVLJENI U PRIJEDORU \u2013 FOTO - PrijedorDanas.com - Prijedorski gradski portal\",\"isPartOf\":{\"@id\":\"https:\/\/www.prijedordanas.com\/#website\"},\"datePublished\":\"2015-01-20T09:07:57+00:00\",\"dateModified\":\"2015-01-20T09:07:57+00:00\",\"breadcrumb\":{\"@id\":\"https:\/\/www.prijedordanas.com\/?p=14394#breadcrumb\"},\"inLanguage\":\"en-US\",\"potentialAction\":[{\"@type\":\"ReadAction\",\"target\":[\"https:\/\/www.prijedordanas.com\/?p=14394\"]}]},{\"@type\":\"BreadcrumbList\",\"@id\":\"https:\/\/www.prijedordanas.com\/?p=14394#breadcrumb\",\"itemListElement\":[{\"@type\":\"ListItem\",\"position\":1,\"name\":\"Home\",\"item\":\"https:\/\/www.prijedordanas.com\/\"},{\"@type\":\"ListItem\",\"position\":2,\"name\":\"HUMANITARNA ORGANIZACIJA \u201eSRBI ZA SRBE\u201c: POMOGNUTI POPLAVLJENI U PRIJEDORU \u2013 FOTO\"}]},{\"@type\":\"WebSite\",\"@id\":\"https:\/\/www.prijedordanas.com\/#website\",\"url\":\"https:\/\/www.prijedordanas.com\/\",\"name\":\"PrijedorDanas.com - Prijedorski gradski portal\",\"description\":\"Portal o doga\u0111anjima u gradu Prijedoru\",\"publisher\":{\"@id\":\"https:\/\/www.prijedordanas.com\/#organization\"},\"potentialAction\":[{\"@type\":\"SearchAction\",\"target\":{\"@type\":\"EntryPoint\",\"urlTemplate\":\"https:\/\/www.prijedordanas.com\/?s={search_term_string}\"},\"query-input\":\"required name=search_term_string\"}],\"inLanguage\":\"en-US\"},{\"@type\":\"Organization\",\"@id\":\"https:\/\/www.prijedordanas.com\/#organization\",\"name\":\"PrijedorDanas.com\",\"url\":\"https:\/\/www.prijedordanas.com\/\",\"logo\":{\"@type\":\"ImageObject\",\"inLanguage\":\"en-US\",\"@id\":\"https:\/\/www.prijedordanas.com\/#\/schema\/logo\/image\/\",\"url\":\"http:\/\/www.prijedordanas.com\/wp-content\/uploads\/2021\/12\/logopng.png\",\"contentUrl\":\"http:\/\/www.prijedordanas.com\/wp-content\/uploads\/2021\/12\/logopng.png\",\"width\":1019,\"height\":776,\"caption\":\"PrijedorDanas.com\"},\"image\":{\"@id\":\"https:\/\/www.prijedordanas.com\/#\/schema\/logo\/image\/\"},\"sameAs\":[\"https:\/\/www.facebook.com\/PrijedorDanasCom\/\"]},{\"@type\":\"Person\",\"@id\":\"https:\/\/www.prijedordanas.com\/#\/schema\/person\/4e08ccf29b506ca916ff86d46bb700e6\",\"name\":\"admin\",\"image\":{\"@type\":\"ImageObject\",\"inLanguage\":\"en-US\",\"@id\":\"https:\/\/www.prijedordanas.com\/#\/schema\/person\/image\/\",\"url\":\"https:\/\/secure.gravatar.com\/avatar\/1d3fc949d550f0b53a5f0d51e06dfd79?s=96&d=mm&r=g\",\"contentUrl\":\"https:\/\/secure.gravatar.com\/avatar\/1d3fc949d550f0b53a5f0d51e06dfd79?s=96&d=mm&r=g\",\"caption\":\"admin\"},\"url\":\"https:\/\/www.prijedordanas.com\/?author=1\"}]}<\/script>\n<!-- \/ Yoast SEO plugin. -->","yoast_head_json":{"title":"HUMANITARNA ORGANIZACIJA \u201eSRBI ZA SRBE\u201c: POMOGNUTI POPLAVLJENI U PRIJEDORU \u2013 FOTO - PrijedorDanas.com - Prijedorski gradski portal","robots":{"index":"index","follow":"follow","max-snippet":"max-snippet:-1","max-image-preview":"max-image-preview:large","max-video-preview":"max-video-preview:-1"},"canonical":"https:\/\/www.prijedordanas.com\/?p=14394","og_locale":"en_US","og_type":"article","og_title":"HUMANITARNA ORGANIZACIJA \u201eSRBI ZA SRBE\u201c: POMOGNUTI POPLAVLJENI U PRIJEDORU \u2013 FOTO - PrijedorDanas.com - Prijedorski gradski portal","og_description":"Humanitarna organizacija SRBI ZA SRBE uru\u010dila je 27. i 29. decembra u Prijedoru u Republici Srpskoj vrednu humanitarnu pomoc\u0301 za 18 porodica sa decom, \u010diji su domovi nastradali tokom majskih [&hellip;]","og_url":"https:\/\/www.prijedordanas.com\/?p=14394","og_site_name":"PrijedorDanas.com - Prijedorski gradski portal","article_publisher":"https:\/\/www.facebook.com\/PrijedorDanasCom\/","article_published_time":"2015-01-20T09:07:57+00:00","og_image":[{"url":"https:\/\/www.prijedordanas.com\/wp-content\/uploads\/2015\/01\/prijedor05-300x246.jpg"}],"author":"admin","twitter_card":"summary_large_image","twitter_misc":{"Written by":"admin","Est. reading time":"2 minutes"},"schema":{"@context":"https:\/\/schema.org","@graph":[{"@type":"Article","@id":"https:\/\/www.prijedordanas.com\/?p=14394#article","isPartOf":{"@id":"https:\/\/www.prijedordanas.com\/?p=14394"},"author":{"name":"admin","@id":"https:\/\/www.prijedordanas.com\/#\/schema\/person\/4e08ccf29b506ca916ff86d46bb700e6"},"headline":"HUMANITARNA ORGANIZACIJA \u201eSRBI ZA SRBE\u201c: POMOGNUTI POPLAVLJENI U PRIJEDORU \u2013 FOTO","datePublished":"2015-01-20T09:07:57+00:00","dateModified":"2015-01-20T09:07:57+00:00","mainEntityOfPage":{"@id":"https:\/\/www.prijedordanas.com\/?p=14394"},"wordCount":494,"publisher":{"@id":"https:\/\/www.prijedordanas.com\/#organization"},"keywords":["Srbi za Srbe"],"articleSection":["Dru\u0161tvo"],"inLanguage":"en-US"},{"@type":"WebPage","@id":"https:\/\/www.prijedordanas.com\/?p=14394","url":"https:\/\/www.prijedordanas.com\/?p=14394","name":"HUMANITARNA ORGANIZACIJA \u201eSRBI ZA SRBE\u201c: POMOGNUTI POPLAVLJENI U PRIJEDORU \u2013 FOTO - PrijedorDanas.com - Prijedorski gradski portal","isPartOf":{"@id":"https:\/\/www.prijedordanas.com\/#website"},"datePublished":"2015-01-20T09:07:57+00:00","dateModified":"2015-01-20T09:07:57+00:00","breadcrumb":{"@id":"https:\/\/www.prijedordanas.com\/?p=14394#breadcrumb"},"inLanguage":"en-US","potentialAction":[{"@type":"ReadAction","target":["https:\/\/www.prijedordanas.com\/?p=14394"]}]},{"@type":"BreadcrumbList","@id":"https:\/\/www.prijedordanas.com\/?p=14394#breadcrumb","itemListElement":[{"@type":"ListItem","position":1,"name":"Home","item":"https:\/\/www.prijedordanas.com\/"},{"@type":"ListItem","position":2,"name":"HUMANITARNA ORGANIZACIJA \u201eSRBI ZA SRBE\u201c: POMOGNUTI POPLAVLJENI U PRIJEDORU \u2013 FOTO"}]},{"@type":"WebSite","@id":"https:\/\/www.prijedordanas.com\/#website","url":"https:\/\/www.prijedordanas.com\/","name":"PrijedorDanas.com - Prijedorski gradski portal","description":"Portal o doga\u0111anjima u gradu Prijedoru","publisher":{"@id":"https:\/\/www.prijedordanas.com\/#organization"},"potentialAction":[{"@type":"SearchAction","target":{"@type":"EntryPoint","urlTemplate":"https:\/\/www.prijedordanas.com\/?s={search_term_string}"},"query-input":"required name=search_term_string"}],"inLanguage":"en-US"},{"@type":"Organization","@id":"https:\/\/www.prijedordanas.com\/#organization","name":"PrijedorDanas.com","url":"https:\/\/www.prijedordanas.com\/","logo":{"@type":"ImageObject","inLanguage":"en-US","@id":"https:\/\/www.prijedordanas.com\/#\/schema\/logo\/image\/","url":"http:\/\/www.prijedordanas.com\/wp-content\/uploads\/2021\/12\/logopng.png","contentUrl":"http:\/\/www.prijedordanas.com\/wp-content\/uploads\/2021\/12\/logopng.png","width":1019,"height":776,"caption":"PrijedorDanas.com"},"image":{"@id":"https:\/\/www.prijedordanas.com\/#\/schema\/logo\/image\/"},"sameAs":["https:\/\/www.facebook.com\/PrijedorDanasCom\/"]},{"@type":"Person","@id":"https:\/\/www.prijedordanas.com\/#\/schema\/person\/4e08ccf29b506ca916ff86d46bb700e6","name":"admin","image":{"@type":"ImageObject","inLanguage":"en-US","@id":"https:\/\/www.prijedordanas.com\/#\/schema\/person\/image\/","url":"https:\/\/secure.gravatar.com\/avatar\/1d3fc949d550f0b53a5f0d51e06dfd79?s=96&d=mm&r=g","contentUrl":"https:\/\/secure.gravatar.com\/avatar\/1d3fc949d550f0b53a5f0d51e06dfd79?s=96&d=mm&r=g","caption":"admin"},"url":"https:\/\/www.prijedordanas.com\/?author=1"}]}},"_links":{"self":[{"href":"https:\/\/www.prijedordanas.com\/index.php?rest_route=\/wp\/v2\/posts\/14394"}],"collection":[{"href":"https:\/\/www.prijedordanas.com\/index.php?rest_route=\/wp\/v2\/posts"}],"about":[{"href":"https:\/\/www.prijedordanas.com\/index.php?rest_route=\/wp\/v2\/types\/post"}],"author":[{"embeddable":true,"href":"https:\/\/www.prijedordanas.com\/index.php?rest_route=\/wp\/v2\/users\/1"}],"replies":[{"embeddable":true,"href":"https:\/\/www.prijedordanas.com\/index.php?rest_route=%2Fwp%2Fv2%2Fcomments&post=14394"}],"version-history":[{"count":1,"href":"https:\/\/www.prijedordanas.com\/index.php?rest_route=\/wp\/v2\/posts\/14394\/revisions"}],"predecessor-version":[{"id":14403,"href":"https:\/\/www.prijedordanas.com\/index.php?rest_route=\/wp\/v2\/posts\/14394\/revisions\/14403"}],"wp:attachment":[{"href":"https:\/\/www.prijedordanas.com\/index.php?rest_route=%2Fwp%2Fv2%2Fmedia&parent=14394"}],"wp:term":[{"taxonomy":"category","embeddable":true,"href":"https:\/\/www.prijedordanas.com\/index.php?rest_route=%2Fwp%2Fv2%2Fcategories&post=14394"},{"taxonomy":"post_tag","embeddable":true,"href":"https:\/\/www.prijedordanas.com\/index.php?rest_route=%2Fwp%2Fv2%2Ftags&post=14394"}],"curies":[{"name":"wp","href":"https:\/\/api.w.org\/{rel}","templated":true}]}}