{"id":14386,"date":"2015-01-19T21:24:57","date_gmt":"2015-01-19T20:24:57","guid":{"rendered":"https:\/\/www.prijedordanas.com\/?p=14386"},"modified":"2015-01-19T21:24:57","modified_gmt":"2015-01-19T20:24:57","slug":"zdenka-boroja-ostala-na-standu-bez-torbe-s-novcem-nepoznata-zena-ukrala-prijedorcanki-26-000-km","status":"publish","type":"post","link":"https:\/\/www.prijedordanas.com\/?p=14386","title":{"rendered":"ZDENKA BOROJA OSTALA NA \u0160TANDU BEZ TORBE S NOVCEM: NEPOZNATA \u017dENA UKRALA PRIJEDOR\u010cANKI 26. 000 KM"},"content":{"rendered":"<p><a href=\"https:\/\/www.prijedordanas.com\/wp-content\/uploads\/2015\/01\/euroblic-zdenka-boroja.jpg\"><img loading=\"lazy\" decoding=\"async\" src=\"https:\/\/www.prijedordanas.com\/wp-content\/uploads\/2015\/01\/euroblic-zdenka-boroja-300x169.jpg\" alt=\"euroblic-zdenka boroja\" width=\"300\" height=\"169\" class=\"alignleft size-medium wp-image-14384\" srcset=\"https:\/\/www.prijedordanas.com\/wp-content\/uploads\/2015\/01\/euroblic-zdenka-boroja-300x169.jpg 300w, https:\/\/www.prijedordanas.com\/wp-content\/uploads\/2015\/01\/euroblic-zdenka-boroja.jpg 600w\" sizes=\"(max-width: 300px) 100vw, 300px\" \/><\/a>Prijedorskoj policiji u subotu je prijavljena te\u0161ka kra\u0111a, koja se dogodila na pijaci \u201eVilako\u201c u Prijedoru. Vlasnica \u0161tanda sa ode\u0107om Zdenka Boroja ostala je bez torbe s novcem, u kojoj je bila sva njena u\u0161te\u0111evina.<\/p>\n<p>Zdenka Boroja ka\u017ee da se kra\u0111a dogodila u subotu izme\u0111u 13 i 15 \u010dasova. Ka\u017ee da je nekoliko dana pre kra\u0111e prodala ne\u0161to od imovine, jer je izbeglica i podigla novac sa banke, jer sprema sinu svadbu. <\/p>\n<p>&#8211; Na \u0161tand su mi do\u0161le dve \u017eene i jedna od njih je probavala neke stvari. Druga je stajala po strani. Dok sam se bavila onom koja je probavala stvari i name\u0161tala joj ogledalo da bolje vidi, u\u0161la je i tre\u0107a \u017eena, koja me je pitala za sivi d\u017eemper, koji je stajao izlo\u017een, da li imam ve\u0107i. Rekla sam joj da je to mu\u0161ki d\u017eemper i da sa\u010deka da zavr\u0161im sa prethodnim mu\u0161terijama. Ona se na to nasme\u0161ila i rekla da ho\u0107e \u2013 pri\u010da Boroja i navodi da joj je torba bila ispod pulta prekrivena kesama, virile su samo ru\u010dke. <\/p>\n<p>&#8211; Kada sam se okrenula nje vi\u0161e nije bilo. Po\u0161la sam po torbu da naplatim prvim mu\u0161terijama robu i tada videla da mi nema torbe. \u017dena je krupnija, sme\u0111e kose, ima vi\u0161e od pedeset godina. Prema slikama koje mi je pokazala policija, a videla sam je i na internetu sam shvatila da se radi o izvesnoj Sabaheti, koja je iz Federacije BiH i poznata po kra\u0111ama i za kojom je valjda raspisana i poternica \u2013 pri\u010da suznih o\u010diju Zdenka.<\/p>\n<p>Ona navodi da je prethodni dan na \u0161tandu sa torbama ista \u017eena razgledala torbe i na kraju uzela torbu od vlasnice \u0161tanda. Kada je vlasnica \u0161tanda podviknula da je to njena torba, vratila je vlasnici, rekav\u0161i da je mislila da je na prodaju. Boroja ka\u017ee da su joj u torbi bili svi dokumenti, novac i to 11.050 KM i 7.470 evra, pe\u010dat od radnje, dva nov\u010danika, \u0161tedna knji\u017eica, klju\u010d od stana i \u0161tanda. Po\u0161av\u0161i na posao u subotu ujutru vratila se u ku\u0107u po novac, pla\u0161e\u0107i se da da bi je neko mogao oplja\u010dkati,  jer se zna da je prodala ne\u0161to od imovine i ra\u010dunaju\u0107i da je novac sigurniji u torbi pored nje. Navodi da je morala odmah prijaviti kra\u0111u i zamrznuti sve ra\u010dune, jer je strah da bi plja\u010dka\u0161ica mogla iskoristiti njene papire i pe\u010dat od radnje u \u010dinjenju jo\u0161 nekog krivi\u010dnog dela. Ni njoj samoj nije jasno kako nije \u010dula da kese \u0161u\u0161te, kada ih je \u017eena skidala i uzimala torbu.<\/p>\n<p>&#8211; Ostala sam bez svega za \u0161to sam radila tolike godine i \u0161tedela. Ne verujem da \u0107e se moj novac prona\u0107i. Daj Bo\u017ee da se to desi. Ali, nisam optimista \u2013 ka\u017ee u suzama o\u010dajna Boroja.<\/p>\n<p>Vlasnica \u0161tanda je izjavila prijedorskoj policiji da je materijalna \u0161teta 26. 000 KM. Policija radi na re\u0161avanju ove te\u0161ke kra\u0111e i proverava navode. <\/p>\n<p>Euroblic \u2013 G.\u0110uki\u0107<\/p>\n","protected":false},"excerpt":{"rendered":"<p>Prijedorskoj policiji u subotu je prijavljena te\u0161ka kra\u0111a, koja se dogodila na pijaci \u201eVilako\u201c u Prijedoru. Vlasnica \u0161tanda sa ode\u0107om Zdenka Boroja ostala je bez torbe s novcem, u kojoj [&hellip;]<\/p>\n","protected":false},"author":1,"featured_media":0,"comment_status":"closed","ping_status":"open","sticky":false,"template":"","format":"standard","meta":{"_monsterinsights_skip_tracking":false,"_monsterinsights_sitenote_active":false,"_monsterinsights_sitenote_note":"","_monsterinsights_sitenote_category":0,"footnotes":""},"categories":[5],"tags":[2965],"yoast_head":"<!-- This site is optimized with the Yoast SEO plugin v21.6 - https:\/\/yoast.com\/wordpress\/plugins\/seo\/ -->\n<title>ZDENKA BOROJA OSTALA NA \u0160TANDU BEZ TORBE S NOVCEM: NEPOZNATA \u017dENA UKRALA PRIJEDOR\u010cANKI 26. 000 KM - PrijedorDanas.com - Prijedorski gradski portal<\/title>\n<meta name=\"robots\" content=\"index, follow, max-snippet:-1, max-image-preview:large, max-video-preview:-1\" \/>\n<link rel=\"canonical\" href=\"https:\/\/www.prijedordanas.com\/?p=14386\" \/>\n<meta property=\"og:locale\" content=\"en_US\" \/>\n<meta property=\"og:type\" content=\"article\" \/>\n<meta property=\"og:title\" content=\"ZDENKA BOROJA OSTALA NA \u0160TANDU BEZ TORBE S NOVCEM: NEPOZNATA \u017dENA UKRALA PRIJEDOR\u010cANKI 26. 000 KM - PrijedorDanas.com - Prijedorski gradski portal\" \/>\n<meta property=\"og:description\" content=\"Prijedorskoj policiji u subotu je prijavljena te\u0161ka kra\u0111a, koja se dogodila na pijaci \u201eVilako\u201c u Prijedoru. Vlasnica \u0161tanda sa ode\u0107om Zdenka Boroja ostala je bez torbe s novcem, u kojoj [&hellip;]\" \/>\n<meta property=\"og:url\" content=\"https:\/\/www.prijedordanas.com\/?p=14386\" \/>\n<meta property=\"og:site_name\" content=\"PrijedorDanas.com - Prijedorski gradski portal\" \/>\n<meta property=\"article:publisher\" content=\"https:\/\/www.facebook.com\/PrijedorDanasCom\/\" \/>\n<meta property=\"article:published_time\" content=\"2015-01-19T20:24:57+00:00\" \/>\n<meta property=\"og:image\" content=\"https:\/\/www.prijedordanas.com\/wp-content\/uploads\/2015\/01\/euroblic-zdenka-boroja-300x169.jpg\" \/>\n<meta name=\"author\" content=\"admin\" \/>\n<meta name=\"twitter:card\" content=\"summary_large_image\" \/>\n<meta name=\"twitter:label1\" content=\"Written by\" \/>\n\t<meta name=\"twitter:data1\" content=\"admin\" \/>\n\t<meta name=\"twitter:label2\" content=\"Est. reading time\" \/>\n\t<meta name=\"twitter:data2\" content=\"3 minutes\" \/>\n<script type=\"application\/ld+json\" class=\"yoast-schema-graph\">{\"@context\":\"https:\/\/schema.org\",\"@graph\":[{\"@type\":\"Article\",\"@id\":\"https:\/\/www.prijedordanas.com\/?p=14386#article\",\"isPartOf\":{\"@id\":\"https:\/\/www.prijedordanas.com\/?p=14386\"},\"author\":{\"name\":\"admin\",\"@id\":\"https:\/\/www.prijedordanas.com\/#\/schema\/person\/4e08ccf29b506ca916ff86d46bb700e6\"},\"headline\":\"ZDENKA BOROJA OSTALA NA \u0160TANDU BEZ TORBE S NOVCEM: NEPOZNATA \u017dENA UKRALA PRIJEDOR\u010cANKI 26. 000 KM\",\"datePublished\":\"2015-01-19T20:24:57+00:00\",\"dateModified\":\"2015-01-19T20:24:57+00:00\",\"mainEntityOfPage\":{\"@id\":\"https:\/\/www.prijedordanas.com\/?p=14386\"},\"wordCount\":545,\"publisher\":{\"@id\":\"https:\/\/www.prijedordanas.com\/#organization\"},\"keywords\":[\"Zdenka Boroja\"],\"articleSection\":[\"Hronika\"],\"inLanguage\":\"en-US\"},{\"@type\":\"WebPage\",\"@id\":\"https:\/\/www.prijedordanas.com\/?p=14386\",\"url\":\"https:\/\/www.prijedordanas.com\/?p=14386\",\"name\":\"ZDENKA BOROJA OSTALA NA \u0160TANDU BEZ TORBE S NOVCEM: NEPOZNATA \u017dENA UKRALA PRIJEDOR\u010cANKI 26. 000 KM - PrijedorDanas.com - Prijedorski gradski portal\",\"isPartOf\":{\"@id\":\"https:\/\/www.prijedordanas.com\/#website\"},\"datePublished\":\"2015-01-19T20:24:57+00:00\",\"dateModified\":\"2015-01-19T20:24:57+00:00\",\"breadcrumb\":{\"@id\":\"https:\/\/www.prijedordanas.com\/?p=14386#breadcrumb\"},\"inLanguage\":\"en-US\",\"potentialAction\":[{\"@type\":\"ReadAction\",\"target\":[\"https:\/\/www.prijedordanas.com\/?p=14386\"]}]},{\"@type\":\"BreadcrumbList\",\"@id\":\"https:\/\/www.prijedordanas.com\/?p=14386#breadcrumb\",\"itemListElement\":[{\"@type\":\"ListItem\",\"position\":1,\"name\":\"Home\",\"item\":\"https:\/\/www.prijedordanas.com\/\"},{\"@type\":\"ListItem\",\"position\":2,\"name\":\"ZDENKA BOROJA OSTALA NA \u0160TANDU BEZ TORBE S NOVCEM: NEPOZNATA \u017dENA UKRALA PRIJEDOR\u010cANKI 26. 000 KM\"}]},{\"@type\":\"WebSite\",\"@id\":\"https:\/\/www.prijedordanas.com\/#website\",\"url\":\"https:\/\/www.prijedordanas.com\/\",\"name\":\"PrijedorDanas.com - Prijedorski gradski portal\",\"description\":\"Portal o doga\u0111anjima u gradu Prijedoru\",\"publisher\":{\"@id\":\"https:\/\/www.prijedordanas.com\/#organization\"},\"potentialAction\":[{\"@type\":\"SearchAction\",\"target\":{\"@type\":\"EntryPoint\",\"urlTemplate\":\"https:\/\/www.prijedordanas.com\/?s={search_term_string}\"},\"query-input\":\"required name=search_term_string\"}],\"inLanguage\":\"en-US\"},{\"@type\":\"Organization\",\"@id\":\"https:\/\/www.prijedordanas.com\/#organization\",\"name\":\"PrijedorDanas.com\",\"url\":\"https:\/\/www.prijedordanas.com\/\",\"logo\":{\"@type\":\"ImageObject\",\"inLanguage\":\"en-US\",\"@id\":\"https:\/\/www.prijedordanas.com\/#\/schema\/logo\/image\/\",\"url\":\"http:\/\/www.prijedordanas.com\/wp-content\/uploads\/2021\/12\/logopng.png\",\"contentUrl\":\"http:\/\/www.prijedordanas.com\/wp-content\/uploads\/2021\/12\/logopng.png\",\"width\":1019,\"height\":776,\"caption\":\"PrijedorDanas.com\"},\"image\":{\"@id\":\"https:\/\/www.prijedordanas.com\/#\/schema\/logo\/image\/\"},\"sameAs\":[\"https:\/\/www.facebook.com\/PrijedorDanasCom\/\"]},{\"@type\":\"Person\",\"@id\":\"https:\/\/www.prijedordanas.com\/#\/schema\/person\/4e08ccf29b506ca916ff86d46bb700e6\",\"name\":\"admin\",\"image\":{\"@type\":\"ImageObject\",\"inLanguage\":\"en-US\",\"@id\":\"https:\/\/www.prijedordanas.com\/#\/schema\/person\/image\/\",\"url\":\"https:\/\/secure.gravatar.com\/avatar\/1d3fc949d550f0b53a5f0d51e06dfd79?s=96&d=mm&r=g\",\"contentUrl\":\"https:\/\/secure.gravatar.com\/avatar\/1d3fc949d550f0b53a5f0d51e06dfd79?s=96&d=mm&r=g\",\"caption\":\"admin\"},\"url\":\"https:\/\/www.prijedordanas.com\/?author=1\"}]}<\/script>\n<!-- \/ Yoast SEO plugin. -->","yoast_head_json":{"title":"ZDENKA BOROJA OSTALA NA \u0160TANDU BEZ TORBE S NOVCEM: NEPOZNATA \u017dENA UKRALA PRIJEDOR\u010cANKI 26. 000 KM - PrijedorDanas.com - Prijedorski gradski portal","robots":{"index":"index","follow":"follow","max-snippet":"max-snippet:-1","max-image-preview":"max-image-preview:large","max-video-preview":"max-video-preview:-1"},"canonical":"https:\/\/www.prijedordanas.com\/?p=14386","og_locale":"en_US","og_type":"article","og_title":"ZDENKA BOROJA OSTALA NA \u0160TANDU BEZ TORBE S NOVCEM: NEPOZNATA \u017dENA UKRALA PRIJEDOR\u010cANKI 26. 000 KM - PrijedorDanas.com - Prijedorski gradski portal","og_description":"Prijedorskoj policiji u subotu je prijavljena te\u0161ka kra\u0111a, koja se dogodila na pijaci \u201eVilako\u201c u Prijedoru. Vlasnica \u0161tanda sa ode\u0107om Zdenka Boroja ostala je bez torbe s novcem, u kojoj [&hellip;]","og_url":"https:\/\/www.prijedordanas.com\/?p=14386","og_site_name":"PrijedorDanas.com - Prijedorski gradski portal","article_publisher":"https:\/\/www.facebook.com\/PrijedorDanasCom\/","article_published_time":"2015-01-19T20:24:57+00:00","og_image":[{"url":"https:\/\/www.prijedordanas.com\/wp-content\/uploads\/2015\/01\/euroblic-zdenka-boroja-300x169.jpg"}],"author":"admin","twitter_card":"summary_large_image","twitter_misc":{"Written by":"admin","Est. reading time":"3 minutes"},"schema":{"@context":"https:\/\/schema.org","@graph":[{"@type":"Article","@id":"https:\/\/www.prijedordanas.com\/?p=14386#article","isPartOf":{"@id":"https:\/\/www.prijedordanas.com\/?p=14386"},"author":{"name":"admin","@id":"https:\/\/www.prijedordanas.com\/#\/schema\/person\/4e08ccf29b506ca916ff86d46bb700e6"},"headline":"ZDENKA BOROJA OSTALA NA \u0160TANDU BEZ TORBE S NOVCEM: NEPOZNATA \u017dENA UKRALA PRIJEDOR\u010cANKI 26. 000 KM","datePublished":"2015-01-19T20:24:57+00:00","dateModified":"2015-01-19T20:24:57+00:00","mainEntityOfPage":{"@id":"https:\/\/www.prijedordanas.com\/?p=14386"},"wordCount":545,"publisher":{"@id":"https:\/\/www.prijedordanas.com\/#organization"},"keywords":["Zdenka Boroja"],"articleSection":["Hronika"],"inLanguage":"en-US"},{"@type":"WebPage","@id":"https:\/\/www.prijedordanas.com\/?p=14386","url":"https:\/\/www.prijedordanas.com\/?p=14386","name":"ZDENKA BOROJA OSTALA NA \u0160TANDU BEZ TORBE S NOVCEM: NEPOZNATA \u017dENA UKRALA PRIJEDOR\u010cANKI 26. 000 KM - PrijedorDanas.com - Prijedorski gradski portal","isPartOf":{"@id":"https:\/\/www.prijedordanas.com\/#website"},"datePublished":"2015-01-19T20:24:57+00:00","dateModified":"2015-01-19T20:24:57+00:00","breadcrumb":{"@id":"https:\/\/www.prijedordanas.com\/?p=14386#breadcrumb"},"inLanguage":"en-US","potentialAction":[{"@type":"ReadAction","target":["https:\/\/www.prijedordanas.com\/?p=14386"]}]},{"@type":"BreadcrumbList","@id":"https:\/\/www.prijedordanas.com\/?p=14386#breadcrumb","itemListElement":[{"@type":"ListItem","position":1,"name":"Home","item":"https:\/\/www.prijedordanas.com\/"},{"@type":"ListItem","position":2,"name":"ZDENKA BOROJA OSTALA NA \u0160TANDU BEZ TORBE S NOVCEM: NEPOZNATA \u017dENA UKRALA PRIJEDOR\u010cANKI 26. 000 KM"}]},{"@type":"WebSite","@id":"https:\/\/www.prijedordanas.com\/#website","url":"https:\/\/www.prijedordanas.com\/","name":"PrijedorDanas.com - Prijedorski gradski portal","description":"Portal o doga\u0111anjima u gradu Prijedoru","publisher":{"@id":"https:\/\/www.prijedordanas.com\/#organization"},"potentialAction":[{"@type":"SearchAction","target":{"@type":"EntryPoint","urlTemplate":"https:\/\/www.prijedordanas.com\/?s={search_term_string}"},"query-input":"required name=search_term_string"}],"inLanguage":"en-US"},{"@type":"Organization","@id":"https:\/\/www.prijedordanas.com\/#organization","name":"PrijedorDanas.com","url":"https:\/\/www.prijedordanas.com\/","logo":{"@type":"ImageObject","inLanguage":"en-US","@id":"https:\/\/www.prijedordanas.com\/#\/schema\/logo\/image\/","url":"http:\/\/www.prijedordanas.com\/wp-content\/uploads\/2021\/12\/logopng.png","contentUrl":"http:\/\/www.prijedordanas.com\/wp-content\/uploads\/2021\/12\/logopng.png","width":1019,"height":776,"caption":"PrijedorDanas.com"},"image":{"@id":"https:\/\/www.prijedordanas.com\/#\/schema\/logo\/image\/"},"sameAs":["https:\/\/www.facebook.com\/PrijedorDanasCom\/"]},{"@type":"Person","@id":"https:\/\/www.prijedordanas.com\/#\/schema\/person\/4e08ccf29b506ca916ff86d46bb700e6","name":"admin","image":{"@type":"ImageObject","inLanguage":"en-US","@id":"https:\/\/www.prijedordanas.com\/#\/schema\/person\/image\/","url":"https:\/\/secure.gravatar.com\/avatar\/1d3fc949d550f0b53a5f0d51e06dfd79?s=96&d=mm&r=g","contentUrl":"https:\/\/secure.gravatar.com\/avatar\/1d3fc949d550f0b53a5f0d51e06dfd79?s=96&d=mm&r=g","caption":"admin"},"url":"https:\/\/www.prijedordanas.com\/?author=1"}]}},"_links":{"self":[{"href":"https:\/\/www.prijedordanas.com\/index.php?rest_route=\/wp\/v2\/posts\/14386"}],"collection":[{"href":"https:\/\/www.prijedordanas.com\/index.php?rest_route=\/wp\/v2\/posts"}],"about":[{"href":"https:\/\/www.prijedordanas.com\/index.php?rest_route=\/wp\/v2\/types\/post"}],"author":[{"embeddable":true,"href":"https:\/\/www.prijedordanas.com\/index.php?rest_route=\/wp\/v2\/users\/1"}],"replies":[{"embeddable":true,"href":"https:\/\/www.prijedordanas.com\/index.php?rest_route=%2Fwp%2Fv2%2Fcomments&post=14386"}],"version-history":[{"count":1,"href":"https:\/\/www.prijedordanas.com\/index.php?rest_route=\/wp\/v2\/posts\/14386\/revisions"}],"predecessor-version":[{"id":14387,"href":"https:\/\/www.prijedordanas.com\/index.php?rest_route=\/wp\/v2\/posts\/14386\/revisions\/14387"}],"wp:attachment":[{"href":"https:\/\/www.prijedordanas.com\/index.php?rest_route=%2Fwp%2Fv2%2Fmedia&parent=14386"}],"wp:term":[{"taxonomy":"category","embeddable":true,"href":"https:\/\/www.prijedordanas.com\/index.php?rest_route=%2Fwp%2Fv2%2Fcategories&post=14386"},{"taxonomy":"post_tag","embeddable":true,"href":"https:\/\/www.prijedordanas.com\/index.php?rest_route=%2Fwp%2Fv2%2Ftags&post=14386"}],"curies":[{"name":"wp","href":"https:\/\/api.w.org\/{rel}","templated":true}]}}