{"id":143487,"date":"2020-03-01T09:54:35","date_gmt":"2020-03-01T08:54:35","guid":{"rendered":"https:\/\/www.prijedordanas.com\/?p=143487"},"modified":"2020-03-21T11:27:00","modified_gmt":"2020-03-21T10:27:00","slug":"forum-za-bezbjednost-prijedor-samo-u-februaru-46-pozara-na-otvorenom","status":"publish","type":"post","link":"https:\/\/www.prijedordanas.com\/?p=143487","title":{"rendered":"Forum za bezbjednost Prijedor: Samo u februaru 46 po\u017eara na otvorenom"},"content":{"rendered":"<p><a href=\"https:\/\/www.prijedordanas.com\/wp-content\/uploads\/2020\/03\/forum-za-bezbjednost-februar-1.jpg\"><img loading=\"lazy\" decoding=\"async\" src=\"https:\/\/www.prijedordanas.com\/wp-content\/uploads\/2020\/03\/forum-za-bezbjednost-februar-1-300x222.jpg\" alt=\"\" width=\"300\" height=\"222\" class=\"alignleft size-medium wp-image-144140\" srcset=\"https:\/\/www.prijedordanas.com\/wp-content\/uploads\/2020\/03\/forum-za-bezbjednost-februar-1-300x222.jpg 300w, https:\/\/www.prijedordanas.com\/wp-content\/uploads\/2020\/03\/forum-za-bezbjednost-februar-1.jpg 675w\" sizes=\"(max-width: 300px) 100vw, 300px\" \/><\/a>Forum za bezbjednost zajednice grada Prijedora pozvao je na oprez pri spaljivanju korova, budu\u0107i da je, prema podacima prijedorske Teritorijalne vatrogasne jedinice, samo u februaru registrovano 46 po\u017eara na otvorenom, me\u0111u kojma je bilo i onih sa materijalnom \u0161tetom, a ve\u0107ina ih je izazvana nesavjesnim pona\u0161anjem pojedinaca.<\/p>\n<p>Forum apeluje i da nadle\u017eni inspekcijski organi poja\u010daju kontrolu na terenu kada je rije\u010d o paljenju vatre na otvorenom.<\/p>\n<p>Sugra\u0111ani su pozvani da prethodno urede prostor na kojem \u0107e spaljivati korov, da na jednom mjestu pale manje koli\u010dine gorivog materijala i da to ne \u010dine kada je vjetrovito.<\/p>\n<p><a href=\"https:\/\/www.prijedordanas.com\/wp-content\/uploads\/2020\/03\/tvjpd-pozari-na-otvorenom-1.jpg\"><img loading=\"lazy\" decoding=\"async\" src=\"https:\/\/www.prijedordanas.com\/wp-content\/uploads\/2020\/03\/tvjpd-pozari-na-otvorenom-1-300x221.jpg\" alt=\"\" width=\"300\" height=\"221\" class=\"alignleft size-medium wp-image-144141\" srcset=\"https:\/\/www.prijedordanas.com\/wp-content\/uploads\/2020\/03\/tvjpd-pozari-na-otvorenom-1-300x221.jpg 300w, https:\/\/www.prijedordanas.com\/wp-content\/uploads\/2020\/03\/tvjpd-pozari-na-otvorenom-1.jpg 678w\" sizes=\"(max-width: 300px) 100vw, 300px\" \/><\/a>&#8220;Prije spaljivanja treba da se jave na besplatan telefonski broj Teritorijalne vatrogasne jedinice Prijedor 123 i najave svoju aktivnost, dobiju potrebne stru\u010dne instrukcije i na revers pozajme opremu kojom \u0107e samostalno mo\u0107i da interveni\u0161u na po\u010detnim po\u017earima i sprije\u010de njihovo nekontrolisano \u0161irenje&#8221;, navodi se u zaklju\u010dku s dana\u0161nje sjednice ovog savjetodavnog tijela.<\/p>\n<p>Forum za bezbjednost zajednice osudio je i svaki oblik fizi\u010dkog i svakog drugog nasilja nad bilo kojim pojedincem ili grupom.<\/p>\n<p>&#8220;O\u010dekujemo da nadle\u017eni policijski i pravosudni organi dokumentuju i do kraja dovedu pravni proces koji je u toku&#8221;, zaklju\u010dak je Foruma na dopis Bora\u010dke organizacije grada Prijedora koja je i ovaj organ obavijestila o incidentu od 4. februara.<\/p>\n<p>Policijska uprava Prijedor ranije je saop\u0161tila da \u0107e protiv lica \u010diji su inicijali M.T. iz ovog grada prijedorskom Osnovnom sudu dostaviti zahtjev za pokretanje prekr\u0161ajnog postupka zbog po\u010dinjenih prekr\u0161aja tu\u010da i fizi\u010dki napad, te vrije\u0111anje lica sa inicijalima Z.P. iz Prijedora.<\/p>\n<p>Rije\u010d je o predsjedniku Bora\u010dke organizacije grada Prijedora Zoranu Predojevi\u0107u i poslaniku SDS-a u Narodnoj skup\u0161tini Republike Srpske Milanu Tubinu.<\/p>\n<p>Na sjednici je usvojen izvje\u0161taj o radu Foruma za pro\u0161lu godinu i program rada za ovu godinu. <\/p>\n<p>SRNA<\/p>\n","protected":false},"excerpt":{"rendered":"<p>Forum za bezbjednost zajednice grada Prijedora pozvao je na oprez pri spaljivanju korova, budu\u0107i da je, prema podacima prijedorske Teritorijalne vatrogasne jedinice, samo u februaru registrovano 46 po\u017eara na otvorenom, [&hellip;]<\/p>\n","protected":false},"author":1,"featured_media":0,"comment_status":"closed","ping_status":"open","sticky":false,"template":"","format":"standard","meta":{"_monsterinsights_skip_tracking":false,"_monsterinsights_sitenote_active":false,"_monsterinsights_sitenote_note":"","_monsterinsights_sitenote_category":0,"footnotes":""},"categories":[8],"tags":[],"yoast_head":"<!-- This site is optimized with the Yoast SEO plugin v21.6 - https:\/\/yoast.com\/wordpress\/plugins\/seo\/ -->\n<title>Forum za bezbjednost Prijedor: Samo u februaru 46 po\u017eara na otvorenom - PrijedorDanas.com - Prijedorski gradski portal<\/title>\n<meta name=\"robots\" content=\"index, follow, max-snippet:-1, max-image-preview:large, max-video-preview:-1\" \/>\n<link rel=\"canonical\" href=\"https:\/\/www.prijedordanas.com\/?p=143487\" \/>\n<meta property=\"og:locale\" content=\"en_US\" \/>\n<meta property=\"og:type\" content=\"article\" \/>\n<meta property=\"og:title\" content=\"Forum za bezbjednost Prijedor: Samo u februaru 46 po\u017eara na otvorenom - PrijedorDanas.com - Prijedorski gradski portal\" \/>\n<meta property=\"og:description\" content=\"Forum za bezbjednost zajednice grada Prijedora pozvao je na oprez pri spaljivanju korova, budu\u0107i da je, prema podacima prijedorske Teritorijalne vatrogasne jedinice, samo u februaru registrovano 46 po\u017eara na otvorenom, [&hellip;]\" \/>\n<meta property=\"og:url\" content=\"https:\/\/www.prijedordanas.com\/?p=143487\" \/>\n<meta property=\"og:site_name\" content=\"PrijedorDanas.com - Prijedorski gradski portal\" \/>\n<meta property=\"article:publisher\" content=\"https:\/\/www.facebook.com\/PrijedorDanasCom\/\" \/>\n<meta property=\"article:published_time\" content=\"2020-03-01T08:54:35+00:00\" \/>\n<meta property=\"article:modified_time\" content=\"2020-03-21T10:27:00+00:00\" \/>\n<meta property=\"og:image\" content=\"https:\/\/www.prijedordanas.com\/wp-content\/uploads\/2020\/03\/forum-za-bezbjednost-februar-1-300x222.jpg\" \/>\n<meta name=\"author\" content=\"admin\" \/>\n<meta name=\"twitter:card\" content=\"summary_large_image\" \/>\n<meta name=\"twitter:label1\" content=\"Written by\" \/>\n\t<meta name=\"twitter:data1\" content=\"admin\" \/>\n\t<meta name=\"twitter:label2\" content=\"Est. reading time\" \/>\n\t<meta name=\"twitter:data2\" content=\"2 minutes\" \/>\n<script type=\"application\/ld+json\" class=\"yoast-schema-graph\">{\"@context\":\"https:\/\/schema.org\",\"@graph\":[{\"@type\":\"Article\",\"@id\":\"https:\/\/www.prijedordanas.com\/?p=143487#article\",\"isPartOf\":{\"@id\":\"https:\/\/www.prijedordanas.com\/?p=143487\"},\"author\":{\"name\":\"admin\",\"@id\":\"https:\/\/www.prijedordanas.com\/#\/schema\/person\/4e08ccf29b506ca916ff86d46bb700e6\"},\"headline\":\"Forum za bezbjednost Prijedor: Samo u februaru 46 po\u017eara na otvorenom\",\"datePublished\":\"2020-03-01T08:54:35+00:00\",\"dateModified\":\"2020-03-21T10:27:00+00:00\",\"mainEntityOfPage\":{\"@id\":\"https:\/\/www.prijedordanas.com\/?p=143487\"},\"wordCount\":328,\"publisher\":{\"@id\":\"https:\/\/www.prijedordanas.com\/#organization\"},\"articleSection\":[\"Svakodnevno\"],\"inLanguage\":\"en-US\"},{\"@type\":\"WebPage\",\"@id\":\"https:\/\/www.prijedordanas.com\/?p=143487\",\"url\":\"https:\/\/www.prijedordanas.com\/?p=143487\",\"name\":\"Forum za bezbjednost Prijedor: Samo u februaru 46 po\u017eara na otvorenom - PrijedorDanas.com - Prijedorski gradski portal\",\"isPartOf\":{\"@id\":\"https:\/\/www.prijedordanas.com\/#website\"},\"datePublished\":\"2020-03-01T08:54:35+00:00\",\"dateModified\":\"2020-03-21T10:27:00+00:00\",\"breadcrumb\":{\"@id\":\"https:\/\/www.prijedordanas.com\/?p=143487#breadcrumb\"},\"inLanguage\":\"en-US\",\"potentialAction\":[{\"@type\":\"ReadAction\",\"target\":[\"https:\/\/www.prijedordanas.com\/?p=143487\"]}]},{\"@type\":\"BreadcrumbList\",\"@id\":\"https:\/\/www.prijedordanas.com\/?p=143487#breadcrumb\",\"itemListElement\":[{\"@type\":\"ListItem\",\"position\":1,\"name\":\"Home\",\"item\":\"https:\/\/www.prijedordanas.com\/\"},{\"@type\":\"ListItem\",\"position\":2,\"name\":\"Forum za bezbjednost Prijedor: Samo u februaru 46 po\u017eara na otvorenom\"}]},{\"@type\":\"WebSite\",\"@id\":\"https:\/\/www.prijedordanas.com\/#website\",\"url\":\"https:\/\/www.prijedordanas.com\/\",\"name\":\"PrijedorDanas.com - Prijedorski gradski portal\",\"description\":\"Portal o doga\u0111anjima u gradu Prijedoru\",\"publisher\":{\"@id\":\"https:\/\/www.prijedordanas.com\/#organization\"},\"potentialAction\":[{\"@type\":\"SearchAction\",\"target\":{\"@type\":\"EntryPoint\",\"urlTemplate\":\"https:\/\/www.prijedordanas.com\/?s={search_term_string}\"},\"query-input\":\"required name=search_term_string\"}],\"inLanguage\":\"en-US\"},{\"@type\":\"Organization\",\"@id\":\"https:\/\/www.prijedordanas.com\/#organization\",\"name\":\"PrijedorDanas.com\",\"url\":\"https:\/\/www.prijedordanas.com\/\",\"logo\":{\"@type\":\"ImageObject\",\"inLanguage\":\"en-US\",\"@id\":\"https:\/\/www.prijedordanas.com\/#\/schema\/logo\/image\/\",\"url\":\"http:\/\/www.prijedordanas.com\/wp-content\/uploads\/2021\/12\/logopng.png\",\"contentUrl\":\"http:\/\/www.prijedordanas.com\/wp-content\/uploads\/2021\/12\/logopng.png\",\"width\":1019,\"height\":776,\"caption\":\"PrijedorDanas.com\"},\"image\":{\"@id\":\"https:\/\/www.prijedordanas.com\/#\/schema\/logo\/image\/\"},\"sameAs\":[\"https:\/\/www.facebook.com\/PrijedorDanasCom\/\"]},{\"@type\":\"Person\",\"@id\":\"https:\/\/www.prijedordanas.com\/#\/schema\/person\/4e08ccf29b506ca916ff86d46bb700e6\",\"name\":\"admin\",\"image\":{\"@type\":\"ImageObject\",\"inLanguage\":\"en-US\",\"@id\":\"https:\/\/www.prijedordanas.com\/#\/schema\/person\/image\/\",\"url\":\"https:\/\/secure.gravatar.com\/avatar\/1d3fc949d550f0b53a5f0d51e06dfd79?s=96&d=mm&r=g\",\"contentUrl\":\"https:\/\/secure.gravatar.com\/avatar\/1d3fc949d550f0b53a5f0d51e06dfd79?s=96&d=mm&r=g\",\"caption\":\"admin\"},\"url\":\"https:\/\/www.prijedordanas.com\/?author=1\"}]}<\/script>\n<!-- \/ Yoast SEO plugin. -->","yoast_head_json":{"title":"Forum za bezbjednost Prijedor: Samo u februaru 46 po\u017eara na otvorenom - PrijedorDanas.com - Prijedorski gradski portal","robots":{"index":"index","follow":"follow","max-snippet":"max-snippet:-1","max-image-preview":"max-image-preview:large","max-video-preview":"max-video-preview:-1"},"canonical":"https:\/\/www.prijedordanas.com\/?p=143487","og_locale":"en_US","og_type":"article","og_title":"Forum za bezbjednost Prijedor: Samo u februaru 46 po\u017eara na otvorenom - PrijedorDanas.com - Prijedorski gradski portal","og_description":"Forum za bezbjednost zajednice grada Prijedora pozvao je na oprez pri spaljivanju korova, budu\u0107i da je, prema podacima prijedorske Teritorijalne vatrogasne jedinice, samo u februaru registrovano 46 po\u017eara na otvorenom, [&hellip;]","og_url":"https:\/\/www.prijedordanas.com\/?p=143487","og_site_name":"PrijedorDanas.com - Prijedorski gradski portal","article_publisher":"https:\/\/www.facebook.com\/PrijedorDanasCom\/","article_published_time":"2020-03-01T08:54:35+00:00","article_modified_time":"2020-03-21T10:27:00+00:00","og_image":[{"url":"https:\/\/www.prijedordanas.com\/wp-content\/uploads\/2020\/03\/forum-za-bezbjednost-februar-1-300x222.jpg"}],"author":"admin","twitter_card":"summary_large_image","twitter_misc":{"Written by":"admin","Est. reading time":"2 minutes"},"schema":{"@context":"https:\/\/schema.org","@graph":[{"@type":"Article","@id":"https:\/\/www.prijedordanas.com\/?p=143487#article","isPartOf":{"@id":"https:\/\/www.prijedordanas.com\/?p=143487"},"author":{"name":"admin","@id":"https:\/\/www.prijedordanas.com\/#\/schema\/person\/4e08ccf29b506ca916ff86d46bb700e6"},"headline":"Forum za bezbjednost Prijedor: Samo u februaru 46 po\u017eara na otvorenom","datePublished":"2020-03-01T08:54:35+00:00","dateModified":"2020-03-21T10:27:00+00:00","mainEntityOfPage":{"@id":"https:\/\/www.prijedordanas.com\/?p=143487"},"wordCount":328,"publisher":{"@id":"https:\/\/www.prijedordanas.com\/#organization"},"articleSection":["Svakodnevno"],"inLanguage":"en-US"},{"@type":"WebPage","@id":"https:\/\/www.prijedordanas.com\/?p=143487","url":"https:\/\/www.prijedordanas.com\/?p=143487","name":"Forum za bezbjednost Prijedor: Samo u februaru 46 po\u017eara na otvorenom - PrijedorDanas.com - Prijedorski gradski portal","isPartOf":{"@id":"https:\/\/www.prijedordanas.com\/#website"},"datePublished":"2020-03-01T08:54:35+00:00","dateModified":"2020-03-21T10:27:00+00:00","breadcrumb":{"@id":"https:\/\/www.prijedordanas.com\/?p=143487#breadcrumb"},"inLanguage":"en-US","potentialAction":[{"@type":"ReadAction","target":["https:\/\/www.prijedordanas.com\/?p=143487"]}]},{"@type":"BreadcrumbList","@id":"https:\/\/www.prijedordanas.com\/?p=143487#breadcrumb","itemListElement":[{"@type":"ListItem","position":1,"name":"Home","item":"https:\/\/www.prijedordanas.com\/"},{"@type":"ListItem","position":2,"name":"Forum za bezbjednost Prijedor: Samo u februaru 46 po\u017eara na otvorenom"}]},{"@type":"WebSite","@id":"https:\/\/www.prijedordanas.com\/#website","url":"https:\/\/www.prijedordanas.com\/","name":"PrijedorDanas.com - Prijedorski gradski portal","description":"Portal o doga\u0111anjima u gradu Prijedoru","publisher":{"@id":"https:\/\/www.prijedordanas.com\/#organization"},"potentialAction":[{"@type":"SearchAction","target":{"@type":"EntryPoint","urlTemplate":"https:\/\/www.prijedordanas.com\/?s={search_term_string}"},"query-input":"required name=search_term_string"}],"inLanguage":"en-US"},{"@type":"Organization","@id":"https:\/\/www.prijedordanas.com\/#organization","name":"PrijedorDanas.com","url":"https:\/\/www.prijedordanas.com\/","logo":{"@type":"ImageObject","inLanguage":"en-US","@id":"https:\/\/www.prijedordanas.com\/#\/schema\/logo\/image\/","url":"http:\/\/www.prijedordanas.com\/wp-content\/uploads\/2021\/12\/logopng.png","contentUrl":"http:\/\/www.prijedordanas.com\/wp-content\/uploads\/2021\/12\/logopng.png","width":1019,"height":776,"caption":"PrijedorDanas.com"},"image":{"@id":"https:\/\/www.prijedordanas.com\/#\/schema\/logo\/image\/"},"sameAs":["https:\/\/www.facebook.com\/PrijedorDanasCom\/"]},{"@type":"Person","@id":"https:\/\/www.prijedordanas.com\/#\/schema\/person\/4e08ccf29b506ca916ff86d46bb700e6","name":"admin","image":{"@type":"ImageObject","inLanguage":"en-US","@id":"https:\/\/www.prijedordanas.com\/#\/schema\/person\/image\/","url":"https:\/\/secure.gravatar.com\/avatar\/1d3fc949d550f0b53a5f0d51e06dfd79?s=96&d=mm&r=g","contentUrl":"https:\/\/secure.gravatar.com\/avatar\/1d3fc949d550f0b53a5f0d51e06dfd79?s=96&d=mm&r=g","caption":"admin"},"url":"https:\/\/www.prijedordanas.com\/?author=1"}]}},"_links":{"self":[{"href":"https:\/\/www.prijedordanas.com\/index.php?rest_route=\/wp\/v2\/posts\/143487"}],"collection":[{"href":"https:\/\/www.prijedordanas.com\/index.php?rest_route=\/wp\/v2\/posts"}],"about":[{"href":"https:\/\/www.prijedordanas.com\/index.php?rest_route=\/wp\/v2\/types\/post"}],"author":[{"embeddable":true,"href":"https:\/\/www.prijedordanas.com\/index.php?rest_route=\/wp\/v2\/users\/1"}],"replies":[{"embeddable":true,"href":"https:\/\/www.prijedordanas.com\/index.php?rest_route=%2Fwp%2Fv2%2Fcomments&post=143487"}],"version-history":[{"count":3,"href":"https:\/\/www.prijedordanas.com\/index.php?rest_route=\/wp\/v2\/posts\/143487\/revisions"}],"predecessor-version":[{"id":144143,"href":"https:\/\/www.prijedordanas.com\/index.php?rest_route=\/wp\/v2\/posts\/143487\/revisions\/144143"}],"wp:attachment":[{"href":"https:\/\/www.prijedordanas.com\/index.php?rest_route=%2Fwp%2Fv2%2Fmedia&parent=143487"}],"wp:term":[{"taxonomy":"category","embeddable":true,"href":"https:\/\/www.prijedordanas.com\/index.php?rest_route=%2Fwp%2Fv2%2Fcategories&post=143487"},{"taxonomy":"post_tag","embeddable":true,"href":"https:\/\/www.prijedordanas.com\/index.php?rest_route=%2Fwp%2Fv2%2Ftags&post=143487"}],"curies":[{"name":"wp","href":"https:\/\/api.w.org\/{rel}","templated":true}]}}