{"id":143317,"date":"2020-03-07T14:10:18","date_gmt":"2020-03-07T13:10:18","guid":{"rendered":"https:\/\/www.prijedordanas.com\/?p=143317"},"modified":"2020-03-07T14:10:18","modified_gmt":"2020-03-07T13:10:18","slug":"malverzacije-u-medzlisu-islamske-zajednice-pronevjera-250-000-maraka-prijedorska-policija-pokrenula-istragu","status":"publish","type":"post","link":"https:\/\/www.prijedordanas.com\/?p=143317","title":{"rendered":"Malverzacije u Med\u017elisu Islamske zajednice: Pronevjera 250.000 maraka, prijedorska policija pokrenula istragu"},"content":{"rendered":"<p><a href=\"https:\/\/www.prijedordanas.com\/wp-content\/uploads\/2019\/02\/pu-prijedor-februar-2019-2.jpg\"><img loading=\"lazy\" decoding=\"async\" src=\"https:\/\/www.prijedordanas.com\/wp-content\/uploads\/2019\/02\/pu-prijedor-februar-2019-2-300x222.jpg\" alt=\"\" width=\"300\" height=\"222\" class=\"alignleft size-medium wp-image-122178\" srcset=\"https:\/\/www.prijedordanas.com\/wp-content\/uploads\/2019\/02\/pu-prijedor-februar-2019-2-300x222.jpg 300w, https:\/\/www.prijedordanas.com\/wp-content\/uploads\/2019\/02\/pu-prijedor-februar-2019-2-100x74.jpg 100w, https:\/\/www.prijedordanas.com\/wp-content\/uploads\/2019\/02\/pu-prijedor-februar-2019-2.jpg 675w\" sizes=\"(max-width: 300px) 100vw, 300px\" \/><\/a>Prijedorska policija pokrenula je istragu o finansijskim malverzacijama u Med\u017elisu Islamske zajednice u Novom Gradu &#8220;te\u0161kim&#8221; vi\u0161e od 250.000 maraka, saznaju &#8220;Novosti&#8221;.<\/p>\n<p>Izvor blizak istrazi ka\u017ee da se pod lupom istra\u017eitelja nalaze biv\u0161i \u010delnici Med\u017elisa. Me\u0111u njima i Jasmin Karabegovi\u0107, nekada\u0161nji ministar unutra\u0161njih poslova Unsko-sanskog kantona, koji je hap\u0161en u predmetu &#8220;Bosna&#8221;, u kome je dobio imunitet od krivi\u010dnog gonjenja u zamenu za svedo\u010denje o zloupotrebama pri zapo\u0161ljavanju u javnim preduze\u0107ima.<\/p>\n<p>&#8211; Istraga se vodi na osnovu prijave koju je nedavno primila PU Prijedor, a kojoj su pobrojane razne finansijske malverzacije po\u010dinjene na \u0161tetu Med\u017elisa, a zbog kojeg su njihovi zaposleni, kao i sami vernici stekli veliko nepoverenje u ljude koji upravljaju Med\u017elisom &#8211; ka\u017ee izvor blizak istrazi.<\/p>\n<p>Poja\u0161njava da se istraga odnosi na proneveru vi\u0161e od 250.000 maraka od prodaje vakufske zemlje u Novom Gradu, koja je bila vlasni\u0161tvo Islamske zajednice. Zemlja je, ispod cene, prodata privatnoj firmi, koja je na njoj sagradila poslovni objekat.<\/p>\n<p>&#8211; Pored ugovorene cene, veoma je sporan i dalji tok novca od te prodaje, te gde je novac zavr\u0161io &#8211; tvrdi na\u0161 izvor.<\/p>\n<p>On navodi da su predmet istrage i navodne malverzacije sa novcem od donacija vernika.<\/p>\n<p>&#8211; Istraga je u po\u010detnoj fazi i nedavno su inspektori za privredni kriminalitet PU Prijedor boravili u Med\u017elisu. Tom prilikom su izuzeli svu relevantnu dokumentaciju radi utvr\u0111ivanja svih okolnosti i navoda iz prijave &#8211; ka\u017ee izvor &#8220;Novosti&#8221;, navode\u0107i da se proveravaju i navodi da je novcem Med\u017elisa finansirana porodica Bilala Bosni\u0107a, osu\u0111enog za vrbovanje i podsticanje na terorizam, te organizovanje teroristi\u010dkih grupa.<\/p>\n<p>Zanimljivo je i da su \u010dlanovi Povereni\u0161tva Med\u017elisa IZ Novi Grad nedavno podneli neopozive ostave na \u010dlanstvo i to predsednik Elvir Vakufac, i \u010dlanovi Hamdija Tali\u0107 i Ramiz Velad\u017ei\u0107. Kao razlog ostavke naveli su da se Med\u017elis nalazi u potpunoj blokadi i dubiozi u svim segmentima. Tvrde da su se tokom mandata suo\u010davali sa napadima i opstrukcijama s lokalnog nivoa, i da je i pored njihovih molbi izostala pomo\u0107 sa vi\u0161i nivoa IZ.<\/p>\n<p>&#8211; Svakog meseca, kao odgovorne osobe, bili smo u opasnosti i da krivi\u010dno odgovaramo zbog situacije za koju nismo uop\u0161te krivi &#8211; navodi se u ostavci.<\/p>\n<p>IZBORNI PROCES<\/p>\n<p>POSLE ostavke Povereni\u0161tvo Med\u017elisa IZ Novi Grad svoja ovla\u0161\u0107enja je prenela na muftiju biha\u0107kog hafiza Mehmeda-ef. Kudi\u0107a. Na pitanja &#8220;Novosti&#8221; u Muftijstvu odgovaraju da trenutno nemaju saznanja o istrazi.<\/p>\n<p>&#8211; Kada budemo raspolagali sa bilo kakvim informacijama koje su od interesa za javnost, rado \u0107emo ih podeliti &#8211; rekao je Nazif Horovi\u0107 iz slu\u017ebe za odnose s javno\u0161\u0107u Muftijstva biha\u0107kog.<\/p>\n<p>novosti.rs<\/p>\n","protected":false},"excerpt":{"rendered":"<p>Prijedorska policija pokrenula je istragu o finansijskim malverzacijama u Med\u017elisu Islamske zajednice u Novom Gradu &#8220;te\u0161kim&#8221; vi\u0161e od 250.000 maraka, saznaju &#8220;Novosti&#8221;. Izvor blizak istrazi ka\u017ee da se pod lupom [&hellip;]<\/p>\n","protected":false},"author":1,"featured_media":0,"comment_status":"closed","ping_status":"open","sticky":false,"template":"","format":"standard","meta":{"_monsterinsights_skip_tracking":false,"_monsterinsights_sitenote_active":false,"_monsterinsights_sitenote_note":"","_monsterinsights_sitenote_category":0,"footnotes":""},"categories":[5],"tags":[],"yoast_head":"<!-- This site is optimized with the Yoast SEO plugin v21.6 - https:\/\/yoast.com\/wordpress\/plugins\/seo\/ -->\n<title>Malverzacije u Med\u017elisu Islamske zajednice: Pronevjera 250.000 maraka, prijedorska policija pokrenula istragu - PrijedorDanas.com - Prijedorski gradski portal<\/title>\n<meta name=\"robots\" content=\"index, follow, max-snippet:-1, max-image-preview:large, max-video-preview:-1\" \/>\n<link rel=\"canonical\" href=\"https:\/\/www.prijedordanas.com\/?p=143317\" \/>\n<meta property=\"og:locale\" content=\"en_US\" \/>\n<meta property=\"og:type\" content=\"article\" \/>\n<meta property=\"og:title\" content=\"Malverzacije u Med\u017elisu Islamske zajednice: Pronevjera 250.000 maraka, prijedorska policija pokrenula istragu - PrijedorDanas.com - Prijedorski gradski portal\" \/>\n<meta property=\"og:description\" content=\"Prijedorska policija pokrenula je istragu o finansijskim malverzacijama u Med\u017elisu Islamske zajednice u Novom Gradu &#8220;te\u0161kim&#8221; vi\u0161e od 250.000 maraka, saznaju &#8220;Novosti&#8221;. Izvor blizak istrazi ka\u017ee da se pod lupom [&hellip;]\" \/>\n<meta property=\"og:url\" content=\"https:\/\/www.prijedordanas.com\/?p=143317\" \/>\n<meta property=\"og:site_name\" content=\"PrijedorDanas.com - Prijedorski gradski portal\" \/>\n<meta property=\"article:publisher\" content=\"https:\/\/www.facebook.com\/PrijedorDanasCom\/\" \/>\n<meta property=\"article:published_time\" content=\"2020-03-07T13:10:18+00:00\" \/>\n<meta property=\"og:image\" content=\"https:\/\/www.prijedordanas.com\/wp-content\/uploads\/2019\/02\/pu-prijedor-februar-2019-2-300x222.jpg\" \/>\n<meta name=\"author\" content=\"admin\" \/>\n<meta name=\"twitter:card\" content=\"summary_large_image\" \/>\n<meta name=\"twitter:label1\" content=\"Written by\" \/>\n\t<meta name=\"twitter:data1\" content=\"admin\" \/>\n\t<meta name=\"twitter:label2\" content=\"Est. reading time\" \/>\n\t<meta name=\"twitter:data2\" content=\"2 minutes\" \/>\n<script type=\"application\/ld+json\" class=\"yoast-schema-graph\">{\"@context\":\"https:\/\/schema.org\",\"@graph\":[{\"@type\":\"Article\",\"@id\":\"https:\/\/www.prijedordanas.com\/?p=143317#article\",\"isPartOf\":{\"@id\":\"https:\/\/www.prijedordanas.com\/?p=143317\"},\"author\":{\"name\":\"admin\",\"@id\":\"https:\/\/www.prijedordanas.com\/#\/schema\/person\/4e08ccf29b506ca916ff86d46bb700e6\"},\"headline\":\"Malverzacije u Med\u017elisu Islamske zajednice: Pronevjera 250.000 maraka, prijedorska policija pokrenula istragu\",\"datePublished\":\"2020-03-07T13:10:18+00:00\",\"dateModified\":\"2020-03-07T13:10:18+00:00\",\"mainEntityOfPage\":{\"@id\":\"https:\/\/www.prijedordanas.com\/?p=143317\"},\"wordCount\":476,\"publisher\":{\"@id\":\"https:\/\/www.prijedordanas.com\/#organization\"},\"articleSection\":[\"Hronika\"],\"inLanguage\":\"en-US\"},{\"@type\":\"WebPage\",\"@id\":\"https:\/\/www.prijedordanas.com\/?p=143317\",\"url\":\"https:\/\/www.prijedordanas.com\/?p=143317\",\"name\":\"Malverzacije u Med\u017elisu Islamske zajednice: Pronevjera 250.000 maraka, prijedorska policija pokrenula istragu - PrijedorDanas.com - Prijedorski gradski portal\",\"isPartOf\":{\"@id\":\"https:\/\/www.prijedordanas.com\/#website\"},\"datePublished\":\"2020-03-07T13:10:18+00:00\",\"dateModified\":\"2020-03-07T13:10:18+00:00\",\"breadcrumb\":{\"@id\":\"https:\/\/www.prijedordanas.com\/?p=143317#breadcrumb\"},\"inLanguage\":\"en-US\",\"potentialAction\":[{\"@type\":\"ReadAction\",\"target\":[\"https:\/\/www.prijedordanas.com\/?p=143317\"]}]},{\"@type\":\"BreadcrumbList\",\"@id\":\"https:\/\/www.prijedordanas.com\/?p=143317#breadcrumb\",\"itemListElement\":[{\"@type\":\"ListItem\",\"position\":1,\"name\":\"Home\",\"item\":\"https:\/\/www.prijedordanas.com\/\"},{\"@type\":\"ListItem\",\"position\":2,\"name\":\"Malverzacije u Med\u017elisu Islamske zajednice: Pronevjera 250.000 maraka, prijedorska policija pokrenula istragu\"}]},{\"@type\":\"WebSite\",\"@id\":\"https:\/\/www.prijedordanas.com\/#website\",\"url\":\"https:\/\/www.prijedordanas.com\/\",\"name\":\"PrijedorDanas.com - Prijedorski gradski portal\",\"description\":\"Portal o doga\u0111anjima u gradu Prijedoru\",\"publisher\":{\"@id\":\"https:\/\/www.prijedordanas.com\/#organization\"},\"potentialAction\":[{\"@type\":\"SearchAction\",\"target\":{\"@type\":\"EntryPoint\",\"urlTemplate\":\"https:\/\/www.prijedordanas.com\/?s={search_term_string}\"},\"query-input\":\"required name=search_term_string\"}],\"inLanguage\":\"en-US\"},{\"@type\":\"Organization\",\"@id\":\"https:\/\/www.prijedordanas.com\/#organization\",\"name\":\"PrijedorDanas.com\",\"url\":\"https:\/\/www.prijedordanas.com\/\",\"logo\":{\"@type\":\"ImageObject\",\"inLanguage\":\"en-US\",\"@id\":\"https:\/\/www.prijedordanas.com\/#\/schema\/logo\/image\/\",\"url\":\"http:\/\/www.prijedordanas.com\/wp-content\/uploads\/2021\/12\/logopng.png\",\"contentUrl\":\"http:\/\/www.prijedordanas.com\/wp-content\/uploads\/2021\/12\/logopng.png\",\"width\":1019,\"height\":776,\"caption\":\"PrijedorDanas.com\"},\"image\":{\"@id\":\"https:\/\/www.prijedordanas.com\/#\/schema\/logo\/image\/\"},\"sameAs\":[\"https:\/\/www.facebook.com\/PrijedorDanasCom\/\"]},{\"@type\":\"Person\",\"@id\":\"https:\/\/www.prijedordanas.com\/#\/schema\/person\/4e08ccf29b506ca916ff86d46bb700e6\",\"name\":\"admin\",\"image\":{\"@type\":\"ImageObject\",\"inLanguage\":\"en-US\",\"@id\":\"https:\/\/www.prijedordanas.com\/#\/schema\/person\/image\/\",\"url\":\"https:\/\/secure.gravatar.com\/avatar\/1d3fc949d550f0b53a5f0d51e06dfd79?s=96&d=mm&r=g\",\"contentUrl\":\"https:\/\/secure.gravatar.com\/avatar\/1d3fc949d550f0b53a5f0d51e06dfd79?s=96&d=mm&r=g\",\"caption\":\"admin\"},\"url\":\"https:\/\/www.prijedordanas.com\/?author=1\"}]}<\/script>\n<!-- \/ Yoast SEO plugin. -->","yoast_head_json":{"title":"Malverzacije u Med\u017elisu Islamske zajednice: Pronevjera 250.000 maraka, prijedorska policija pokrenula istragu - PrijedorDanas.com - Prijedorski gradski portal","robots":{"index":"index","follow":"follow","max-snippet":"max-snippet:-1","max-image-preview":"max-image-preview:large","max-video-preview":"max-video-preview:-1"},"canonical":"https:\/\/www.prijedordanas.com\/?p=143317","og_locale":"en_US","og_type":"article","og_title":"Malverzacije u Med\u017elisu Islamske zajednice: Pronevjera 250.000 maraka, prijedorska policija pokrenula istragu - PrijedorDanas.com - Prijedorski gradski portal","og_description":"Prijedorska policija pokrenula je istragu o finansijskim malverzacijama u Med\u017elisu Islamske zajednice u Novom Gradu &#8220;te\u0161kim&#8221; vi\u0161e od 250.000 maraka, saznaju &#8220;Novosti&#8221;. Izvor blizak istrazi ka\u017ee da se pod lupom [&hellip;]","og_url":"https:\/\/www.prijedordanas.com\/?p=143317","og_site_name":"PrijedorDanas.com - Prijedorski gradski portal","article_publisher":"https:\/\/www.facebook.com\/PrijedorDanasCom\/","article_published_time":"2020-03-07T13:10:18+00:00","og_image":[{"url":"https:\/\/www.prijedordanas.com\/wp-content\/uploads\/2019\/02\/pu-prijedor-februar-2019-2-300x222.jpg"}],"author":"admin","twitter_card":"summary_large_image","twitter_misc":{"Written by":"admin","Est. reading time":"2 minutes"},"schema":{"@context":"https:\/\/schema.org","@graph":[{"@type":"Article","@id":"https:\/\/www.prijedordanas.com\/?p=143317#article","isPartOf":{"@id":"https:\/\/www.prijedordanas.com\/?p=143317"},"author":{"name":"admin","@id":"https:\/\/www.prijedordanas.com\/#\/schema\/person\/4e08ccf29b506ca916ff86d46bb700e6"},"headline":"Malverzacije u Med\u017elisu Islamske zajednice: Pronevjera 250.000 maraka, prijedorska policija pokrenula istragu","datePublished":"2020-03-07T13:10:18+00:00","dateModified":"2020-03-07T13:10:18+00:00","mainEntityOfPage":{"@id":"https:\/\/www.prijedordanas.com\/?p=143317"},"wordCount":476,"publisher":{"@id":"https:\/\/www.prijedordanas.com\/#organization"},"articleSection":["Hronika"],"inLanguage":"en-US"},{"@type":"WebPage","@id":"https:\/\/www.prijedordanas.com\/?p=143317","url":"https:\/\/www.prijedordanas.com\/?p=143317","name":"Malverzacije u Med\u017elisu Islamske zajednice: Pronevjera 250.000 maraka, prijedorska policija pokrenula istragu - PrijedorDanas.com - Prijedorski gradski portal","isPartOf":{"@id":"https:\/\/www.prijedordanas.com\/#website"},"datePublished":"2020-03-07T13:10:18+00:00","dateModified":"2020-03-07T13:10:18+00:00","breadcrumb":{"@id":"https:\/\/www.prijedordanas.com\/?p=143317#breadcrumb"},"inLanguage":"en-US","potentialAction":[{"@type":"ReadAction","target":["https:\/\/www.prijedordanas.com\/?p=143317"]}]},{"@type":"BreadcrumbList","@id":"https:\/\/www.prijedordanas.com\/?p=143317#breadcrumb","itemListElement":[{"@type":"ListItem","position":1,"name":"Home","item":"https:\/\/www.prijedordanas.com\/"},{"@type":"ListItem","position":2,"name":"Malverzacije u Med\u017elisu Islamske zajednice: Pronevjera 250.000 maraka, prijedorska policija pokrenula istragu"}]},{"@type":"WebSite","@id":"https:\/\/www.prijedordanas.com\/#website","url":"https:\/\/www.prijedordanas.com\/","name":"PrijedorDanas.com - Prijedorski gradski portal","description":"Portal o doga\u0111anjima u gradu Prijedoru","publisher":{"@id":"https:\/\/www.prijedordanas.com\/#organization"},"potentialAction":[{"@type":"SearchAction","target":{"@type":"EntryPoint","urlTemplate":"https:\/\/www.prijedordanas.com\/?s={search_term_string}"},"query-input":"required name=search_term_string"}],"inLanguage":"en-US"},{"@type":"Organization","@id":"https:\/\/www.prijedordanas.com\/#organization","name":"PrijedorDanas.com","url":"https:\/\/www.prijedordanas.com\/","logo":{"@type":"ImageObject","inLanguage":"en-US","@id":"https:\/\/www.prijedordanas.com\/#\/schema\/logo\/image\/","url":"http:\/\/www.prijedordanas.com\/wp-content\/uploads\/2021\/12\/logopng.png","contentUrl":"http:\/\/www.prijedordanas.com\/wp-content\/uploads\/2021\/12\/logopng.png","width":1019,"height":776,"caption":"PrijedorDanas.com"},"image":{"@id":"https:\/\/www.prijedordanas.com\/#\/schema\/logo\/image\/"},"sameAs":["https:\/\/www.facebook.com\/PrijedorDanasCom\/"]},{"@type":"Person","@id":"https:\/\/www.prijedordanas.com\/#\/schema\/person\/4e08ccf29b506ca916ff86d46bb700e6","name":"admin","image":{"@type":"ImageObject","inLanguage":"en-US","@id":"https:\/\/www.prijedordanas.com\/#\/schema\/person\/image\/","url":"https:\/\/secure.gravatar.com\/avatar\/1d3fc949d550f0b53a5f0d51e06dfd79?s=96&d=mm&r=g","contentUrl":"https:\/\/secure.gravatar.com\/avatar\/1d3fc949d550f0b53a5f0d51e06dfd79?s=96&d=mm&r=g","caption":"admin"},"url":"https:\/\/www.prijedordanas.com\/?author=1"}]}},"_links":{"self":[{"href":"https:\/\/www.prijedordanas.com\/index.php?rest_route=\/wp\/v2\/posts\/143317"}],"collection":[{"href":"https:\/\/www.prijedordanas.com\/index.php?rest_route=\/wp\/v2\/posts"}],"about":[{"href":"https:\/\/www.prijedordanas.com\/index.php?rest_route=\/wp\/v2\/types\/post"}],"author":[{"embeddable":true,"href":"https:\/\/www.prijedordanas.com\/index.php?rest_route=\/wp\/v2\/users\/1"}],"replies":[{"embeddable":true,"href":"https:\/\/www.prijedordanas.com\/index.php?rest_route=%2Fwp%2Fv2%2Fcomments&post=143317"}],"version-history":[{"count":1,"href":"https:\/\/www.prijedordanas.com\/index.php?rest_route=\/wp\/v2\/posts\/143317\/revisions"}],"predecessor-version":[{"id":143318,"href":"https:\/\/www.prijedordanas.com\/index.php?rest_route=\/wp\/v2\/posts\/143317\/revisions\/143318"}],"wp:attachment":[{"href":"https:\/\/www.prijedordanas.com\/index.php?rest_route=%2Fwp%2Fv2%2Fmedia&parent=143317"}],"wp:term":[{"taxonomy":"category","embeddable":true,"href":"https:\/\/www.prijedordanas.com\/index.php?rest_route=%2Fwp%2Fv2%2Fcategories&post=143317"},{"taxonomy":"post_tag","embeddable":true,"href":"https:\/\/www.prijedordanas.com\/index.php?rest_route=%2Fwp%2Fv2%2Ftags&post=143317"}],"curies":[{"name":"wp","href":"https:\/\/api.w.org\/{rel}","templated":true}]}}