{"id":143036,"date":"2020-03-02T22:59:21","date_gmt":"2020-03-02T21:59:21","guid":{"rendered":"https:\/\/www.prijedordanas.com\/?p=143036"},"modified":"2020-03-02T22:59:21","modified_gmt":"2020-03-02T21:59:21","slug":"prijedor-stab-za-vanredne-situacije-nema-oboljelih-od-virusa-korona-na-snazi-preventiva-video","status":"publish","type":"post","link":"https:\/\/www.prijedordanas.com\/?p=143036","title":{"rendered":"Prijedor-\u0160tab za vanredne situacije: Nema oboljelih od virusa korona, na snazi preventiva &#8211; VIDEO"},"content":{"rendered":"<p><a href=\"https:\/\/www.prijedordanas.com\/wp-content\/uploads\/2020\/03\/stab-za-vanredne-situacije-korona-virus-1.jpg\"><img loading=\"lazy\" decoding=\"async\" class=\"alignleft size-medium wp-image-143067\" src=\"https:\/\/www.prijedordanas.com\/wp-content\/uploads\/2020\/03\/stab-za-vanredne-situacije-korona-virus-1-300x217.jpg\" alt=\"\" width=\"300\" height=\"217\" srcset=\"https:\/\/www.prijedordanas.com\/wp-content\/uploads\/2020\/03\/stab-za-vanredne-situacije-korona-virus-1-300x217.jpg 300w, https:\/\/www.prijedordanas.com\/wp-content\/uploads\/2020\/03\/stab-za-vanredne-situacije-korona-virus-1.jpg 690w\" sizes=\"(max-width: 300px) 100vw, 300px\" \/><\/a>Na podru\u010dju Prijedora do sada nije bilo pojave obolijevanja od virusa korona, saop\u0161tio je danas gradski \u0160tab za vanredne situacije.<\/p>\n<p>Gradona\u010delnik Prijedora Milenko \u0110akovi\u0107 rekao je da se \u0160tab danas sastao kako bi uva\u017eila preporuka Ministarstva zdravlja i socijalne za\u0161tite Republike Srpske i Instituta za javno zdravstvo Republike Srpske u smislu prevencije i reagovanja u slu\u010daju pojave ovog virusa.<\/p>\n<p>&#8220;Na\u0161a je \u017eelja da djelujemo preventivno jer u Prijedoru nije zabilje\u017een nijedan slu\u010daj. \u017delimo da uka\u017eemo javnosti na prevenciju i da nema razloga za paniku, potrebno je samo po\u0161tovati mjere&#8221;, rekao je \u0110akovi\u0107 novinarima u Prijedoru nakon sjednice \u0160taba.<\/p>\n<p><a href=\"https:\/\/www.prijedordanas.com\/wp-content\/uploads\/2020\/03\/stab-za-vanredne-situacije-korona-virus-2.jpg\"><img loading=\"lazy\" decoding=\"async\" class=\"alignleft size-medium wp-image-143068\" src=\"https:\/\/www.prijedordanas.com\/wp-content\/uploads\/2020\/03\/stab-za-vanredne-situacije-korona-virus-2-300x217.jpg\" alt=\"\" width=\"300\" height=\"217\" srcset=\"https:\/\/www.prijedordanas.com\/wp-content\/uploads\/2020\/03\/stab-za-vanredne-situacije-korona-virus-2-300x217.jpg 300w, https:\/\/www.prijedordanas.com\/wp-content\/uploads\/2020\/03\/stab-za-vanredne-situacije-korona-virus-2.jpg 690w\" sizes=\"(max-width: 300px) 100vw, 300px\" \/><\/a>Epidemiolog u prijedorskom Domu zdravlja Milica Otkovi\u0107 rekla je da je u Prijedoru pod nadzorom bilo sedam lica koja su putovala u Italiju, ali su bila udaljena 300 do 400 kilometara od mjesta zahva\u0107enih virusom korona.<\/p>\n<p>&#8220;Prema preporukama Ministarstva i Instituta oni su bili pod nadzorom, a rezultati jutro\u0161njeg anketiranja pokazali su da nijedan od njih nema simptome oboljenja&#8221;, navela je Otkovi\u0107eva.<\/p>\n<p>Otkovi\u0107eva je pozvala i druge gra\u0111ane koji dolaze iz Italije da se jave Higijensko-epidemiolo\u0161koj slu\u017ebi Doma zdravlja Prijedor na broj telefona 052\/238-104.<\/p>\n<p>&#8220;Na taj na\u010din \u0107emo se najbolje odbraniti i ne\u0107emo dozvoliti \u0161irenje. Javljanjem imamo nadzor, telefonskim putem im dajemo preporuke i imamo potpunu sliku&#8221;, istakla je Otkovi\u0107eva.<\/p>\n<p><a href=\"https:\/\/www.prijedordanas.com\/wp-content\/uploads\/2020\/03\/stab-za-vanredne-situacije-korona-virus-3.jpg\"><img loading=\"lazy\" decoding=\"async\" class=\"alignleft size-medium wp-image-143069\" src=\"https:\/\/www.prijedordanas.com\/wp-content\/uploads\/2020\/03\/stab-za-vanredne-situacije-korona-virus-3-300x217.jpg\" alt=\"\" width=\"300\" height=\"217\" srcset=\"https:\/\/www.prijedordanas.com\/wp-content\/uploads\/2020\/03\/stab-za-vanredne-situacije-korona-virus-3-300x217.jpg 300w, https:\/\/www.prijedordanas.com\/wp-content\/uploads\/2020\/03\/stab-za-vanredne-situacije-korona-virus-3.jpg 690w\" sizes=\"(max-width: 300px) 100vw, 300px\" \/><\/a>Ona je naglasila da se no\u0161enje maske na javnim mjestima preporu\u010duje onima koji imaju neko akutno respiratorno oboljenje.<\/p>\n<p>&#8220;Oboljenja sli\u010dna gripu su u padu. Vrhunac su imala pro\u0161le i pretpro\u0161le sedmice, te sada jenjavaju&#8221;, rekla je Otkovi\u0107eva.<\/p>\n<p>Gradski \u0160tab za vanredne situacije obavezao je zdravstvene ustanove na podru\u010dju Prijedora da preduzimaju sve neophodne mjere izolacije i lije\u010denja eventualno oboljelih od virusa korona i hitno obezbijede za\u0161titnu opremu i dezinfekciona sredstva, u skladu sa potrebama lije\u010denja oboljelih i za\u0161tite medicinskog osoblja.<\/p>\n<p><a href=\"https:\/\/www.prijedordanas.com\/wp-content\/uploads\/2020\/03\/stab-za-vanredne-situacije-korona-virus-5.jpg\"><img loading=\"lazy\" decoding=\"async\" src=\"https:\/\/www.prijedordanas.com\/wp-content\/uploads\/2020\/03\/stab-za-vanredne-situacije-korona-virus-5-300x217.jpg\" alt=\"\" width=\"300\" height=\"217\" class=\"alignleft size-medium wp-image-143070\" srcset=\"https:\/\/www.prijedordanas.com\/wp-content\/uploads\/2020\/03\/stab-za-vanredne-situacije-korona-virus-5-300x217.jpg 300w, https:\/\/www.prijedordanas.com\/wp-content\/uploads\/2020\/03\/stab-za-vanredne-situacije-korona-virus-5.jpg 690w\" sizes=\"(max-width: 300px) 100vw, 300px\" \/><\/a>&#8220;Obavezuje se Dom zdravlja Prijedor da obezbijedi prostorije za izolaciju lica koja su bila u kontaktu sa oboljelim, odnosno licem za koje se sumnja da je oboljelo od bolesti izazvane virusom korona. Obavezuju se javna preduze\u0107a i ustanove, te druga pravna lica da intenziviraju sprovo\u0111enje mjera dezinfekcije, dezinsekcije i deratizacije u objektima u kojima obavljaju svoju djelatnost&#8221;, navedeno je u zaklju\u010dcima \u0160taba.<\/p>\n<p>I zdravstvenoj i veterinarskoj inspekciji nare\u0111eno je da intenziviraju kontrolu sprovo\u0111enja sanitarno-higijenskih mjera i preventivnih mjera za\u0161tite zdravlja stanovni\u0161tva.<\/p>\n<p>SRNA<\/p>\n<p><iframe loading=\"lazy\" title=\"Nema zaraze korona virusom - Prijedor (BN TV 2020) HD\" width=\"500\" height=\"281\" src=\"https:\/\/www.youtube.com\/embed\/tSG8PcR5uqc?feature=oembed\" frameborder=\"0\" allow=\"accelerometer; autoplay; encrypted-media; gyroscope; picture-in-picture\" allowfullscreen><\/iframe><\/p>\n<div style=\"width: 640px;\" class=\"wp-video\"><!--[if lt IE 9]><script>document.createElement('video');<\/script><![endif]-->\n<video class=\"wp-video-shortcode\" id=\"video-143036-1\" width=\"640\" height=\"360\" preload=\"metadata\" controls=\"controls\"><source type=\"video\/mp4\" src=\"https:\/\/arh5.rtrs.tv\/arhiva\/2020\/03\/02\/02_03_2020_dnevnik_1_z76mj_live_Vvy.mp4?_=1\" \/><a href=\"https:\/\/arh5.rtrs.tv\/arhiva\/2020\/03\/02\/02_03_2020_dnevnik_1_z76mj_live_Vvy.mp4\">https:\/\/arh5.rtrs.tv\/arhiva\/2020\/03\/02\/02_03_2020_dnevnik_1_z76mj_live_Vvy.mp4<\/a><\/video><\/div>\n","protected":false},"excerpt":{"rendered":"<p>Na podru\u010dju Prijedora do sada nije bilo pojave obolijevanja od virusa korona, saop\u0161tio je danas gradski \u0160tab za vanredne situacije. Gradona\u010delnik Prijedora Milenko \u0110akovi\u0107 rekao je da se \u0160tab danas [&hellip;]<\/p>\n","protected":false},"author":1,"featured_media":0,"comment_status":"closed","ping_status":"open","sticky":false,"template":"","format":"standard","meta":{"_monsterinsights_skip_tracking":false,"_monsterinsights_sitenote_active":false,"_monsterinsights_sitenote_note":"","_monsterinsights_sitenote_category":0,"footnotes":""},"categories":[4],"tags":[],"yoast_head":"<!-- This site is optimized with the Yoast SEO plugin v21.6 - https:\/\/yoast.com\/wordpress\/plugins\/seo\/ -->\n<title>Prijedor-\u0160tab za vanredne situacije: Nema oboljelih od virusa korona, na snazi preventiva - VIDEO - PrijedorDanas.com - Prijedorski gradski portal<\/title>\n<meta name=\"robots\" content=\"index, follow, max-snippet:-1, max-image-preview:large, max-video-preview:-1\" \/>\n<link rel=\"canonical\" href=\"https:\/\/www.prijedordanas.com\/?p=143036\" \/>\n<meta property=\"og:locale\" content=\"en_US\" \/>\n<meta property=\"og:type\" content=\"article\" \/>\n<meta property=\"og:title\" content=\"Prijedor-\u0160tab za vanredne situacije: Nema oboljelih od virusa korona, na snazi preventiva - VIDEO - PrijedorDanas.com - Prijedorski gradski portal\" \/>\n<meta property=\"og:description\" content=\"Na podru\u010dju Prijedora do sada nije bilo pojave obolijevanja od virusa korona, saop\u0161tio je danas gradski \u0160tab za vanredne situacije. Gradona\u010delnik Prijedora Milenko \u0110akovi\u0107 rekao je da se \u0160tab danas [&hellip;]\" \/>\n<meta property=\"og:url\" content=\"https:\/\/www.prijedordanas.com\/?p=143036\" \/>\n<meta property=\"og:site_name\" content=\"PrijedorDanas.com - Prijedorski gradski portal\" \/>\n<meta property=\"article:publisher\" content=\"https:\/\/www.facebook.com\/PrijedorDanasCom\/\" \/>\n<meta property=\"article:published_time\" content=\"2020-03-02T21:59:21+00:00\" \/>\n<meta property=\"og:image\" content=\"https:\/\/www.prijedordanas.com\/wp-content\/uploads\/2020\/03\/stab-za-vanredne-situacije-korona-virus-1-300x217.jpg\" \/>\n<meta name=\"author\" content=\"admin\" \/>\n<meta name=\"twitter:card\" content=\"summary_large_image\" \/>\n<meta name=\"twitter:label1\" content=\"Written by\" \/>\n\t<meta name=\"twitter:data1\" content=\"admin\" \/>\n\t<meta name=\"twitter:label2\" content=\"Est. reading time\" \/>\n\t<meta name=\"twitter:data2\" content=\"2 minutes\" \/>\n<script type=\"application\/ld+json\" class=\"yoast-schema-graph\">{\"@context\":\"https:\/\/schema.org\",\"@graph\":[{\"@type\":\"Article\",\"@id\":\"https:\/\/www.prijedordanas.com\/?p=143036#article\",\"isPartOf\":{\"@id\":\"https:\/\/www.prijedordanas.com\/?p=143036\"},\"author\":{\"name\":\"admin\",\"@id\":\"https:\/\/www.prijedordanas.com\/#\/schema\/person\/4e08ccf29b506ca916ff86d46bb700e6\"},\"headline\":\"Prijedor-\u0160tab za vanredne situacije: Nema oboljelih od virusa korona, na snazi preventiva &#8211; VIDEO\",\"datePublished\":\"2020-03-02T21:59:21+00:00\",\"dateModified\":\"2020-03-02T21:59:21+00:00\",\"mainEntityOfPage\":{\"@id\":\"https:\/\/www.prijedordanas.com\/?p=143036\"},\"wordCount\":439,\"publisher\":{\"@id\":\"https:\/\/www.prijedordanas.com\/#organization\"},\"articleSection\":[\"Dru\u0161tvo\"],\"inLanguage\":\"en-US\"},{\"@type\":\"WebPage\",\"@id\":\"https:\/\/www.prijedordanas.com\/?p=143036\",\"url\":\"https:\/\/www.prijedordanas.com\/?p=143036\",\"name\":\"Prijedor-\u0160tab za vanredne situacije: Nema oboljelih od virusa korona, na snazi preventiva - VIDEO - PrijedorDanas.com - Prijedorski gradski portal\",\"isPartOf\":{\"@id\":\"https:\/\/www.prijedordanas.com\/#website\"},\"datePublished\":\"2020-03-02T21:59:21+00:00\",\"dateModified\":\"2020-03-02T21:59:21+00:00\",\"breadcrumb\":{\"@id\":\"https:\/\/www.prijedordanas.com\/?p=143036#breadcrumb\"},\"inLanguage\":\"en-US\",\"potentialAction\":[{\"@type\":\"ReadAction\",\"target\":[\"https:\/\/www.prijedordanas.com\/?p=143036\"]}]},{\"@type\":\"BreadcrumbList\",\"@id\":\"https:\/\/www.prijedordanas.com\/?p=143036#breadcrumb\",\"itemListElement\":[{\"@type\":\"ListItem\",\"position\":1,\"name\":\"Home\",\"item\":\"https:\/\/www.prijedordanas.com\/\"},{\"@type\":\"ListItem\",\"position\":2,\"name\":\"Prijedor-\u0160tab za vanredne situacije: Nema oboljelih od virusa korona, na snazi preventiva &#8211; VIDEO\"}]},{\"@type\":\"WebSite\",\"@id\":\"https:\/\/www.prijedordanas.com\/#website\",\"url\":\"https:\/\/www.prijedordanas.com\/\",\"name\":\"PrijedorDanas.com - Prijedorski gradski portal\",\"description\":\"Portal o doga\u0111anjima u gradu Prijedoru\",\"publisher\":{\"@id\":\"https:\/\/www.prijedordanas.com\/#organization\"},\"potentialAction\":[{\"@type\":\"SearchAction\",\"target\":{\"@type\":\"EntryPoint\",\"urlTemplate\":\"https:\/\/www.prijedordanas.com\/?s={search_term_string}\"},\"query-input\":\"required name=search_term_string\"}],\"inLanguage\":\"en-US\"},{\"@type\":\"Organization\",\"@id\":\"https:\/\/www.prijedordanas.com\/#organization\",\"name\":\"PrijedorDanas.com\",\"url\":\"https:\/\/www.prijedordanas.com\/\",\"logo\":{\"@type\":\"ImageObject\",\"inLanguage\":\"en-US\",\"@id\":\"https:\/\/www.prijedordanas.com\/#\/schema\/logo\/image\/\",\"url\":\"http:\/\/www.prijedordanas.com\/wp-content\/uploads\/2021\/12\/logopng.png\",\"contentUrl\":\"http:\/\/www.prijedordanas.com\/wp-content\/uploads\/2021\/12\/logopng.png\",\"width\":1019,\"height\":776,\"caption\":\"PrijedorDanas.com\"},\"image\":{\"@id\":\"https:\/\/www.prijedordanas.com\/#\/schema\/logo\/image\/\"},\"sameAs\":[\"https:\/\/www.facebook.com\/PrijedorDanasCom\/\"]},{\"@type\":\"Person\",\"@id\":\"https:\/\/www.prijedordanas.com\/#\/schema\/person\/4e08ccf29b506ca916ff86d46bb700e6\",\"name\":\"admin\",\"image\":{\"@type\":\"ImageObject\",\"inLanguage\":\"en-US\",\"@id\":\"https:\/\/www.prijedordanas.com\/#\/schema\/person\/image\/\",\"url\":\"https:\/\/secure.gravatar.com\/avatar\/1d3fc949d550f0b53a5f0d51e06dfd79?s=96&d=mm&r=g\",\"contentUrl\":\"https:\/\/secure.gravatar.com\/avatar\/1d3fc949d550f0b53a5f0d51e06dfd79?s=96&d=mm&r=g\",\"caption\":\"admin\"},\"url\":\"https:\/\/www.prijedordanas.com\/?author=1\"}]}<\/script>\n<!-- \/ Yoast SEO plugin. -->","yoast_head_json":{"title":"Prijedor-\u0160tab za vanredne situacije: Nema oboljelih od virusa korona, na snazi preventiva - VIDEO - PrijedorDanas.com - Prijedorski gradski portal","robots":{"index":"index","follow":"follow","max-snippet":"max-snippet:-1","max-image-preview":"max-image-preview:large","max-video-preview":"max-video-preview:-1"},"canonical":"https:\/\/www.prijedordanas.com\/?p=143036","og_locale":"en_US","og_type":"article","og_title":"Prijedor-\u0160tab za vanredne situacije: Nema oboljelih od virusa korona, na snazi preventiva - VIDEO - PrijedorDanas.com - Prijedorski gradski portal","og_description":"Na podru\u010dju Prijedora do sada nije bilo pojave obolijevanja od virusa korona, saop\u0161tio je danas gradski \u0160tab za vanredne situacije. Gradona\u010delnik Prijedora Milenko \u0110akovi\u0107 rekao je da se \u0160tab danas [&hellip;]","og_url":"https:\/\/www.prijedordanas.com\/?p=143036","og_site_name":"PrijedorDanas.com - Prijedorski gradski portal","article_publisher":"https:\/\/www.facebook.com\/PrijedorDanasCom\/","article_published_time":"2020-03-02T21:59:21+00:00","og_image":[{"url":"https:\/\/www.prijedordanas.com\/wp-content\/uploads\/2020\/03\/stab-za-vanredne-situacije-korona-virus-1-300x217.jpg"}],"author":"admin","twitter_card":"summary_large_image","twitter_misc":{"Written by":"admin","Est. reading time":"2 minutes"},"schema":{"@context":"https:\/\/schema.org","@graph":[{"@type":"Article","@id":"https:\/\/www.prijedordanas.com\/?p=143036#article","isPartOf":{"@id":"https:\/\/www.prijedordanas.com\/?p=143036"},"author":{"name":"admin","@id":"https:\/\/www.prijedordanas.com\/#\/schema\/person\/4e08ccf29b506ca916ff86d46bb700e6"},"headline":"Prijedor-\u0160tab za vanredne situacije: Nema oboljelih od virusa korona, na snazi preventiva &#8211; VIDEO","datePublished":"2020-03-02T21:59:21+00:00","dateModified":"2020-03-02T21:59:21+00:00","mainEntityOfPage":{"@id":"https:\/\/www.prijedordanas.com\/?p=143036"},"wordCount":439,"publisher":{"@id":"https:\/\/www.prijedordanas.com\/#organization"},"articleSection":["Dru\u0161tvo"],"inLanguage":"en-US"},{"@type":"WebPage","@id":"https:\/\/www.prijedordanas.com\/?p=143036","url":"https:\/\/www.prijedordanas.com\/?p=143036","name":"Prijedor-\u0160tab za vanredne situacije: Nema oboljelih od virusa korona, na snazi preventiva - VIDEO - PrijedorDanas.com - Prijedorski gradski portal","isPartOf":{"@id":"https:\/\/www.prijedordanas.com\/#website"},"datePublished":"2020-03-02T21:59:21+00:00","dateModified":"2020-03-02T21:59:21+00:00","breadcrumb":{"@id":"https:\/\/www.prijedordanas.com\/?p=143036#breadcrumb"},"inLanguage":"en-US","potentialAction":[{"@type":"ReadAction","target":["https:\/\/www.prijedordanas.com\/?p=143036"]}]},{"@type":"BreadcrumbList","@id":"https:\/\/www.prijedordanas.com\/?p=143036#breadcrumb","itemListElement":[{"@type":"ListItem","position":1,"name":"Home","item":"https:\/\/www.prijedordanas.com\/"},{"@type":"ListItem","position":2,"name":"Prijedor-\u0160tab za vanredne situacije: Nema oboljelih od virusa korona, na snazi preventiva &#8211; VIDEO"}]},{"@type":"WebSite","@id":"https:\/\/www.prijedordanas.com\/#website","url":"https:\/\/www.prijedordanas.com\/","name":"PrijedorDanas.com - Prijedorski gradski portal","description":"Portal o doga\u0111anjima u gradu Prijedoru","publisher":{"@id":"https:\/\/www.prijedordanas.com\/#organization"},"potentialAction":[{"@type":"SearchAction","target":{"@type":"EntryPoint","urlTemplate":"https:\/\/www.prijedordanas.com\/?s={search_term_string}"},"query-input":"required name=search_term_string"}],"inLanguage":"en-US"},{"@type":"Organization","@id":"https:\/\/www.prijedordanas.com\/#organization","name":"PrijedorDanas.com","url":"https:\/\/www.prijedordanas.com\/","logo":{"@type":"ImageObject","inLanguage":"en-US","@id":"https:\/\/www.prijedordanas.com\/#\/schema\/logo\/image\/","url":"http:\/\/www.prijedordanas.com\/wp-content\/uploads\/2021\/12\/logopng.png","contentUrl":"http:\/\/www.prijedordanas.com\/wp-content\/uploads\/2021\/12\/logopng.png","width":1019,"height":776,"caption":"PrijedorDanas.com"},"image":{"@id":"https:\/\/www.prijedordanas.com\/#\/schema\/logo\/image\/"},"sameAs":["https:\/\/www.facebook.com\/PrijedorDanasCom\/"]},{"@type":"Person","@id":"https:\/\/www.prijedordanas.com\/#\/schema\/person\/4e08ccf29b506ca916ff86d46bb700e6","name":"admin","image":{"@type":"ImageObject","inLanguage":"en-US","@id":"https:\/\/www.prijedordanas.com\/#\/schema\/person\/image\/","url":"https:\/\/secure.gravatar.com\/avatar\/1d3fc949d550f0b53a5f0d51e06dfd79?s=96&d=mm&r=g","contentUrl":"https:\/\/secure.gravatar.com\/avatar\/1d3fc949d550f0b53a5f0d51e06dfd79?s=96&d=mm&r=g","caption":"admin"},"url":"https:\/\/www.prijedordanas.com\/?author=1"}]}},"_links":{"self":[{"href":"https:\/\/www.prijedordanas.com\/index.php?rest_route=\/wp\/v2\/posts\/143036"}],"collection":[{"href":"https:\/\/www.prijedordanas.com\/index.php?rest_route=\/wp\/v2\/posts"}],"about":[{"href":"https:\/\/www.prijedordanas.com\/index.php?rest_route=\/wp\/v2\/types\/post"}],"author":[{"embeddable":true,"href":"https:\/\/www.prijedordanas.com\/index.php?rest_route=\/wp\/v2\/users\/1"}],"replies":[{"embeddable":true,"href":"https:\/\/www.prijedordanas.com\/index.php?rest_route=%2Fwp%2Fv2%2Fcomments&post=143036"}],"version-history":[{"count":2,"href":"https:\/\/www.prijedordanas.com\/index.php?rest_route=\/wp\/v2\/posts\/143036\/revisions"}],"predecessor-version":[{"id":143071,"href":"https:\/\/www.prijedordanas.com\/index.php?rest_route=\/wp\/v2\/posts\/143036\/revisions\/143071"}],"wp:attachment":[{"href":"https:\/\/www.prijedordanas.com\/index.php?rest_route=%2Fwp%2Fv2%2Fmedia&parent=143036"}],"wp:term":[{"taxonomy":"category","embeddable":true,"href":"https:\/\/www.prijedordanas.com\/index.php?rest_route=%2Fwp%2Fv2%2Fcategories&post=143036"},{"taxonomy":"post_tag","embeddable":true,"href":"https:\/\/www.prijedordanas.com\/index.php?rest_route=%2Fwp%2Fv2%2Ftags&post=143036"}],"curies":[{"name":"wp","href":"https:\/\/api.w.org\/{rel}","templated":true}]}}