{"id":142949,"date":"2020-03-01T00:53:09","date_gmt":"2020-02-29T23:53:09","guid":{"rendered":"https:\/\/www.prijedordanas.com\/?p=142949"},"modified":"2020-03-01T00:53:09","modified_gmt":"2020-02-29T23:53:09","slug":"prijedor-vukovic-i-railic-optuzeni-da-su-izboli-poznanika-jer-ih-je-cinkario-policiji","status":"publish","type":"post","link":"https:\/\/www.prijedordanas.com\/?p=142949","title":{"rendered":"Prijedor: Vukovi\u0107 i Raili\u0107 optu\u017eeni da su izboli poznanika jer ih je cinkario policiji"},"content":{"rendered":"<p><a href=\"https:\/\/www.prijedordanas.com\/wp-content\/uploads\/2020\/03\/glas-vukovic-railic.jpg\"><img loading=\"lazy\" decoding=\"async\" src=\"https:\/\/www.prijedordanas.com\/wp-content\/uploads\/2020\/03\/glas-vukovic-railic-300x217.jpg\" alt=\"\" width=\"300\" height=\"217\" class=\"alignleft size-medium wp-image-142950\" srcset=\"https:\/\/www.prijedordanas.com\/wp-content\/uploads\/2020\/03\/glas-vukovic-railic-300x217.jpg 300w, https:\/\/www.prijedordanas.com\/wp-content\/uploads\/2020\/03\/glas-vukovic-railic.jpg 690w\" sizes=\"(max-width: 300px) 100vw, 300px\" \/><\/a>Vanja Vukovi\u0107 (35) i Dalibor Raili\u0107 (35) iz Prijedora, optu\u017eeni su za brutalan napad na sugra\u0111anina Mihajla Stupara koga su vi\u0161e puta izboli no\u017eem po cijelom tijelu, potvr\u0111eno je \u201cGlasu Srpske\u201d.<\/p>\n<p>Optu\u017enicu protiv dvojca, od ranije poznatih po te\u0161kim krivi\u010dnim djelima, podiglo je Okru\u017eno javno tu\u017eila\u0161tvo u Prijedoru, a potvrdio je Osnovnu sud.<\/p>\n<p>Vukovi\u0107u i Raili\u0107u na teret je stavljena tjelesna povreda, a prema optu\u017enici Stupara su napali 22. juna 2018. godine kada su se sva trojica sastala u jednom od gradskih kafi\u0107a. Optu\u017eeni dvojac je \u017ertvu pozvao da se s njima ide provozati automobilom \u201cgolf\u201d, na \u0161to je on  pristao. Odvezli su se u \u0161umu kod Orlovaca nedaleko od Prijedora gdje se desio napad. Stupar je sjedio na mjestu suvoza\u010da, a vozilom je upravljao Vukovi\u0107, dok je Raili\u0107 sjedio pozadi.<\/p>\n<p>U optu\u017enici se navodi da je prvo Vukovi\u0107 no\u017eem ubo Stupara u lijevo rame, nakon \u010dega se u napad uklju\u010dio i Raili\u0107 koji je tako\u0111e imao no\u017e. Obojica su \u017ertvu no\u017eem ubadali i nanijeli su mu povrede u predjelu grudnog ko\u0161a,  le\u0111a, nogu i ruku. Tom prilikom su galamili na njega i pitali ga za\u0161to ih odaje policiji i \u201cuvaljuje\u201d. Stupar je nekako uspio da se otme napada\u010dima, pobjegne i potom ode u bolnicu u Prijedoru u koju je stigao sav krvav. Ljekari su slu\u010daj odmah prijavili policiji nakon \u010dega su ubrzo uhap\u0161eni Vukovi\u0107 i Raili\u0107. Stupar je tada zadr\u017ean na lije\u010denju u bolnici \u201cDr Mladen Stojanovi\u0107\u201d gdje se oporavio. Navodno je imao i sre\u0107e, jer je o\u0161trica no\u017ea za samo centimetar ili dva proma\u0161ila plu\u0107nu maramicu. <\/p>\n<p>Vukovi\u0107 i Raili\u0107 su dobro poznati policiji po raznim krivi\u010dnim djelima i osu\u0111ivani su. Policijski dosije ima i njihova \u017ertva Stupar  koji je hap\u0161en 2015. zbog sumnje da je bio dio grupe koja se bavila \u0161vercom droge. Vukovi\u0107 je krajem 2018. godine pravosna\u017eno osu\u0111en na pet godina zatvora zbog u\u010de\u0161\u0107a u \u0161vercu heroina u vrijednosti od oko 50.000 KM. Ranije je odle\u017eao kaznu od 30 mjeseci zatvora zbog podmetanja eksploziva pod automobil biv\u0161eg na\u010delnika Odjeljenja za suzbijanje narkotika u tada\u0161njem Centru javne bezbjednosti Banjaluka Gorana Mikanovi\u0107a.  Raili\u0107 je bio osu\u0111en na 32 mjeseca zbog poku\u0161aja ubistva sugra\u0111anina Nikole Vu\u010dkovi\u0107a, ali mu je 2011. godine pomilovanjem kazna smanjena za \u0161est mjeseci. On je zlo\u010din po\u010dinio 29. novembra 2007. godine.<\/p>\n<p>Zakon<\/p>\n<p>Optu\u017eenima Vanji Vukovi\u0107u i Daliboru Raili\u0107u tu\u017eila\u0161tvo je na teret stavilo te\u017ei oblik krivi\u010dnog djela tjelesna povreda. Krivi\u010dni  zakonik Republike Srpske za ono \u0161to im se  stavlja na teret predvi\u0111ena je kazna  do tri godine zatvora ili nov\u010dana. Policija je pomenuti dvojac teretila za  nano\u0161enje te\u0161kih tjelesnih povreda zlostavljanja, mu\u010denja i drugog neljudskog i poni\u017eavaju\u0107eg postupanja.<\/p>\n<p>Glas Srpske<\/p>\n","protected":false},"excerpt":{"rendered":"<p>Vanja Vukovi\u0107 (35) i Dalibor Raili\u0107 (35) iz Prijedora, optu\u017eeni su za brutalan napad na sugra\u0111anina Mihajla Stupara koga su vi\u0161e puta izboli no\u017eem po cijelom tijelu, potvr\u0111eno je \u201cGlasu [&hellip;]<\/p>\n","protected":false},"author":1,"featured_media":0,"comment_status":"closed","ping_status":"open","sticky":false,"template":"","format":"standard","meta":{"_monsterinsights_skip_tracking":false,"_monsterinsights_sitenote_active":false,"_monsterinsights_sitenote_note":"","_monsterinsights_sitenote_category":0,"footnotes":""},"categories":[5],"tags":[],"yoast_head":"<!-- This site is optimized with the Yoast SEO plugin v21.6 - https:\/\/yoast.com\/wordpress\/plugins\/seo\/ -->\n<title>Prijedor: Vukovi\u0107 i Raili\u0107 optu\u017eeni da su izboli poznanika jer ih je cinkario policiji - PrijedorDanas.com - Prijedorski gradski portal<\/title>\n<meta name=\"robots\" content=\"index, follow, max-snippet:-1, max-image-preview:large, max-video-preview:-1\" \/>\n<link rel=\"canonical\" href=\"https:\/\/www.prijedordanas.com\/?p=142949\" \/>\n<meta property=\"og:locale\" content=\"en_US\" \/>\n<meta property=\"og:type\" content=\"article\" \/>\n<meta property=\"og:title\" content=\"Prijedor: Vukovi\u0107 i Raili\u0107 optu\u017eeni da su izboli poznanika jer ih je cinkario policiji - PrijedorDanas.com - Prijedorski gradski portal\" \/>\n<meta property=\"og:description\" content=\"Vanja Vukovi\u0107 (35) i Dalibor Raili\u0107 (35) iz Prijedora, optu\u017eeni su za brutalan napad na sugra\u0111anina Mihajla Stupara koga su vi\u0161e puta izboli no\u017eem po cijelom tijelu, potvr\u0111eno je \u201cGlasu [&hellip;]\" \/>\n<meta property=\"og:url\" content=\"https:\/\/www.prijedordanas.com\/?p=142949\" \/>\n<meta property=\"og:site_name\" content=\"PrijedorDanas.com - Prijedorski gradski portal\" \/>\n<meta property=\"article:publisher\" content=\"https:\/\/www.facebook.com\/PrijedorDanasCom\/\" \/>\n<meta property=\"article:published_time\" content=\"2020-02-29T23:53:09+00:00\" \/>\n<meta property=\"og:image\" content=\"https:\/\/www.prijedordanas.com\/wp-content\/uploads\/2020\/03\/glas-vukovic-railic-300x217.jpg\" \/>\n<meta name=\"author\" content=\"admin\" \/>\n<meta name=\"twitter:card\" content=\"summary_large_image\" \/>\n<meta name=\"twitter:label1\" content=\"Written by\" \/>\n\t<meta name=\"twitter:data1\" content=\"admin\" \/>\n\t<meta name=\"twitter:label2\" content=\"Est. reading time\" \/>\n\t<meta name=\"twitter:data2\" content=\"2 minutes\" \/>\n<script type=\"application\/ld+json\" class=\"yoast-schema-graph\">{\"@context\":\"https:\/\/schema.org\",\"@graph\":[{\"@type\":\"Article\",\"@id\":\"https:\/\/www.prijedordanas.com\/?p=142949#article\",\"isPartOf\":{\"@id\":\"https:\/\/www.prijedordanas.com\/?p=142949\"},\"author\":{\"name\":\"admin\",\"@id\":\"https:\/\/www.prijedordanas.com\/#\/schema\/person\/4e08ccf29b506ca916ff86d46bb700e6\"},\"headline\":\"Prijedor: Vukovi\u0107 i Raili\u0107 optu\u017eeni da su izboli poznanika jer ih je cinkario policiji\",\"datePublished\":\"2020-02-29T23:53:09+00:00\",\"dateModified\":\"2020-02-29T23:53:09+00:00\",\"mainEntityOfPage\":{\"@id\":\"https:\/\/www.prijedordanas.com\/?p=142949\"},\"wordCount\":507,\"publisher\":{\"@id\":\"https:\/\/www.prijedordanas.com\/#organization\"},\"articleSection\":[\"Hronika\"],\"inLanguage\":\"en-US\"},{\"@type\":\"WebPage\",\"@id\":\"https:\/\/www.prijedordanas.com\/?p=142949\",\"url\":\"https:\/\/www.prijedordanas.com\/?p=142949\",\"name\":\"Prijedor: Vukovi\u0107 i Raili\u0107 optu\u017eeni da su izboli poznanika jer ih je cinkario policiji - PrijedorDanas.com - Prijedorski gradski portal\",\"isPartOf\":{\"@id\":\"https:\/\/www.prijedordanas.com\/#website\"},\"datePublished\":\"2020-02-29T23:53:09+00:00\",\"dateModified\":\"2020-02-29T23:53:09+00:00\",\"breadcrumb\":{\"@id\":\"https:\/\/www.prijedordanas.com\/?p=142949#breadcrumb\"},\"inLanguage\":\"en-US\",\"potentialAction\":[{\"@type\":\"ReadAction\",\"target\":[\"https:\/\/www.prijedordanas.com\/?p=142949\"]}]},{\"@type\":\"BreadcrumbList\",\"@id\":\"https:\/\/www.prijedordanas.com\/?p=142949#breadcrumb\",\"itemListElement\":[{\"@type\":\"ListItem\",\"position\":1,\"name\":\"Home\",\"item\":\"https:\/\/www.prijedordanas.com\/\"},{\"@type\":\"ListItem\",\"position\":2,\"name\":\"Prijedor: Vukovi\u0107 i Raili\u0107 optu\u017eeni da su izboli poznanika jer ih je cinkario policiji\"}]},{\"@type\":\"WebSite\",\"@id\":\"https:\/\/www.prijedordanas.com\/#website\",\"url\":\"https:\/\/www.prijedordanas.com\/\",\"name\":\"PrijedorDanas.com - Prijedorski gradski portal\",\"description\":\"Portal o doga\u0111anjima u gradu Prijedoru\",\"publisher\":{\"@id\":\"https:\/\/www.prijedordanas.com\/#organization\"},\"potentialAction\":[{\"@type\":\"SearchAction\",\"target\":{\"@type\":\"EntryPoint\",\"urlTemplate\":\"https:\/\/www.prijedordanas.com\/?s={search_term_string}\"},\"query-input\":\"required name=search_term_string\"}],\"inLanguage\":\"en-US\"},{\"@type\":\"Organization\",\"@id\":\"https:\/\/www.prijedordanas.com\/#organization\",\"name\":\"PrijedorDanas.com\",\"url\":\"https:\/\/www.prijedordanas.com\/\",\"logo\":{\"@type\":\"ImageObject\",\"inLanguage\":\"en-US\",\"@id\":\"https:\/\/www.prijedordanas.com\/#\/schema\/logo\/image\/\",\"url\":\"http:\/\/www.prijedordanas.com\/wp-content\/uploads\/2021\/12\/logopng.png\",\"contentUrl\":\"http:\/\/www.prijedordanas.com\/wp-content\/uploads\/2021\/12\/logopng.png\",\"width\":1019,\"height\":776,\"caption\":\"PrijedorDanas.com\"},\"image\":{\"@id\":\"https:\/\/www.prijedordanas.com\/#\/schema\/logo\/image\/\"},\"sameAs\":[\"https:\/\/www.facebook.com\/PrijedorDanasCom\/\"]},{\"@type\":\"Person\",\"@id\":\"https:\/\/www.prijedordanas.com\/#\/schema\/person\/4e08ccf29b506ca916ff86d46bb700e6\",\"name\":\"admin\",\"image\":{\"@type\":\"ImageObject\",\"inLanguage\":\"en-US\",\"@id\":\"https:\/\/www.prijedordanas.com\/#\/schema\/person\/image\/\",\"url\":\"https:\/\/secure.gravatar.com\/avatar\/1d3fc949d550f0b53a5f0d51e06dfd79?s=96&d=mm&r=g\",\"contentUrl\":\"https:\/\/secure.gravatar.com\/avatar\/1d3fc949d550f0b53a5f0d51e06dfd79?s=96&d=mm&r=g\",\"caption\":\"admin\"},\"url\":\"https:\/\/www.prijedordanas.com\/?author=1\"}]}<\/script>\n<!-- \/ Yoast SEO plugin. -->","yoast_head_json":{"title":"Prijedor: Vukovi\u0107 i Raili\u0107 optu\u017eeni da su izboli poznanika jer ih je cinkario policiji - PrijedorDanas.com - Prijedorski gradski portal","robots":{"index":"index","follow":"follow","max-snippet":"max-snippet:-1","max-image-preview":"max-image-preview:large","max-video-preview":"max-video-preview:-1"},"canonical":"https:\/\/www.prijedordanas.com\/?p=142949","og_locale":"en_US","og_type":"article","og_title":"Prijedor: Vukovi\u0107 i Raili\u0107 optu\u017eeni da su izboli poznanika jer ih je cinkario policiji - PrijedorDanas.com - Prijedorski gradski portal","og_description":"Vanja Vukovi\u0107 (35) i Dalibor Raili\u0107 (35) iz Prijedora, optu\u017eeni su za brutalan napad na sugra\u0111anina Mihajla Stupara koga su vi\u0161e puta izboli no\u017eem po cijelom tijelu, potvr\u0111eno je \u201cGlasu [&hellip;]","og_url":"https:\/\/www.prijedordanas.com\/?p=142949","og_site_name":"PrijedorDanas.com - Prijedorski gradski portal","article_publisher":"https:\/\/www.facebook.com\/PrijedorDanasCom\/","article_published_time":"2020-02-29T23:53:09+00:00","og_image":[{"url":"https:\/\/www.prijedordanas.com\/wp-content\/uploads\/2020\/03\/glas-vukovic-railic-300x217.jpg"}],"author":"admin","twitter_card":"summary_large_image","twitter_misc":{"Written by":"admin","Est. reading time":"2 minutes"},"schema":{"@context":"https:\/\/schema.org","@graph":[{"@type":"Article","@id":"https:\/\/www.prijedordanas.com\/?p=142949#article","isPartOf":{"@id":"https:\/\/www.prijedordanas.com\/?p=142949"},"author":{"name":"admin","@id":"https:\/\/www.prijedordanas.com\/#\/schema\/person\/4e08ccf29b506ca916ff86d46bb700e6"},"headline":"Prijedor: Vukovi\u0107 i Raili\u0107 optu\u017eeni da su izboli poznanika jer ih je cinkario policiji","datePublished":"2020-02-29T23:53:09+00:00","dateModified":"2020-02-29T23:53:09+00:00","mainEntityOfPage":{"@id":"https:\/\/www.prijedordanas.com\/?p=142949"},"wordCount":507,"publisher":{"@id":"https:\/\/www.prijedordanas.com\/#organization"},"articleSection":["Hronika"],"inLanguage":"en-US"},{"@type":"WebPage","@id":"https:\/\/www.prijedordanas.com\/?p=142949","url":"https:\/\/www.prijedordanas.com\/?p=142949","name":"Prijedor: Vukovi\u0107 i Raili\u0107 optu\u017eeni da su izboli poznanika jer ih je cinkario policiji - PrijedorDanas.com - Prijedorski gradski portal","isPartOf":{"@id":"https:\/\/www.prijedordanas.com\/#website"},"datePublished":"2020-02-29T23:53:09+00:00","dateModified":"2020-02-29T23:53:09+00:00","breadcrumb":{"@id":"https:\/\/www.prijedordanas.com\/?p=142949#breadcrumb"},"inLanguage":"en-US","potentialAction":[{"@type":"ReadAction","target":["https:\/\/www.prijedordanas.com\/?p=142949"]}]},{"@type":"BreadcrumbList","@id":"https:\/\/www.prijedordanas.com\/?p=142949#breadcrumb","itemListElement":[{"@type":"ListItem","position":1,"name":"Home","item":"https:\/\/www.prijedordanas.com\/"},{"@type":"ListItem","position":2,"name":"Prijedor: Vukovi\u0107 i Raili\u0107 optu\u017eeni da su izboli poznanika jer ih je cinkario policiji"}]},{"@type":"WebSite","@id":"https:\/\/www.prijedordanas.com\/#website","url":"https:\/\/www.prijedordanas.com\/","name":"PrijedorDanas.com - Prijedorski gradski portal","description":"Portal o doga\u0111anjima u gradu Prijedoru","publisher":{"@id":"https:\/\/www.prijedordanas.com\/#organization"},"potentialAction":[{"@type":"SearchAction","target":{"@type":"EntryPoint","urlTemplate":"https:\/\/www.prijedordanas.com\/?s={search_term_string}"},"query-input":"required name=search_term_string"}],"inLanguage":"en-US"},{"@type":"Organization","@id":"https:\/\/www.prijedordanas.com\/#organization","name":"PrijedorDanas.com","url":"https:\/\/www.prijedordanas.com\/","logo":{"@type":"ImageObject","inLanguage":"en-US","@id":"https:\/\/www.prijedordanas.com\/#\/schema\/logo\/image\/","url":"http:\/\/www.prijedordanas.com\/wp-content\/uploads\/2021\/12\/logopng.png","contentUrl":"http:\/\/www.prijedordanas.com\/wp-content\/uploads\/2021\/12\/logopng.png","width":1019,"height":776,"caption":"PrijedorDanas.com"},"image":{"@id":"https:\/\/www.prijedordanas.com\/#\/schema\/logo\/image\/"},"sameAs":["https:\/\/www.facebook.com\/PrijedorDanasCom\/"]},{"@type":"Person","@id":"https:\/\/www.prijedordanas.com\/#\/schema\/person\/4e08ccf29b506ca916ff86d46bb700e6","name":"admin","image":{"@type":"ImageObject","inLanguage":"en-US","@id":"https:\/\/www.prijedordanas.com\/#\/schema\/person\/image\/","url":"https:\/\/secure.gravatar.com\/avatar\/1d3fc949d550f0b53a5f0d51e06dfd79?s=96&d=mm&r=g","contentUrl":"https:\/\/secure.gravatar.com\/avatar\/1d3fc949d550f0b53a5f0d51e06dfd79?s=96&d=mm&r=g","caption":"admin"},"url":"https:\/\/www.prijedordanas.com\/?author=1"}]}},"_links":{"self":[{"href":"https:\/\/www.prijedordanas.com\/index.php?rest_route=\/wp\/v2\/posts\/142949"}],"collection":[{"href":"https:\/\/www.prijedordanas.com\/index.php?rest_route=\/wp\/v2\/posts"}],"about":[{"href":"https:\/\/www.prijedordanas.com\/index.php?rest_route=\/wp\/v2\/types\/post"}],"author":[{"embeddable":true,"href":"https:\/\/www.prijedordanas.com\/index.php?rest_route=\/wp\/v2\/users\/1"}],"replies":[{"embeddable":true,"href":"https:\/\/www.prijedordanas.com\/index.php?rest_route=%2Fwp%2Fv2%2Fcomments&post=142949"}],"version-history":[{"count":1,"href":"https:\/\/www.prijedordanas.com\/index.php?rest_route=\/wp\/v2\/posts\/142949\/revisions"}],"predecessor-version":[{"id":142951,"href":"https:\/\/www.prijedordanas.com\/index.php?rest_route=\/wp\/v2\/posts\/142949\/revisions\/142951"}],"wp:attachment":[{"href":"https:\/\/www.prijedordanas.com\/index.php?rest_route=%2Fwp%2Fv2%2Fmedia&parent=142949"}],"wp:term":[{"taxonomy":"category","embeddable":true,"href":"https:\/\/www.prijedordanas.com\/index.php?rest_route=%2Fwp%2Fv2%2Fcategories&post=142949"},{"taxonomy":"post_tag","embeddable":true,"href":"https:\/\/www.prijedordanas.com\/index.php?rest_route=%2Fwp%2Fv2%2Ftags&post=142949"}],"curies":[{"name":"wp","href":"https:\/\/api.w.org\/{rel}","templated":true}]}}