{"id":142668,"date":"2020-02-24T20:05:49","date_gmt":"2020-02-24T19:05:49","guid":{"rendered":"https:\/\/www.prijedordanas.com\/?p=142668"},"modified":"2020-02-24T20:05:49","modified_gmt":"2020-02-24T19:05:49","slug":"virusi-ne-izlaze-iz-skolskih-klupa-da-li-je-potrebno-obustaviti-nastavu","status":"publish","type":"post","link":"https:\/\/www.prijedordanas.com\/?p=142668","title":{"rendered":"Virusi ne izlaze iz \u0161kolskih klupa: Da li je potrebno obustaviti nastavu?"},"content":{"rendered":"<p><a href=\"https:\/\/www.prijedordanas.com\/wp-content\/uploads\/2020\/02\/blic-os-petar-kocic-zgrada.jpg\"><img loading=\"lazy\" decoding=\"async\" class=\"alignleft size-medium wp-image-142671\" src=\"https:\/\/www.prijedordanas.com\/wp-content\/uploads\/2020\/02\/blic-os-petar-kocic-zgrada-300x222.jpg\" alt=\"\" width=\"300\" height=\"222\" srcset=\"https:\/\/www.prijedordanas.com\/wp-content\/uploads\/2020\/02\/blic-os-petar-kocic-zgrada-300x222.jpg 300w, https:\/\/www.prijedordanas.com\/wp-content\/uploads\/2020\/02\/blic-os-petar-kocic-zgrada.jpg 675w\" sizes=\"(max-width: 300px) 100vw, 300px\" \/><\/a>Djeca \u0161kolskog i pred\u0161kolskog uzrasta ve\u0107 mjesec dana oboljevaju od raznih virusa i gripe, ali iz Instituta za javno zdravstvo Republike Srpske smatraju da nema potrebe da se proglasi epidemija.<\/p>\n<p>Prema tvrdnjama stru\u010dnjaka iz ove ustanove broj oboljelih sa respiratornim infekcijama uklju\u010duju\u0107i i gripu je o\u010dekivan za ovo doba godine.<\/p>\n<p>Me\u0111utim, situacija u pojedinim dijelovima Republike Srpske, kao \u0161to je grad Prijedor, pokazuje da je ipak bilo odstupanja od uobi\u010dajenog i o\u010dekivanog.<\/p>\n<p>U Prijedoru izostaje 70 odsto \u0111aka<br \/>\nTako je i predsjednica Aktiva direktora osnovnih \u0161kola regije Prijedor, Sanja Munjiza prije deset dana medijima izjavila da ima odjeljenja u osnovnim \u0161kolama u ovom gradu u kojima izostaje i po 70 odsto djece sa nastave zbog raznih oboljenja.<\/p>\n<p>Nakon toga Munjiza vi\u0161e nije u javnosti spominjala broj oboljele djece, ali o\u010digledno da je njena izjava podstakla Ministarstvo prosvjete i kulture RS da od svih \u0161kola tra\u017ei podatke o broju djece koja su odsutna sa nastave.<\/p>\n<p>Ni u dana\u0161njoj izjavi za \u201eSrpskainfo\u201c Munjiza nije htjela da otkrije broj djece koja su odsutna zbog bolesti.<\/p>\n<p>\u2013 Sve podatke mi smo proslijedili Ministarstvu i imate te podatke kod njih. Zna\u010di veliki je broj u\u010denika koji izostaje i to je to. U \u010detvrtak smo im dostavili podatke, ne mogu ja pri\u010dati ni\u0161ta o tome-poru\u010dila je Munjiza kratko.<\/p>\n<p>Sa druge strane, roditelji djece su ogor\u010deni \u0161to ni\u0161ta nije u\u010dinjeno da se poku\u0161a zaustaviti \u0161irenje virusa koji se me\u0111u \u0161kolarcima prenosi od kraja januara.<\/p>\n<p><a href=\"https:\/\/www.prijedordanas.com\/wp-content\/uploads\/2019\/02\/blic-bolnica-prijedor-1.jpg\"><img loading=\"lazy\" decoding=\"async\" src=\"https:\/\/www.prijedordanas.com\/wp-content\/uploads\/2019\/02\/blic-bolnica-prijedor-1-300x225.jpg\" alt=\"\" width=\"300\" height=\"225\" class=\"alignleft size-medium wp-image-122183\" srcset=\"https:\/\/www.prijedordanas.com\/wp-content\/uploads\/2019\/02\/blic-bolnica-prijedor-1-300x225.jpg 300w, https:\/\/www.prijedordanas.com\/wp-content\/uploads\/2019\/02\/blic-bolnica-prijedor-1-100x75.jpg 100w, https:\/\/www.prijedordanas.com\/wp-content\/uploads\/2019\/02\/blic-bolnica-prijedor-1-640x480.jpg 640w, https:\/\/www.prijedordanas.com\/wp-content\/uploads\/2019\/02\/blic-bolnica-prijedor-1.jpg 667w\" sizes=\"(max-width: 300px) 100vw, 300px\" \/><\/a>Popunjeni bolni\u010dki kreveti<br \/>\nPrijedor\u010danaka, koja je zamolila da joj ne otkrivamo ime, pri\u010da da u \u0161koli njenog \u0161estogodi\u0161njeg djeteta bolesne djece ima ve\u0107 mjesec dana.<\/p>\n<p>\u2013 Odmah na kraju prve sedmice nakon raspusta, bilo je djece koja su dobila visoku temperaturu, ka\u0161ljali su, povra\u0107ali i imali proljev. U drugoj sedmici dolazilo ih je desetak na nastavu od ukupno 21. Nakon mjesec dana razboljelo se i moje dijete. Potom je zara\u017eeno i drugo dijete od godinu dana, koje je zbog komplikacija usljed visoke temperature smje\u0161teno na bolni\u010dko lije\u010denje \u2013 pri\u010da ona.<\/p>\n<p>Dodaje da ima dana kada je te\u0161ko na\u0107i slobodan krevet za sme\u0161taj mali\u0161ana na bolni\u010dko le\u010denje.<\/p>\n<p>\u2013 Ne razumijemo za\u0161to ne reaguju i zatvore \u0161kole kada djeca i po dvije sedmice izostaju sa nastave. U Srbiji su zbog gripe produ\u017eili raspust, mislimo da je isto trebalo i ovdje jer je stalno neko od u\u010denika bolestan i tako prenosi i na ostale virus. U ovoj situaciji korist imaju samo apoteke i farmaceutske kompanije -pri\u010da ona.<\/p>\n<p>Djeca su tokom sezone gripe i\u0161la na nastavu i u ostalim dijelovima Republike Srpske. Direktori tvrde da sada nema potrebe da se proglasi epidemija.<\/p>\n<p>Izlije\u010deni se vra\u0107aju na nastavu<br \/>\nPredsjednica Aktiva direktora osnovnih \u0161kola regije Mrkonji\u0107 Grad Ivana Savi\u0107 ka\u017ee da je u ovom podru\u010dju bila najezda gripe tokom prve dvije sedmice drugog polugodi\u0161ta.<\/p>\n<p>\u2013 Unazad pet do deset dana situacija se stabilizuje, sve manji broj djece odsustvuje sa nastave. Razgovarala sam sa ostalim direktorima, u ovom momentu nema potrebe da se obustavi nastava-smatra ona.<\/p>\n<p>Predsjednik aktiva direktora osnovnih \u0161kola regije Trebinje, Darko Jegdi\u0107 ka\u017ee da se veliki broj djece vratio na nastavu.<br \/>\n\u2013 Gripa je pro\u0161la ili prolazi, bio je period prije 15-tak dana kada je bila velika gripa dvije sedmice. Izostajalo je oko 20 do 30 odsto \u0111aka, zavisi od dana do dana.Ve\u0107inom je bila gripa u pitanju. Nastava se redovno odr\u017eavala. Sada je u svim \u0161kolama sa podru\u010dja regije prisutno oko 90 odsto u\u010denika-pri\u010da Jegdi\u0107.<\/p>\n<p>Predsjednica Aktiva direktora Sarajevsko-romanijske, Starohercegova\u010dke i Donjopodrinjske regije, Danijela Mrda ka\u017ee da je prvih deset dana februara bilo oboljelih \u0161kolaraca i na ovom podru\u010dju.<\/p>\n<p>\u2013 Od 20 osnovnih \u0161kola bilo je 1.372 djece prijavljeno koja su u nizu izostajala tri dana sa nastave zbog visoke temperature i eventualno gripa. Najvi\u0161e u\u010denika je izostajalo sa nastave u Vi\u0161egradu, njih 300, u Sokocu 235, a u Osnovnoj \u0161koli \u201eSveti Sava\u201c u Isto\u010dnom Sarajevu 150 u\u010denika. Ni\u0161ta nije alarmantno, mahom se djeca vra\u0107aju na nastavu-izjavila je Mrda.<\/p>\n<p>Ona dodaje da je najvi\u0161e osam u\u010denika izostajalo sa nastave u pojedinim odjeljinjima<\/p>\n<p>-Da li \u0107e i\u0107i novi talas gripe vidje\u0107emo. Mi smo u komunikaciji sa Domovima zdravlja koji ka\u017eu da nema bojazni da je jo\u0161 nastupila epidemija gripa-isti\u010de ona.<\/p>\n<p>Ona navodi da su djeca bila ugro\u017eena nedavno i zbog visokog zaga\u0111enja vazduha u Isto\u010dnom Sarajevu.<\/p>\n<p>-Tada je kod djece astmati\u010dara i djece sklone alergijskim napadima bilo vi\u0161e intervencija za 35 do 40 odsto nego ranijih godina. Sada kada je taj nivo zaga\u0111enosti sni\u017een, nemamo problema i po mom mi\u0161ljenju nije alarmantna situacija da bi se obustavila nastava-smatra Mrda.<\/p>\n<p>Cirkuli\u0161u virusi gripa<br \/>\nEpidemija bilo koje zarazne bolesti smatra se obolijevanjem od zarazne bolesti koje je neuobi\u010dajeno po broju slu\u010dajeva oboljelih, vremenu, mjestu i zahva\u0107enoj populaciji.<\/p>\n<p>Domovi zdravlja mogu Institutu za javno zdravstvo da prijave epidemiju na podru\u010dju svoje lokalne zajednice. Potom Institut daje prijedlog Ministarstvu zdravlja koje naredbom progla\u0161ava epidemiju i mjere koje se preduzimaju.<\/p>\n<p>Dok iz Ministarstva zdravlja nemaju odgovore na pitanja da li je potrebno proglasiti epidemiju, iz Instututa za javno zdravstvo RS zaklju\u010duju da nema epidemije.<\/p>\n<p>\u2013 U cirkulaciji su trenutno zastupljeni virusi gripa, odnosno influence tipa A i tipa B. Od po\u010detka sezone od uzetih uzoraka od oboljelih u Republici Srpskoj 33,6 odsto uzoraka je bilo pozitivno na viruse influence. Od dosad pozitivnih uzoraka, 44 odsto je pozitivno na influencu A(H3) i 25 odsto na influencu B\/ Viktorija-naveli su iz Instituta.<\/p>\n<p>Iz Ministarstvo prosvjete i kulture RS saop\u0161tili su da prati situaciju te da \u0107e postupiti u skladu sa preporukama nadle\u017enih institucija.<\/p>\n<p>Dodaju da su zatra\u017eili preporuku od Ministarstva zdravlja i socijalne za\u0161tite Republike Srpske o izvo\u0111enju u\u010deni\u010dkih ekskurzija van Republike Srpske, odnosno BiH, imaju\u0107i u vidu pojavu novog virusa korone.<\/p>\n<p>EuroBlic-srpskainfo.com<\/p>\n","protected":false},"excerpt":{"rendered":"<p>Djeca \u0161kolskog i pred\u0161kolskog uzrasta ve\u0107 mjesec dana oboljevaju od raznih virusa i gripe, ali iz Instituta za javno zdravstvo Republike Srpske smatraju da nema potrebe da se proglasi epidemija. [&hellip;]<\/p>\n","protected":false},"author":1,"featured_media":0,"comment_status":"closed","ping_status":"open","sticky":false,"template":"","format":"standard","meta":{"_monsterinsights_skip_tracking":false,"_monsterinsights_sitenote_active":false,"_monsterinsights_sitenote_note":"","_monsterinsights_sitenote_category":0,"footnotes":""},"categories":[7518],"tags":[],"yoast_head":"<!-- This site is optimized with the Yoast SEO plugin v21.6 - https:\/\/yoast.com\/wordpress\/plugins\/seo\/ -->\n<title>Virusi ne izlaze iz \u0161kolskih klupa: Da li je potrebno obustaviti nastavu? - PrijedorDanas.com - Prijedorski gradski portal<\/title>\n<meta name=\"robots\" content=\"index, follow, max-snippet:-1, max-image-preview:large, max-video-preview:-1\" \/>\n<link rel=\"canonical\" href=\"https:\/\/www.prijedordanas.com\/?p=142668\" \/>\n<meta property=\"og:locale\" content=\"en_US\" \/>\n<meta property=\"og:type\" content=\"article\" \/>\n<meta property=\"og:title\" content=\"Virusi ne izlaze iz \u0161kolskih klupa: Da li je potrebno obustaviti nastavu? - PrijedorDanas.com - Prijedorski gradski portal\" \/>\n<meta property=\"og:description\" content=\"Djeca \u0161kolskog i pred\u0161kolskog uzrasta ve\u0107 mjesec dana oboljevaju od raznih virusa i gripe, ali iz Instituta za javno zdravstvo Republike Srpske smatraju da nema potrebe da se proglasi epidemija. [&hellip;]\" \/>\n<meta property=\"og:url\" content=\"https:\/\/www.prijedordanas.com\/?p=142668\" \/>\n<meta property=\"og:site_name\" content=\"PrijedorDanas.com - Prijedorski gradski portal\" \/>\n<meta property=\"article:publisher\" content=\"https:\/\/www.facebook.com\/PrijedorDanasCom\/\" \/>\n<meta property=\"article:published_time\" content=\"2020-02-24T19:05:49+00:00\" \/>\n<meta property=\"og:image\" content=\"https:\/\/www.prijedordanas.com\/wp-content\/uploads\/2020\/02\/blic-os-petar-kocic-zgrada-300x222.jpg\" \/>\n<meta name=\"author\" content=\"admin\" \/>\n<meta name=\"twitter:card\" content=\"summary_large_image\" \/>\n<meta name=\"twitter:label1\" content=\"Written by\" \/>\n\t<meta name=\"twitter:data1\" content=\"admin\" \/>\n\t<meta name=\"twitter:label2\" content=\"Est. reading time\" \/>\n\t<meta name=\"twitter:data2\" content=\"5 minutes\" \/>\n<script type=\"application\/ld+json\" class=\"yoast-schema-graph\">{\"@context\":\"https:\/\/schema.org\",\"@graph\":[{\"@type\":\"Article\",\"@id\":\"https:\/\/www.prijedordanas.com\/?p=142668#article\",\"isPartOf\":{\"@id\":\"https:\/\/www.prijedordanas.com\/?p=142668\"},\"author\":{\"name\":\"admin\",\"@id\":\"https:\/\/www.prijedordanas.com\/#\/schema\/person\/4e08ccf29b506ca916ff86d46bb700e6\"},\"headline\":\"Virusi ne izlaze iz \u0161kolskih klupa: Da li je potrebno obustaviti nastavu?\",\"datePublished\":\"2020-02-24T19:05:49+00:00\",\"dateModified\":\"2020-02-24T19:05:49+00:00\",\"mainEntityOfPage\":{\"@id\":\"https:\/\/www.prijedordanas.com\/?p=142668\"},\"wordCount\":1016,\"publisher\":{\"@id\":\"https:\/\/www.prijedordanas.com\/#organization\"},\"articleSection\":[\"Mladi\"],\"inLanguage\":\"en-US\"},{\"@type\":\"WebPage\",\"@id\":\"https:\/\/www.prijedordanas.com\/?p=142668\",\"url\":\"https:\/\/www.prijedordanas.com\/?p=142668\",\"name\":\"Virusi ne izlaze iz \u0161kolskih klupa: Da li je potrebno obustaviti nastavu? - PrijedorDanas.com - Prijedorski gradski portal\",\"isPartOf\":{\"@id\":\"https:\/\/www.prijedordanas.com\/#website\"},\"datePublished\":\"2020-02-24T19:05:49+00:00\",\"dateModified\":\"2020-02-24T19:05:49+00:00\",\"breadcrumb\":{\"@id\":\"https:\/\/www.prijedordanas.com\/?p=142668#breadcrumb\"},\"inLanguage\":\"en-US\",\"potentialAction\":[{\"@type\":\"ReadAction\",\"target\":[\"https:\/\/www.prijedordanas.com\/?p=142668\"]}]},{\"@type\":\"BreadcrumbList\",\"@id\":\"https:\/\/www.prijedordanas.com\/?p=142668#breadcrumb\",\"itemListElement\":[{\"@type\":\"ListItem\",\"position\":1,\"name\":\"Home\",\"item\":\"https:\/\/www.prijedordanas.com\/\"},{\"@type\":\"ListItem\",\"position\":2,\"name\":\"Virusi ne izlaze iz \u0161kolskih klupa: Da li je potrebno obustaviti nastavu?\"}]},{\"@type\":\"WebSite\",\"@id\":\"https:\/\/www.prijedordanas.com\/#website\",\"url\":\"https:\/\/www.prijedordanas.com\/\",\"name\":\"PrijedorDanas.com - Prijedorski gradski portal\",\"description\":\"Portal o doga\u0111anjima u gradu Prijedoru\",\"publisher\":{\"@id\":\"https:\/\/www.prijedordanas.com\/#organization\"},\"potentialAction\":[{\"@type\":\"SearchAction\",\"target\":{\"@type\":\"EntryPoint\",\"urlTemplate\":\"https:\/\/www.prijedordanas.com\/?s={search_term_string}\"},\"query-input\":\"required name=search_term_string\"}],\"inLanguage\":\"en-US\"},{\"@type\":\"Organization\",\"@id\":\"https:\/\/www.prijedordanas.com\/#organization\",\"name\":\"PrijedorDanas.com\",\"url\":\"https:\/\/www.prijedordanas.com\/\",\"logo\":{\"@type\":\"ImageObject\",\"inLanguage\":\"en-US\",\"@id\":\"https:\/\/www.prijedordanas.com\/#\/schema\/logo\/image\/\",\"url\":\"http:\/\/www.prijedordanas.com\/wp-content\/uploads\/2021\/12\/logopng.png\",\"contentUrl\":\"http:\/\/www.prijedordanas.com\/wp-content\/uploads\/2021\/12\/logopng.png\",\"width\":1019,\"height\":776,\"caption\":\"PrijedorDanas.com\"},\"image\":{\"@id\":\"https:\/\/www.prijedordanas.com\/#\/schema\/logo\/image\/\"},\"sameAs\":[\"https:\/\/www.facebook.com\/PrijedorDanasCom\/\"]},{\"@type\":\"Person\",\"@id\":\"https:\/\/www.prijedordanas.com\/#\/schema\/person\/4e08ccf29b506ca916ff86d46bb700e6\",\"name\":\"admin\",\"image\":{\"@type\":\"ImageObject\",\"inLanguage\":\"en-US\",\"@id\":\"https:\/\/www.prijedordanas.com\/#\/schema\/person\/image\/\",\"url\":\"https:\/\/secure.gravatar.com\/avatar\/1d3fc949d550f0b53a5f0d51e06dfd79?s=96&d=mm&r=g\",\"contentUrl\":\"https:\/\/secure.gravatar.com\/avatar\/1d3fc949d550f0b53a5f0d51e06dfd79?s=96&d=mm&r=g\",\"caption\":\"admin\"},\"url\":\"https:\/\/www.prijedordanas.com\/?author=1\"}]}<\/script>\n<!-- \/ Yoast SEO plugin. -->","yoast_head_json":{"title":"Virusi ne izlaze iz \u0161kolskih klupa: Da li je potrebno obustaviti nastavu? - PrijedorDanas.com - Prijedorski gradski portal","robots":{"index":"index","follow":"follow","max-snippet":"max-snippet:-1","max-image-preview":"max-image-preview:large","max-video-preview":"max-video-preview:-1"},"canonical":"https:\/\/www.prijedordanas.com\/?p=142668","og_locale":"en_US","og_type":"article","og_title":"Virusi ne izlaze iz \u0161kolskih klupa: Da li je potrebno obustaviti nastavu? - PrijedorDanas.com - Prijedorski gradski portal","og_description":"Djeca \u0161kolskog i pred\u0161kolskog uzrasta ve\u0107 mjesec dana oboljevaju od raznih virusa i gripe, ali iz Instituta za javno zdravstvo Republike Srpske smatraju da nema potrebe da se proglasi epidemija. [&hellip;]","og_url":"https:\/\/www.prijedordanas.com\/?p=142668","og_site_name":"PrijedorDanas.com - Prijedorski gradski portal","article_publisher":"https:\/\/www.facebook.com\/PrijedorDanasCom\/","article_published_time":"2020-02-24T19:05:49+00:00","og_image":[{"url":"https:\/\/www.prijedordanas.com\/wp-content\/uploads\/2020\/02\/blic-os-petar-kocic-zgrada-300x222.jpg"}],"author":"admin","twitter_card":"summary_large_image","twitter_misc":{"Written by":"admin","Est. reading time":"5 minutes"},"schema":{"@context":"https:\/\/schema.org","@graph":[{"@type":"Article","@id":"https:\/\/www.prijedordanas.com\/?p=142668#article","isPartOf":{"@id":"https:\/\/www.prijedordanas.com\/?p=142668"},"author":{"name":"admin","@id":"https:\/\/www.prijedordanas.com\/#\/schema\/person\/4e08ccf29b506ca916ff86d46bb700e6"},"headline":"Virusi ne izlaze iz \u0161kolskih klupa: Da li je potrebno obustaviti nastavu?","datePublished":"2020-02-24T19:05:49+00:00","dateModified":"2020-02-24T19:05:49+00:00","mainEntityOfPage":{"@id":"https:\/\/www.prijedordanas.com\/?p=142668"},"wordCount":1016,"publisher":{"@id":"https:\/\/www.prijedordanas.com\/#organization"},"articleSection":["Mladi"],"inLanguage":"en-US"},{"@type":"WebPage","@id":"https:\/\/www.prijedordanas.com\/?p=142668","url":"https:\/\/www.prijedordanas.com\/?p=142668","name":"Virusi ne izlaze iz \u0161kolskih klupa: Da li je potrebno obustaviti nastavu? - PrijedorDanas.com - Prijedorski gradski portal","isPartOf":{"@id":"https:\/\/www.prijedordanas.com\/#website"},"datePublished":"2020-02-24T19:05:49+00:00","dateModified":"2020-02-24T19:05:49+00:00","breadcrumb":{"@id":"https:\/\/www.prijedordanas.com\/?p=142668#breadcrumb"},"inLanguage":"en-US","potentialAction":[{"@type":"ReadAction","target":["https:\/\/www.prijedordanas.com\/?p=142668"]}]},{"@type":"BreadcrumbList","@id":"https:\/\/www.prijedordanas.com\/?p=142668#breadcrumb","itemListElement":[{"@type":"ListItem","position":1,"name":"Home","item":"https:\/\/www.prijedordanas.com\/"},{"@type":"ListItem","position":2,"name":"Virusi ne izlaze iz \u0161kolskih klupa: Da li je potrebno obustaviti nastavu?"}]},{"@type":"WebSite","@id":"https:\/\/www.prijedordanas.com\/#website","url":"https:\/\/www.prijedordanas.com\/","name":"PrijedorDanas.com - Prijedorski gradski portal","description":"Portal o doga\u0111anjima u gradu Prijedoru","publisher":{"@id":"https:\/\/www.prijedordanas.com\/#organization"},"potentialAction":[{"@type":"SearchAction","target":{"@type":"EntryPoint","urlTemplate":"https:\/\/www.prijedordanas.com\/?s={search_term_string}"},"query-input":"required name=search_term_string"}],"inLanguage":"en-US"},{"@type":"Organization","@id":"https:\/\/www.prijedordanas.com\/#organization","name":"PrijedorDanas.com","url":"https:\/\/www.prijedordanas.com\/","logo":{"@type":"ImageObject","inLanguage":"en-US","@id":"https:\/\/www.prijedordanas.com\/#\/schema\/logo\/image\/","url":"http:\/\/www.prijedordanas.com\/wp-content\/uploads\/2021\/12\/logopng.png","contentUrl":"http:\/\/www.prijedordanas.com\/wp-content\/uploads\/2021\/12\/logopng.png","width":1019,"height":776,"caption":"PrijedorDanas.com"},"image":{"@id":"https:\/\/www.prijedordanas.com\/#\/schema\/logo\/image\/"},"sameAs":["https:\/\/www.facebook.com\/PrijedorDanasCom\/"]},{"@type":"Person","@id":"https:\/\/www.prijedordanas.com\/#\/schema\/person\/4e08ccf29b506ca916ff86d46bb700e6","name":"admin","image":{"@type":"ImageObject","inLanguage":"en-US","@id":"https:\/\/www.prijedordanas.com\/#\/schema\/person\/image\/","url":"https:\/\/secure.gravatar.com\/avatar\/1d3fc949d550f0b53a5f0d51e06dfd79?s=96&d=mm&r=g","contentUrl":"https:\/\/secure.gravatar.com\/avatar\/1d3fc949d550f0b53a5f0d51e06dfd79?s=96&d=mm&r=g","caption":"admin"},"url":"https:\/\/www.prijedordanas.com\/?author=1"}]}},"_links":{"self":[{"href":"https:\/\/www.prijedordanas.com\/index.php?rest_route=\/wp\/v2\/posts\/142668"}],"collection":[{"href":"https:\/\/www.prijedordanas.com\/index.php?rest_route=\/wp\/v2\/posts"}],"about":[{"href":"https:\/\/www.prijedordanas.com\/index.php?rest_route=\/wp\/v2\/types\/post"}],"author":[{"embeddable":true,"href":"https:\/\/www.prijedordanas.com\/index.php?rest_route=\/wp\/v2\/users\/1"}],"replies":[{"embeddable":true,"href":"https:\/\/www.prijedordanas.com\/index.php?rest_route=%2Fwp%2Fv2%2Fcomments&post=142668"}],"version-history":[{"count":2,"href":"https:\/\/www.prijedordanas.com\/index.php?rest_route=\/wp\/v2\/posts\/142668\/revisions"}],"predecessor-version":[{"id":142672,"href":"https:\/\/www.prijedordanas.com\/index.php?rest_route=\/wp\/v2\/posts\/142668\/revisions\/142672"}],"wp:attachment":[{"href":"https:\/\/www.prijedordanas.com\/index.php?rest_route=%2Fwp%2Fv2%2Fmedia&parent=142668"}],"wp:term":[{"taxonomy":"category","embeddable":true,"href":"https:\/\/www.prijedordanas.com\/index.php?rest_route=%2Fwp%2Fv2%2Fcategories&post=142668"},{"taxonomy":"post_tag","embeddable":true,"href":"https:\/\/www.prijedordanas.com\/index.php?rest_route=%2Fwp%2Fv2%2Ftags&post=142668"}],"curies":[{"name":"wp","href":"https:\/\/api.w.org\/{rel}","templated":true}]}}