{"id":142119,"date":"2020-02-15T13:44:10","date_gmt":"2020-02-15T12:44:10","guid":{"rendered":"https:\/\/www.prijedordanas.com\/?p=142119"},"modified":"2020-02-15T13:44:10","modified_gmt":"2020-02-15T12:44:10","slug":"u-preduzecu-mira-tvrde-da-su-uprkos-milionskim-investicijama-stavljeni-na-stub-srama-buduca-ulaganja-pod-znakom-pitanja","status":"publish","type":"post","link":"https:\/\/www.prijedordanas.com\/?p=142119","title":{"rendered":"U preduze\u0107u &#8220;Mira&#8221; tvrde da su uprkos milionskim investicijama stavljeni na stub srama: Budu\u0107a ulaganja pod znakom pitanja"},"content":{"rendered":"<p><a href=\"https:\/\/www.prijedordanas.com\/wp-content\/uploads\/2018\/04\/fabrika-keksa-mira-1.jpg\"><img loading=\"lazy\" decoding=\"async\" class=\"alignleft size-medium wp-image-102434\" src=\"https:\/\/www.prijedordanas.com\/wp-content\/uploads\/2018\/04\/fabrika-keksa-mira-1-300x222.jpg\" alt=\"\" width=\"300\" height=\"222\" srcset=\"https:\/\/www.prijedordanas.com\/wp-content\/uploads\/2018\/04\/fabrika-keksa-mira-1-300x222.jpg 300w, https:\/\/www.prijedordanas.com\/wp-content\/uploads\/2018\/04\/fabrika-keksa-mira-1-100x74.jpg 100w, https:\/\/www.prijedordanas.com\/wp-content\/uploads\/2018\/04\/fabrika-keksa-mira-1.jpg 675w\" sizes=\"(max-width: 300px) 100vw, 300px\" \/><\/a>U Akcionarskom dru\u0161tvu &#8220;Mira&#8221; iz Prijedora tvrde da su rje\u0161enjem Komisije za hartije od vrijednosti RS stavljeni na stub srama, iako su iza njih milionske investicije u bolje uslove rada i kvalitet proizvoda, te da su zbog te odluke pod znak pitanja dovedena budu\u0107a ulaganja ve\u0107inskog vlasnika zagreba\u010dke kompanije &#8220;Kra\u0161&#8221;.<\/p>\n<p>Komisija za hartije od vrijednosti RS dostavila je u \u010detvrtak prijedorskom preduze\u0107u &#8220;Mira&#8221; rje\u0161enje kojim je kompaniji &#8220;Kra\u0161&#8221; kao ve\u0107inskom akcionaru ostavljen rok od 15 dana da podnese zahtjev za odobrenje objavljivanja ponude za preuzimanje tog akcionarskog dru\u0161tva.<\/p>\n<p>Menad\u017ement kompanije &#8220;Mira&#8221; rje\u0161enje ne \u017eeli da komentari\u0161e isti\u010du\u0107i da \u0107e se njihovi advokati oglasiti o tome.<\/p>\n<p>&#8211; Ve\u0107inski vlasnik, kompanija &#8220;Kra\u0161&#8221; postupi\u0107e po rje\u0161enju, odnosno i\u0107i \u0107e u javnu ponudu &#8211; istakli su u ovom preduze\u0107u podsjetiv\u0161i da je &#8220;Kra\u0161&#8221; od 5. novembra 2003. godine investitor, te da je ve\u0107inski kapital stekao dijelom na tr\u017ei\u0161tu kapitala, a dijelom na osnovu ugovora sa Vladom Republike Srpske.<\/p>\n<p><a href=\"https:\/\/www.prijedordanas.com\/wp-content\/uploads\/2016\/10\/keksara-2016-1.jpg\"><img loading=\"lazy\" decoding=\"async\" class=\"alignleft size-medium wp-image-64723\" src=\"https:\/\/www.prijedordanas.com\/wp-content\/uploads\/2016\/10\/keksara-2016-1-300x250.jpg\" alt=\"\" width=\"300\" height=\"250\" srcset=\"https:\/\/www.prijedordanas.com\/wp-content\/uploads\/2016\/10\/keksara-2016-1-300x250.jpg 300w, https:\/\/www.prijedordanas.com\/wp-content\/uploads\/2016\/10\/keksara-2016-1-100x83.jpg 100w, https:\/\/www.prijedordanas.com\/wp-content\/uploads\/2016\/10\/keksara-2016-1.jpg 600w\" sizes=\"(max-width: 300px) 100vw, 300px\" \/><\/a>U ovom privrednom gigantu ka\u017eu da poslovanje zasnivaju na transparentnosti, u skladu sa zakonima i korporativnom kulturom.<\/p>\n<p>&#8211; Na ovo tr\u017ei\u0161te &#8220;Kra\u0161&#8221; je kao ve\u0107inski akcionar do\u0161ao sa namjerom da pro\u0161iri svoju djelatnost i tr\u017ei\u0161te, te da na neki na\u010din podigne svoj biznis. Strate\u0161kim odlukama &#8220;Kra\u0161&#8221; se odlu\u010dio za ulaganja u ovu kompaniju i od 2003. do danas godi\u0161nje se u tehnologiju i pobolj\u0161anje uslova rada ula\u017eu milioni maraka &#8211; istakli su u upravi preduze\u0107a i naglasili da je kvalitet proizvoda iznad svega.<\/p>\n<p>Svjesni \u010dinjenice da je zadovoljan potro\u0161a\u010d najbolja reklama, u ovom preduze\u0107u konstantno rade na unapre\u0111enju poslovanja, a prije nekoliko dana u rad je pu\u0161tena savremena linija za proizvodnju finih \u010dajnih peciva i kola\u010di\u0107a vrijedna oko 1,5 miliona evra, a samo u pro\u0161loj godini u savremeni objekat u prijedorskom naselju Svale, u koji \u0107e uskoro preseliti proizvodnju, investirali su oko 2,5 miliona evra, dok su ukupna ulaganja u pro\u0161loj godini iznosila \u010detiri miliona evra.<\/p>\n<p>&#8211; Novi moderno opremljen objekat ura\u0111en je u skladu sa svim standardima, kako gra\u0111evinskim, tako i HASAP s obzirom na to da je rije\u010d o proizvodnji hrane &#8211; isti\u010de menad\u017ement &#8220;Mire&#8221;, koja trenutno zapo\u0161ljava 352 radnika i \u010diji godi\u0161nji prihod dose\u017ee 24 miliona maraka, dok u ovoj godini o\u010dekuju neto profit od oko 1,3 miliona KM. Navode da je mnogo puta nau\u0161trb osavremenjavanja tehnologije u Zagrebu investirano u Prijedoru.<\/p>\n<p>Sve ono \u0161to se proteklih dana iznosi u javnost, isti\u010de menad\u017ement &#8220;Mire&#8221;, nanijelo je veliku reputacijsku \u0161tetu preduze\u0107u i kompaniji &#8220;Kra\u0161&#8221;.<\/p>\n<p>&#8211; Ne mo\u017eemo da ne primijetimo da se od svega poku\u0161ava praviti slu\u010daj, a ovdje slu\u010daja nema. Na samo jedan telefonski poziv nadle\u017ene komisije &#8220;Kra\u0161&#8221; bi, u skladu sa zakonom, izvr\u0161io svoju obavezu i ne bismo danas imali ovu situaciju. Nas proteklih godinu, koliko je prema rje\u0161enju trajao nadzor, nikada niko o tome nije obavijestio &#8211; isti\u010de menad\u017ement &#8220;Mire&#8221;.<\/p>\n<p>Naglasili su da \u0107e postupiti u skladu sa rje\u0161enjem, ali da \u0107e sve svoje pravne mehanizme staviti u funkciju vlastitih interesa.<\/p>\n<p>&#8211; Logi\u010dno je da \u0107e, kada se desi ovakva pravna nesigurnost, jedno ozbiljno preduze\u0107e, iza koga stoje milionske investicije, preispitati svoje odluke i razmisliti u kom smjeru \u0107e ubudu\u0107e usmjeravati svoja ulaganja &#8211; nagla\u0161ava menad\u017ement &#8220;Mire&#8221; i isti\u010de da sa gradom i zajednicom u kojoj posluju decenijama imaju izuzetnu saradnju.<\/p>\n<p>Dru\u0161tvena odgovornost<br \/>\nMenad\u017ement &#8220;Mire&#8221; isti\u010de da je ovo preduze\u0107e u poslovnoj zajednici prepoznato kao dru\u0161tvo koje posluje veoma transparentno i dru\u0161tveno odgovorno.<\/p>\n<p>&#8211; Nastojimo zajednici vratiti dio onoga \u0161to zajednica donosi kao dodatu vrijednost ovoj kompaniji &#8211; istakli su u ovom privrednom gigantu.<\/p>\n<p>Glas Srpske<\/p>\n","protected":false},"excerpt":{"rendered":"<p>U Akcionarskom dru\u0161tvu &#8220;Mira&#8221; iz Prijedora tvrde da su rje\u0161enjem Komisije za hartije od vrijednosti RS stavljeni na stub srama, iako su iza njih milionske investicije u bolje uslove rada [&hellip;]<\/p>\n","protected":false},"author":1,"featured_media":0,"comment_status":"closed","ping_status":"open","sticky":false,"template":"","format":"standard","meta":{"_monsterinsights_skip_tracking":false,"_monsterinsights_sitenote_active":false,"_monsterinsights_sitenote_note":"","_monsterinsights_sitenote_category":0,"footnotes":""},"categories":[8],"tags":[6319],"yoast_head":"<!-- This site is optimized with the Yoast SEO plugin v21.6 - https:\/\/yoast.com\/wordpress\/plugins\/seo\/ -->\n<title>U preduze\u0107u &quot;Mira&quot; tvrde da su uprkos milionskim investicijama stavljeni na stub srama: Budu\u0107a ulaganja pod znakom pitanja - PrijedorDanas.com - Prijedorski gradski portal<\/title>\n<meta name=\"robots\" content=\"index, follow, max-snippet:-1, max-image-preview:large, max-video-preview:-1\" \/>\n<link rel=\"canonical\" href=\"https:\/\/www.prijedordanas.com\/?p=142119\" \/>\n<meta property=\"og:locale\" content=\"en_US\" \/>\n<meta property=\"og:type\" content=\"article\" \/>\n<meta property=\"og:title\" content=\"U preduze\u0107u &quot;Mira&quot; tvrde da su uprkos milionskim investicijama stavljeni na stub srama: Budu\u0107a ulaganja pod znakom pitanja - PrijedorDanas.com - Prijedorski gradski portal\" \/>\n<meta property=\"og:description\" content=\"U Akcionarskom dru\u0161tvu &#8220;Mira&#8221; iz Prijedora tvrde da su rje\u0161enjem Komisije za hartije od vrijednosti RS stavljeni na stub srama, iako su iza njih milionske investicije u bolje uslove rada [&hellip;]\" \/>\n<meta property=\"og:url\" content=\"https:\/\/www.prijedordanas.com\/?p=142119\" \/>\n<meta property=\"og:site_name\" content=\"PrijedorDanas.com - Prijedorski gradski portal\" \/>\n<meta property=\"article:publisher\" content=\"https:\/\/www.facebook.com\/PrijedorDanasCom\/\" \/>\n<meta property=\"article:published_time\" content=\"2020-02-15T12:44:10+00:00\" \/>\n<meta property=\"og:image\" content=\"https:\/\/www.prijedordanas.com\/wp-content\/uploads\/2018\/04\/fabrika-keksa-mira-1-300x222.jpg\" \/>\n<meta name=\"author\" content=\"admin\" \/>\n<meta name=\"twitter:card\" content=\"summary_large_image\" \/>\n<meta name=\"twitter:label1\" content=\"Written by\" \/>\n\t<meta name=\"twitter:data1\" content=\"admin\" \/>\n\t<meta name=\"twitter:label2\" content=\"Est. reading time\" \/>\n\t<meta name=\"twitter:data2\" content=\"3 minutes\" \/>\n<script type=\"application\/ld+json\" class=\"yoast-schema-graph\">{\"@context\":\"https:\/\/schema.org\",\"@graph\":[{\"@type\":\"Article\",\"@id\":\"https:\/\/www.prijedordanas.com\/?p=142119#article\",\"isPartOf\":{\"@id\":\"https:\/\/www.prijedordanas.com\/?p=142119\"},\"author\":{\"name\":\"admin\",\"@id\":\"https:\/\/www.prijedordanas.com\/#\/schema\/person\/4e08ccf29b506ca916ff86d46bb700e6\"},\"headline\":\"U preduze\u0107u &#8220;Mira&#8221; tvrde da su uprkos milionskim investicijama stavljeni na stub srama: Budu\u0107a ulaganja pod znakom pitanja\",\"datePublished\":\"2020-02-15T12:44:10+00:00\",\"dateModified\":\"2020-02-15T12:44:10+00:00\",\"mainEntityOfPage\":{\"@id\":\"https:\/\/www.prijedordanas.com\/?p=142119\"},\"wordCount\":666,\"publisher\":{\"@id\":\"https:\/\/www.prijedordanas.com\/#organization\"},\"keywords\":[\"Fabrika keksa \\\"Mira\\\"\"],\"articleSection\":[\"Svakodnevno\"],\"inLanguage\":\"en-US\"},{\"@type\":\"WebPage\",\"@id\":\"https:\/\/www.prijedordanas.com\/?p=142119\",\"url\":\"https:\/\/www.prijedordanas.com\/?p=142119\",\"name\":\"U preduze\u0107u \\\"Mira\\\" tvrde da su uprkos milionskim investicijama stavljeni na stub srama: Budu\u0107a ulaganja pod znakom pitanja - PrijedorDanas.com - Prijedorski gradski portal\",\"isPartOf\":{\"@id\":\"https:\/\/www.prijedordanas.com\/#website\"},\"datePublished\":\"2020-02-15T12:44:10+00:00\",\"dateModified\":\"2020-02-15T12:44:10+00:00\",\"breadcrumb\":{\"@id\":\"https:\/\/www.prijedordanas.com\/?p=142119#breadcrumb\"},\"inLanguage\":\"en-US\",\"potentialAction\":[{\"@type\":\"ReadAction\",\"target\":[\"https:\/\/www.prijedordanas.com\/?p=142119\"]}]},{\"@type\":\"BreadcrumbList\",\"@id\":\"https:\/\/www.prijedordanas.com\/?p=142119#breadcrumb\",\"itemListElement\":[{\"@type\":\"ListItem\",\"position\":1,\"name\":\"Home\",\"item\":\"https:\/\/www.prijedordanas.com\/\"},{\"@type\":\"ListItem\",\"position\":2,\"name\":\"U preduze\u0107u &#8220;Mira&#8221; tvrde da su uprkos milionskim investicijama stavljeni na stub srama: Budu\u0107a ulaganja pod znakom pitanja\"}]},{\"@type\":\"WebSite\",\"@id\":\"https:\/\/www.prijedordanas.com\/#website\",\"url\":\"https:\/\/www.prijedordanas.com\/\",\"name\":\"PrijedorDanas.com - Prijedorski gradski portal\",\"description\":\"Portal o doga\u0111anjima u gradu Prijedoru\",\"publisher\":{\"@id\":\"https:\/\/www.prijedordanas.com\/#organization\"},\"potentialAction\":[{\"@type\":\"SearchAction\",\"target\":{\"@type\":\"EntryPoint\",\"urlTemplate\":\"https:\/\/www.prijedordanas.com\/?s={search_term_string}\"},\"query-input\":\"required name=search_term_string\"}],\"inLanguage\":\"en-US\"},{\"@type\":\"Organization\",\"@id\":\"https:\/\/www.prijedordanas.com\/#organization\",\"name\":\"PrijedorDanas.com\",\"url\":\"https:\/\/www.prijedordanas.com\/\",\"logo\":{\"@type\":\"ImageObject\",\"inLanguage\":\"en-US\",\"@id\":\"https:\/\/www.prijedordanas.com\/#\/schema\/logo\/image\/\",\"url\":\"http:\/\/www.prijedordanas.com\/wp-content\/uploads\/2021\/12\/logopng.png\",\"contentUrl\":\"http:\/\/www.prijedordanas.com\/wp-content\/uploads\/2021\/12\/logopng.png\",\"width\":1019,\"height\":776,\"caption\":\"PrijedorDanas.com\"},\"image\":{\"@id\":\"https:\/\/www.prijedordanas.com\/#\/schema\/logo\/image\/\"},\"sameAs\":[\"https:\/\/www.facebook.com\/PrijedorDanasCom\/\"]},{\"@type\":\"Person\",\"@id\":\"https:\/\/www.prijedordanas.com\/#\/schema\/person\/4e08ccf29b506ca916ff86d46bb700e6\",\"name\":\"admin\",\"image\":{\"@type\":\"ImageObject\",\"inLanguage\":\"en-US\",\"@id\":\"https:\/\/www.prijedordanas.com\/#\/schema\/person\/image\/\",\"url\":\"https:\/\/secure.gravatar.com\/avatar\/1d3fc949d550f0b53a5f0d51e06dfd79?s=96&d=mm&r=g\",\"contentUrl\":\"https:\/\/secure.gravatar.com\/avatar\/1d3fc949d550f0b53a5f0d51e06dfd79?s=96&d=mm&r=g\",\"caption\":\"admin\"},\"url\":\"https:\/\/www.prijedordanas.com\/?author=1\"}]}<\/script>\n<!-- \/ Yoast SEO plugin. -->","yoast_head_json":{"title":"U preduze\u0107u \"Mira\" tvrde da su uprkos milionskim investicijama stavljeni na stub srama: Budu\u0107a ulaganja pod znakom pitanja - PrijedorDanas.com - Prijedorski gradski portal","robots":{"index":"index","follow":"follow","max-snippet":"max-snippet:-1","max-image-preview":"max-image-preview:large","max-video-preview":"max-video-preview:-1"},"canonical":"https:\/\/www.prijedordanas.com\/?p=142119","og_locale":"en_US","og_type":"article","og_title":"U preduze\u0107u \"Mira\" tvrde da su uprkos milionskim investicijama stavljeni na stub srama: Budu\u0107a ulaganja pod znakom pitanja - PrijedorDanas.com - Prijedorski gradski portal","og_description":"U Akcionarskom dru\u0161tvu &#8220;Mira&#8221; iz Prijedora tvrde da su rje\u0161enjem Komisije za hartije od vrijednosti RS stavljeni na stub srama, iako su iza njih milionske investicije u bolje uslove rada [&hellip;]","og_url":"https:\/\/www.prijedordanas.com\/?p=142119","og_site_name":"PrijedorDanas.com - Prijedorski gradski portal","article_publisher":"https:\/\/www.facebook.com\/PrijedorDanasCom\/","article_published_time":"2020-02-15T12:44:10+00:00","og_image":[{"url":"https:\/\/www.prijedordanas.com\/wp-content\/uploads\/2018\/04\/fabrika-keksa-mira-1-300x222.jpg"}],"author":"admin","twitter_card":"summary_large_image","twitter_misc":{"Written by":"admin","Est. reading time":"3 minutes"},"schema":{"@context":"https:\/\/schema.org","@graph":[{"@type":"Article","@id":"https:\/\/www.prijedordanas.com\/?p=142119#article","isPartOf":{"@id":"https:\/\/www.prijedordanas.com\/?p=142119"},"author":{"name":"admin","@id":"https:\/\/www.prijedordanas.com\/#\/schema\/person\/4e08ccf29b506ca916ff86d46bb700e6"},"headline":"U preduze\u0107u &#8220;Mira&#8221; tvrde da su uprkos milionskim investicijama stavljeni na stub srama: Budu\u0107a ulaganja pod znakom pitanja","datePublished":"2020-02-15T12:44:10+00:00","dateModified":"2020-02-15T12:44:10+00:00","mainEntityOfPage":{"@id":"https:\/\/www.prijedordanas.com\/?p=142119"},"wordCount":666,"publisher":{"@id":"https:\/\/www.prijedordanas.com\/#organization"},"keywords":["Fabrika keksa \"Mira\""],"articleSection":["Svakodnevno"],"inLanguage":"en-US"},{"@type":"WebPage","@id":"https:\/\/www.prijedordanas.com\/?p=142119","url":"https:\/\/www.prijedordanas.com\/?p=142119","name":"U preduze\u0107u \"Mira\" tvrde da su uprkos milionskim investicijama stavljeni na stub srama: Budu\u0107a ulaganja pod znakom pitanja - PrijedorDanas.com - Prijedorski gradski portal","isPartOf":{"@id":"https:\/\/www.prijedordanas.com\/#website"},"datePublished":"2020-02-15T12:44:10+00:00","dateModified":"2020-02-15T12:44:10+00:00","breadcrumb":{"@id":"https:\/\/www.prijedordanas.com\/?p=142119#breadcrumb"},"inLanguage":"en-US","potentialAction":[{"@type":"ReadAction","target":["https:\/\/www.prijedordanas.com\/?p=142119"]}]},{"@type":"BreadcrumbList","@id":"https:\/\/www.prijedordanas.com\/?p=142119#breadcrumb","itemListElement":[{"@type":"ListItem","position":1,"name":"Home","item":"https:\/\/www.prijedordanas.com\/"},{"@type":"ListItem","position":2,"name":"U preduze\u0107u &#8220;Mira&#8221; tvrde da su uprkos milionskim investicijama stavljeni na stub srama: Budu\u0107a ulaganja pod znakom pitanja"}]},{"@type":"WebSite","@id":"https:\/\/www.prijedordanas.com\/#website","url":"https:\/\/www.prijedordanas.com\/","name":"PrijedorDanas.com - Prijedorski gradski portal","description":"Portal o doga\u0111anjima u gradu Prijedoru","publisher":{"@id":"https:\/\/www.prijedordanas.com\/#organization"},"potentialAction":[{"@type":"SearchAction","target":{"@type":"EntryPoint","urlTemplate":"https:\/\/www.prijedordanas.com\/?s={search_term_string}"},"query-input":"required name=search_term_string"}],"inLanguage":"en-US"},{"@type":"Organization","@id":"https:\/\/www.prijedordanas.com\/#organization","name":"PrijedorDanas.com","url":"https:\/\/www.prijedordanas.com\/","logo":{"@type":"ImageObject","inLanguage":"en-US","@id":"https:\/\/www.prijedordanas.com\/#\/schema\/logo\/image\/","url":"http:\/\/www.prijedordanas.com\/wp-content\/uploads\/2021\/12\/logopng.png","contentUrl":"http:\/\/www.prijedordanas.com\/wp-content\/uploads\/2021\/12\/logopng.png","width":1019,"height":776,"caption":"PrijedorDanas.com"},"image":{"@id":"https:\/\/www.prijedordanas.com\/#\/schema\/logo\/image\/"},"sameAs":["https:\/\/www.facebook.com\/PrijedorDanasCom\/"]},{"@type":"Person","@id":"https:\/\/www.prijedordanas.com\/#\/schema\/person\/4e08ccf29b506ca916ff86d46bb700e6","name":"admin","image":{"@type":"ImageObject","inLanguage":"en-US","@id":"https:\/\/www.prijedordanas.com\/#\/schema\/person\/image\/","url":"https:\/\/secure.gravatar.com\/avatar\/1d3fc949d550f0b53a5f0d51e06dfd79?s=96&d=mm&r=g","contentUrl":"https:\/\/secure.gravatar.com\/avatar\/1d3fc949d550f0b53a5f0d51e06dfd79?s=96&d=mm&r=g","caption":"admin"},"url":"https:\/\/www.prijedordanas.com\/?author=1"}]}},"_links":{"self":[{"href":"https:\/\/www.prijedordanas.com\/index.php?rest_route=\/wp\/v2\/posts\/142119"}],"collection":[{"href":"https:\/\/www.prijedordanas.com\/index.php?rest_route=\/wp\/v2\/posts"}],"about":[{"href":"https:\/\/www.prijedordanas.com\/index.php?rest_route=\/wp\/v2\/types\/post"}],"author":[{"embeddable":true,"href":"https:\/\/www.prijedordanas.com\/index.php?rest_route=\/wp\/v2\/users\/1"}],"replies":[{"embeddable":true,"href":"https:\/\/www.prijedordanas.com\/index.php?rest_route=%2Fwp%2Fv2%2Fcomments&post=142119"}],"version-history":[{"count":1,"href":"https:\/\/www.prijedordanas.com\/index.php?rest_route=\/wp\/v2\/posts\/142119\/revisions"}],"predecessor-version":[{"id":142121,"href":"https:\/\/www.prijedordanas.com\/index.php?rest_route=\/wp\/v2\/posts\/142119\/revisions\/142121"}],"wp:attachment":[{"href":"https:\/\/www.prijedordanas.com\/index.php?rest_route=%2Fwp%2Fv2%2Fmedia&parent=142119"}],"wp:term":[{"taxonomy":"category","embeddable":true,"href":"https:\/\/www.prijedordanas.com\/index.php?rest_route=%2Fwp%2Fv2%2Fcategories&post=142119"},{"taxonomy":"post_tag","embeddable":true,"href":"https:\/\/www.prijedordanas.com\/index.php?rest_route=%2Fwp%2Fv2%2Ftags&post=142119"}],"curies":[{"name":"wp","href":"https:\/\/api.w.org\/{rel}","templated":true}]}}