{"id":14208,"date":"2015-01-18T15:40:39","date_gmt":"2015-01-18T14:40:39","guid":{"rendered":"https:\/\/www.prijedordanas.com\/?p=14208"},"modified":"2015-01-18T15:40:39","modified_gmt":"2015-01-18T14:40:39","slug":"pravnu-pomoc-od-gradske-uprave-zatrazilo-2-356-lica","status":"publish","type":"post","link":"https:\/\/www.prijedordanas.com\/?p=14208","title":{"rendered":"PRAVNU POMO\u0106 OD GRADSKE UPRAVE ZATRA\u017dILO 2.356 LICA"},"content":{"rendered":"<p><a href=\"https:\/\/www.prijedordanas.com\/wp-content\/uploads\/2015\/01\/gradska-uprava1.jpg\"><img loading=\"lazy\" decoding=\"async\" src=\"https:\/\/www.prijedordanas.com\/wp-content\/uploads\/2015\/01\/gradska-uprava1-300x182.jpg\" alt=\"gradska uprava\" width=\"300\" height=\"182\" class=\"alignleft size-medium wp-image-14209\" srcset=\"https:\/\/www.prijedordanas.com\/wp-content\/uploads\/2015\/01\/gradska-uprava1-300x182.jpg 300w, https:\/\/www.prijedordanas.com\/wp-content\/uploads\/2015\/01\/gradska-uprava1.jpg 600w\" sizes=\"(max-width: 300px) 100vw, 300px\" \/><\/a>Kancelariju za pru\u017eanje pravne pomo\u0107i koja djeluje pri Odjeljenju za dru\u0161tvene djelatnosti grada Prijedora tokom protekle godine posjetilo je 2.356 fizi\u010dkih lica sa prebivali\u0161tem u Prijedoru.<\/p>\n<p>Samostalni stru\u010dni saradnik za pru\u017eanje pravne pomo\u0107i Dragica Plav\u0161i\u0107-Stojanovi\u0107 potvrdila je da su, prema strukturi pru\u017eenih usluga, pravnu pomo\u0107 u usmenom obliku kroz pravne savjete iz svih oblasti dobila 1.723 lica, a pravna pomo\u0107 u pisanom obliku pru\u017eena je za 633 korisnika. <\/p>\n<p>&#8220;Gra\u0111ani su se za pravnu pomo\u0107 naj\u010de\u0161\u0107e obra\u0107ali zbog ostvarivanja i za\u0161tite prava iz penzijsko-invalidskog osiguranja, zdravstvene za\u0161tite, radnih odnosa i bora\u010dko-invalidske za\u0161tite&#8221;, istakla je Stojanovi\u0107eva. <\/p>\n<p>Ona je dodala da su se u sudskim postupcima gra\u0111ani obra\u0107ali naj\u010de\u0161\u0107e za sastavljanje pravnih lijekova u parni\u010dnom, vanparni\u010dnom i izvr\u0161nom postupku. <\/p>\n<p>&#8220;U skladu sa odlukom o visini i na\u010dinu pla\u0107anja naknade za pru\u017eanje pravne pomo\u0107i 1.723 pravna savjeta pru\u017eena su besplatno, 481 korisnik pravne pomo\u0107i u pisanom obliku je oslobo\u0111en takse, a od 152 korisnika usluga napla\u0107ena je taksa u ukupnom iznosu od 2.607 KM&#8221;, navela je Stojanovi\u0107eva. <\/p>\n<p>Ona je dodala da su takse bila oslobo\u0111ena lica u stanju socijalne potrebe, osobe pod starateljstvom, penzioneri sa najni\u017eom penzijom, lica sa invaliditetom, a u odre\u0111enim oblastima i porodice poginulih, ratnih vojnih invalida, civilne \u017ertve rata, izbjeglo i raseljeno stanovni\u0161tvo i nezaposleni. <\/p>\n<p>Tekst \u2013 SRNA<br \/>\nFoto \u2013 Aleksandar Drakuli\u0107 \u2013 www.prijedordanas.com<\/p>\n","protected":false},"excerpt":{"rendered":"<p>Kancelariju za pru\u017eanje pravne pomo\u0107i koja djeluje pri Odjeljenju za dru\u0161tvene djelatnosti grada Prijedora tokom protekle godine posjetilo je 2.356 fizi\u010dkih lica sa prebivali\u0161tem u Prijedoru. Samostalni stru\u010dni saradnik za [&hellip;]<\/p>\n","protected":false},"author":1,"featured_media":0,"comment_status":"closed","ping_status":"open","sticky":false,"template":"","format":"standard","meta":{"_monsterinsights_skip_tracking":false,"_monsterinsights_sitenote_active":false,"_monsterinsights_sitenote_note":"","_monsterinsights_sitenote_category":0,"footnotes":""},"categories":[8],"tags":[86,2961],"yoast_head":"<!-- This site is optimized with the Yoast SEO plugin v21.6 - https:\/\/yoast.com\/wordpress\/plugins\/seo\/ -->\n<title>PRAVNU POMO\u0106 OD GRADSKE UPRAVE ZATRA\u017dILO 2.356 LICA - PrijedorDanas.com - Prijedorski gradski portal<\/title>\n<meta name=\"robots\" content=\"index, follow, max-snippet:-1, max-image-preview:large, max-video-preview:-1\" \/>\n<link rel=\"canonical\" href=\"https:\/\/www.prijedordanas.com\/?p=14208\" \/>\n<meta property=\"og:locale\" content=\"en_US\" \/>\n<meta property=\"og:type\" content=\"article\" \/>\n<meta property=\"og:title\" content=\"PRAVNU POMO\u0106 OD GRADSKE UPRAVE ZATRA\u017dILO 2.356 LICA - PrijedorDanas.com - Prijedorski gradski portal\" \/>\n<meta property=\"og:description\" content=\"Kancelariju za pru\u017eanje pravne pomo\u0107i koja djeluje pri Odjeljenju za dru\u0161tvene djelatnosti grada Prijedora tokom protekle godine posjetilo je 2.356 fizi\u010dkih lica sa prebivali\u0161tem u Prijedoru. Samostalni stru\u010dni saradnik za [&hellip;]\" \/>\n<meta property=\"og:url\" content=\"https:\/\/www.prijedordanas.com\/?p=14208\" \/>\n<meta property=\"og:site_name\" content=\"PrijedorDanas.com - Prijedorski gradski portal\" \/>\n<meta property=\"article:publisher\" content=\"https:\/\/www.facebook.com\/PrijedorDanasCom\/\" \/>\n<meta property=\"article:published_time\" content=\"2015-01-18T14:40:39+00:00\" \/>\n<meta property=\"og:image\" content=\"https:\/\/www.prijedordanas.com\/wp-content\/uploads\/2015\/01\/gradska-uprava1-300x182.jpg\" \/>\n<meta name=\"author\" content=\"admin\" \/>\n<meta name=\"twitter:card\" content=\"summary_large_image\" \/>\n<meta name=\"twitter:label1\" content=\"Written by\" \/>\n\t<meta name=\"twitter:data1\" content=\"admin\" \/>\n\t<meta name=\"twitter:label2\" content=\"Est. reading time\" \/>\n\t<meta name=\"twitter:data2\" content=\"1 minute\" \/>\n<script type=\"application\/ld+json\" class=\"yoast-schema-graph\">{\"@context\":\"https:\/\/schema.org\",\"@graph\":[{\"@type\":\"Article\",\"@id\":\"https:\/\/www.prijedordanas.com\/?p=14208#article\",\"isPartOf\":{\"@id\":\"https:\/\/www.prijedordanas.com\/?p=14208\"},\"author\":{\"name\":\"admin\",\"@id\":\"https:\/\/www.prijedordanas.com\/#\/schema\/person\/4e08ccf29b506ca916ff86d46bb700e6\"},\"headline\":\"PRAVNU POMO\u0106 OD GRADSKE UPRAVE ZATRA\u017dILO 2.356 LICA\",\"datePublished\":\"2015-01-18T14:40:39+00:00\",\"dateModified\":\"2015-01-18T14:40:39+00:00\",\"mainEntityOfPage\":{\"@id\":\"https:\/\/www.prijedordanas.com\/?p=14208\"},\"wordCount\":255,\"publisher\":{\"@id\":\"https:\/\/www.prijedordanas.com\/#organization\"},\"keywords\":[\"gradska uprava\",\"pravna pomo\u0107\"],\"articleSection\":[\"Svakodnevno\"],\"inLanguage\":\"en-US\"},{\"@type\":\"WebPage\",\"@id\":\"https:\/\/www.prijedordanas.com\/?p=14208\",\"url\":\"https:\/\/www.prijedordanas.com\/?p=14208\",\"name\":\"PRAVNU POMO\u0106 OD GRADSKE UPRAVE ZATRA\u017dILO 2.356 LICA - PrijedorDanas.com - Prijedorski gradski portal\",\"isPartOf\":{\"@id\":\"https:\/\/www.prijedordanas.com\/#website\"},\"datePublished\":\"2015-01-18T14:40:39+00:00\",\"dateModified\":\"2015-01-18T14:40:39+00:00\",\"breadcrumb\":{\"@id\":\"https:\/\/www.prijedordanas.com\/?p=14208#breadcrumb\"},\"inLanguage\":\"en-US\",\"potentialAction\":[{\"@type\":\"ReadAction\",\"target\":[\"https:\/\/www.prijedordanas.com\/?p=14208\"]}]},{\"@type\":\"BreadcrumbList\",\"@id\":\"https:\/\/www.prijedordanas.com\/?p=14208#breadcrumb\",\"itemListElement\":[{\"@type\":\"ListItem\",\"position\":1,\"name\":\"Home\",\"item\":\"https:\/\/www.prijedordanas.com\/\"},{\"@type\":\"ListItem\",\"position\":2,\"name\":\"PRAVNU POMO\u0106 OD GRADSKE UPRAVE ZATRA\u017dILO 2.356 LICA\"}]},{\"@type\":\"WebSite\",\"@id\":\"https:\/\/www.prijedordanas.com\/#website\",\"url\":\"https:\/\/www.prijedordanas.com\/\",\"name\":\"PrijedorDanas.com - Prijedorski gradski portal\",\"description\":\"Portal o doga\u0111anjima u gradu Prijedoru\",\"publisher\":{\"@id\":\"https:\/\/www.prijedordanas.com\/#organization\"},\"potentialAction\":[{\"@type\":\"SearchAction\",\"target\":{\"@type\":\"EntryPoint\",\"urlTemplate\":\"https:\/\/www.prijedordanas.com\/?s={search_term_string}\"},\"query-input\":\"required name=search_term_string\"}],\"inLanguage\":\"en-US\"},{\"@type\":\"Organization\",\"@id\":\"https:\/\/www.prijedordanas.com\/#organization\",\"name\":\"PrijedorDanas.com\",\"url\":\"https:\/\/www.prijedordanas.com\/\",\"logo\":{\"@type\":\"ImageObject\",\"inLanguage\":\"en-US\",\"@id\":\"https:\/\/www.prijedordanas.com\/#\/schema\/logo\/image\/\",\"url\":\"http:\/\/www.prijedordanas.com\/wp-content\/uploads\/2021\/12\/logopng.png\",\"contentUrl\":\"http:\/\/www.prijedordanas.com\/wp-content\/uploads\/2021\/12\/logopng.png\",\"width\":1019,\"height\":776,\"caption\":\"PrijedorDanas.com\"},\"image\":{\"@id\":\"https:\/\/www.prijedordanas.com\/#\/schema\/logo\/image\/\"},\"sameAs\":[\"https:\/\/www.facebook.com\/PrijedorDanasCom\/\"]},{\"@type\":\"Person\",\"@id\":\"https:\/\/www.prijedordanas.com\/#\/schema\/person\/4e08ccf29b506ca916ff86d46bb700e6\",\"name\":\"admin\",\"image\":{\"@type\":\"ImageObject\",\"inLanguage\":\"en-US\",\"@id\":\"https:\/\/www.prijedordanas.com\/#\/schema\/person\/image\/\",\"url\":\"https:\/\/secure.gravatar.com\/avatar\/1d3fc949d550f0b53a5f0d51e06dfd79?s=96&d=mm&r=g\",\"contentUrl\":\"https:\/\/secure.gravatar.com\/avatar\/1d3fc949d550f0b53a5f0d51e06dfd79?s=96&d=mm&r=g\",\"caption\":\"admin\"},\"url\":\"https:\/\/www.prijedordanas.com\/?author=1\"}]}<\/script>\n<!-- \/ Yoast SEO plugin. -->","yoast_head_json":{"title":"PRAVNU POMO\u0106 OD GRADSKE UPRAVE ZATRA\u017dILO 2.356 LICA - PrijedorDanas.com - Prijedorski gradski portal","robots":{"index":"index","follow":"follow","max-snippet":"max-snippet:-1","max-image-preview":"max-image-preview:large","max-video-preview":"max-video-preview:-1"},"canonical":"https:\/\/www.prijedordanas.com\/?p=14208","og_locale":"en_US","og_type":"article","og_title":"PRAVNU POMO\u0106 OD GRADSKE UPRAVE ZATRA\u017dILO 2.356 LICA - PrijedorDanas.com - Prijedorski gradski portal","og_description":"Kancelariju za pru\u017eanje pravne pomo\u0107i koja djeluje pri Odjeljenju za dru\u0161tvene djelatnosti grada Prijedora tokom protekle godine posjetilo je 2.356 fizi\u010dkih lica sa prebivali\u0161tem u Prijedoru. Samostalni stru\u010dni saradnik za [&hellip;]","og_url":"https:\/\/www.prijedordanas.com\/?p=14208","og_site_name":"PrijedorDanas.com - Prijedorski gradski portal","article_publisher":"https:\/\/www.facebook.com\/PrijedorDanasCom\/","article_published_time":"2015-01-18T14:40:39+00:00","og_image":[{"url":"https:\/\/www.prijedordanas.com\/wp-content\/uploads\/2015\/01\/gradska-uprava1-300x182.jpg"}],"author":"admin","twitter_card":"summary_large_image","twitter_misc":{"Written by":"admin","Est. reading time":"1 minute"},"schema":{"@context":"https:\/\/schema.org","@graph":[{"@type":"Article","@id":"https:\/\/www.prijedordanas.com\/?p=14208#article","isPartOf":{"@id":"https:\/\/www.prijedordanas.com\/?p=14208"},"author":{"name":"admin","@id":"https:\/\/www.prijedordanas.com\/#\/schema\/person\/4e08ccf29b506ca916ff86d46bb700e6"},"headline":"PRAVNU POMO\u0106 OD GRADSKE UPRAVE ZATRA\u017dILO 2.356 LICA","datePublished":"2015-01-18T14:40:39+00:00","dateModified":"2015-01-18T14:40:39+00:00","mainEntityOfPage":{"@id":"https:\/\/www.prijedordanas.com\/?p=14208"},"wordCount":255,"publisher":{"@id":"https:\/\/www.prijedordanas.com\/#organization"},"keywords":["gradska uprava","pravna pomo\u0107"],"articleSection":["Svakodnevno"],"inLanguage":"en-US"},{"@type":"WebPage","@id":"https:\/\/www.prijedordanas.com\/?p=14208","url":"https:\/\/www.prijedordanas.com\/?p=14208","name":"PRAVNU POMO\u0106 OD GRADSKE UPRAVE ZATRA\u017dILO 2.356 LICA - PrijedorDanas.com - Prijedorski gradski portal","isPartOf":{"@id":"https:\/\/www.prijedordanas.com\/#website"},"datePublished":"2015-01-18T14:40:39+00:00","dateModified":"2015-01-18T14:40:39+00:00","breadcrumb":{"@id":"https:\/\/www.prijedordanas.com\/?p=14208#breadcrumb"},"inLanguage":"en-US","potentialAction":[{"@type":"ReadAction","target":["https:\/\/www.prijedordanas.com\/?p=14208"]}]},{"@type":"BreadcrumbList","@id":"https:\/\/www.prijedordanas.com\/?p=14208#breadcrumb","itemListElement":[{"@type":"ListItem","position":1,"name":"Home","item":"https:\/\/www.prijedordanas.com\/"},{"@type":"ListItem","position":2,"name":"PRAVNU POMO\u0106 OD GRADSKE UPRAVE ZATRA\u017dILO 2.356 LICA"}]},{"@type":"WebSite","@id":"https:\/\/www.prijedordanas.com\/#website","url":"https:\/\/www.prijedordanas.com\/","name":"PrijedorDanas.com - Prijedorski gradski portal","description":"Portal o doga\u0111anjima u gradu Prijedoru","publisher":{"@id":"https:\/\/www.prijedordanas.com\/#organization"},"potentialAction":[{"@type":"SearchAction","target":{"@type":"EntryPoint","urlTemplate":"https:\/\/www.prijedordanas.com\/?s={search_term_string}"},"query-input":"required name=search_term_string"}],"inLanguage":"en-US"},{"@type":"Organization","@id":"https:\/\/www.prijedordanas.com\/#organization","name":"PrijedorDanas.com","url":"https:\/\/www.prijedordanas.com\/","logo":{"@type":"ImageObject","inLanguage":"en-US","@id":"https:\/\/www.prijedordanas.com\/#\/schema\/logo\/image\/","url":"http:\/\/www.prijedordanas.com\/wp-content\/uploads\/2021\/12\/logopng.png","contentUrl":"http:\/\/www.prijedordanas.com\/wp-content\/uploads\/2021\/12\/logopng.png","width":1019,"height":776,"caption":"PrijedorDanas.com"},"image":{"@id":"https:\/\/www.prijedordanas.com\/#\/schema\/logo\/image\/"},"sameAs":["https:\/\/www.facebook.com\/PrijedorDanasCom\/"]},{"@type":"Person","@id":"https:\/\/www.prijedordanas.com\/#\/schema\/person\/4e08ccf29b506ca916ff86d46bb700e6","name":"admin","image":{"@type":"ImageObject","inLanguage":"en-US","@id":"https:\/\/www.prijedordanas.com\/#\/schema\/person\/image\/","url":"https:\/\/secure.gravatar.com\/avatar\/1d3fc949d550f0b53a5f0d51e06dfd79?s=96&d=mm&r=g","contentUrl":"https:\/\/secure.gravatar.com\/avatar\/1d3fc949d550f0b53a5f0d51e06dfd79?s=96&d=mm&r=g","caption":"admin"},"url":"https:\/\/www.prijedordanas.com\/?author=1"}]}},"_links":{"self":[{"href":"https:\/\/www.prijedordanas.com\/index.php?rest_route=\/wp\/v2\/posts\/14208"}],"collection":[{"href":"https:\/\/www.prijedordanas.com\/index.php?rest_route=\/wp\/v2\/posts"}],"about":[{"href":"https:\/\/www.prijedordanas.com\/index.php?rest_route=\/wp\/v2\/types\/post"}],"author":[{"embeddable":true,"href":"https:\/\/www.prijedordanas.com\/index.php?rest_route=\/wp\/v2\/users\/1"}],"replies":[{"embeddable":true,"href":"https:\/\/www.prijedordanas.com\/index.php?rest_route=%2Fwp%2Fv2%2Fcomments&post=14208"}],"version-history":[{"count":1,"href":"https:\/\/www.prijedordanas.com\/index.php?rest_route=\/wp\/v2\/posts\/14208\/revisions"}],"predecessor-version":[{"id":14210,"href":"https:\/\/www.prijedordanas.com\/index.php?rest_route=\/wp\/v2\/posts\/14208\/revisions\/14210"}],"wp:attachment":[{"href":"https:\/\/www.prijedordanas.com\/index.php?rest_route=%2Fwp%2Fv2%2Fmedia&parent=14208"}],"wp:term":[{"taxonomy":"category","embeddable":true,"href":"https:\/\/www.prijedordanas.com\/index.php?rest_route=%2Fwp%2Fv2%2Fcategories&post=14208"},{"taxonomy":"post_tag","embeddable":true,"href":"https:\/\/www.prijedordanas.com\/index.php?rest_route=%2Fwp%2Fv2%2Ftags&post=14208"}],"curies":[{"name":"wp","href":"https:\/\/api.w.org\/{rel}","templated":true}]}}