{"id":141973,"date":"2020-02-12T16:32:42","date_gmt":"2020-02-12T15:32:42","guid":{"rendered":"https:\/\/www.prijedordanas.com\/?p=141973"},"modified":"2020-02-13T00:30:49","modified_gmt":"2020-02-12T23:30:49","slug":"izgorio-dio-krova-porodicne-kuce-brzom-intervencijom-prijedorski-vatrogasci-sprijecili-vecu-stetu-foto-video","status":"publish","type":"post","link":"https:\/\/www.prijedordanas.com\/?p=141973","title":{"rendered":"Izgorio dio krova porodi\u010dne ku\u0107e: Brzom intervencijom prijedorski vatrogasci sprije\u010dili ve\u0107u \u0161tetu &#8211; FOTO\/VIDEO"},"content":{"rendered":"<p><a href=\"https:\/\/www.prijedordanas.com\/wp-content\/uploads\/2020\/02\/tvjpd-pozar-busnovi-1.jpg\"><img loading=\"lazy\" decoding=\"async\" class=\"alignleft size-medium wp-image-141976\" src=\"https:\/\/www.prijedordanas.com\/wp-content\/uploads\/2020\/02\/tvjpd-pozar-busnovi-1-300x225.jpg\" alt=\"\" width=\"300\" height=\"225\" srcset=\"https:\/\/www.prijedordanas.com\/wp-content\/uploads\/2020\/02\/tvjpd-pozar-busnovi-1-300x225.jpg 300w, https:\/\/www.prijedordanas.com\/wp-content\/uploads\/2020\/02\/tvjpd-pozar-busnovi-1-640x480.jpg 640w, https:\/\/www.prijedordanas.com\/wp-content\/uploads\/2020\/02\/tvjpd-pozar-busnovi-1.jpg 667w\" sizes=\"(max-width: 300px) 100vw, 300px\" \/><\/a>Prijedorski vatrogasci bili su aktivni tokom protekle no\u0107i.<\/p>\n<p>Naime, u naselju Busnovi do\u0161lo je do po\u017eara na porodi\u010dnoj ku\u0107i.<\/p>\n<p>-Dana 12. februara oko 02:10 prijavljeno je da je u mjestu Busnovi do\u0161lo do po\u017eara na porodi\u010dnoj ku\u0107i vlasni\u0161tvo K.S. iz Prijedora. Dolaskom na lice mjesta policijskli slu\u017ebenici PU Prijedor zatekli su pripadnike TVJ Prijedor koji su lokalizovali po\u017ear. Nije bilo elemenata krivi\u010dnog djela &#8211; potvrdila je Vesna Pa\u010dariz, portparolka PU Prijedor.<\/p>\n<p>Nezvani\u010dno saznajemo da je do po\u017eara do\u0161lo usljed zapaljenja dimnjaka.<\/p>\n<p>Izgorio je dio krovne konstrukcije i dio potkrovlja porodi\u010dne ku\u0107e.<\/p>\n<p>Zahvaljuju\u0107i brzoj intervenciji pripadnika Teritorijalne vatrogasne slu\u017ebe Prijedor, njih \u0161est sa dva vozila, sprije\u010deno je dalje \u0161irenje po\u017eara i ve\u0107a materijalna \u0161teta.<\/p>\n<p>Tekst &#8211; <a href=\"https:\/\/www.prijedordanas.com\" target=\"_blank\" rel=\"noopener noreferrer\">www.prijedordanas.com<\/a><br \/>\nFoto &#8211; TVJ Prijedor<\/p>\n<p><iframe loading=\"lazy\" title=\"Po\u017ear ku\u0107e (8) - Vatrogasci Prijedor, 12.02.2020.g\" width=\"500\" height=\"281\" src=\"https:\/\/www.youtube.com\/embed\/MuM2JLfOacQ?feature=oembed\" frameborder=\"0\" allow=\"accelerometer; autoplay; encrypted-media; gyroscope; picture-in-picture\" allowfullscreen><\/iframe><\/p>\n<div id=\"fb-root\"><\/div>\n<p><script async=\"1\" defer=\"1\" crossorigin=\"anonymous\" src=\"https:\/\/connect.facebook.net\/bs_BA\/sdk.js#xfbml=1&amp;version=v6.0\"><\/script><\/p>\n<div class=\"fb-video\" data-href=\"https:\/\/www.facebook.com\/VatrogasciPrijedor\/videos\/1526410327511775\/\" data-width=\"500\">\n<blockquote cite=\"https:\/\/www.facebook.com\/VatrogasciPrijedor\/videos\/1526410327511775\/\" class=\"fb-xfbml-parse-ignore\"><p><a href=\"https:\/\/www.facebook.com\/VatrogasciPrijedor\/videos\/1526410327511775\/\">12.02.&#039;20. Busnovi, po\u017ear ku\u0107e<\/a><\/p>\n<p>Posted by <a href=\"https:\/\/www.facebook.com\/VatrogasciPrijedor\/\">Vatrogasci Prijedor &#8211; Fire Station Prijedor<\/a> on Srijeda, 12. Februar 2020.<\/p><\/blockquote>\n<\/div>\n<p><a href=\"https:\/\/www.prijedordanas.com\/wp-content\/uploads\/2020\/02\/tvjpd-pozar-busnovi-3.jpg\"><img loading=\"lazy\" decoding=\"async\" src=\"https:\/\/www.prijedordanas.com\/wp-content\/uploads\/2020\/02\/tvjpd-pozar-busnovi-3-300x225.jpg\" alt=\"\" width=\"300\" height=\"225\" class=\"alignleft size-medium wp-image-141977\" srcset=\"https:\/\/www.prijedordanas.com\/wp-content\/uploads\/2020\/02\/tvjpd-pozar-busnovi-3-300x225.jpg 300w, https:\/\/www.prijedordanas.com\/wp-content\/uploads\/2020\/02\/tvjpd-pozar-busnovi-3.jpg 600w\" sizes=\"(max-width: 300px) 100vw, 300px\" \/><\/a> <a href=\"https:\/\/www.prijedordanas.com\/wp-content\/uploads\/2020\/02\/tvjpd-pozar-busnovi-4.jpg\"><img loading=\"lazy\" decoding=\"async\" src=\"https:\/\/www.prijedordanas.com\/wp-content\/uploads\/2020\/02\/tvjpd-pozar-busnovi-4-300x225.jpg\" alt=\"\" width=\"300\" height=\"225\" class=\"alignleft size-medium wp-image-141978\" srcset=\"https:\/\/www.prijedordanas.com\/wp-content\/uploads\/2020\/02\/tvjpd-pozar-busnovi-4-300x225.jpg 300w, https:\/\/www.prijedordanas.com\/wp-content\/uploads\/2020\/02\/tvjpd-pozar-busnovi-4.jpg 600w\" sizes=\"(max-width: 300px) 100vw, 300px\" \/><\/a> <a href=\"https:\/\/www.prijedordanas.com\/wp-content\/uploads\/2020\/02\/tvjpd-pozar-busnovi-5.jpg\"><img loading=\"lazy\" decoding=\"async\" src=\"https:\/\/www.prijedordanas.com\/wp-content\/uploads\/2020\/02\/tvjpd-pozar-busnovi-5-300x217.jpg\" alt=\"\" width=\"300\" height=\"217\" class=\"alignleft size-medium wp-image-141979\" srcset=\"https:\/\/www.prijedordanas.com\/wp-content\/uploads\/2020\/02\/tvjpd-pozar-busnovi-5-300x217.jpg 300w, https:\/\/www.prijedordanas.com\/wp-content\/uploads\/2020\/02\/tvjpd-pozar-busnovi-5.jpg 690w\" sizes=\"(max-width: 300px) 100vw, 300px\" \/><\/a> <a href=\"https:\/\/www.prijedordanas.com\/wp-content\/uploads\/2020\/02\/tvjpd-pozar-busnovi-2.jpg\"><img loading=\"lazy\" decoding=\"async\" src=\"https:\/\/www.prijedordanas.com\/wp-content\/uploads\/2020\/02\/tvjpd-pozar-busnovi-2-300x225.jpg\" alt=\"\" width=\"300\" height=\"225\" class=\"alignleft size-medium wp-image-141980\" srcset=\"https:\/\/www.prijedordanas.com\/wp-content\/uploads\/2020\/02\/tvjpd-pozar-busnovi-2-300x225.jpg 300w, https:\/\/www.prijedordanas.com\/wp-content\/uploads\/2020\/02\/tvjpd-pozar-busnovi-2-640x480.jpg 640w, https:\/\/www.prijedordanas.com\/wp-content\/uploads\/2020\/02\/tvjpd-pozar-busnovi-2.jpg 667w\" sizes=\"(max-width: 300px) 100vw, 300px\" \/><\/a><\/p>\n","protected":false},"excerpt":{"rendered":"<p>Prijedorski vatrogasci bili su aktivni tokom protekle no\u0107i. Naime, u naselju Busnovi do\u0161lo je do po\u017eara na porodi\u010dnoj ku\u0107i. -Dana 12. februara oko 02:10 prijavljeno je da je u mjestu [&hellip;]<\/p>\n","protected":false},"author":1,"featured_media":0,"comment_status":"closed","ping_status":"open","sticky":false,"template":"","format":"standard","meta":{"_monsterinsights_skip_tracking":false,"_monsterinsights_sitenote_active":false,"_monsterinsights_sitenote_note":"","_monsterinsights_sitenote_category":0,"footnotes":""},"categories":[5],"tags":[],"yoast_head":"<!-- This site is optimized with the Yoast SEO plugin v21.6 - https:\/\/yoast.com\/wordpress\/plugins\/seo\/ -->\n<title>Izgorio dio krova porodi\u010dne ku\u0107e: Brzom intervencijom prijedorski vatrogasci sprije\u010dili ve\u0107u \u0161tetu - FOTO\/VIDEO - PrijedorDanas.com - Prijedorski gradski portal<\/title>\n<meta name=\"robots\" content=\"index, follow, max-snippet:-1, max-image-preview:large, max-video-preview:-1\" \/>\n<link rel=\"canonical\" href=\"https:\/\/www.prijedordanas.com\/?p=141973\" \/>\n<meta property=\"og:locale\" content=\"en_US\" \/>\n<meta property=\"og:type\" content=\"article\" \/>\n<meta property=\"og:title\" content=\"Izgorio dio krova porodi\u010dne ku\u0107e: Brzom intervencijom prijedorski vatrogasci sprije\u010dili ve\u0107u \u0161tetu - FOTO\/VIDEO - PrijedorDanas.com - Prijedorski gradski portal\" \/>\n<meta property=\"og:description\" content=\"Prijedorski vatrogasci bili su aktivni tokom protekle no\u0107i. Naime, u naselju Busnovi do\u0161lo je do po\u017eara na porodi\u010dnoj ku\u0107i. -Dana 12. februara oko 02:10 prijavljeno je da je u mjestu [&hellip;]\" \/>\n<meta property=\"og:url\" content=\"https:\/\/www.prijedordanas.com\/?p=141973\" \/>\n<meta property=\"og:site_name\" content=\"PrijedorDanas.com - Prijedorski gradski portal\" \/>\n<meta property=\"article:publisher\" content=\"https:\/\/www.facebook.com\/PrijedorDanasCom\/\" \/>\n<meta property=\"article:published_time\" content=\"2020-02-12T15:32:42+00:00\" \/>\n<meta property=\"article:modified_time\" content=\"2020-02-12T23:30:49+00:00\" \/>\n<meta property=\"og:image\" content=\"https:\/\/www.prijedordanas.com\/wp-content\/uploads\/2020\/02\/tvjpd-pozar-busnovi-1-300x225.jpg\" \/>\n<meta name=\"author\" content=\"admin\" \/>\n<meta name=\"twitter:card\" content=\"summary_large_image\" \/>\n<meta name=\"twitter:label1\" content=\"Written by\" \/>\n\t<meta name=\"twitter:data1\" content=\"admin\" \/>\n\t<meta name=\"twitter:label2\" content=\"Est. reading time\" \/>\n\t<meta name=\"twitter:data2\" content=\"1 minute\" \/>\n<script type=\"application\/ld+json\" class=\"yoast-schema-graph\">{\"@context\":\"https:\/\/schema.org\",\"@graph\":[{\"@type\":\"Article\",\"@id\":\"https:\/\/www.prijedordanas.com\/?p=141973#article\",\"isPartOf\":{\"@id\":\"https:\/\/www.prijedordanas.com\/?p=141973\"},\"author\":{\"name\":\"admin\",\"@id\":\"https:\/\/www.prijedordanas.com\/#\/schema\/person\/4e08ccf29b506ca916ff86d46bb700e6\"},\"headline\":\"Izgorio dio krova porodi\u010dne ku\u0107e: Brzom intervencijom prijedorski vatrogasci sprije\u010dili ve\u0107u \u0161tetu &#8211; FOTO\/VIDEO\",\"datePublished\":\"2020-02-12T15:32:42+00:00\",\"dateModified\":\"2020-02-12T23:30:49+00:00\",\"mainEntityOfPage\":{\"@id\":\"https:\/\/www.prijedordanas.com\/?p=141973\"},\"wordCount\":175,\"publisher\":{\"@id\":\"https:\/\/www.prijedordanas.com\/#organization\"},\"articleSection\":[\"Hronika\"],\"inLanguage\":\"en-US\"},{\"@type\":\"WebPage\",\"@id\":\"https:\/\/www.prijedordanas.com\/?p=141973\",\"url\":\"https:\/\/www.prijedordanas.com\/?p=141973\",\"name\":\"Izgorio dio krova porodi\u010dne ku\u0107e: Brzom intervencijom prijedorski vatrogasci sprije\u010dili ve\u0107u \u0161tetu - FOTO\/VIDEO - PrijedorDanas.com - Prijedorski gradski portal\",\"isPartOf\":{\"@id\":\"https:\/\/www.prijedordanas.com\/#website\"},\"datePublished\":\"2020-02-12T15:32:42+00:00\",\"dateModified\":\"2020-02-12T23:30:49+00:00\",\"breadcrumb\":{\"@id\":\"https:\/\/www.prijedordanas.com\/?p=141973#breadcrumb\"},\"inLanguage\":\"en-US\",\"potentialAction\":[{\"@type\":\"ReadAction\",\"target\":[\"https:\/\/www.prijedordanas.com\/?p=141973\"]}]},{\"@type\":\"BreadcrumbList\",\"@id\":\"https:\/\/www.prijedordanas.com\/?p=141973#breadcrumb\",\"itemListElement\":[{\"@type\":\"ListItem\",\"position\":1,\"name\":\"Home\",\"item\":\"https:\/\/www.prijedordanas.com\/\"},{\"@type\":\"ListItem\",\"position\":2,\"name\":\"Izgorio dio krova porodi\u010dne ku\u0107e: Brzom intervencijom prijedorski vatrogasci sprije\u010dili ve\u0107u \u0161tetu &#8211; FOTO\/VIDEO\"}]},{\"@type\":\"WebSite\",\"@id\":\"https:\/\/www.prijedordanas.com\/#website\",\"url\":\"https:\/\/www.prijedordanas.com\/\",\"name\":\"PrijedorDanas.com - Prijedorski gradski portal\",\"description\":\"Portal o doga\u0111anjima u gradu Prijedoru\",\"publisher\":{\"@id\":\"https:\/\/www.prijedordanas.com\/#organization\"},\"potentialAction\":[{\"@type\":\"SearchAction\",\"target\":{\"@type\":\"EntryPoint\",\"urlTemplate\":\"https:\/\/www.prijedordanas.com\/?s={search_term_string}\"},\"query-input\":\"required name=search_term_string\"}],\"inLanguage\":\"en-US\"},{\"@type\":\"Organization\",\"@id\":\"https:\/\/www.prijedordanas.com\/#organization\",\"name\":\"PrijedorDanas.com\",\"url\":\"https:\/\/www.prijedordanas.com\/\",\"logo\":{\"@type\":\"ImageObject\",\"inLanguage\":\"en-US\",\"@id\":\"https:\/\/www.prijedordanas.com\/#\/schema\/logo\/image\/\",\"url\":\"http:\/\/www.prijedordanas.com\/wp-content\/uploads\/2021\/12\/logopng.png\",\"contentUrl\":\"http:\/\/www.prijedordanas.com\/wp-content\/uploads\/2021\/12\/logopng.png\",\"width\":1019,\"height\":776,\"caption\":\"PrijedorDanas.com\"},\"image\":{\"@id\":\"https:\/\/www.prijedordanas.com\/#\/schema\/logo\/image\/\"},\"sameAs\":[\"https:\/\/www.facebook.com\/PrijedorDanasCom\/\"]},{\"@type\":\"Person\",\"@id\":\"https:\/\/www.prijedordanas.com\/#\/schema\/person\/4e08ccf29b506ca916ff86d46bb700e6\",\"name\":\"admin\",\"image\":{\"@type\":\"ImageObject\",\"inLanguage\":\"en-US\",\"@id\":\"https:\/\/www.prijedordanas.com\/#\/schema\/person\/image\/\",\"url\":\"https:\/\/secure.gravatar.com\/avatar\/1d3fc949d550f0b53a5f0d51e06dfd79?s=96&d=mm&r=g\",\"contentUrl\":\"https:\/\/secure.gravatar.com\/avatar\/1d3fc949d550f0b53a5f0d51e06dfd79?s=96&d=mm&r=g\",\"caption\":\"admin\"},\"url\":\"https:\/\/www.prijedordanas.com\/?author=1\"}]}<\/script>\n<!-- \/ Yoast SEO plugin. -->","yoast_head_json":{"title":"Izgorio dio krova porodi\u010dne ku\u0107e: Brzom intervencijom prijedorski vatrogasci sprije\u010dili ve\u0107u \u0161tetu - FOTO\/VIDEO - PrijedorDanas.com - Prijedorski gradski portal","robots":{"index":"index","follow":"follow","max-snippet":"max-snippet:-1","max-image-preview":"max-image-preview:large","max-video-preview":"max-video-preview:-1"},"canonical":"https:\/\/www.prijedordanas.com\/?p=141973","og_locale":"en_US","og_type":"article","og_title":"Izgorio dio krova porodi\u010dne ku\u0107e: Brzom intervencijom prijedorski vatrogasci sprije\u010dili ve\u0107u \u0161tetu - FOTO\/VIDEO - PrijedorDanas.com - Prijedorski gradski portal","og_description":"Prijedorski vatrogasci bili su aktivni tokom protekle no\u0107i. Naime, u naselju Busnovi do\u0161lo je do po\u017eara na porodi\u010dnoj ku\u0107i. -Dana 12. februara oko 02:10 prijavljeno je da je u mjestu [&hellip;]","og_url":"https:\/\/www.prijedordanas.com\/?p=141973","og_site_name":"PrijedorDanas.com - Prijedorski gradski portal","article_publisher":"https:\/\/www.facebook.com\/PrijedorDanasCom\/","article_published_time":"2020-02-12T15:32:42+00:00","article_modified_time":"2020-02-12T23:30:49+00:00","og_image":[{"url":"https:\/\/www.prijedordanas.com\/wp-content\/uploads\/2020\/02\/tvjpd-pozar-busnovi-1-300x225.jpg"}],"author":"admin","twitter_card":"summary_large_image","twitter_misc":{"Written by":"admin","Est. reading time":"1 minute"},"schema":{"@context":"https:\/\/schema.org","@graph":[{"@type":"Article","@id":"https:\/\/www.prijedordanas.com\/?p=141973#article","isPartOf":{"@id":"https:\/\/www.prijedordanas.com\/?p=141973"},"author":{"name":"admin","@id":"https:\/\/www.prijedordanas.com\/#\/schema\/person\/4e08ccf29b506ca916ff86d46bb700e6"},"headline":"Izgorio dio krova porodi\u010dne ku\u0107e: Brzom intervencijom prijedorski vatrogasci sprije\u010dili ve\u0107u \u0161tetu &#8211; FOTO\/VIDEO","datePublished":"2020-02-12T15:32:42+00:00","dateModified":"2020-02-12T23:30:49+00:00","mainEntityOfPage":{"@id":"https:\/\/www.prijedordanas.com\/?p=141973"},"wordCount":175,"publisher":{"@id":"https:\/\/www.prijedordanas.com\/#organization"},"articleSection":["Hronika"],"inLanguage":"en-US"},{"@type":"WebPage","@id":"https:\/\/www.prijedordanas.com\/?p=141973","url":"https:\/\/www.prijedordanas.com\/?p=141973","name":"Izgorio dio krova porodi\u010dne ku\u0107e: Brzom intervencijom prijedorski vatrogasci sprije\u010dili ve\u0107u \u0161tetu - FOTO\/VIDEO - PrijedorDanas.com - Prijedorski gradski portal","isPartOf":{"@id":"https:\/\/www.prijedordanas.com\/#website"},"datePublished":"2020-02-12T15:32:42+00:00","dateModified":"2020-02-12T23:30:49+00:00","breadcrumb":{"@id":"https:\/\/www.prijedordanas.com\/?p=141973#breadcrumb"},"inLanguage":"en-US","potentialAction":[{"@type":"ReadAction","target":["https:\/\/www.prijedordanas.com\/?p=141973"]}]},{"@type":"BreadcrumbList","@id":"https:\/\/www.prijedordanas.com\/?p=141973#breadcrumb","itemListElement":[{"@type":"ListItem","position":1,"name":"Home","item":"https:\/\/www.prijedordanas.com\/"},{"@type":"ListItem","position":2,"name":"Izgorio dio krova porodi\u010dne ku\u0107e: Brzom intervencijom prijedorski vatrogasci sprije\u010dili ve\u0107u \u0161tetu &#8211; FOTO\/VIDEO"}]},{"@type":"WebSite","@id":"https:\/\/www.prijedordanas.com\/#website","url":"https:\/\/www.prijedordanas.com\/","name":"PrijedorDanas.com - Prijedorski gradski portal","description":"Portal o doga\u0111anjima u gradu Prijedoru","publisher":{"@id":"https:\/\/www.prijedordanas.com\/#organization"},"potentialAction":[{"@type":"SearchAction","target":{"@type":"EntryPoint","urlTemplate":"https:\/\/www.prijedordanas.com\/?s={search_term_string}"},"query-input":"required name=search_term_string"}],"inLanguage":"en-US"},{"@type":"Organization","@id":"https:\/\/www.prijedordanas.com\/#organization","name":"PrijedorDanas.com","url":"https:\/\/www.prijedordanas.com\/","logo":{"@type":"ImageObject","inLanguage":"en-US","@id":"https:\/\/www.prijedordanas.com\/#\/schema\/logo\/image\/","url":"http:\/\/www.prijedordanas.com\/wp-content\/uploads\/2021\/12\/logopng.png","contentUrl":"http:\/\/www.prijedordanas.com\/wp-content\/uploads\/2021\/12\/logopng.png","width":1019,"height":776,"caption":"PrijedorDanas.com"},"image":{"@id":"https:\/\/www.prijedordanas.com\/#\/schema\/logo\/image\/"},"sameAs":["https:\/\/www.facebook.com\/PrijedorDanasCom\/"]},{"@type":"Person","@id":"https:\/\/www.prijedordanas.com\/#\/schema\/person\/4e08ccf29b506ca916ff86d46bb700e6","name":"admin","image":{"@type":"ImageObject","inLanguage":"en-US","@id":"https:\/\/www.prijedordanas.com\/#\/schema\/person\/image\/","url":"https:\/\/secure.gravatar.com\/avatar\/1d3fc949d550f0b53a5f0d51e06dfd79?s=96&d=mm&r=g","contentUrl":"https:\/\/secure.gravatar.com\/avatar\/1d3fc949d550f0b53a5f0d51e06dfd79?s=96&d=mm&r=g","caption":"admin"},"url":"https:\/\/www.prijedordanas.com\/?author=1"}]}},"_links":{"self":[{"href":"https:\/\/www.prijedordanas.com\/index.php?rest_route=\/wp\/v2\/posts\/141973"}],"collection":[{"href":"https:\/\/www.prijedordanas.com\/index.php?rest_route=\/wp\/v2\/posts"}],"about":[{"href":"https:\/\/www.prijedordanas.com\/index.php?rest_route=\/wp\/v2\/types\/post"}],"author":[{"embeddable":true,"href":"https:\/\/www.prijedordanas.com\/index.php?rest_route=\/wp\/v2\/users\/1"}],"replies":[{"embeddable":true,"href":"https:\/\/www.prijedordanas.com\/index.php?rest_route=%2Fwp%2Fv2%2Fcomments&post=141973"}],"version-history":[{"count":4,"href":"https:\/\/www.prijedordanas.com\/index.php?rest_route=\/wp\/v2\/posts\/141973\/revisions"}],"predecessor-version":[{"id":142001,"href":"https:\/\/www.prijedordanas.com\/index.php?rest_route=\/wp\/v2\/posts\/141973\/revisions\/142001"}],"wp:attachment":[{"href":"https:\/\/www.prijedordanas.com\/index.php?rest_route=%2Fwp%2Fv2%2Fmedia&parent=141973"}],"wp:term":[{"taxonomy":"category","embeddable":true,"href":"https:\/\/www.prijedordanas.com\/index.php?rest_route=%2Fwp%2Fv2%2Fcategories&post=141973"},{"taxonomy":"post_tag","embeddable":true,"href":"https:\/\/www.prijedordanas.com\/index.php?rest_route=%2Fwp%2Fv2%2Ftags&post=141973"}],"curies":[{"name":"wp","href":"https:\/\/api.w.org\/{rel}","templated":true}]}}