{"id":141882,"date":"2020-02-09T22:25:26","date_gmt":"2020-02-09T21:25:26","guid":{"rendered":"https:\/\/www.prijedordanas.com\/?p=141882"},"modified":"2020-02-09T22:27:24","modified_gmt":"2020-02-09T21:27:24","slug":"petoro-malisana-cesto-gladuju-porodici-inese-vasiljevic-potrebna-pomoc-video","status":"publish","type":"post","link":"https:\/\/www.prijedordanas.com\/?p=141882","title":{"rendered":"Petoro mali\u0161ana \u010desto gladuju: Porodici Inese Vasiljevi\u0107 potrebna pomo\u0107 &#8211; VIDEO"},"content":{"rendered":"<p><a href=\"https:\/\/www.prijedordanas.com\/wp-content\/uploads\/2020\/02\/bntv-porodica-vasiljevic-1.jpg\"><img loading=\"lazy\" decoding=\"async\" class=\"alignleft size-medium wp-image-141874\" src=\"https:\/\/www.prijedordanas.com\/wp-content\/uploads\/2020\/02\/bntv-porodica-vasiljevic-1-300x217.jpg\" alt=\"\" width=\"300\" height=\"217\" srcset=\"https:\/\/www.prijedordanas.com\/wp-content\/uploads\/2020\/02\/bntv-porodica-vasiljevic-1-300x217.jpg 300w, https:\/\/www.prijedordanas.com\/wp-content\/uploads\/2020\/02\/bntv-porodica-vasiljevic-1.jpg 690w\" sizes=\"(max-width: 300px) 100vw, 300px\" \/><\/a>Dok se u na\u0161oj zemlji sazivaju brojne konferencije i odr\u017eavaju razni sastanci politi\u010dkih partija, obi\u010dan \u010dovjek muku mu\u010di kako da pre\u017eivi.<\/p>\n<p>Te\u0161ka \u017eivotna pri\u010da sti\u017ee nam iz Ljubije gdje u neuslovnim prostorijama \u017eivi peto\u010dlana porodica Vasiljevi\u0107.<\/p>\n<p>Samohranoj majci Inesi najte\u017ee pada kada dje\u010dija usta ostaju gladna.<\/p>\n<p>U vremenu u kojem vlada sebi\u010dnost i borba za sopstvenu egzistenciju zaboravljamo na male vrijednosti koje nas istinskim \u010dine sre\u0107nima.<\/p>\n<p><a href=\"https:\/\/www.prijedordanas.com\/wp-content\/uploads\/2020\/02\/bntv-porodica-vasiljevic-4.jpg\"><img loading=\"lazy\" decoding=\"async\" class=\"alignleft size-medium wp-image-141875\" src=\"https:\/\/www.prijedordanas.com\/wp-content\/uploads\/2020\/02\/bntv-porodica-vasiljevic-4-300x209.jpg\" alt=\"\" width=\"300\" height=\"209\" srcset=\"https:\/\/www.prijedordanas.com\/wp-content\/uploads\/2020\/02\/bntv-porodica-vasiljevic-4-300x209.jpg 300w, https:\/\/www.prijedordanas.com\/wp-content\/uploads\/2020\/02\/bntv-porodica-vasiljevic-4.jpg 600w\" sizes=\"(max-width: 300px) 100vw, 300px\" \/><\/a>Me\u0111utim, ima onih koji su sre\u0107ni kada usre\u0107uju druge i to \u010dine svim srcem. Obi\u010dni mali gra\u0111ani, a tako veliki. Bez zna\u010dajnih javnih funkcija a tako va\u017eni.<\/p>\n<p>Oni su bajkeri udru\u017eenih klubova grada Prijedora koji su posjetili \u0161esto\u010dlanu porodicu Vasiljevi\u0107 iz Ljubije kod Prijedora.<\/p>\n<p>U ovoj porodici petoro je maloljetne djece, a jedini izvor prihoda je dje\u010diji dodatak. Najpotrebniji im je \u0161poret, ali ni sa drvima ne raspola\u017eu dovoljno.<\/p>\n<p>Ova samohrana majka ka\u017ee da se obra\u0107ala za pomo\u0107, a od Centra za socijalni rad, Prijedor, kako ka\u017ee, dobila je samo neuslovne prostorije u kojima trenutno boravi.<\/p>\n<p><a href=\"https:\/\/www.prijedordanas.com\/wp-content\/uploads\/2020\/02\/bntv-porodica-vasiljevic-2.jpg\"><img loading=\"lazy\" decoding=\"async\" class=\"alignleft size-medium wp-image-141876\" src=\"https:\/\/www.prijedordanas.com\/wp-content\/uploads\/2020\/02\/bntv-porodica-vasiljevic-2-300x169.jpg\" alt=\"\" width=\"300\" height=\"169\" srcset=\"https:\/\/www.prijedordanas.com\/wp-content\/uploads\/2020\/02\/bntv-porodica-vasiljevic-2-300x169.jpg 300w, https:\/\/www.prijedordanas.com\/wp-content\/uploads\/2020\/02\/bntv-porodica-vasiljevic-2.jpg 600w\" sizes=\"(max-width: 300px) 100vw, 300px\" \/><\/a>\u010cetvoro njene djece su \u0161kolarci i to joj je dodatni problem jer treba obezbijediti \u0161kolski pribor.<\/p>\n<p>Sla\u0111ana Radakovi\u0107, direktorica Javne ustanove \u201eCentar Sunce\u201c iz Prijedora udru\u017eila se sa bajkerima i ovoj porodici pru\u017eila pomo\u0107. Istakla je da je na\u0161e malo nekome zna\u010di puno.<\/p>\n<p>Ona je apelovala na sve ljude dobre volju da do\u0111u i sami se uvjere u situaciju u kojoj petoro maloljetne djece odrasta.<\/p>\n<p><a href=\"https:\/\/www.prijedordanas.com\/wp-content\/uploads\/2020\/02\/bntv-porodica-vasiljevic-3.jpg\"><img loading=\"lazy\" decoding=\"async\" class=\"alignleft size-medium wp-image-141877\" src=\"https:\/\/www.prijedordanas.com\/wp-content\/uploads\/2020\/02\/bntv-porodica-vasiljevic-3-300x169.jpg\" alt=\"\" width=\"300\" height=\"169\" srcset=\"https:\/\/www.prijedordanas.com\/wp-content\/uploads\/2020\/02\/bntv-porodica-vasiljevic-3-300x169.jpg 300w, https:\/\/www.prijedordanas.com\/wp-content\/uploads\/2020\/02\/bntv-porodica-vasiljevic-3.jpg 600w\" sizes=\"(max-width: 300px) 100vw, 300px\" \/><\/a>Bajkeri grada Prijedora su im donijeli osnovne \u017eivotne namirnice, a kako ka\u017eu to ne\u0107e biti sve.<\/p>\n<p>Kada muka pritisne \u010dovjeka, on vapi za pomo\u0107, a mi uvijek izlazimo u susret, poru\u010dili su udru\u017eeni klubovi bajkera grada Prijedora.<\/p>\n<p>U humanoj misiji porodici Vasiljevi\u0107 u Ljubiji pridru\u017eio se i Ivanovi\u0107 Dra\u0161ko sa &#8220;\u017deljeznica Republike Srpske&#8221; koji je poru\u010dio da uinat svemu su\u0161tina je pomo\u0107 djeci jer su oni dar od Boga.<\/p>\n<p>Da socijalna ustanova skoro nikako ne vodi ra\u010duna o Vasiljevi\u0107ima kazuje nam to i Ankica Dima\u010d iz Ljubije koja isti\u010de da je Ljubija ovakvih slu\u010dajeva prepuna.<\/p>\n<p><a href=\"https:\/\/www.prijedordanas.com\/wp-content\/uploads\/2020\/02\/bntv-porodica-vasiljevic-5.jpg\"><img loading=\"lazy\" decoding=\"async\" src=\"https:\/\/www.prijedordanas.com\/wp-content\/uploads\/2020\/02\/bntv-porodica-vasiljevic-5-300x169.jpg\" alt=\"\" width=\"300\" height=\"169\" class=\"alignleft size-medium wp-image-141878\" srcset=\"https:\/\/www.prijedordanas.com\/wp-content\/uploads\/2020\/02\/bntv-porodica-vasiljevic-5-300x169.jpg 300w, https:\/\/www.prijedordanas.com\/wp-content\/uploads\/2020\/02\/bntv-porodica-vasiljevic-5.jpg 600w\" sizes=\"(max-width: 300px) 100vw, 300px\" \/><\/a>Navodi primjer da ova porodica nema mjesta ni u javnoj kuhinji u Ljubiji u kojoj kako ka\u017ee pravo na obrok ostvaruju penzioneri sa 400 maraka primanja dok dje\u010dija usta ostaju gladna.<\/p>\n<p>Ova porodica ne gubi nadu u dobre ljude i nadaju se nekim boljim uslovima gdje bi kako ka\u017eu kona\u010dno po\u010deli da \u017eive kao i sav ostali svijet.<\/p>\n<p>Svi koji \u017eele pomo\u0107i porodici Vasiljevi\u0107 mogu se obratiti na broj mobilnog telefona 065\/417-210.<\/p>\n<p>rtvbn.com &#8211; BN Televizija<\/p>\n<p><iframe loading=\"lazy\" title=\"Te\u0161ka \u017eivotna pri\u010da u Ljubiji -Prijedor (BN TV 2020) HD\" width=\"500\" height=\"281\" src=\"https:\/\/www.youtube.com\/embed\/LIFrHQmJPp0?feature=oembed\" frameborder=\"0\" allow=\"accelerometer; autoplay; encrypted-media; gyroscope; picture-in-picture\" allowfullscreen><\/iframe><\/p>\n","protected":false},"excerpt":{"rendered":"<p>Dok se u na\u0161oj zemlji sazivaju brojne konferencije i odr\u017eavaju razni sastanci politi\u010dkih partija, obi\u010dan \u010dovjek muku mu\u010di kako da pre\u017eivi. Te\u0161ka \u017eivotna pri\u010da sti\u017ee nam iz Ljubije gdje u [&hellip;]<\/p>\n","protected":false},"author":1,"featured_media":0,"comment_status":"closed","ping_status":"open","sticky":false,"template":"","format":"standard","meta":{"_monsterinsights_skip_tracking":false,"_monsterinsights_sitenote_active":false,"_monsterinsights_sitenote_note":"","_monsterinsights_sitenote_category":0,"footnotes":""},"categories":[3],"tags":[1278],"yoast_head":"<!-- This site is optimized with the Yoast SEO plugin v21.6 - https:\/\/yoast.com\/wordpress\/plugins\/seo\/ -->\n<title>Petoro mali\u0161ana \u010desto gladuju: Porodici Inese Vasiljevi\u0107 potrebna pomo\u0107 - VIDEO - PrijedorDanas.com - Prijedorski gradski portal<\/title>\n<meta name=\"robots\" content=\"index, follow, max-snippet:-1, max-image-preview:large, max-video-preview:-1\" \/>\n<link rel=\"canonical\" href=\"https:\/\/www.prijedordanas.com\/?p=141882\" \/>\n<meta property=\"og:locale\" content=\"en_US\" \/>\n<meta property=\"og:type\" content=\"article\" \/>\n<meta property=\"og:title\" content=\"Petoro mali\u0161ana \u010desto gladuju: Porodici Inese Vasiljevi\u0107 potrebna pomo\u0107 - VIDEO - PrijedorDanas.com - Prijedorski gradski portal\" \/>\n<meta property=\"og:description\" content=\"Dok se u na\u0161oj zemlji sazivaju brojne konferencije i odr\u017eavaju razni sastanci politi\u010dkih partija, obi\u010dan \u010dovjek muku mu\u010di kako da pre\u017eivi. Te\u0161ka \u017eivotna pri\u010da sti\u017ee nam iz Ljubije gdje u [&hellip;]\" \/>\n<meta property=\"og:url\" content=\"https:\/\/www.prijedordanas.com\/?p=141882\" \/>\n<meta property=\"og:site_name\" content=\"PrijedorDanas.com - Prijedorski gradski portal\" \/>\n<meta property=\"article:publisher\" content=\"https:\/\/www.facebook.com\/PrijedorDanasCom\/\" \/>\n<meta property=\"article:published_time\" content=\"2020-02-09T21:25:26+00:00\" \/>\n<meta property=\"article:modified_time\" content=\"2020-02-09T21:27:24+00:00\" \/>\n<meta property=\"og:image\" content=\"https:\/\/www.prijedordanas.com\/wp-content\/uploads\/2020\/02\/bntv-porodica-vasiljevic-1-300x217.jpg\" \/>\n<meta name=\"author\" content=\"admin\" \/>\n<meta name=\"twitter:card\" content=\"summary_large_image\" \/>\n<meta name=\"twitter:label1\" content=\"Written by\" \/>\n\t<meta name=\"twitter:data1\" content=\"admin\" \/>\n\t<meta name=\"twitter:label2\" content=\"Est. reading time\" \/>\n\t<meta name=\"twitter:data2\" content=\"2 minutes\" \/>\n<script type=\"application\/ld+json\" class=\"yoast-schema-graph\">{\"@context\":\"https:\/\/schema.org\",\"@graph\":[{\"@type\":\"Article\",\"@id\":\"https:\/\/www.prijedordanas.com\/?p=141882#article\",\"isPartOf\":{\"@id\":\"https:\/\/www.prijedordanas.com\/?p=141882\"},\"author\":{\"name\":\"admin\",\"@id\":\"https:\/\/www.prijedordanas.com\/#\/schema\/person\/4e08ccf29b506ca916ff86d46bb700e6\"},\"headline\":\"Petoro mali\u0161ana \u010desto gladuju: Porodici Inese Vasiljevi\u0107 potrebna pomo\u0107 &#8211; VIDEO\",\"datePublished\":\"2020-02-09T21:25:26+00:00\",\"dateModified\":\"2020-02-09T21:27:24+00:00\",\"mainEntityOfPage\":{\"@id\":\"https:\/\/www.prijedordanas.com\/?p=141882\"},\"wordCount\":466,\"publisher\":{\"@id\":\"https:\/\/www.prijedordanas.com\/#organization\"},\"keywords\":[\"pomo\u0107\"],\"articleSection\":[\"\u017divot\"],\"inLanguage\":\"en-US\"},{\"@type\":\"WebPage\",\"@id\":\"https:\/\/www.prijedordanas.com\/?p=141882\",\"url\":\"https:\/\/www.prijedordanas.com\/?p=141882\",\"name\":\"Petoro mali\u0161ana \u010desto gladuju: Porodici Inese Vasiljevi\u0107 potrebna pomo\u0107 - VIDEO - PrijedorDanas.com - Prijedorski gradski portal\",\"isPartOf\":{\"@id\":\"https:\/\/www.prijedordanas.com\/#website\"},\"datePublished\":\"2020-02-09T21:25:26+00:00\",\"dateModified\":\"2020-02-09T21:27:24+00:00\",\"breadcrumb\":{\"@id\":\"https:\/\/www.prijedordanas.com\/?p=141882#breadcrumb\"},\"inLanguage\":\"en-US\",\"potentialAction\":[{\"@type\":\"ReadAction\",\"target\":[\"https:\/\/www.prijedordanas.com\/?p=141882\"]}]},{\"@type\":\"BreadcrumbList\",\"@id\":\"https:\/\/www.prijedordanas.com\/?p=141882#breadcrumb\",\"itemListElement\":[{\"@type\":\"ListItem\",\"position\":1,\"name\":\"Home\",\"item\":\"https:\/\/www.prijedordanas.com\/\"},{\"@type\":\"ListItem\",\"position\":2,\"name\":\"Petoro mali\u0161ana \u010desto gladuju: Porodici Inese Vasiljevi\u0107 potrebna pomo\u0107 &#8211; VIDEO\"}]},{\"@type\":\"WebSite\",\"@id\":\"https:\/\/www.prijedordanas.com\/#website\",\"url\":\"https:\/\/www.prijedordanas.com\/\",\"name\":\"PrijedorDanas.com - Prijedorski gradski portal\",\"description\":\"Portal o doga\u0111anjima u gradu Prijedoru\",\"publisher\":{\"@id\":\"https:\/\/www.prijedordanas.com\/#organization\"},\"potentialAction\":[{\"@type\":\"SearchAction\",\"target\":{\"@type\":\"EntryPoint\",\"urlTemplate\":\"https:\/\/www.prijedordanas.com\/?s={search_term_string}\"},\"query-input\":\"required name=search_term_string\"}],\"inLanguage\":\"en-US\"},{\"@type\":\"Organization\",\"@id\":\"https:\/\/www.prijedordanas.com\/#organization\",\"name\":\"PrijedorDanas.com\",\"url\":\"https:\/\/www.prijedordanas.com\/\",\"logo\":{\"@type\":\"ImageObject\",\"inLanguage\":\"en-US\",\"@id\":\"https:\/\/www.prijedordanas.com\/#\/schema\/logo\/image\/\",\"url\":\"http:\/\/www.prijedordanas.com\/wp-content\/uploads\/2021\/12\/logopng.png\",\"contentUrl\":\"http:\/\/www.prijedordanas.com\/wp-content\/uploads\/2021\/12\/logopng.png\",\"width\":1019,\"height\":776,\"caption\":\"PrijedorDanas.com\"},\"image\":{\"@id\":\"https:\/\/www.prijedordanas.com\/#\/schema\/logo\/image\/\"},\"sameAs\":[\"https:\/\/www.facebook.com\/PrijedorDanasCom\/\"]},{\"@type\":\"Person\",\"@id\":\"https:\/\/www.prijedordanas.com\/#\/schema\/person\/4e08ccf29b506ca916ff86d46bb700e6\",\"name\":\"admin\",\"image\":{\"@type\":\"ImageObject\",\"inLanguage\":\"en-US\",\"@id\":\"https:\/\/www.prijedordanas.com\/#\/schema\/person\/image\/\",\"url\":\"https:\/\/secure.gravatar.com\/avatar\/1d3fc949d550f0b53a5f0d51e06dfd79?s=96&d=mm&r=g\",\"contentUrl\":\"https:\/\/secure.gravatar.com\/avatar\/1d3fc949d550f0b53a5f0d51e06dfd79?s=96&d=mm&r=g\",\"caption\":\"admin\"},\"url\":\"https:\/\/www.prijedordanas.com\/?author=1\"}]}<\/script>\n<!-- \/ Yoast SEO plugin. -->","yoast_head_json":{"title":"Petoro mali\u0161ana \u010desto gladuju: Porodici Inese Vasiljevi\u0107 potrebna pomo\u0107 - VIDEO - PrijedorDanas.com - Prijedorski gradski portal","robots":{"index":"index","follow":"follow","max-snippet":"max-snippet:-1","max-image-preview":"max-image-preview:large","max-video-preview":"max-video-preview:-1"},"canonical":"https:\/\/www.prijedordanas.com\/?p=141882","og_locale":"en_US","og_type":"article","og_title":"Petoro mali\u0161ana \u010desto gladuju: Porodici Inese Vasiljevi\u0107 potrebna pomo\u0107 - VIDEO - PrijedorDanas.com - Prijedorski gradski portal","og_description":"Dok se u na\u0161oj zemlji sazivaju brojne konferencije i odr\u017eavaju razni sastanci politi\u010dkih partija, obi\u010dan \u010dovjek muku mu\u010di kako da pre\u017eivi. Te\u0161ka \u017eivotna pri\u010da sti\u017ee nam iz Ljubije gdje u [&hellip;]","og_url":"https:\/\/www.prijedordanas.com\/?p=141882","og_site_name":"PrijedorDanas.com - Prijedorski gradski portal","article_publisher":"https:\/\/www.facebook.com\/PrijedorDanasCom\/","article_published_time":"2020-02-09T21:25:26+00:00","article_modified_time":"2020-02-09T21:27:24+00:00","og_image":[{"url":"https:\/\/www.prijedordanas.com\/wp-content\/uploads\/2020\/02\/bntv-porodica-vasiljevic-1-300x217.jpg"}],"author":"admin","twitter_card":"summary_large_image","twitter_misc":{"Written by":"admin","Est. reading time":"2 minutes"},"schema":{"@context":"https:\/\/schema.org","@graph":[{"@type":"Article","@id":"https:\/\/www.prijedordanas.com\/?p=141882#article","isPartOf":{"@id":"https:\/\/www.prijedordanas.com\/?p=141882"},"author":{"name":"admin","@id":"https:\/\/www.prijedordanas.com\/#\/schema\/person\/4e08ccf29b506ca916ff86d46bb700e6"},"headline":"Petoro mali\u0161ana \u010desto gladuju: Porodici Inese Vasiljevi\u0107 potrebna pomo\u0107 &#8211; VIDEO","datePublished":"2020-02-09T21:25:26+00:00","dateModified":"2020-02-09T21:27:24+00:00","mainEntityOfPage":{"@id":"https:\/\/www.prijedordanas.com\/?p=141882"},"wordCount":466,"publisher":{"@id":"https:\/\/www.prijedordanas.com\/#organization"},"keywords":["pomo\u0107"],"articleSection":["\u017divot"],"inLanguage":"en-US"},{"@type":"WebPage","@id":"https:\/\/www.prijedordanas.com\/?p=141882","url":"https:\/\/www.prijedordanas.com\/?p=141882","name":"Petoro mali\u0161ana \u010desto gladuju: Porodici Inese Vasiljevi\u0107 potrebna pomo\u0107 - VIDEO - PrijedorDanas.com - Prijedorski gradski portal","isPartOf":{"@id":"https:\/\/www.prijedordanas.com\/#website"},"datePublished":"2020-02-09T21:25:26+00:00","dateModified":"2020-02-09T21:27:24+00:00","breadcrumb":{"@id":"https:\/\/www.prijedordanas.com\/?p=141882#breadcrumb"},"inLanguage":"en-US","potentialAction":[{"@type":"ReadAction","target":["https:\/\/www.prijedordanas.com\/?p=141882"]}]},{"@type":"BreadcrumbList","@id":"https:\/\/www.prijedordanas.com\/?p=141882#breadcrumb","itemListElement":[{"@type":"ListItem","position":1,"name":"Home","item":"https:\/\/www.prijedordanas.com\/"},{"@type":"ListItem","position":2,"name":"Petoro mali\u0161ana \u010desto gladuju: Porodici Inese Vasiljevi\u0107 potrebna pomo\u0107 &#8211; VIDEO"}]},{"@type":"WebSite","@id":"https:\/\/www.prijedordanas.com\/#website","url":"https:\/\/www.prijedordanas.com\/","name":"PrijedorDanas.com - Prijedorski gradski portal","description":"Portal o doga\u0111anjima u gradu Prijedoru","publisher":{"@id":"https:\/\/www.prijedordanas.com\/#organization"},"potentialAction":[{"@type":"SearchAction","target":{"@type":"EntryPoint","urlTemplate":"https:\/\/www.prijedordanas.com\/?s={search_term_string}"},"query-input":"required name=search_term_string"}],"inLanguage":"en-US"},{"@type":"Organization","@id":"https:\/\/www.prijedordanas.com\/#organization","name":"PrijedorDanas.com","url":"https:\/\/www.prijedordanas.com\/","logo":{"@type":"ImageObject","inLanguage":"en-US","@id":"https:\/\/www.prijedordanas.com\/#\/schema\/logo\/image\/","url":"http:\/\/www.prijedordanas.com\/wp-content\/uploads\/2021\/12\/logopng.png","contentUrl":"http:\/\/www.prijedordanas.com\/wp-content\/uploads\/2021\/12\/logopng.png","width":1019,"height":776,"caption":"PrijedorDanas.com"},"image":{"@id":"https:\/\/www.prijedordanas.com\/#\/schema\/logo\/image\/"},"sameAs":["https:\/\/www.facebook.com\/PrijedorDanasCom\/"]},{"@type":"Person","@id":"https:\/\/www.prijedordanas.com\/#\/schema\/person\/4e08ccf29b506ca916ff86d46bb700e6","name":"admin","image":{"@type":"ImageObject","inLanguage":"en-US","@id":"https:\/\/www.prijedordanas.com\/#\/schema\/person\/image\/","url":"https:\/\/secure.gravatar.com\/avatar\/1d3fc949d550f0b53a5f0d51e06dfd79?s=96&d=mm&r=g","contentUrl":"https:\/\/secure.gravatar.com\/avatar\/1d3fc949d550f0b53a5f0d51e06dfd79?s=96&d=mm&r=g","caption":"admin"},"url":"https:\/\/www.prijedordanas.com\/?author=1"}]}},"_links":{"self":[{"href":"https:\/\/www.prijedordanas.com\/index.php?rest_route=\/wp\/v2\/posts\/141882"}],"collection":[{"href":"https:\/\/www.prijedordanas.com\/index.php?rest_route=\/wp\/v2\/posts"}],"about":[{"href":"https:\/\/www.prijedordanas.com\/index.php?rest_route=\/wp\/v2\/types\/post"}],"author":[{"embeddable":true,"href":"https:\/\/www.prijedordanas.com\/index.php?rest_route=\/wp\/v2\/users\/1"}],"replies":[{"embeddable":true,"href":"https:\/\/www.prijedordanas.com\/index.php?rest_route=%2Fwp%2Fv2%2Fcomments&post=141882"}],"version-history":[{"count":3,"href":"https:\/\/www.prijedordanas.com\/index.php?rest_route=\/wp\/v2\/posts\/141882\/revisions"}],"predecessor-version":[{"id":141885,"href":"https:\/\/www.prijedordanas.com\/index.php?rest_route=\/wp\/v2\/posts\/141882\/revisions\/141885"}],"wp:attachment":[{"href":"https:\/\/www.prijedordanas.com\/index.php?rest_route=%2Fwp%2Fv2%2Fmedia&parent=141882"}],"wp:term":[{"taxonomy":"category","embeddable":true,"href":"https:\/\/www.prijedordanas.com\/index.php?rest_route=%2Fwp%2Fv2%2Fcategories&post=141882"},{"taxonomy":"post_tag","embeddable":true,"href":"https:\/\/www.prijedordanas.com\/index.php?rest_route=%2Fwp%2Fv2%2Ftags&post=141882"}],"curies":[{"name":"wp","href":"https:\/\/api.w.org\/{rel}","templated":true}]}}