{"id":141765,"date":"2020-02-07T16:46:21","date_gmt":"2020-02-07T15:46:21","guid":{"rendered":"https:\/\/www.prijedordanas.com\/?p=141765"},"modified":"2020-02-07T16:46:21","modified_gmt":"2020-02-07T15:46:21","slug":"narodni-poslanik-i-predsjednik-go-sds-prijedor-milan-tubin-nepozeljan-za-boracku-organizaciju-prijedor","status":"publish","type":"post","link":"https:\/\/www.prijedordanas.com\/?p=141765","title":{"rendered":"Narodni poslanik i predsjednik GO SDS Prijedor Milan Tubin nepo\u017eeljan za Bora\u010dku organizaciju Prijedor"},"content":{"rendered":"<p><a href=\"https:\/\/www.prijedordanas.com\/wp-content\/uploads\/2020\/02\/boracka-organizacija-prijedor-tubin-nepozeljan.jpg\"><img loading=\"lazy\" decoding=\"async\" class=\"alignleft size-medium wp-image-141767\" src=\"https:\/\/www.prijedordanas.com\/wp-content\/uploads\/2020\/02\/boracka-organizacija-prijedor-tubin-nepozeljan-300x222.jpg\" alt=\"\" width=\"300\" height=\"222\" srcset=\"https:\/\/www.prijedordanas.com\/wp-content\/uploads\/2020\/02\/boracka-organizacija-prijedor-tubin-nepozeljan-300x222.jpg 300w, https:\/\/www.prijedordanas.com\/wp-content\/uploads\/2020\/02\/boracka-organizacija-prijedor-tubin-nepozeljan.jpg 675w\" sizes=\"(max-width: 300px) 100vw, 300px\" \/><\/a>Predsjedni\u0161tvo Bora\u010dke organizacije grada Prijedora na svojoj sjednici odr\u017eanoj dana 05.02.2020. godine, a u vezi incidenta koji se desio dana 04.02.2020. godine u prostorijama Bora\u010dke organizacije grada Prijedora, usvojilo je slijedec\u0301e<\/p>\n<p>ZAKLJU\u010cKE<\/p>\n<p>1)Osu\u0111uje se nasilni\u010dko pona\u0161anje narodnog poslanika i predsjednika gradskog odbora Srpske demokratske stranke u Prijedoru, g-dina Milana Tubina, i isto smatramo vandalskim i necivilizacijskim \u010dinom i napadom na Bora\u010dku organizaciju grada Prijedora kao nestrana\u010dku organizaciju, koja zastupa interese svojih \u010dlanova odnosno boraca.<\/p>\n<p>2)Predsjedni\u0161tvo Bora\u010dke organizacije grada Prijedora, g-dina Tubin Milana smatra nepo\u017eeljnom osobom, i ne \u017eelimo da imenovani bude prisutan bilo kakvim manifestacijama i doga\u0111ajima koje obilje\u017eava i koje organizuje Bora\u010dka organizacija grada Prijedora.<\/p>\n<p><a href=\"https:\/\/www.prijedordanas.com\/wp-content\/uploads\/2020\/02\/boracka-organizacija-prijedor-sjednica-predsjednistva-5februar-6.jpg\"><img loading=\"lazy\" decoding=\"async\" class=\"alignleft size-medium wp-image-141674\" src=\"https:\/\/www.prijedordanas.com\/wp-content\/uploads\/2020\/02\/boracka-organizacija-prijedor-sjednica-predsjednistva-5februar-6-300x200.jpg\" alt=\"\" width=\"300\" height=\"200\" srcset=\"https:\/\/www.prijedordanas.com\/wp-content\/uploads\/2020\/02\/boracka-organizacija-prijedor-sjednica-predsjednistva-5februar-6-300x200.jpg 300w, https:\/\/www.prijedordanas.com\/wp-content\/uploads\/2020\/02\/boracka-organizacija-prijedor-sjednica-predsjednistva-5februar-6-480x320.jpg 480w, https:\/\/www.prijedordanas.com\/wp-content\/uploads\/2020\/02\/boracka-organizacija-prijedor-sjednica-predsjednistva-5februar-6.jpg 600w\" sizes=\"(max-width: 300px) 100vw, 300px\" \/><\/a>3)Predsjedni\u0161tvo Bora\u010dke organizacije grada Prijedora smatra neprimjerenim da g-din Milan Tubin bude \u010dlan Odbora za bora\u010dko invalidsku za\u0161titu u Narodnoj skup\u0161tini Republike Srpske, te o ovom stavu obavjestiti Narodnu skup\u0161tinu Republike Srpske.<\/p>\n<p>4)Daje se puna podr\u0161ka u radu predsjedniku Bora\u010dke organizacije grada Prijedora, g-dinu Zoranu Predojevic\u0301u.<\/p>\n<p>5)Predsjedni\u0161tvo Bora\u010dke organizacije grada Prijedora izra\u017eava uvjerenje da c\u0301e nadle\u017eni organi preduzeti sve potrebne mjere da se u potpunosti rasvjetle okolnosti vezane za incident kojeg je izazvao narodni poslanik Milan Tubin, i da c\u0301e isti u skladu sa zakonom biti sankcionisan zbog svog postupka.<\/p>\n<p>6)Bora\u010dka organizacija grada Prijedor ovaj nemili doga\u0111aj nec\u0301e smatrati kao razlog da se naru\u0161e odnosi sa Gradskom organizacijom Srpske demokratske stranke u Prijedoru, jer smo ubje\u0111eni da istupanje Milana Tubina nije vezano za Srpsklu demokratsku stranku, i da ta stranka bez obzira na pojedina\u010dne istupe, ima pozitivan odnos prema mjestu i ulozi Bora\u010dke organizacije grada Prijedora.<\/p>\n<p>ZA KRST \u010cASNI I SLOBODU ZLATNU!<\/p>\n<p>PREDSJEDNI\u0160TVO BORA\u010cKE ORGANIZACIJE GRADA PRIJEDORA<\/p>\n","protected":false},"excerpt":{"rendered":"<p>Predsjedni\u0161tvo Bora\u010dke organizacije grada Prijedora na svojoj sjednici odr\u017eanoj dana 05.02.2020. godine, a u vezi incidenta koji se desio dana 04.02.2020. godine u prostorijama Bora\u010dke organizacije grada Prijedora, usvojilo je [&hellip;]<\/p>\n","protected":false},"author":1,"featured_media":0,"comment_status":"closed","ping_status":"open","sticky":false,"template":"","format":"standard","meta":{"_monsterinsights_skip_tracking":false,"_monsterinsights_sitenote_active":false,"_monsterinsights_sitenote_note":"","_monsterinsights_sitenote_category":0,"footnotes":""},"categories":[4],"tags":[],"yoast_head":"<!-- This site is optimized with the Yoast SEO plugin v21.6 - https:\/\/yoast.com\/wordpress\/plugins\/seo\/ -->\n<title>Narodni poslanik i predsjednik GO SDS Prijedor Milan Tubin nepo\u017eeljan za Bora\u010dku organizaciju Prijedor - PrijedorDanas.com - Prijedorski gradski portal<\/title>\n<meta name=\"robots\" content=\"index, follow, max-snippet:-1, max-image-preview:large, max-video-preview:-1\" \/>\n<link rel=\"canonical\" href=\"https:\/\/www.prijedordanas.com\/?p=141765\" \/>\n<meta property=\"og:locale\" content=\"en_US\" \/>\n<meta property=\"og:type\" content=\"article\" \/>\n<meta property=\"og:title\" content=\"Narodni poslanik i predsjednik GO SDS Prijedor Milan Tubin nepo\u017eeljan za Bora\u010dku organizaciju Prijedor - PrijedorDanas.com - Prijedorski gradski portal\" \/>\n<meta property=\"og:description\" content=\"Predsjedni\u0161tvo Bora\u010dke organizacije grada Prijedora na svojoj sjednici odr\u017eanoj dana 05.02.2020. godine, a u vezi incidenta koji se desio dana 04.02.2020. godine u prostorijama Bora\u010dke organizacije grada Prijedora, usvojilo je [&hellip;]\" \/>\n<meta property=\"og:url\" content=\"https:\/\/www.prijedordanas.com\/?p=141765\" \/>\n<meta property=\"og:site_name\" content=\"PrijedorDanas.com - Prijedorski gradski portal\" \/>\n<meta property=\"article:publisher\" content=\"https:\/\/www.facebook.com\/PrijedorDanasCom\/\" \/>\n<meta property=\"article:published_time\" content=\"2020-02-07T15:46:21+00:00\" \/>\n<meta property=\"og:image\" content=\"https:\/\/www.prijedordanas.com\/wp-content\/uploads\/2020\/02\/boracka-organizacija-prijedor-tubin-nepozeljan-300x222.jpg\" \/>\n<meta name=\"author\" content=\"admin\" \/>\n<meta name=\"twitter:card\" content=\"summary_large_image\" \/>\n<meta name=\"twitter:label1\" content=\"Written by\" \/>\n\t<meta name=\"twitter:data1\" content=\"admin\" \/>\n\t<meta name=\"twitter:label2\" content=\"Est. reading time\" \/>\n\t<meta name=\"twitter:data2\" content=\"2 minutes\" \/>\n<script type=\"application\/ld+json\" class=\"yoast-schema-graph\">{\"@context\":\"https:\/\/schema.org\",\"@graph\":[{\"@type\":\"Article\",\"@id\":\"https:\/\/www.prijedordanas.com\/?p=141765#article\",\"isPartOf\":{\"@id\":\"https:\/\/www.prijedordanas.com\/?p=141765\"},\"author\":{\"name\":\"admin\",\"@id\":\"https:\/\/www.prijedordanas.com\/#\/schema\/person\/4e08ccf29b506ca916ff86d46bb700e6\"},\"headline\":\"Narodni poslanik i predsjednik GO SDS Prijedor Milan Tubin nepo\u017eeljan za Bora\u010dku organizaciju Prijedor\",\"datePublished\":\"2020-02-07T15:46:21+00:00\",\"dateModified\":\"2020-02-07T15:46:21+00:00\",\"mainEntityOfPage\":{\"@id\":\"https:\/\/www.prijedordanas.com\/?p=141765\"},\"wordCount\":318,\"publisher\":{\"@id\":\"https:\/\/www.prijedordanas.com\/#organization\"},\"articleSection\":[\"Dru\u0161tvo\"],\"inLanguage\":\"en-US\"},{\"@type\":\"WebPage\",\"@id\":\"https:\/\/www.prijedordanas.com\/?p=141765\",\"url\":\"https:\/\/www.prijedordanas.com\/?p=141765\",\"name\":\"Narodni poslanik i predsjednik GO SDS Prijedor Milan Tubin nepo\u017eeljan za Bora\u010dku organizaciju Prijedor - PrijedorDanas.com - Prijedorski gradski portal\",\"isPartOf\":{\"@id\":\"https:\/\/www.prijedordanas.com\/#website\"},\"datePublished\":\"2020-02-07T15:46:21+00:00\",\"dateModified\":\"2020-02-07T15:46:21+00:00\",\"breadcrumb\":{\"@id\":\"https:\/\/www.prijedordanas.com\/?p=141765#breadcrumb\"},\"inLanguage\":\"en-US\",\"potentialAction\":[{\"@type\":\"ReadAction\",\"target\":[\"https:\/\/www.prijedordanas.com\/?p=141765\"]}]},{\"@type\":\"BreadcrumbList\",\"@id\":\"https:\/\/www.prijedordanas.com\/?p=141765#breadcrumb\",\"itemListElement\":[{\"@type\":\"ListItem\",\"position\":1,\"name\":\"Home\",\"item\":\"https:\/\/www.prijedordanas.com\/\"},{\"@type\":\"ListItem\",\"position\":2,\"name\":\"Narodni poslanik i predsjednik GO SDS Prijedor Milan Tubin nepo\u017eeljan za Bora\u010dku organizaciju Prijedor\"}]},{\"@type\":\"WebSite\",\"@id\":\"https:\/\/www.prijedordanas.com\/#website\",\"url\":\"https:\/\/www.prijedordanas.com\/\",\"name\":\"PrijedorDanas.com - Prijedorski gradski portal\",\"description\":\"Portal o doga\u0111anjima u gradu Prijedoru\",\"publisher\":{\"@id\":\"https:\/\/www.prijedordanas.com\/#organization\"},\"potentialAction\":[{\"@type\":\"SearchAction\",\"target\":{\"@type\":\"EntryPoint\",\"urlTemplate\":\"https:\/\/www.prijedordanas.com\/?s={search_term_string}\"},\"query-input\":\"required name=search_term_string\"}],\"inLanguage\":\"en-US\"},{\"@type\":\"Organization\",\"@id\":\"https:\/\/www.prijedordanas.com\/#organization\",\"name\":\"PrijedorDanas.com\",\"url\":\"https:\/\/www.prijedordanas.com\/\",\"logo\":{\"@type\":\"ImageObject\",\"inLanguage\":\"en-US\",\"@id\":\"https:\/\/www.prijedordanas.com\/#\/schema\/logo\/image\/\",\"url\":\"http:\/\/www.prijedordanas.com\/wp-content\/uploads\/2021\/12\/logopng.png\",\"contentUrl\":\"http:\/\/www.prijedordanas.com\/wp-content\/uploads\/2021\/12\/logopng.png\",\"width\":1019,\"height\":776,\"caption\":\"PrijedorDanas.com\"},\"image\":{\"@id\":\"https:\/\/www.prijedordanas.com\/#\/schema\/logo\/image\/\"},\"sameAs\":[\"https:\/\/www.facebook.com\/PrijedorDanasCom\/\"]},{\"@type\":\"Person\",\"@id\":\"https:\/\/www.prijedordanas.com\/#\/schema\/person\/4e08ccf29b506ca916ff86d46bb700e6\",\"name\":\"admin\",\"image\":{\"@type\":\"ImageObject\",\"inLanguage\":\"en-US\",\"@id\":\"https:\/\/www.prijedordanas.com\/#\/schema\/person\/image\/\",\"url\":\"https:\/\/secure.gravatar.com\/avatar\/1d3fc949d550f0b53a5f0d51e06dfd79?s=96&d=mm&r=g\",\"contentUrl\":\"https:\/\/secure.gravatar.com\/avatar\/1d3fc949d550f0b53a5f0d51e06dfd79?s=96&d=mm&r=g\",\"caption\":\"admin\"},\"url\":\"https:\/\/www.prijedordanas.com\/?author=1\"}]}<\/script>\n<!-- \/ Yoast SEO plugin. -->","yoast_head_json":{"title":"Narodni poslanik i predsjednik GO SDS Prijedor Milan Tubin nepo\u017eeljan za Bora\u010dku organizaciju Prijedor - PrijedorDanas.com - Prijedorski gradski portal","robots":{"index":"index","follow":"follow","max-snippet":"max-snippet:-1","max-image-preview":"max-image-preview:large","max-video-preview":"max-video-preview:-1"},"canonical":"https:\/\/www.prijedordanas.com\/?p=141765","og_locale":"en_US","og_type":"article","og_title":"Narodni poslanik i predsjednik GO SDS Prijedor Milan Tubin nepo\u017eeljan za Bora\u010dku organizaciju Prijedor - PrijedorDanas.com - Prijedorski gradski portal","og_description":"Predsjedni\u0161tvo Bora\u010dke organizacije grada Prijedora na svojoj sjednici odr\u017eanoj dana 05.02.2020. godine, a u vezi incidenta koji se desio dana 04.02.2020. godine u prostorijama Bora\u010dke organizacije grada Prijedora, usvojilo je [&hellip;]","og_url":"https:\/\/www.prijedordanas.com\/?p=141765","og_site_name":"PrijedorDanas.com - Prijedorski gradski portal","article_publisher":"https:\/\/www.facebook.com\/PrijedorDanasCom\/","article_published_time":"2020-02-07T15:46:21+00:00","og_image":[{"url":"https:\/\/www.prijedordanas.com\/wp-content\/uploads\/2020\/02\/boracka-organizacija-prijedor-tubin-nepozeljan-300x222.jpg"}],"author":"admin","twitter_card":"summary_large_image","twitter_misc":{"Written by":"admin","Est. reading time":"2 minutes"},"schema":{"@context":"https:\/\/schema.org","@graph":[{"@type":"Article","@id":"https:\/\/www.prijedordanas.com\/?p=141765#article","isPartOf":{"@id":"https:\/\/www.prijedordanas.com\/?p=141765"},"author":{"name":"admin","@id":"https:\/\/www.prijedordanas.com\/#\/schema\/person\/4e08ccf29b506ca916ff86d46bb700e6"},"headline":"Narodni poslanik i predsjednik GO SDS Prijedor Milan Tubin nepo\u017eeljan za Bora\u010dku organizaciju Prijedor","datePublished":"2020-02-07T15:46:21+00:00","dateModified":"2020-02-07T15:46:21+00:00","mainEntityOfPage":{"@id":"https:\/\/www.prijedordanas.com\/?p=141765"},"wordCount":318,"publisher":{"@id":"https:\/\/www.prijedordanas.com\/#organization"},"articleSection":["Dru\u0161tvo"],"inLanguage":"en-US"},{"@type":"WebPage","@id":"https:\/\/www.prijedordanas.com\/?p=141765","url":"https:\/\/www.prijedordanas.com\/?p=141765","name":"Narodni poslanik i predsjednik GO SDS Prijedor Milan Tubin nepo\u017eeljan za Bora\u010dku organizaciju Prijedor - PrijedorDanas.com - Prijedorski gradski portal","isPartOf":{"@id":"https:\/\/www.prijedordanas.com\/#website"},"datePublished":"2020-02-07T15:46:21+00:00","dateModified":"2020-02-07T15:46:21+00:00","breadcrumb":{"@id":"https:\/\/www.prijedordanas.com\/?p=141765#breadcrumb"},"inLanguage":"en-US","potentialAction":[{"@type":"ReadAction","target":["https:\/\/www.prijedordanas.com\/?p=141765"]}]},{"@type":"BreadcrumbList","@id":"https:\/\/www.prijedordanas.com\/?p=141765#breadcrumb","itemListElement":[{"@type":"ListItem","position":1,"name":"Home","item":"https:\/\/www.prijedordanas.com\/"},{"@type":"ListItem","position":2,"name":"Narodni poslanik i predsjednik GO SDS Prijedor Milan Tubin nepo\u017eeljan za Bora\u010dku organizaciju Prijedor"}]},{"@type":"WebSite","@id":"https:\/\/www.prijedordanas.com\/#website","url":"https:\/\/www.prijedordanas.com\/","name":"PrijedorDanas.com - Prijedorski gradski portal","description":"Portal o doga\u0111anjima u gradu Prijedoru","publisher":{"@id":"https:\/\/www.prijedordanas.com\/#organization"},"potentialAction":[{"@type":"SearchAction","target":{"@type":"EntryPoint","urlTemplate":"https:\/\/www.prijedordanas.com\/?s={search_term_string}"},"query-input":"required name=search_term_string"}],"inLanguage":"en-US"},{"@type":"Organization","@id":"https:\/\/www.prijedordanas.com\/#organization","name":"PrijedorDanas.com","url":"https:\/\/www.prijedordanas.com\/","logo":{"@type":"ImageObject","inLanguage":"en-US","@id":"https:\/\/www.prijedordanas.com\/#\/schema\/logo\/image\/","url":"http:\/\/www.prijedordanas.com\/wp-content\/uploads\/2021\/12\/logopng.png","contentUrl":"http:\/\/www.prijedordanas.com\/wp-content\/uploads\/2021\/12\/logopng.png","width":1019,"height":776,"caption":"PrijedorDanas.com"},"image":{"@id":"https:\/\/www.prijedordanas.com\/#\/schema\/logo\/image\/"},"sameAs":["https:\/\/www.facebook.com\/PrijedorDanasCom\/"]},{"@type":"Person","@id":"https:\/\/www.prijedordanas.com\/#\/schema\/person\/4e08ccf29b506ca916ff86d46bb700e6","name":"admin","image":{"@type":"ImageObject","inLanguage":"en-US","@id":"https:\/\/www.prijedordanas.com\/#\/schema\/person\/image\/","url":"https:\/\/secure.gravatar.com\/avatar\/1d3fc949d550f0b53a5f0d51e06dfd79?s=96&d=mm&r=g","contentUrl":"https:\/\/secure.gravatar.com\/avatar\/1d3fc949d550f0b53a5f0d51e06dfd79?s=96&d=mm&r=g","caption":"admin"},"url":"https:\/\/www.prijedordanas.com\/?author=1"}]}},"_links":{"self":[{"href":"https:\/\/www.prijedordanas.com\/index.php?rest_route=\/wp\/v2\/posts\/141765"}],"collection":[{"href":"https:\/\/www.prijedordanas.com\/index.php?rest_route=\/wp\/v2\/posts"}],"about":[{"href":"https:\/\/www.prijedordanas.com\/index.php?rest_route=\/wp\/v2\/types\/post"}],"author":[{"embeddable":true,"href":"https:\/\/www.prijedordanas.com\/index.php?rest_route=\/wp\/v2\/users\/1"}],"replies":[{"embeddable":true,"href":"https:\/\/www.prijedordanas.com\/index.php?rest_route=%2Fwp%2Fv2%2Fcomments&post=141765"}],"version-history":[{"count":2,"href":"https:\/\/www.prijedordanas.com\/index.php?rest_route=\/wp\/v2\/posts\/141765\/revisions"}],"predecessor-version":[{"id":141768,"href":"https:\/\/www.prijedordanas.com\/index.php?rest_route=\/wp\/v2\/posts\/141765\/revisions\/141768"}],"wp:attachment":[{"href":"https:\/\/www.prijedordanas.com\/index.php?rest_route=%2Fwp%2Fv2%2Fmedia&parent=141765"}],"wp:term":[{"taxonomy":"category","embeddable":true,"href":"https:\/\/www.prijedordanas.com\/index.php?rest_route=%2Fwp%2Fv2%2Fcategories&post=141765"},{"taxonomy":"post_tag","embeddable":true,"href":"https:\/\/www.prijedordanas.com\/index.php?rest_route=%2Fwp%2Fv2%2Ftags&post=141765"}],"curies":[{"name":"wp","href":"https:\/\/api.w.org\/{rel}","templated":true}]}}