{"id":141747,"date":"2020-02-07T14:02:02","date_gmt":"2020-02-07T13:02:02","guid":{"rendered":"https:\/\/www.prijedordanas.com\/?p=141747"},"modified":"2020-02-07T14:02:02","modified_gmt":"2020-02-07T13:02:02","slug":"akcija-insajder-rasvijetljeno-krivicno-djelo-razbojnistvo-izvrseno-nad-radnicom-prijedorskog-marketa","status":"publish","type":"post","link":"https:\/\/www.prijedordanas.com\/?p=141747","title":{"rendered":"Akcija &#8220;Insajder&#8221;: Rasvijetljeno krivi\u010dno djelo \u201eRazbojni\u0161tvo\u201c izvr\u0161eno nad radnicom prijedorskog marketa"},"content":{"rendered":"<p><a href=\"https:\/\/www.prijedordanas.com\/wp-content\/uploads\/2019\/05\/policija-pd-2019-13.jpg\"><img loading=\"lazy\" decoding=\"async\" src=\"https:\/\/www.prijedordanas.com\/wp-content\/uploads\/2019\/05\/policija-pd-2019-13-300x217.jpg\" alt=\"\" width=\"300\" height=\"217\" class=\"alignleft size-medium wp-image-127079\" srcset=\"https:\/\/www.prijedordanas.com\/wp-content\/uploads\/2019\/05\/policija-pd-2019-13-300x217.jpg 300w, https:\/\/www.prijedordanas.com\/wp-content\/uploads\/2019\/05\/policija-pd-2019-13-100x72.jpg 100w, https:\/\/www.prijedordanas.com\/wp-content\/uploads\/2019\/05\/policija-pd-2019-13.jpg 690w\" sizes=\"(max-width: 300px) 100vw, 300px\" \/><\/a>Policijski slu\u017ebenici Policijske uprave Prijedor u vremenskom periodu od 15. januara do 05. februara 2020. godine, tokom realizacije akcije kodnog naziva &#8220;Insajder&#8221; identifikovali su lica A.M., A.R. i A.U., svi iz Prijedora i I.B. dr\u017eavljanin Hrvatske za koje postoji sumnja da su tokom 2019. i 2020. godine na podru\u010dju ove Uprave izvr\u0161ili \u010detiri krivi\u010dna djela.<\/p>\n<p>Osumnji\u010dena lica A.M. i I.B. se terete da su dana 01.01.2020. godine, oko 20,45 \u010dasova, u Prijedoru u ulici Majora Milana Tepi\u0107a uz prijetnju upotrebe no\u017ea od radnice marketa otu\u0111ila novac \u010dime su izvr\u0161ili krivi\u010dno djelo \u201eRazbojni\u0161tvo\u201c.<\/p>\n<p>Tokom kriminalisti\u010dke obrade utvr\u0111eno je da je lice A.M. u mjesecu septembru 2019. godine, na podru\u010dju Prijedora  izvr\u0161ilo dva krivi\u010dna djela \u201eTe\u0161ka kra\u0111a\u201c nad trgova\u010dkom radnjom i ugostiteljskim objektom privatno vlasni\u0161tvo.<\/p>\n<p>Kriminalisti\u010dkom obradom lica A.U. utvr\u0111eno da je dana 10.11.2019. godine, u mjestu Trnopolje, izvr\u0161io krivi\u010dno djelo \u201ePaljevina\u201c.  <\/p>\n<p>Materijalna \u0161teta pri\u010dinjena izvr\u0161enjem ovih krivi\u010dnih djela iznosi oko 10.000 KM.<\/p>\n<p>Nakon dokumentovanja i kompletiranja predmeta Okru\u017enom javnom tu\u017eila\u0161tvu Prijedor protiv lica A.M., A.R., A.U i I.B. bi\u0107e dostavljeni izvje\u0161taji za navedena krivi\u010dna djela.<\/p>\n<p>PU Prijedor<br \/>\nFoto &#8211; ilustracija<\/p>\n","protected":false},"excerpt":{"rendered":"<p>Policijski slu\u017ebenici Policijske uprave Prijedor u vremenskom periodu od 15. januara do 05. februara 2020. godine, tokom realizacije akcije kodnog naziva &#8220;Insajder&#8221; identifikovali su lica A.M., A.R. i A.U., svi [&hellip;]<\/p>\n","protected":false},"author":1,"featured_media":0,"comment_status":"closed","ping_status":"open","sticky":false,"template":"","format":"standard","meta":{"_monsterinsights_skip_tracking":false,"_monsterinsights_sitenote_active":false,"_monsterinsights_sitenote_note":"","_monsterinsights_sitenote_category":0,"footnotes":""},"categories":[5],"tags":[9834],"yoast_head":"<!-- This site is optimized with the Yoast SEO plugin v21.6 - https:\/\/yoast.com\/wordpress\/plugins\/seo\/ -->\n<title>Akcija &quot;Insajder&quot;: Rasvijetljeno krivi\u010dno djelo \u201eRazbojni\u0161tvo\u201c izvr\u0161eno nad radnicom prijedorskog marketa - PrijedorDanas.com - Prijedorski gradski portal<\/title>\n<meta name=\"robots\" content=\"index, follow, max-snippet:-1, max-image-preview:large, max-video-preview:-1\" \/>\n<link rel=\"canonical\" href=\"https:\/\/www.prijedordanas.com\/?p=141747\" \/>\n<meta property=\"og:locale\" content=\"en_US\" \/>\n<meta property=\"og:type\" content=\"article\" \/>\n<meta property=\"og:title\" content=\"Akcija &quot;Insajder&quot;: Rasvijetljeno krivi\u010dno djelo \u201eRazbojni\u0161tvo\u201c izvr\u0161eno nad radnicom prijedorskog marketa - PrijedorDanas.com - Prijedorski gradski portal\" \/>\n<meta property=\"og:description\" content=\"Policijski slu\u017ebenici Policijske uprave Prijedor u vremenskom periodu od 15. januara do 05. februara 2020. godine, tokom realizacije akcije kodnog naziva &#8220;Insajder&#8221; identifikovali su lica A.M., A.R. i A.U., svi [&hellip;]\" \/>\n<meta property=\"og:url\" content=\"https:\/\/www.prijedordanas.com\/?p=141747\" \/>\n<meta property=\"og:site_name\" content=\"PrijedorDanas.com - Prijedorski gradski portal\" \/>\n<meta property=\"article:publisher\" content=\"https:\/\/www.facebook.com\/PrijedorDanasCom\/\" \/>\n<meta property=\"article:published_time\" content=\"2020-02-07T13:02:02+00:00\" \/>\n<meta property=\"og:image\" content=\"https:\/\/www.prijedordanas.com\/wp-content\/uploads\/2019\/05\/policija-pd-2019-13-300x217.jpg\" \/>\n<meta name=\"author\" content=\"admin\" \/>\n<meta name=\"twitter:card\" content=\"summary_large_image\" \/>\n<meta name=\"twitter:label1\" content=\"Written by\" \/>\n\t<meta name=\"twitter:data1\" content=\"admin\" \/>\n\t<meta name=\"twitter:label2\" content=\"Est. reading time\" \/>\n\t<meta name=\"twitter:data2\" content=\"1 minute\" \/>\n<script type=\"application\/ld+json\" class=\"yoast-schema-graph\">{\"@context\":\"https:\/\/schema.org\",\"@graph\":[{\"@type\":\"Article\",\"@id\":\"https:\/\/www.prijedordanas.com\/?p=141747#article\",\"isPartOf\":{\"@id\":\"https:\/\/www.prijedordanas.com\/?p=141747\"},\"author\":{\"name\":\"admin\",\"@id\":\"https:\/\/www.prijedordanas.com\/#\/schema\/person\/4e08ccf29b506ca916ff86d46bb700e6\"},\"headline\":\"Akcija &#8220;Insajder&#8221;: Rasvijetljeno krivi\u010dno djelo \u201eRazbojni\u0161tvo\u201c izvr\u0161eno nad radnicom prijedorskog marketa\",\"datePublished\":\"2020-02-07T13:02:02+00:00\",\"dateModified\":\"2020-02-07T13:02:02+00:00\",\"mainEntityOfPage\":{\"@id\":\"https:\/\/www.prijedordanas.com\/?p=141747\"},\"wordCount\":229,\"publisher\":{\"@id\":\"https:\/\/www.prijedordanas.com\/#organization\"},\"keywords\":[\"PU Prijedor\"],\"articleSection\":[\"Hronika\"],\"inLanguage\":\"en-US\"},{\"@type\":\"WebPage\",\"@id\":\"https:\/\/www.prijedordanas.com\/?p=141747\",\"url\":\"https:\/\/www.prijedordanas.com\/?p=141747\",\"name\":\"Akcija \\\"Insajder\\\": Rasvijetljeno krivi\u010dno djelo \u201eRazbojni\u0161tvo\u201c izvr\u0161eno nad radnicom prijedorskog marketa - PrijedorDanas.com - Prijedorski gradski portal\",\"isPartOf\":{\"@id\":\"https:\/\/www.prijedordanas.com\/#website\"},\"datePublished\":\"2020-02-07T13:02:02+00:00\",\"dateModified\":\"2020-02-07T13:02:02+00:00\",\"breadcrumb\":{\"@id\":\"https:\/\/www.prijedordanas.com\/?p=141747#breadcrumb\"},\"inLanguage\":\"en-US\",\"potentialAction\":[{\"@type\":\"ReadAction\",\"target\":[\"https:\/\/www.prijedordanas.com\/?p=141747\"]}]},{\"@type\":\"BreadcrumbList\",\"@id\":\"https:\/\/www.prijedordanas.com\/?p=141747#breadcrumb\",\"itemListElement\":[{\"@type\":\"ListItem\",\"position\":1,\"name\":\"Home\",\"item\":\"https:\/\/www.prijedordanas.com\/\"},{\"@type\":\"ListItem\",\"position\":2,\"name\":\"Akcija &#8220;Insajder&#8221;: Rasvijetljeno krivi\u010dno djelo \u201eRazbojni\u0161tvo\u201c izvr\u0161eno nad radnicom prijedorskog marketa\"}]},{\"@type\":\"WebSite\",\"@id\":\"https:\/\/www.prijedordanas.com\/#website\",\"url\":\"https:\/\/www.prijedordanas.com\/\",\"name\":\"PrijedorDanas.com - Prijedorski gradski portal\",\"description\":\"Portal o doga\u0111anjima u gradu Prijedoru\",\"publisher\":{\"@id\":\"https:\/\/www.prijedordanas.com\/#organization\"},\"potentialAction\":[{\"@type\":\"SearchAction\",\"target\":{\"@type\":\"EntryPoint\",\"urlTemplate\":\"https:\/\/www.prijedordanas.com\/?s={search_term_string}\"},\"query-input\":\"required name=search_term_string\"}],\"inLanguage\":\"en-US\"},{\"@type\":\"Organization\",\"@id\":\"https:\/\/www.prijedordanas.com\/#organization\",\"name\":\"PrijedorDanas.com\",\"url\":\"https:\/\/www.prijedordanas.com\/\",\"logo\":{\"@type\":\"ImageObject\",\"inLanguage\":\"en-US\",\"@id\":\"https:\/\/www.prijedordanas.com\/#\/schema\/logo\/image\/\",\"url\":\"http:\/\/www.prijedordanas.com\/wp-content\/uploads\/2021\/12\/logopng.png\",\"contentUrl\":\"http:\/\/www.prijedordanas.com\/wp-content\/uploads\/2021\/12\/logopng.png\",\"width\":1019,\"height\":776,\"caption\":\"PrijedorDanas.com\"},\"image\":{\"@id\":\"https:\/\/www.prijedordanas.com\/#\/schema\/logo\/image\/\"},\"sameAs\":[\"https:\/\/www.facebook.com\/PrijedorDanasCom\/\"]},{\"@type\":\"Person\",\"@id\":\"https:\/\/www.prijedordanas.com\/#\/schema\/person\/4e08ccf29b506ca916ff86d46bb700e6\",\"name\":\"admin\",\"image\":{\"@type\":\"ImageObject\",\"inLanguage\":\"en-US\",\"@id\":\"https:\/\/www.prijedordanas.com\/#\/schema\/person\/image\/\",\"url\":\"https:\/\/secure.gravatar.com\/avatar\/1d3fc949d550f0b53a5f0d51e06dfd79?s=96&d=mm&r=g\",\"contentUrl\":\"https:\/\/secure.gravatar.com\/avatar\/1d3fc949d550f0b53a5f0d51e06dfd79?s=96&d=mm&r=g\",\"caption\":\"admin\"},\"url\":\"https:\/\/www.prijedordanas.com\/?author=1\"}]}<\/script>\n<!-- \/ Yoast SEO plugin. -->","yoast_head_json":{"title":"Akcija \"Insajder\": Rasvijetljeno krivi\u010dno djelo \u201eRazbojni\u0161tvo\u201c izvr\u0161eno nad radnicom prijedorskog marketa - PrijedorDanas.com - Prijedorski gradski portal","robots":{"index":"index","follow":"follow","max-snippet":"max-snippet:-1","max-image-preview":"max-image-preview:large","max-video-preview":"max-video-preview:-1"},"canonical":"https:\/\/www.prijedordanas.com\/?p=141747","og_locale":"en_US","og_type":"article","og_title":"Akcija \"Insajder\": Rasvijetljeno krivi\u010dno djelo \u201eRazbojni\u0161tvo\u201c izvr\u0161eno nad radnicom prijedorskog marketa - PrijedorDanas.com - Prijedorski gradski portal","og_description":"Policijski slu\u017ebenici Policijske uprave Prijedor u vremenskom periodu od 15. januara do 05. februara 2020. godine, tokom realizacije akcije kodnog naziva &#8220;Insajder&#8221; identifikovali su lica A.M., A.R. i A.U., svi [&hellip;]","og_url":"https:\/\/www.prijedordanas.com\/?p=141747","og_site_name":"PrijedorDanas.com - Prijedorski gradski portal","article_publisher":"https:\/\/www.facebook.com\/PrijedorDanasCom\/","article_published_time":"2020-02-07T13:02:02+00:00","og_image":[{"url":"https:\/\/www.prijedordanas.com\/wp-content\/uploads\/2019\/05\/policija-pd-2019-13-300x217.jpg"}],"author":"admin","twitter_card":"summary_large_image","twitter_misc":{"Written by":"admin","Est. reading time":"1 minute"},"schema":{"@context":"https:\/\/schema.org","@graph":[{"@type":"Article","@id":"https:\/\/www.prijedordanas.com\/?p=141747#article","isPartOf":{"@id":"https:\/\/www.prijedordanas.com\/?p=141747"},"author":{"name":"admin","@id":"https:\/\/www.prijedordanas.com\/#\/schema\/person\/4e08ccf29b506ca916ff86d46bb700e6"},"headline":"Akcija &#8220;Insajder&#8221;: Rasvijetljeno krivi\u010dno djelo \u201eRazbojni\u0161tvo\u201c izvr\u0161eno nad radnicom prijedorskog marketa","datePublished":"2020-02-07T13:02:02+00:00","dateModified":"2020-02-07T13:02:02+00:00","mainEntityOfPage":{"@id":"https:\/\/www.prijedordanas.com\/?p=141747"},"wordCount":229,"publisher":{"@id":"https:\/\/www.prijedordanas.com\/#organization"},"keywords":["PU Prijedor"],"articleSection":["Hronika"],"inLanguage":"en-US"},{"@type":"WebPage","@id":"https:\/\/www.prijedordanas.com\/?p=141747","url":"https:\/\/www.prijedordanas.com\/?p=141747","name":"Akcija \"Insajder\": Rasvijetljeno krivi\u010dno djelo \u201eRazbojni\u0161tvo\u201c izvr\u0161eno nad radnicom prijedorskog marketa - PrijedorDanas.com - Prijedorski gradski portal","isPartOf":{"@id":"https:\/\/www.prijedordanas.com\/#website"},"datePublished":"2020-02-07T13:02:02+00:00","dateModified":"2020-02-07T13:02:02+00:00","breadcrumb":{"@id":"https:\/\/www.prijedordanas.com\/?p=141747#breadcrumb"},"inLanguage":"en-US","potentialAction":[{"@type":"ReadAction","target":["https:\/\/www.prijedordanas.com\/?p=141747"]}]},{"@type":"BreadcrumbList","@id":"https:\/\/www.prijedordanas.com\/?p=141747#breadcrumb","itemListElement":[{"@type":"ListItem","position":1,"name":"Home","item":"https:\/\/www.prijedordanas.com\/"},{"@type":"ListItem","position":2,"name":"Akcija &#8220;Insajder&#8221;: Rasvijetljeno krivi\u010dno djelo \u201eRazbojni\u0161tvo\u201c izvr\u0161eno nad radnicom prijedorskog marketa"}]},{"@type":"WebSite","@id":"https:\/\/www.prijedordanas.com\/#website","url":"https:\/\/www.prijedordanas.com\/","name":"PrijedorDanas.com - Prijedorski gradski portal","description":"Portal o doga\u0111anjima u gradu Prijedoru","publisher":{"@id":"https:\/\/www.prijedordanas.com\/#organization"},"potentialAction":[{"@type":"SearchAction","target":{"@type":"EntryPoint","urlTemplate":"https:\/\/www.prijedordanas.com\/?s={search_term_string}"},"query-input":"required name=search_term_string"}],"inLanguage":"en-US"},{"@type":"Organization","@id":"https:\/\/www.prijedordanas.com\/#organization","name":"PrijedorDanas.com","url":"https:\/\/www.prijedordanas.com\/","logo":{"@type":"ImageObject","inLanguage":"en-US","@id":"https:\/\/www.prijedordanas.com\/#\/schema\/logo\/image\/","url":"http:\/\/www.prijedordanas.com\/wp-content\/uploads\/2021\/12\/logopng.png","contentUrl":"http:\/\/www.prijedordanas.com\/wp-content\/uploads\/2021\/12\/logopng.png","width":1019,"height":776,"caption":"PrijedorDanas.com"},"image":{"@id":"https:\/\/www.prijedordanas.com\/#\/schema\/logo\/image\/"},"sameAs":["https:\/\/www.facebook.com\/PrijedorDanasCom\/"]},{"@type":"Person","@id":"https:\/\/www.prijedordanas.com\/#\/schema\/person\/4e08ccf29b506ca916ff86d46bb700e6","name":"admin","image":{"@type":"ImageObject","inLanguage":"en-US","@id":"https:\/\/www.prijedordanas.com\/#\/schema\/person\/image\/","url":"https:\/\/secure.gravatar.com\/avatar\/1d3fc949d550f0b53a5f0d51e06dfd79?s=96&d=mm&r=g","contentUrl":"https:\/\/secure.gravatar.com\/avatar\/1d3fc949d550f0b53a5f0d51e06dfd79?s=96&d=mm&r=g","caption":"admin"},"url":"https:\/\/www.prijedordanas.com\/?author=1"}]}},"_links":{"self":[{"href":"https:\/\/www.prijedordanas.com\/index.php?rest_route=\/wp\/v2\/posts\/141747"}],"collection":[{"href":"https:\/\/www.prijedordanas.com\/index.php?rest_route=\/wp\/v2\/posts"}],"about":[{"href":"https:\/\/www.prijedordanas.com\/index.php?rest_route=\/wp\/v2\/types\/post"}],"author":[{"embeddable":true,"href":"https:\/\/www.prijedordanas.com\/index.php?rest_route=\/wp\/v2\/users\/1"}],"replies":[{"embeddable":true,"href":"https:\/\/www.prijedordanas.com\/index.php?rest_route=%2Fwp%2Fv2%2Fcomments&post=141747"}],"version-history":[{"count":1,"href":"https:\/\/www.prijedordanas.com\/index.php?rest_route=\/wp\/v2\/posts\/141747\/revisions"}],"predecessor-version":[{"id":141748,"href":"https:\/\/www.prijedordanas.com\/index.php?rest_route=\/wp\/v2\/posts\/141747\/revisions\/141748"}],"wp:attachment":[{"href":"https:\/\/www.prijedordanas.com\/index.php?rest_route=%2Fwp%2Fv2%2Fmedia&parent=141747"}],"wp:term":[{"taxonomy":"category","embeddable":true,"href":"https:\/\/www.prijedordanas.com\/index.php?rest_route=%2Fwp%2Fv2%2Fcategories&post=141747"},{"taxonomy":"post_tag","embeddable":true,"href":"https:\/\/www.prijedordanas.com\/index.php?rest_route=%2Fwp%2Fv2%2Ftags&post=141747"}],"curies":[{"name":"wp","href":"https:\/\/api.w.org\/{rel}","templated":true}]}}