{"id":141737,"date":"2020-02-07T09:43:54","date_gmt":"2020-02-07T08:43:54","guid":{"rendered":"https:\/\/www.prijedordanas.com\/?p=141737"},"modified":"2020-02-07T10:01:45","modified_gmt":"2020-02-07T09:01:45","slug":"prijedor-obavjestenje-o-postavljanju-standova-za-prodaju-cvijeca-i-prigodnih-poklona-za-8-mart","status":"publish","type":"post","link":"https:\/\/www.prijedordanas.com\/?p=141737","title":{"rendered":"Prijedor: Obavje\u0161tenje o postavljanju \u0161tandova za prodaju cvije\u0107a i prigodnih poklona za 8. mart"},"content":{"rendered":"<p><a href=\"https:\/\/www.prijedordanas.com\/wp-content\/uploads\/2017\/02\/standovi-osmi-mart.jpg\"><img loading=\"lazy\" decoding=\"async\" src=\"https:\/\/www.prijedordanas.com\/wp-content\/uploads\/2017\/02\/standovi-osmi-mart-300x222.jpg\" alt=\"\" width=\"300\" height=\"222\" class=\"alignleft size-medium wp-image-73765\" srcset=\"https:\/\/www.prijedordanas.com\/wp-content\/uploads\/2017\/02\/standovi-osmi-mart-300x222.jpg 300w, https:\/\/www.prijedordanas.com\/wp-content\/uploads\/2017\/02\/standovi-osmi-mart-100x74.jpg 100w, https:\/\/www.prijedordanas.com\/wp-content\/uploads\/2017\/02\/standovi-osmi-mart.jpg 675w\" sizes=\"(max-width: 300px) 100vw, 300px\" \/><\/a>Grad Prijedor<br \/>\nOdjeljenje za saobra\u0107aj, komunalne poslove i za\u0161titu \u017eivotne sredine i imovinsko-stambene poslove<\/p>\n<p>Obavje\u0161tenje<\/p>\n<p>Obavje\u0161tavaju se cvjec\u0301arske i trgova\u010dke radnje, registrovani proizvo\u0111a\u010di cvijec\u0301a, ustanove, fizi\u010dka lica i udru\u017eenja gra\u0111ana koja su registrovana za izradu predmeta kuc\u0301ne radinosti, suvenira i sli\u010dnih ukrasa, da c\u0301e Odjeljenje za saobrac\u0301aj, komunalne poslove i za\u0161titu \u017eivotne sredine i imovinsko-stambene poslove, za period od 05.03. do 10.03. 2020. godine (pet dana), odobravati zauzimanje javne povr\u0161ine i postavljanje \u0161tandova za prodaju cvijec\u0301a i prigodnih poklona za 8. mart, na lokacijama:<\/p>\n<p>1. Mali trg &#8211; 16 tipskih \u0161tandova.<br \/>\n\u0160tandovi na Malom trgu broj 1, 2, 3, 4, 13, 14, 15 i 16 odobravaju se isklju\u010divo cvjec\u0301arama i registrovanim proizvo\u0111a\u010dima cvijec\u0301a.<\/p>\n<p>2. Ulica Milo\u0161a Obrenovic\u0301a (od \u201eMonterivala\u201c do trgovine \u201eFavorit\u201c) &#8211; 15 lokacija za postavljanje vlastitih \u0161tandova.<\/p>\n<p>3. Trg Zorana Karlice &#8211; 5 tipskih \u0161tandova.<\/p>\n<p>Jedno lice mo\u017ee podnijeti zahtjev za samo jednu lokaciju, istoga dana po izvr\u0161enom uvidu u Plan lokacija, a uz zahtjev je obavezno prilo\u017eiti rje\u0161enje o odobrenoj djelatnosti, odnosno registraciji, izdato od strane nadle\u017enog organa.<\/p>\n<p>Komunalna taksa za privremeno kori\u0161tenje javne povr\u0161ine na Malom trgu i Trgu Zorana Karlice iznosi 65,00 KM, a u Ulici Milo\u0161a Obrenovic\u0301a iznosi 50,00 KM.<\/p>\n<p>Uvid u plan lokacija i podno\u0161enje prijave (zahtjeva), mo\u017ee se izvr\u0161iti na Info-pultu Gradske uprave, od 05.02.2020. godine, a najkasnije do 19.02.2020. godine, odnosno do popune predlo\u017eenih lokacija.<\/p>\n<p>PO OVLA\u0160C\u0301ENJU GRADONA\u010cELNIKA:<br \/>\nZlatko Ritan, dipl. ing. arh.<\/p>\n","protected":false},"excerpt":{"rendered":"<p>Grad Prijedor Odjeljenje za saobra\u0107aj, komunalne poslove i za\u0161titu \u017eivotne sredine i imovinsko-stambene poslove Obavje\u0161tenje Obavje\u0161tavaju se cvjec\u0301arske i trgova\u010dke radnje, registrovani proizvo\u0111a\u010di cvijec\u0301a, ustanove, fizi\u010dka lica i udru\u017eenja gra\u0111ana [&hellip;]<\/p>\n","protected":false},"author":1,"featured_media":0,"comment_status":"closed","ping_status":"open","sticky":false,"template":"","format":"standard","meta":{"_monsterinsights_skip_tracking":false,"_monsterinsights_sitenote_active":false,"_monsterinsights_sitenote_note":"","_monsterinsights_sitenote_category":0,"footnotes":""},"categories":[4],"tags":[6207],"yoast_head":"<!-- This site is optimized with the Yoast SEO plugin v21.6 - https:\/\/yoast.com\/wordpress\/plugins\/seo\/ -->\n<title>Prijedor: Obavje\u0161tenje o postavljanju \u0161tandova za prodaju cvije\u0107a i prigodnih poklona za 8. mart - PrijedorDanas.com - Prijedorski gradski portal<\/title>\n<meta name=\"robots\" content=\"index, follow, max-snippet:-1, max-image-preview:large, max-video-preview:-1\" \/>\n<link rel=\"canonical\" href=\"https:\/\/www.prijedordanas.com\/?p=141737\" \/>\n<meta property=\"og:locale\" content=\"en_US\" \/>\n<meta property=\"og:type\" content=\"article\" \/>\n<meta property=\"og:title\" content=\"Prijedor: Obavje\u0161tenje o postavljanju \u0161tandova za prodaju cvije\u0107a i prigodnih poklona za 8. mart - PrijedorDanas.com - Prijedorski gradski portal\" \/>\n<meta property=\"og:description\" content=\"Grad Prijedor Odjeljenje za saobra\u0107aj, komunalne poslove i za\u0161titu \u017eivotne sredine i imovinsko-stambene poslove Obavje\u0161tenje Obavje\u0161tavaju se cvjec\u0301arske i trgova\u010dke radnje, registrovani proizvo\u0111a\u010di cvijec\u0301a, ustanove, fizi\u010dka lica i udru\u017eenja gra\u0111ana [&hellip;]\" \/>\n<meta property=\"og:url\" content=\"https:\/\/www.prijedordanas.com\/?p=141737\" \/>\n<meta property=\"og:site_name\" content=\"PrijedorDanas.com - Prijedorski gradski portal\" \/>\n<meta property=\"article:publisher\" content=\"https:\/\/www.facebook.com\/PrijedorDanasCom\/\" \/>\n<meta property=\"article:published_time\" content=\"2020-02-07T08:43:54+00:00\" \/>\n<meta property=\"article:modified_time\" content=\"2020-02-07T09:01:45+00:00\" \/>\n<meta property=\"og:image\" content=\"https:\/\/www.prijedordanas.com\/wp-content\/uploads\/2017\/02\/standovi-osmi-mart-300x222.jpg\" \/>\n<meta name=\"author\" content=\"admin\" \/>\n<meta name=\"twitter:card\" content=\"summary_large_image\" \/>\n<meta name=\"twitter:label1\" content=\"Written by\" \/>\n\t<meta name=\"twitter:data1\" content=\"admin\" \/>\n\t<meta name=\"twitter:label2\" content=\"Est. reading time\" \/>\n\t<meta name=\"twitter:data2\" content=\"1 minute\" \/>\n<script type=\"application\/ld+json\" class=\"yoast-schema-graph\">{\"@context\":\"https:\/\/schema.org\",\"@graph\":[{\"@type\":\"Article\",\"@id\":\"https:\/\/www.prijedordanas.com\/?p=141737#article\",\"isPartOf\":{\"@id\":\"https:\/\/www.prijedordanas.com\/?p=141737\"},\"author\":{\"name\":\"admin\",\"@id\":\"https:\/\/www.prijedordanas.com\/#\/schema\/person\/4e08ccf29b506ca916ff86d46bb700e6\"},\"headline\":\"Prijedor: Obavje\u0161tenje o postavljanju \u0161tandova za prodaju cvije\u0107a i prigodnih poklona za 8. mart\",\"datePublished\":\"2020-02-07T08:43:54+00:00\",\"dateModified\":\"2020-02-07T09:01:45+00:00\",\"mainEntityOfPage\":{\"@id\":\"https:\/\/www.prijedordanas.com\/?p=141737\"},\"wordCount\":267,\"publisher\":{\"@id\":\"https:\/\/www.prijedordanas.com\/#organization\"},\"keywords\":[\"\u0161tandovi\"],\"articleSection\":[\"Dru\u0161tvo\"],\"inLanguage\":\"en-US\"},{\"@type\":\"WebPage\",\"@id\":\"https:\/\/www.prijedordanas.com\/?p=141737\",\"url\":\"https:\/\/www.prijedordanas.com\/?p=141737\",\"name\":\"Prijedor: Obavje\u0161tenje o postavljanju \u0161tandova za prodaju cvije\u0107a i prigodnih poklona za 8. mart - PrijedorDanas.com - Prijedorski gradski portal\",\"isPartOf\":{\"@id\":\"https:\/\/www.prijedordanas.com\/#website\"},\"datePublished\":\"2020-02-07T08:43:54+00:00\",\"dateModified\":\"2020-02-07T09:01:45+00:00\",\"breadcrumb\":{\"@id\":\"https:\/\/www.prijedordanas.com\/?p=141737#breadcrumb\"},\"inLanguage\":\"en-US\",\"potentialAction\":[{\"@type\":\"ReadAction\",\"target\":[\"https:\/\/www.prijedordanas.com\/?p=141737\"]}]},{\"@type\":\"BreadcrumbList\",\"@id\":\"https:\/\/www.prijedordanas.com\/?p=141737#breadcrumb\",\"itemListElement\":[{\"@type\":\"ListItem\",\"position\":1,\"name\":\"Home\",\"item\":\"https:\/\/www.prijedordanas.com\/\"},{\"@type\":\"ListItem\",\"position\":2,\"name\":\"Prijedor: Obavje\u0161tenje o postavljanju \u0161tandova za prodaju cvije\u0107a i prigodnih poklona za 8. mart\"}]},{\"@type\":\"WebSite\",\"@id\":\"https:\/\/www.prijedordanas.com\/#website\",\"url\":\"https:\/\/www.prijedordanas.com\/\",\"name\":\"PrijedorDanas.com - Prijedorski gradski portal\",\"description\":\"Portal o doga\u0111anjima u gradu Prijedoru\",\"publisher\":{\"@id\":\"https:\/\/www.prijedordanas.com\/#organization\"},\"potentialAction\":[{\"@type\":\"SearchAction\",\"target\":{\"@type\":\"EntryPoint\",\"urlTemplate\":\"https:\/\/www.prijedordanas.com\/?s={search_term_string}\"},\"query-input\":\"required name=search_term_string\"}],\"inLanguage\":\"en-US\"},{\"@type\":\"Organization\",\"@id\":\"https:\/\/www.prijedordanas.com\/#organization\",\"name\":\"PrijedorDanas.com\",\"url\":\"https:\/\/www.prijedordanas.com\/\",\"logo\":{\"@type\":\"ImageObject\",\"inLanguage\":\"en-US\",\"@id\":\"https:\/\/www.prijedordanas.com\/#\/schema\/logo\/image\/\",\"url\":\"http:\/\/www.prijedordanas.com\/wp-content\/uploads\/2021\/12\/logopng.png\",\"contentUrl\":\"http:\/\/www.prijedordanas.com\/wp-content\/uploads\/2021\/12\/logopng.png\",\"width\":1019,\"height\":776,\"caption\":\"PrijedorDanas.com\"},\"image\":{\"@id\":\"https:\/\/www.prijedordanas.com\/#\/schema\/logo\/image\/\"},\"sameAs\":[\"https:\/\/www.facebook.com\/PrijedorDanasCom\/\"]},{\"@type\":\"Person\",\"@id\":\"https:\/\/www.prijedordanas.com\/#\/schema\/person\/4e08ccf29b506ca916ff86d46bb700e6\",\"name\":\"admin\",\"image\":{\"@type\":\"ImageObject\",\"inLanguage\":\"en-US\",\"@id\":\"https:\/\/www.prijedordanas.com\/#\/schema\/person\/image\/\",\"url\":\"https:\/\/secure.gravatar.com\/avatar\/1d3fc949d550f0b53a5f0d51e06dfd79?s=96&d=mm&r=g\",\"contentUrl\":\"https:\/\/secure.gravatar.com\/avatar\/1d3fc949d550f0b53a5f0d51e06dfd79?s=96&d=mm&r=g\",\"caption\":\"admin\"},\"url\":\"https:\/\/www.prijedordanas.com\/?author=1\"}]}<\/script>\n<!-- \/ Yoast SEO plugin. -->","yoast_head_json":{"title":"Prijedor: Obavje\u0161tenje o postavljanju \u0161tandova za prodaju cvije\u0107a i prigodnih poklona za 8. mart - PrijedorDanas.com - Prijedorski gradski portal","robots":{"index":"index","follow":"follow","max-snippet":"max-snippet:-1","max-image-preview":"max-image-preview:large","max-video-preview":"max-video-preview:-1"},"canonical":"https:\/\/www.prijedordanas.com\/?p=141737","og_locale":"en_US","og_type":"article","og_title":"Prijedor: Obavje\u0161tenje o postavljanju \u0161tandova za prodaju cvije\u0107a i prigodnih poklona za 8. mart - PrijedorDanas.com - Prijedorski gradski portal","og_description":"Grad Prijedor Odjeljenje za saobra\u0107aj, komunalne poslove i za\u0161titu \u017eivotne sredine i imovinsko-stambene poslove Obavje\u0161tenje Obavje\u0161tavaju se cvjec\u0301arske i trgova\u010dke radnje, registrovani proizvo\u0111a\u010di cvijec\u0301a, ustanove, fizi\u010dka lica i udru\u017eenja gra\u0111ana [&hellip;]","og_url":"https:\/\/www.prijedordanas.com\/?p=141737","og_site_name":"PrijedorDanas.com - Prijedorski gradski portal","article_publisher":"https:\/\/www.facebook.com\/PrijedorDanasCom\/","article_published_time":"2020-02-07T08:43:54+00:00","article_modified_time":"2020-02-07T09:01:45+00:00","og_image":[{"url":"https:\/\/www.prijedordanas.com\/wp-content\/uploads\/2017\/02\/standovi-osmi-mart-300x222.jpg"}],"author":"admin","twitter_card":"summary_large_image","twitter_misc":{"Written by":"admin","Est. reading time":"1 minute"},"schema":{"@context":"https:\/\/schema.org","@graph":[{"@type":"Article","@id":"https:\/\/www.prijedordanas.com\/?p=141737#article","isPartOf":{"@id":"https:\/\/www.prijedordanas.com\/?p=141737"},"author":{"name":"admin","@id":"https:\/\/www.prijedordanas.com\/#\/schema\/person\/4e08ccf29b506ca916ff86d46bb700e6"},"headline":"Prijedor: Obavje\u0161tenje o postavljanju \u0161tandova za prodaju cvije\u0107a i prigodnih poklona za 8. mart","datePublished":"2020-02-07T08:43:54+00:00","dateModified":"2020-02-07T09:01:45+00:00","mainEntityOfPage":{"@id":"https:\/\/www.prijedordanas.com\/?p=141737"},"wordCount":267,"publisher":{"@id":"https:\/\/www.prijedordanas.com\/#organization"},"keywords":["\u0161tandovi"],"articleSection":["Dru\u0161tvo"],"inLanguage":"en-US"},{"@type":"WebPage","@id":"https:\/\/www.prijedordanas.com\/?p=141737","url":"https:\/\/www.prijedordanas.com\/?p=141737","name":"Prijedor: Obavje\u0161tenje o postavljanju \u0161tandova za prodaju cvije\u0107a i prigodnih poklona za 8. mart - PrijedorDanas.com - Prijedorski gradski portal","isPartOf":{"@id":"https:\/\/www.prijedordanas.com\/#website"},"datePublished":"2020-02-07T08:43:54+00:00","dateModified":"2020-02-07T09:01:45+00:00","breadcrumb":{"@id":"https:\/\/www.prijedordanas.com\/?p=141737#breadcrumb"},"inLanguage":"en-US","potentialAction":[{"@type":"ReadAction","target":["https:\/\/www.prijedordanas.com\/?p=141737"]}]},{"@type":"BreadcrumbList","@id":"https:\/\/www.prijedordanas.com\/?p=141737#breadcrumb","itemListElement":[{"@type":"ListItem","position":1,"name":"Home","item":"https:\/\/www.prijedordanas.com\/"},{"@type":"ListItem","position":2,"name":"Prijedor: Obavje\u0161tenje o postavljanju \u0161tandova za prodaju cvije\u0107a i prigodnih poklona za 8. mart"}]},{"@type":"WebSite","@id":"https:\/\/www.prijedordanas.com\/#website","url":"https:\/\/www.prijedordanas.com\/","name":"PrijedorDanas.com - Prijedorski gradski portal","description":"Portal o doga\u0111anjima u gradu Prijedoru","publisher":{"@id":"https:\/\/www.prijedordanas.com\/#organization"},"potentialAction":[{"@type":"SearchAction","target":{"@type":"EntryPoint","urlTemplate":"https:\/\/www.prijedordanas.com\/?s={search_term_string}"},"query-input":"required name=search_term_string"}],"inLanguage":"en-US"},{"@type":"Organization","@id":"https:\/\/www.prijedordanas.com\/#organization","name":"PrijedorDanas.com","url":"https:\/\/www.prijedordanas.com\/","logo":{"@type":"ImageObject","inLanguage":"en-US","@id":"https:\/\/www.prijedordanas.com\/#\/schema\/logo\/image\/","url":"http:\/\/www.prijedordanas.com\/wp-content\/uploads\/2021\/12\/logopng.png","contentUrl":"http:\/\/www.prijedordanas.com\/wp-content\/uploads\/2021\/12\/logopng.png","width":1019,"height":776,"caption":"PrijedorDanas.com"},"image":{"@id":"https:\/\/www.prijedordanas.com\/#\/schema\/logo\/image\/"},"sameAs":["https:\/\/www.facebook.com\/PrijedorDanasCom\/"]},{"@type":"Person","@id":"https:\/\/www.prijedordanas.com\/#\/schema\/person\/4e08ccf29b506ca916ff86d46bb700e6","name":"admin","image":{"@type":"ImageObject","inLanguage":"en-US","@id":"https:\/\/www.prijedordanas.com\/#\/schema\/person\/image\/","url":"https:\/\/secure.gravatar.com\/avatar\/1d3fc949d550f0b53a5f0d51e06dfd79?s=96&d=mm&r=g","contentUrl":"https:\/\/secure.gravatar.com\/avatar\/1d3fc949d550f0b53a5f0d51e06dfd79?s=96&d=mm&r=g","caption":"admin"},"url":"https:\/\/www.prijedordanas.com\/?author=1"}]}},"_links":{"self":[{"href":"https:\/\/www.prijedordanas.com\/index.php?rest_route=\/wp\/v2\/posts\/141737"}],"collection":[{"href":"https:\/\/www.prijedordanas.com\/index.php?rest_route=\/wp\/v2\/posts"}],"about":[{"href":"https:\/\/www.prijedordanas.com\/index.php?rest_route=\/wp\/v2\/types\/post"}],"author":[{"embeddable":true,"href":"https:\/\/www.prijedordanas.com\/index.php?rest_route=\/wp\/v2\/users\/1"}],"replies":[{"embeddable":true,"href":"https:\/\/www.prijedordanas.com\/index.php?rest_route=%2Fwp%2Fv2%2Fcomments&post=141737"}],"version-history":[{"count":3,"href":"https:\/\/www.prijedordanas.com\/index.php?rest_route=\/wp\/v2\/posts\/141737\/revisions"}],"predecessor-version":[{"id":141740,"href":"https:\/\/www.prijedordanas.com\/index.php?rest_route=\/wp\/v2\/posts\/141737\/revisions\/141740"}],"wp:attachment":[{"href":"https:\/\/www.prijedordanas.com\/index.php?rest_route=%2Fwp%2Fv2%2Fmedia&parent=141737"}],"wp:term":[{"taxonomy":"category","embeddable":true,"href":"https:\/\/www.prijedordanas.com\/index.php?rest_route=%2Fwp%2Fv2%2Fcategories&post=141737"},{"taxonomy":"post_tag","embeddable":true,"href":"https:\/\/www.prijedordanas.com\/index.php?rest_route=%2Fwp%2Fv2%2Ftags&post=141737"}],"curies":[{"name":"wp","href":"https:\/\/api.w.org\/{rel}","templated":true}]}}