{"id":141717,"date":"2020-02-06T20:21:21","date_gmt":"2020-02-06T19:21:21","guid":{"rendered":"https:\/\/www.prijedordanas.com\/?p=141717"},"modified":"2020-02-06T20:21:21","modified_gmt":"2020-02-06T19:21:21","slug":"sa-fest-festival-koji-donosi-sjajne-promjene-u-grad-prijedor","status":"publish","type":"post","link":"https:\/\/www.prijedordanas.com\/?p=141717","title":{"rendered":"&#8220;\u0160A Fest&#8221;: Festival koji donosi sjajne promjene u grad Prijedor"},"content":{"rendered":"<p><a href=\"https:\/\/www.prijedordanas.com\/wp-content\/uploads\/2020\/02\/sha-fest-pres-1.jpg\"><img loading=\"lazy\" decoding=\"async\" src=\"https:\/\/www.prijedordanas.com\/wp-content\/uploads\/2020\/02\/sha-fest-pres-1-300x222.jpg\" alt=\"\" width=\"300\" height=\"222\" class=\"alignleft size-medium wp-image-141719\" srcset=\"https:\/\/www.prijedordanas.com\/wp-content\/uploads\/2020\/02\/sha-fest-pres-1-300x222.jpg 300w, https:\/\/www.prijedordanas.com\/wp-content\/uploads\/2020\/02\/sha-fest-pres-1.jpg 675w\" sizes=\"(max-width: 300px) 100vw, 300px\" \/><\/a>LJudi koji stoje iza &#8220;\u0160a festa&#8221;, multimedijalnog festivala posve\u0107enog rano preminulom umjetniku Daliboru Popovi\u0107u Mik\u0161i iz Prijedora, duboko su ukorijenjeni u ovaj grad i donose sjajne promjene, izjavio je u Prijedoru banjalu\u010dki muzi\u010dar Petar Topalovi\u0107.<\/p>\n<p>&#8220;Iz ugla Banjalu\u010danina \u017eelim re\u0107i da sam prisustvovao ra\u0111anju i ga\u0161enju mnogih festivala i ono \u0161to mogu da vidim, gledaju\u0107i sa strane, jeste da je &#8220;\u0160a fest&#8221; jedan festival koji nije stvoren samo da bi zara\u0111ivao pare i da bi dovodio neka slavna imena u ovaj grad&#8221;, rekao je Topalovi\u0107 na konferenciji za novinare u Prijedoru.<\/p>\n<p>Topalovi\u0107 je pozvao gradske vlasti da i dalje podr\u017eavaju ovaj festival, koji je po\u010deo prije dvije godine u \u010dast preminulog Mik\u0161e, a koji je ve\u0107 u svom drugom izdanju dostigao kvalitet o kojem se pozitivno govori na mnogim javnim doga\u0111ajima, skupovima i sjednicama lokalnog parlamenta u Prijedoru.<\/p>\n<p>Festival je u bud\u017eetu grada Prijedora za ovu godinu dobio posebnu stavku i za \u0160A fest 2020. planirano je 40.000 KM.<\/p>\n<p><a href=\"https:\/\/www.prijedordanas.com\/wp-content\/uploads\/2020\/02\/sha-fest-pres-2.jpg\"><img loading=\"lazy\" decoding=\"async\" src=\"https:\/\/www.prijedordanas.com\/wp-content\/uploads\/2020\/02\/sha-fest-pres-2-300x200.jpg\" alt=\"\" width=\"300\" height=\"200\" class=\"alignleft size-medium wp-image-141720\" srcset=\"https:\/\/www.prijedordanas.com\/wp-content\/uploads\/2020\/02\/sha-fest-pres-2-300x200.jpg 300w, https:\/\/www.prijedordanas.com\/wp-content\/uploads\/2020\/02\/sha-fest-pres-2-480x320.jpg 480w, https:\/\/www.prijedordanas.com\/wp-content\/uploads\/2020\/02\/sha-fest-pres-2.jpg 600w\" sizes=\"(max-width: 300px) 100vw, 300px\" \/><\/a>Portparol &#8220;\u0160a festa&#8221; Nata\u0161a Kurid\u017ea podsjetila je da prihod od prodatih ulaznica i pi\u0107a na festivalu ide u Fond &#8220;Dalibor Popovi\u0107 Mik\u0161a&#8221;, \u010dija misija je podr\u0161ka studentima umjetnosti i muzike kroz stipendije, zatim podr\u0161ka bendovima, muzi\u010darima, slikarima i dizajnerima.<\/p>\n<p>&#8220;Po\u010deli smo donacijom saksofona prijedorskoj muzi\u010dkoj \u0161koli, a nastavili stipendijom studentkinji likovne akademije Dajani Nedi\u0107, te snimanjem spotova podr\u017eali vrijedne i perspektivne bendove `SOPOT` iz Banjaluke i `Eho radar` iz Prijedora&#8221;, navela je Kurid\u017ea.<\/p>\n<p>Kurid\u017ea je najavila da je u planu i izlo\u017eba slika nastalih lani na &#8220;\u0160a likovnoj koloniji&#8221; koja je okupila Mik\u0161ine kolege sa klase, a koja \u0107e dijelom biti prodajnog karaktera.<\/p>\n<p>Banjalu\u010dki bend &#8220;SOPOT&#8221; najavio je po\u010detak snimanja prvog singla sa novog, \u010detvrog albuma, u kojem \u0107e biti kori\u0161tena kombinovana tehnika kamere, tri de modelovanja i scenografije koji \u0107e biti atraktivan i u planu je da bude objavljen na prolje\u0107e.<\/p>\n<p>Nikola Grab iz &#8220;Eho radara&#8221; zahvalan je &#8220;\u0160a festu&#8221; \u0161to je prepoznao trud i kvalitet muzi\u010dara iz ovog benda.<\/p>\n<p>&#8220;Dali su nam dali vjetar u le\u0111a da zavr\u0161imo novi spot koji mo\u017eete da pogledate na na\u0161oj `Fejsbuk` stranici. Mi \u0107emo ove godine jo\u0161 aktivnije da se uklju\u010dimo u organizaciju `\u0160a festa&#8221; jer je to na\u0161a zajedni\u010dka pri\u010da&#8221;, istakao je Grab.<\/p>\n<p>U toku su pripreme za ovogodi\u0161nje izdanje &#8220;\u0160a festa&#8221;, koji \u0107e biti odr\u017ean 31. jula i 1. avgusta i kojem \u0107e, kao i lani, prethoditi vi\u0161ednevni niz kulturno-umjetni\u010dkih doga\u0111aja pod zajedni\u010dkim imenom &#8220;\u0160a ulica&#8221;. <\/p>\n<p>SRNA<\/p>\n<p>https:\/\/www.facebook.com\/ShaFestival\/videos\/2505884263065637\/<\/p>\n","protected":false},"excerpt":{"rendered":"<p>LJudi koji stoje iza &#8220;\u0160a festa&#8221;, multimedijalnog festivala posve\u0107enog rano preminulom umjetniku Daliboru Popovi\u0107u Mik\u0161i iz Prijedora, duboko su ukorijenjeni u ovaj grad i donose sjajne promjene, izjavio je u [&hellip;]<\/p>\n","protected":false},"author":1,"featured_media":0,"comment_status":"closed","ping_status":"open","sticky":false,"template":"","format":"standard","meta":{"_monsterinsights_skip_tracking":false,"_monsterinsights_sitenote_active":false,"_monsterinsights_sitenote_note":"","_monsterinsights_sitenote_category":0,"footnotes":""},"categories":[6],"tags":[10793],"yoast_head":"<!-- This site is optimized with the Yoast SEO plugin v21.6 - https:\/\/yoast.com\/wordpress\/plugins\/seo\/ -->\n<title>&quot;\u0160A Fest&quot;: Festival koji donosi sjajne promjene u grad Prijedor - PrijedorDanas.com - Prijedorski gradski portal<\/title>\n<meta name=\"robots\" content=\"index, follow, max-snippet:-1, max-image-preview:large, max-video-preview:-1\" \/>\n<link rel=\"canonical\" href=\"https:\/\/www.prijedordanas.com\/?p=141717\" \/>\n<meta property=\"og:locale\" content=\"en_US\" \/>\n<meta property=\"og:type\" content=\"article\" \/>\n<meta property=\"og:title\" content=\"&quot;\u0160A Fest&quot;: Festival koji donosi sjajne promjene u grad Prijedor - PrijedorDanas.com - Prijedorski gradski portal\" \/>\n<meta property=\"og:description\" content=\"LJudi koji stoje iza &#8220;\u0160a festa&#8221;, multimedijalnog festivala posve\u0107enog rano preminulom umjetniku Daliboru Popovi\u0107u Mik\u0161i iz Prijedora, duboko su ukorijenjeni u ovaj grad i donose sjajne promjene, izjavio je u [&hellip;]\" \/>\n<meta property=\"og:url\" content=\"https:\/\/www.prijedordanas.com\/?p=141717\" \/>\n<meta property=\"og:site_name\" content=\"PrijedorDanas.com - Prijedorski gradski portal\" \/>\n<meta property=\"article:publisher\" content=\"https:\/\/www.facebook.com\/PrijedorDanasCom\/\" \/>\n<meta property=\"article:published_time\" content=\"2020-02-06T19:21:21+00:00\" \/>\n<meta property=\"og:image\" content=\"https:\/\/www.prijedordanas.com\/wp-content\/uploads\/2020\/02\/sha-fest-pres-1-300x222.jpg\" \/>\n<meta name=\"author\" content=\"admin\" \/>\n<meta name=\"twitter:card\" content=\"summary_large_image\" \/>\n<meta name=\"twitter:label1\" content=\"Written by\" \/>\n\t<meta name=\"twitter:data1\" content=\"admin\" \/>\n\t<meta name=\"twitter:label2\" content=\"Est. reading time\" \/>\n\t<meta name=\"twitter:data2\" content=\"2 minutes\" \/>\n<script type=\"application\/ld+json\" class=\"yoast-schema-graph\">{\"@context\":\"https:\/\/schema.org\",\"@graph\":[{\"@type\":\"Article\",\"@id\":\"https:\/\/www.prijedordanas.com\/?p=141717#article\",\"isPartOf\":{\"@id\":\"https:\/\/www.prijedordanas.com\/?p=141717\"},\"author\":{\"name\":\"admin\",\"@id\":\"https:\/\/www.prijedordanas.com\/#\/schema\/person\/4e08ccf29b506ca916ff86d46bb700e6\"},\"headline\":\"&#8220;\u0160A Fest&#8221;: Festival koji donosi sjajne promjene u grad Prijedor\",\"datePublished\":\"2020-02-06T19:21:21+00:00\",\"dateModified\":\"2020-02-06T19:21:21+00:00\",\"mainEntityOfPage\":{\"@id\":\"https:\/\/www.prijedordanas.com\/?p=141717\"},\"wordCount\":457,\"publisher\":{\"@id\":\"https:\/\/www.prijedordanas.com\/#organization\"},\"keywords\":[\"\u0160A Fest\"],\"articleSection\":[\"Kultura\"],\"inLanguage\":\"en-US\"},{\"@type\":\"WebPage\",\"@id\":\"https:\/\/www.prijedordanas.com\/?p=141717\",\"url\":\"https:\/\/www.prijedordanas.com\/?p=141717\",\"name\":\"\\\"\u0160A Fest\\\": Festival koji donosi sjajne promjene u grad Prijedor - PrijedorDanas.com - Prijedorski gradski portal\",\"isPartOf\":{\"@id\":\"https:\/\/www.prijedordanas.com\/#website\"},\"datePublished\":\"2020-02-06T19:21:21+00:00\",\"dateModified\":\"2020-02-06T19:21:21+00:00\",\"breadcrumb\":{\"@id\":\"https:\/\/www.prijedordanas.com\/?p=141717#breadcrumb\"},\"inLanguage\":\"en-US\",\"potentialAction\":[{\"@type\":\"ReadAction\",\"target\":[\"https:\/\/www.prijedordanas.com\/?p=141717\"]}]},{\"@type\":\"BreadcrumbList\",\"@id\":\"https:\/\/www.prijedordanas.com\/?p=141717#breadcrumb\",\"itemListElement\":[{\"@type\":\"ListItem\",\"position\":1,\"name\":\"Home\",\"item\":\"https:\/\/www.prijedordanas.com\/\"},{\"@type\":\"ListItem\",\"position\":2,\"name\":\"&#8220;\u0160A Fest&#8221;: Festival koji donosi sjajne promjene u grad Prijedor\"}]},{\"@type\":\"WebSite\",\"@id\":\"https:\/\/www.prijedordanas.com\/#website\",\"url\":\"https:\/\/www.prijedordanas.com\/\",\"name\":\"PrijedorDanas.com - Prijedorski gradski portal\",\"description\":\"Portal o doga\u0111anjima u gradu Prijedoru\",\"publisher\":{\"@id\":\"https:\/\/www.prijedordanas.com\/#organization\"},\"potentialAction\":[{\"@type\":\"SearchAction\",\"target\":{\"@type\":\"EntryPoint\",\"urlTemplate\":\"https:\/\/www.prijedordanas.com\/?s={search_term_string}\"},\"query-input\":\"required name=search_term_string\"}],\"inLanguage\":\"en-US\"},{\"@type\":\"Organization\",\"@id\":\"https:\/\/www.prijedordanas.com\/#organization\",\"name\":\"PrijedorDanas.com\",\"url\":\"https:\/\/www.prijedordanas.com\/\",\"logo\":{\"@type\":\"ImageObject\",\"inLanguage\":\"en-US\",\"@id\":\"https:\/\/www.prijedordanas.com\/#\/schema\/logo\/image\/\",\"url\":\"http:\/\/www.prijedordanas.com\/wp-content\/uploads\/2021\/12\/logopng.png\",\"contentUrl\":\"http:\/\/www.prijedordanas.com\/wp-content\/uploads\/2021\/12\/logopng.png\",\"width\":1019,\"height\":776,\"caption\":\"PrijedorDanas.com\"},\"image\":{\"@id\":\"https:\/\/www.prijedordanas.com\/#\/schema\/logo\/image\/\"},\"sameAs\":[\"https:\/\/www.facebook.com\/PrijedorDanasCom\/\"]},{\"@type\":\"Person\",\"@id\":\"https:\/\/www.prijedordanas.com\/#\/schema\/person\/4e08ccf29b506ca916ff86d46bb700e6\",\"name\":\"admin\",\"image\":{\"@type\":\"ImageObject\",\"inLanguage\":\"en-US\",\"@id\":\"https:\/\/www.prijedordanas.com\/#\/schema\/person\/image\/\",\"url\":\"https:\/\/secure.gravatar.com\/avatar\/1d3fc949d550f0b53a5f0d51e06dfd79?s=96&d=mm&r=g\",\"contentUrl\":\"https:\/\/secure.gravatar.com\/avatar\/1d3fc949d550f0b53a5f0d51e06dfd79?s=96&d=mm&r=g\",\"caption\":\"admin\"},\"url\":\"https:\/\/www.prijedordanas.com\/?author=1\"}]}<\/script>\n<!-- \/ Yoast SEO plugin. -->","yoast_head_json":{"title":"\"\u0160A Fest\": Festival koji donosi sjajne promjene u grad Prijedor - PrijedorDanas.com - Prijedorski gradski portal","robots":{"index":"index","follow":"follow","max-snippet":"max-snippet:-1","max-image-preview":"max-image-preview:large","max-video-preview":"max-video-preview:-1"},"canonical":"https:\/\/www.prijedordanas.com\/?p=141717","og_locale":"en_US","og_type":"article","og_title":"\"\u0160A Fest\": Festival koji donosi sjajne promjene u grad Prijedor - PrijedorDanas.com - Prijedorski gradski portal","og_description":"LJudi koji stoje iza &#8220;\u0160a festa&#8221;, multimedijalnog festivala posve\u0107enog rano preminulom umjetniku Daliboru Popovi\u0107u Mik\u0161i iz Prijedora, duboko su ukorijenjeni u ovaj grad i donose sjajne promjene, izjavio je u [&hellip;]","og_url":"https:\/\/www.prijedordanas.com\/?p=141717","og_site_name":"PrijedorDanas.com - Prijedorski gradski portal","article_publisher":"https:\/\/www.facebook.com\/PrijedorDanasCom\/","article_published_time":"2020-02-06T19:21:21+00:00","og_image":[{"url":"https:\/\/www.prijedordanas.com\/wp-content\/uploads\/2020\/02\/sha-fest-pres-1-300x222.jpg"}],"author":"admin","twitter_card":"summary_large_image","twitter_misc":{"Written by":"admin","Est. reading time":"2 minutes"},"schema":{"@context":"https:\/\/schema.org","@graph":[{"@type":"Article","@id":"https:\/\/www.prijedordanas.com\/?p=141717#article","isPartOf":{"@id":"https:\/\/www.prijedordanas.com\/?p=141717"},"author":{"name":"admin","@id":"https:\/\/www.prijedordanas.com\/#\/schema\/person\/4e08ccf29b506ca916ff86d46bb700e6"},"headline":"&#8220;\u0160A Fest&#8221;: Festival koji donosi sjajne promjene u grad Prijedor","datePublished":"2020-02-06T19:21:21+00:00","dateModified":"2020-02-06T19:21:21+00:00","mainEntityOfPage":{"@id":"https:\/\/www.prijedordanas.com\/?p=141717"},"wordCount":457,"publisher":{"@id":"https:\/\/www.prijedordanas.com\/#organization"},"keywords":["\u0160A Fest"],"articleSection":["Kultura"],"inLanguage":"en-US"},{"@type":"WebPage","@id":"https:\/\/www.prijedordanas.com\/?p=141717","url":"https:\/\/www.prijedordanas.com\/?p=141717","name":"\"\u0160A Fest\": Festival koji donosi sjajne promjene u grad Prijedor - PrijedorDanas.com - Prijedorski gradski portal","isPartOf":{"@id":"https:\/\/www.prijedordanas.com\/#website"},"datePublished":"2020-02-06T19:21:21+00:00","dateModified":"2020-02-06T19:21:21+00:00","breadcrumb":{"@id":"https:\/\/www.prijedordanas.com\/?p=141717#breadcrumb"},"inLanguage":"en-US","potentialAction":[{"@type":"ReadAction","target":["https:\/\/www.prijedordanas.com\/?p=141717"]}]},{"@type":"BreadcrumbList","@id":"https:\/\/www.prijedordanas.com\/?p=141717#breadcrumb","itemListElement":[{"@type":"ListItem","position":1,"name":"Home","item":"https:\/\/www.prijedordanas.com\/"},{"@type":"ListItem","position":2,"name":"&#8220;\u0160A Fest&#8221;: Festival koji donosi sjajne promjene u grad Prijedor"}]},{"@type":"WebSite","@id":"https:\/\/www.prijedordanas.com\/#website","url":"https:\/\/www.prijedordanas.com\/","name":"PrijedorDanas.com - Prijedorski gradski portal","description":"Portal o doga\u0111anjima u gradu Prijedoru","publisher":{"@id":"https:\/\/www.prijedordanas.com\/#organization"},"potentialAction":[{"@type":"SearchAction","target":{"@type":"EntryPoint","urlTemplate":"https:\/\/www.prijedordanas.com\/?s={search_term_string}"},"query-input":"required name=search_term_string"}],"inLanguage":"en-US"},{"@type":"Organization","@id":"https:\/\/www.prijedordanas.com\/#organization","name":"PrijedorDanas.com","url":"https:\/\/www.prijedordanas.com\/","logo":{"@type":"ImageObject","inLanguage":"en-US","@id":"https:\/\/www.prijedordanas.com\/#\/schema\/logo\/image\/","url":"http:\/\/www.prijedordanas.com\/wp-content\/uploads\/2021\/12\/logopng.png","contentUrl":"http:\/\/www.prijedordanas.com\/wp-content\/uploads\/2021\/12\/logopng.png","width":1019,"height":776,"caption":"PrijedorDanas.com"},"image":{"@id":"https:\/\/www.prijedordanas.com\/#\/schema\/logo\/image\/"},"sameAs":["https:\/\/www.facebook.com\/PrijedorDanasCom\/"]},{"@type":"Person","@id":"https:\/\/www.prijedordanas.com\/#\/schema\/person\/4e08ccf29b506ca916ff86d46bb700e6","name":"admin","image":{"@type":"ImageObject","inLanguage":"en-US","@id":"https:\/\/www.prijedordanas.com\/#\/schema\/person\/image\/","url":"https:\/\/secure.gravatar.com\/avatar\/1d3fc949d550f0b53a5f0d51e06dfd79?s=96&d=mm&r=g","contentUrl":"https:\/\/secure.gravatar.com\/avatar\/1d3fc949d550f0b53a5f0d51e06dfd79?s=96&d=mm&r=g","caption":"admin"},"url":"https:\/\/www.prijedordanas.com\/?author=1"}]}},"_links":{"self":[{"href":"https:\/\/www.prijedordanas.com\/index.php?rest_route=\/wp\/v2\/posts\/141717"}],"collection":[{"href":"https:\/\/www.prijedordanas.com\/index.php?rest_route=\/wp\/v2\/posts"}],"about":[{"href":"https:\/\/www.prijedordanas.com\/index.php?rest_route=\/wp\/v2\/types\/post"}],"author":[{"embeddable":true,"href":"https:\/\/www.prijedordanas.com\/index.php?rest_route=\/wp\/v2\/users\/1"}],"replies":[{"embeddable":true,"href":"https:\/\/www.prijedordanas.com\/index.php?rest_route=%2Fwp%2Fv2%2Fcomments&post=141717"}],"version-history":[{"count":1,"href":"https:\/\/www.prijedordanas.com\/index.php?rest_route=\/wp\/v2\/posts\/141717\/revisions"}],"predecessor-version":[{"id":141721,"href":"https:\/\/www.prijedordanas.com\/index.php?rest_route=\/wp\/v2\/posts\/141717\/revisions\/141721"}],"wp:attachment":[{"href":"https:\/\/www.prijedordanas.com\/index.php?rest_route=%2Fwp%2Fv2%2Fmedia&parent=141717"}],"wp:term":[{"taxonomy":"category","embeddable":true,"href":"https:\/\/www.prijedordanas.com\/index.php?rest_route=%2Fwp%2Fv2%2Fcategories&post=141717"},{"taxonomy":"post_tag","embeddable":true,"href":"https:\/\/www.prijedordanas.com\/index.php?rest_route=%2Fwp%2Fv2%2Ftags&post=141717"}],"curies":[{"name":"wp","href":"https:\/\/api.w.org\/{rel}","templated":true}]}}