{"id":141615,"date":"2020-02-05T08:53:47","date_gmt":"2020-02-05T07:53:47","guid":{"rendered":"https:\/\/www.prijedordanas.com\/?p=141615"},"modified":"2020-02-05T08:53:47","modified_gmt":"2020-02-05T07:53:47","slug":"roditelji-ekskurzije-placaju-u-ratama-neki-daci-imaju-sponzore","status":"publish","type":"post","link":"https:\/\/www.prijedordanas.com\/?p=141615","title":{"rendered":"Roditelji ekskurzije pla\u0107aju u ratama, neki \u0111aci imaju sponzore"},"content":{"rendered":"<p><a href=\"https:\/\/www.prijedordanas.com\/wp-content\/uploads\/2020\/02\/ilustracija-ekskurzija.jpg\"><img loading=\"lazy\" decoding=\"async\" src=\"https:\/\/www.prijedordanas.com\/wp-content\/uploads\/2020\/02\/ilustracija-ekskurzija-300x222.jpg\" alt=\"\" width=\"300\" height=\"222\" class=\"alignleft size-medium wp-image-141616\" srcset=\"https:\/\/www.prijedordanas.com\/wp-content\/uploads\/2020\/02\/ilustracija-ekskurzija-300x222.jpg 300w, https:\/\/www.prijedordanas.com\/wp-content\/uploads\/2020\/02\/ilustracija-ekskurzija.jpg 675w\" sizes=\"(max-width: 300px) 100vw, 300px\" \/><\/a>Srednjo\u0161kolci u mnogim \u0161kolama u Republici Srpskoj su ve\u0107 izabrali aran\u017emane za ekskurzije, ove godine su najpo\u017eeljnije \u0160panija i Gr\u010dka, a za one u\u010denike \u010diji roditelji nisu mogli platiti u nekim \u0161kolama su na\u0161li sponzore, tako da \u0107e i oni u\u017eivati sa vr\u0161njacima.<\/p>\n<p>Tako\u0111e, za mnoge roditelje je olak\u0161ica \u0161to ekskurziju mogu da plate na rate. Cijene ekskurzija su, zavisno od ponude aran\u017emana, od 500 do  900 KM.<\/p>\n<p>Vita Male\u0161evi\u0107, direktorica banjalu\u010dke Gimnazije, isti\u010de da njihovi \u0111aci planiraju u maju da putuju u \u0160paniju.<\/p>\n<p>&#8220;Skoro 90 odsto tre\u0107ih razreda \u0107e i\u0107i na ekskurziju, a onim u\u010denicima koji nisu bili u mogu\u0107nosti  na\u0161li smo sponzore. Mi ve\u0107 standardno svake godine idemo u \u0160paniju&#8221;, rekla je Male\u0161evi\u0107eva za &#8220;Nezavisne&#8221;.<\/p>\n<p>Dodala je da ekskuzija sa sedam no\u0107enja  iznosi 895 KM.<\/p>\n<p>&#8220;Ove godine ima\u0107emo sedam no\u0107enja, obilazimo mnogo toga i sve je ura\u010dunato u cijenu&#8221;, pojasnila Mala\u0161evi\u0107eva i dodala da je to jedna kvalitetna i sadr\u017eajna ekskurzija.<\/p>\n<p>Ljuban Baji\u0107, predsjednik Aktiva direktora srednjih \u0161kola banjalu\u010dke regije i  direktor Gra\u0111evinske \u0161kole,  kazao je da njihovi srednjo\u0161kolci na ekskurziju putuju polovinom maja  u Italiju, Francusku i \u0160paniju.<\/p>\n<p>&#8220;Na ekskurziju idemo devet dana, cijena iznosi 769 KM, a roditelji \u0107e pla\u0107ati u sedam rata&#8221;, kazao je Baji\u0107.<\/p>\n<p>Prema njegovim rije\u010dima, oko 90 odsto u\u010denika tre\u0107eg razreda \u0107e i\u0107i na ekskurziju.<\/p>\n<p>&#8220;Za one u\u010denika koji su slabijeg imovinskog stanja na\u0161li smo sponzore, tako da i oni mogu da idu&#8221;, isti\u010de Baji\u0107.<\/p>\n<p>Dodao je da me\u0111u u\u010denicima vlada velika zainteresovanost pa \u0107e tako iz njihove \u0161kole oko 100 u\u010denika posjetiti evropske zemlje, a u cijenu aran\u017emana su uklju\u010deni prevoz, smje\u0161taj i hrana.<\/p>\n<p>Du\u0161ko \u0110uri\u0107, predsjednik Aktiva direktora srednjih \u0161kola u Semberiji, isti\u010de da je ve\u0107 nekoliko godina praksa da u\u010denici na matursku ekskurziju putuju na po\u010detku \u010detvrtog razreda.<\/p>\n<p>&#8220;Tek krajem ovog mjeseca sprove\u0161\u0107emo anketu  me\u0111u \u0111acima koje su to destinacije na koje bi voljeli da otputuju&#8221;, istakao je \u0110uri\u0107.<\/p>\n<p>Prema njegovim rije\u010dima, \u0111aci ove regije ranijih godina su se odlu\u010divali uglavnom za Gr\u010dku i Italiju, cijena je iznoslila oko 500 KM, a roditelji su mogli pla\u0107ati u ratama.<\/p>\n<p>Valentina Sovilj, predsjednica Aktiva direktora srednjih \u0161kola za regiju Prijedor, isti\u010de da  ve\u0107 godinama imaju praksu da na ekskurzije idu u septembru.<\/p>\n<p>&#8220;Trenutno spovodimo ankete me\u0111u \u0161kolama koja su to mjesta koja bi \u0111aci voljeli da posjete &#8220;, kazala je Soviljeva.<\/p>\n<p>Spasoje Vasiljevi\u0107, predsjednik Aktiva direktora srednjih \u0161kola dobojske regije, kazao je da jedan dio \u0161kola ove regije ekskurzije planira u maju, a jedan dio u septembru, odnosno na po\u010detku nove \u0161kolske godine.<\/p>\n<p>&#8220;Radimo ankete, i ove godine \u0111aci podjednako \u017eele da idu i u Gr\u010dku i u \u0160paniju, ali \u0111aci \u0107e  ipak putovati u Gr\u010dku upravo zbog cijene, koja je prihvatljiva&#8221;, zaklju\u010dio je Vasiljevi\u0107.<\/p>\n<p>Jasna M.,  majka maturanta iz Banjaluke, kazala je  da su ekskurzije dodatni tro\u0161ak na ku\u0107ni bud\u017eet, ali je olak\u0161ica \u0161to se mo\u017ee pla\u0107ati na rate.<\/p>\n<p>&#8220;Plati\u0107emo sinu ekskurziju jer ipak je to putovanje koje \u0107e pamtiti \u010ditav \u017eivot&#8221;, rekla je ova majka.<\/p>\n<p>Nezavisne novine<\/p>\n","protected":false},"excerpt":{"rendered":"<p>Srednjo\u0161kolci u mnogim \u0161kolama u Republici Srpskoj su ve\u0107 izabrali aran\u017emane za ekskurzije, ove godine su najpo\u017eeljnije \u0160panija i Gr\u010dka, a za one u\u010denike \u010diji roditelji nisu mogli platiti u [&hellip;]<\/p>\n","protected":false},"author":1,"featured_media":0,"comment_status":"closed","ping_status":"open","sticky":false,"template":"","format":"standard","meta":{"_monsterinsights_skip_tracking":false,"_monsterinsights_sitenote_active":false,"_monsterinsights_sitenote_note":"","_monsterinsights_sitenote_category":0,"footnotes":""},"categories":[7518],"tags":[9760],"yoast_head":"<!-- This site is optimized with the Yoast SEO plugin v21.6 - https:\/\/yoast.com\/wordpress\/plugins\/seo\/ -->\n<title>Roditelji ekskurzije pla\u0107aju u ratama, neki \u0111aci imaju sponzore - PrijedorDanas.com - Prijedorski gradski portal<\/title>\n<meta name=\"robots\" content=\"index, follow, max-snippet:-1, max-image-preview:large, max-video-preview:-1\" \/>\n<link rel=\"canonical\" href=\"https:\/\/www.prijedordanas.com\/?p=141615\" \/>\n<meta property=\"og:locale\" content=\"en_US\" \/>\n<meta property=\"og:type\" content=\"article\" \/>\n<meta property=\"og:title\" content=\"Roditelji ekskurzije pla\u0107aju u ratama, neki \u0111aci imaju sponzore - PrijedorDanas.com - Prijedorski gradski portal\" \/>\n<meta property=\"og:description\" content=\"Srednjo\u0161kolci u mnogim \u0161kolama u Republici Srpskoj su ve\u0107 izabrali aran\u017emane za ekskurzije, ove godine su najpo\u017eeljnije \u0160panija i Gr\u010dka, a za one u\u010denike \u010diji roditelji nisu mogli platiti u [&hellip;]\" \/>\n<meta property=\"og:url\" content=\"https:\/\/www.prijedordanas.com\/?p=141615\" \/>\n<meta property=\"og:site_name\" content=\"PrijedorDanas.com - Prijedorski gradski portal\" \/>\n<meta property=\"article:publisher\" content=\"https:\/\/www.facebook.com\/PrijedorDanasCom\/\" \/>\n<meta property=\"article:published_time\" content=\"2020-02-05T07:53:47+00:00\" \/>\n<meta property=\"og:image\" content=\"https:\/\/www.prijedordanas.com\/wp-content\/uploads\/2020\/02\/ilustracija-ekskurzija-300x222.jpg\" \/>\n<meta name=\"author\" content=\"admin\" \/>\n<meta name=\"twitter:card\" content=\"summary_large_image\" \/>\n<meta name=\"twitter:label1\" content=\"Written by\" \/>\n\t<meta name=\"twitter:data1\" content=\"admin\" \/>\n\t<meta name=\"twitter:label2\" content=\"Est. reading time\" \/>\n\t<meta name=\"twitter:data2\" content=\"3 minutes\" \/>\n<script type=\"application\/ld+json\" class=\"yoast-schema-graph\">{\"@context\":\"https:\/\/schema.org\",\"@graph\":[{\"@type\":\"Article\",\"@id\":\"https:\/\/www.prijedordanas.com\/?p=141615#article\",\"isPartOf\":{\"@id\":\"https:\/\/www.prijedordanas.com\/?p=141615\"},\"author\":{\"name\":\"admin\",\"@id\":\"https:\/\/www.prijedordanas.com\/#\/schema\/person\/4e08ccf29b506ca916ff86d46bb700e6\"},\"headline\":\"Roditelji ekskurzije pla\u0107aju u ratama, neki \u0111aci imaju sponzore\",\"datePublished\":\"2020-02-05T07:53:47+00:00\",\"dateModified\":\"2020-02-05T07:53:47+00:00\",\"mainEntityOfPage\":{\"@id\":\"https:\/\/www.prijedordanas.com\/?p=141615\"},\"wordCount\":557,\"publisher\":{\"@id\":\"https:\/\/www.prijedordanas.com\/#organization\"},\"keywords\":[\"ekskurzija\"],\"articleSection\":[\"Mladi\"],\"inLanguage\":\"en-US\"},{\"@type\":\"WebPage\",\"@id\":\"https:\/\/www.prijedordanas.com\/?p=141615\",\"url\":\"https:\/\/www.prijedordanas.com\/?p=141615\",\"name\":\"Roditelji ekskurzije pla\u0107aju u ratama, neki \u0111aci imaju sponzore - PrijedorDanas.com - Prijedorski gradski portal\",\"isPartOf\":{\"@id\":\"https:\/\/www.prijedordanas.com\/#website\"},\"datePublished\":\"2020-02-05T07:53:47+00:00\",\"dateModified\":\"2020-02-05T07:53:47+00:00\",\"breadcrumb\":{\"@id\":\"https:\/\/www.prijedordanas.com\/?p=141615#breadcrumb\"},\"inLanguage\":\"en-US\",\"potentialAction\":[{\"@type\":\"ReadAction\",\"target\":[\"https:\/\/www.prijedordanas.com\/?p=141615\"]}]},{\"@type\":\"BreadcrumbList\",\"@id\":\"https:\/\/www.prijedordanas.com\/?p=141615#breadcrumb\",\"itemListElement\":[{\"@type\":\"ListItem\",\"position\":1,\"name\":\"Home\",\"item\":\"https:\/\/www.prijedordanas.com\/\"},{\"@type\":\"ListItem\",\"position\":2,\"name\":\"Roditelji ekskurzije pla\u0107aju u ratama, neki \u0111aci imaju sponzore\"}]},{\"@type\":\"WebSite\",\"@id\":\"https:\/\/www.prijedordanas.com\/#website\",\"url\":\"https:\/\/www.prijedordanas.com\/\",\"name\":\"PrijedorDanas.com - Prijedorski gradski portal\",\"description\":\"Portal o doga\u0111anjima u gradu Prijedoru\",\"publisher\":{\"@id\":\"https:\/\/www.prijedordanas.com\/#organization\"},\"potentialAction\":[{\"@type\":\"SearchAction\",\"target\":{\"@type\":\"EntryPoint\",\"urlTemplate\":\"https:\/\/www.prijedordanas.com\/?s={search_term_string}\"},\"query-input\":\"required name=search_term_string\"}],\"inLanguage\":\"en-US\"},{\"@type\":\"Organization\",\"@id\":\"https:\/\/www.prijedordanas.com\/#organization\",\"name\":\"PrijedorDanas.com\",\"url\":\"https:\/\/www.prijedordanas.com\/\",\"logo\":{\"@type\":\"ImageObject\",\"inLanguage\":\"en-US\",\"@id\":\"https:\/\/www.prijedordanas.com\/#\/schema\/logo\/image\/\",\"url\":\"http:\/\/www.prijedordanas.com\/wp-content\/uploads\/2021\/12\/logopng.png\",\"contentUrl\":\"http:\/\/www.prijedordanas.com\/wp-content\/uploads\/2021\/12\/logopng.png\",\"width\":1019,\"height\":776,\"caption\":\"PrijedorDanas.com\"},\"image\":{\"@id\":\"https:\/\/www.prijedordanas.com\/#\/schema\/logo\/image\/\"},\"sameAs\":[\"https:\/\/www.facebook.com\/PrijedorDanasCom\/\"]},{\"@type\":\"Person\",\"@id\":\"https:\/\/www.prijedordanas.com\/#\/schema\/person\/4e08ccf29b506ca916ff86d46bb700e6\",\"name\":\"admin\",\"image\":{\"@type\":\"ImageObject\",\"inLanguage\":\"en-US\",\"@id\":\"https:\/\/www.prijedordanas.com\/#\/schema\/person\/image\/\",\"url\":\"https:\/\/secure.gravatar.com\/avatar\/1d3fc949d550f0b53a5f0d51e06dfd79?s=96&d=mm&r=g\",\"contentUrl\":\"https:\/\/secure.gravatar.com\/avatar\/1d3fc949d550f0b53a5f0d51e06dfd79?s=96&d=mm&r=g\",\"caption\":\"admin\"},\"url\":\"https:\/\/www.prijedordanas.com\/?author=1\"}]}<\/script>\n<!-- \/ Yoast SEO plugin. -->","yoast_head_json":{"title":"Roditelji ekskurzije pla\u0107aju u ratama, neki \u0111aci imaju sponzore - PrijedorDanas.com - Prijedorski gradski portal","robots":{"index":"index","follow":"follow","max-snippet":"max-snippet:-1","max-image-preview":"max-image-preview:large","max-video-preview":"max-video-preview:-1"},"canonical":"https:\/\/www.prijedordanas.com\/?p=141615","og_locale":"en_US","og_type":"article","og_title":"Roditelji ekskurzije pla\u0107aju u ratama, neki \u0111aci imaju sponzore - PrijedorDanas.com - Prijedorski gradski portal","og_description":"Srednjo\u0161kolci u mnogim \u0161kolama u Republici Srpskoj su ve\u0107 izabrali aran\u017emane za ekskurzije, ove godine su najpo\u017eeljnije \u0160panija i Gr\u010dka, a za one u\u010denike \u010diji roditelji nisu mogli platiti u [&hellip;]","og_url":"https:\/\/www.prijedordanas.com\/?p=141615","og_site_name":"PrijedorDanas.com - Prijedorski gradski portal","article_publisher":"https:\/\/www.facebook.com\/PrijedorDanasCom\/","article_published_time":"2020-02-05T07:53:47+00:00","og_image":[{"url":"https:\/\/www.prijedordanas.com\/wp-content\/uploads\/2020\/02\/ilustracija-ekskurzija-300x222.jpg"}],"author":"admin","twitter_card":"summary_large_image","twitter_misc":{"Written by":"admin","Est. reading time":"3 minutes"},"schema":{"@context":"https:\/\/schema.org","@graph":[{"@type":"Article","@id":"https:\/\/www.prijedordanas.com\/?p=141615#article","isPartOf":{"@id":"https:\/\/www.prijedordanas.com\/?p=141615"},"author":{"name":"admin","@id":"https:\/\/www.prijedordanas.com\/#\/schema\/person\/4e08ccf29b506ca916ff86d46bb700e6"},"headline":"Roditelji ekskurzije pla\u0107aju u ratama, neki \u0111aci imaju sponzore","datePublished":"2020-02-05T07:53:47+00:00","dateModified":"2020-02-05T07:53:47+00:00","mainEntityOfPage":{"@id":"https:\/\/www.prijedordanas.com\/?p=141615"},"wordCount":557,"publisher":{"@id":"https:\/\/www.prijedordanas.com\/#organization"},"keywords":["ekskurzija"],"articleSection":["Mladi"],"inLanguage":"en-US"},{"@type":"WebPage","@id":"https:\/\/www.prijedordanas.com\/?p=141615","url":"https:\/\/www.prijedordanas.com\/?p=141615","name":"Roditelji ekskurzije pla\u0107aju u ratama, neki \u0111aci imaju sponzore - PrijedorDanas.com - Prijedorski gradski portal","isPartOf":{"@id":"https:\/\/www.prijedordanas.com\/#website"},"datePublished":"2020-02-05T07:53:47+00:00","dateModified":"2020-02-05T07:53:47+00:00","breadcrumb":{"@id":"https:\/\/www.prijedordanas.com\/?p=141615#breadcrumb"},"inLanguage":"en-US","potentialAction":[{"@type":"ReadAction","target":["https:\/\/www.prijedordanas.com\/?p=141615"]}]},{"@type":"BreadcrumbList","@id":"https:\/\/www.prijedordanas.com\/?p=141615#breadcrumb","itemListElement":[{"@type":"ListItem","position":1,"name":"Home","item":"https:\/\/www.prijedordanas.com\/"},{"@type":"ListItem","position":2,"name":"Roditelji ekskurzije pla\u0107aju u ratama, neki \u0111aci imaju sponzore"}]},{"@type":"WebSite","@id":"https:\/\/www.prijedordanas.com\/#website","url":"https:\/\/www.prijedordanas.com\/","name":"PrijedorDanas.com - Prijedorski gradski portal","description":"Portal o doga\u0111anjima u gradu Prijedoru","publisher":{"@id":"https:\/\/www.prijedordanas.com\/#organization"},"potentialAction":[{"@type":"SearchAction","target":{"@type":"EntryPoint","urlTemplate":"https:\/\/www.prijedordanas.com\/?s={search_term_string}"},"query-input":"required name=search_term_string"}],"inLanguage":"en-US"},{"@type":"Organization","@id":"https:\/\/www.prijedordanas.com\/#organization","name":"PrijedorDanas.com","url":"https:\/\/www.prijedordanas.com\/","logo":{"@type":"ImageObject","inLanguage":"en-US","@id":"https:\/\/www.prijedordanas.com\/#\/schema\/logo\/image\/","url":"http:\/\/www.prijedordanas.com\/wp-content\/uploads\/2021\/12\/logopng.png","contentUrl":"http:\/\/www.prijedordanas.com\/wp-content\/uploads\/2021\/12\/logopng.png","width":1019,"height":776,"caption":"PrijedorDanas.com"},"image":{"@id":"https:\/\/www.prijedordanas.com\/#\/schema\/logo\/image\/"},"sameAs":["https:\/\/www.facebook.com\/PrijedorDanasCom\/"]},{"@type":"Person","@id":"https:\/\/www.prijedordanas.com\/#\/schema\/person\/4e08ccf29b506ca916ff86d46bb700e6","name":"admin","image":{"@type":"ImageObject","inLanguage":"en-US","@id":"https:\/\/www.prijedordanas.com\/#\/schema\/person\/image\/","url":"https:\/\/secure.gravatar.com\/avatar\/1d3fc949d550f0b53a5f0d51e06dfd79?s=96&d=mm&r=g","contentUrl":"https:\/\/secure.gravatar.com\/avatar\/1d3fc949d550f0b53a5f0d51e06dfd79?s=96&d=mm&r=g","caption":"admin"},"url":"https:\/\/www.prijedordanas.com\/?author=1"}]}},"_links":{"self":[{"href":"https:\/\/www.prijedordanas.com\/index.php?rest_route=\/wp\/v2\/posts\/141615"}],"collection":[{"href":"https:\/\/www.prijedordanas.com\/index.php?rest_route=\/wp\/v2\/posts"}],"about":[{"href":"https:\/\/www.prijedordanas.com\/index.php?rest_route=\/wp\/v2\/types\/post"}],"author":[{"embeddable":true,"href":"https:\/\/www.prijedordanas.com\/index.php?rest_route=\/wp\/v2\/users\/1"}],"replies":[{"embeddable":true,"href":"https:\/\/www.prijedordanas.com\/index.php?rest_route=%2Fwp%2Fv2%2Fcomments&post=141615"}],"version-history":[{"count":1,"href":"https:\/\/www.prijedordanas.com\/index.php?rest_route=\/wp\/v2\/posts\/141615\/revisions"}],"predecessor-version":[{"id":141617,"href":"https:\/\/www.prijedordanas.com\/index.php?rest_route=\/wp\/v2\/posts\/141615\/revisions\/141617"}],"wp:attachment":[{"href":"https:\/\/www.prijedordanas.com\/index.php?rest_route=%2Fwp%2Fv2%2Fmedia&parent=141615"}],"wp:term":[{"taxonomy":"category","embeddable":true,"href":"https:\/\/www.prijedordanas.com\/index.php?rest_route=%2Fwp%2Fv2%2Fcategories&post=141615"},{"taxonomy":"post_tag","embeddable":true,"href":"https:\/\/www.prijedordanas.com\/index.php?rest_route=%2Fwp%2Fv2%2Ftags&post=141615"}],"curies":[{"name":"wp","href":"https:\/\/api.w.org\/{rel}","templated":true}]}}