{"id":141510,"date":"2020-02-03T18:01:13","date_gmt":"2020-02-03T17:01:13","guid":{"rendered":"https:\/\/www.prijedordanas.com\/?p=141510"},"modified":"2020-02-03T18:01:13","modified_gmt":"2020-02-03T17:01:13","slug":"sreca-u-porodici-enis-muslimovic-izveo-sina-iz-porodilista-unuk-halida-muslimovica-dosao-kuci-foto","status":"publish","type":"post","link":"https:\/\/www.prijedordanas.com\/?p=141510","title":{"rendered":"Sre\u0107a u porodici-Enis Muslimovi\u0107 izveo sina iz porodili\u0161ta: Unuk Halida Muslimovi\u0107a do\u0161ao ku\u0107i &#8211; FOTO"},"content":{"rendered":"<p><a href=\"https:\/\/www.prijedordanas.com\/wp-content\/uploads\/2020\/02\/halid-muslimovic-unuk-dosao-kuci-1.jpg\"><img loading=\"lazy\" decoding=\"async\" src=\"https:\/\/www.prijedordanas.com\/wp-content\/uploads\/2020\/02\/halid-muslimovic-unuk-dosao-kuci-1-300x281.jpg\" alt=\"\" width=\"300\" height=\"281\" class=\"alignleft size-medium wp-image-141511\" srcset=\"https:\/\/www.prijedordanas.com\/wp-content\/uploads\/2020\/02\/halid-muslimovic-unuk-dosao-kuci-1-300x281.jpg 300w, https:\/\/www.prijedordanas.com\/wp-content\/uploads\/2020\/02\/halid-muslimovic-unuk-dosao-kuci-1.jpg 640w\" sizes=\"(max-width: 300px) 100vw, 300px\" \/><\/a>Enis Muslimovi\u0107, sin pjeva\u010da Halida Muslimovi\u0107a, krajem pro\u0161le sedmice dobio je sina Adriana, a prije par dana je suprugu i sina izveo iz porodili\u0161ta.<\/p>\n<p>Enisova izabranica porodila se u Prijedoru, a po izlasku iz porodili\u0161ta, oni su se s Adrianom uputili u porodi\u010dni dom, gdje su ih do\u010dekali Enisovi roditelji \u2013 Halid i Adelisa Muslimovi\u0107.<\/p>\n<p>Ponosni djed Halid i njegova supruga odmah su pozirali s unukom, koji je spavao u njihovom naru\u010dju.<\/p>\n<p>Enis je prije veze sa sada\u0161njom izabranicom imao romansu sa blogericom Zoranom Jovanovi\u0107 Zorannah, zbog \u010dega je bio u \u017ei\u017ei medija.<\/p>\n<p>Nakon raskida sa Zoranom neko vrijeme se o njegovom privatnom \u017eivotu nije znalo ni\u0161ta, a onda je osvanula vijest da \u010deka nasljednika sa sada\u0161njom suprugom.<\/p>\n<p>Dnevni avaz<\/p>\n<p><a href=\"https:\/\/www.prijedordanas.com\/wp-content\/uploads\/2020\/02\/halid-muslimovic-unuk-dosao-kuci-2.jpg\"><img loading=\"lazy\" decoding=\"async\" src=\"https:\/\/www.prijedordanas.com\/wp-content\/uploads\/2020\/02\/halid-muslimovic-unuk-dosao-kuci-2-300x217.jpg\" alt=\"\" width=\"300\" height=\"217\" class=\"alignleft size-medium wp-image-141512\" srcset=\"https:\/\/www.prijedordanas.com\/wp-content\/uploads\/2020\/02\/halid-muslimovic-unuk-dosao-kuci-2-300x217.jpg 300w, https:\/\/www.prijedordanas.com\/wp-content\/uploads\/2020\/02\/halid-muslimovic-unuk-dosao-kuci-2.jpg 691w\" sizes=\"(max-width: 300px) 100vw, 300px\" \/><\/a> <a href=\"https:\/\/www.prijedordanas.com\/wp-content\/uploads\/2020\/02\/halid-muslimovic-unuk-dosao-kuci-3.jpg\"><img loading=\"lazy\" decoding=\"async\" src=\"https:\/\/www.prijedordanas.com\/wp-content\/uploads\/2020\/02\/halid-muslimovic-unuk-dosao-kuci-3-300x220.jpg\" alt=\"\" width=\"300\" height=\"220\" class=\"alignleft size-medium wp-image-141513\" srcset=\"https:\/\/www.prijedordanas.com\/wp-content\/uploads\/2020\/02\/halid-muslimovic-unuk-dosao-kuci-3-300x220.jpg 300w, https:\/\/www.prijedordanas.com\/wp-content\/uploads\/2020\/02\/halid-muslimovic-unuk-dosao-kuci-3.jpg 683w\" sizes=\"(max-width: 300px) 100vw, 300px\" \/><\/a> <a href=\"https:\/\/www.prijedordanas.com\/wp-content\/uploads\/2020\/02\/halid-muslimovic-unuk-dosao-kuci-4.jpg\"><img loading=\"lazy\" decoding=\"async\" src=\"https:\/\/www.prijedordanas.com\/wp-content\/uploads\/2020\/02\/halid-muslimovic-unuk-dosao-kuci-4-300x229.jpg\" alt=\"\" width=\"300\" height=\"229\" class=\"alignleft size-medium wp-image-141514\" srcset=\"https:\/\/www.prijedordanas.com\/wp-content\/uploads\/2020\/02\/halid-muslimovic-unuk-dosao-kuci-4-300x229.jpg 300w, https:\/\/www.prijedordanas.com\/wp-content\/uploads\/2020\/02\/halid-muslimovic-unuk-dosao-kuci-4.jpg 654w\" sizes=\"(max-width: 300px) 100vw, 300px\" \/><\/a><\/p>\n","protected":false},"excerpt":{"rendered":"<p>Enis Muslimovi\u0107, sin pjeva\u010da Halida Muslimovi\u0107a, krajem pro\u0161le sedmice dobio je sina Adriana, a prije par dana je suprugu i sina izveo iz porodili\u0161ta. Enisova izabranica porodila se u Prijedoru, [&hellip;]<\/p>\n","protected":false},"author":1,"featured_media":0,"comment_status":"closed","ping_status":"open","sticky":false,"template":"","format":"standard","meta":{"_monsterinsights_skip_tracking":false,"_monsterinsights_sitenote_active":false,"_monsterinsights_sitenote_note":"","_monsterinsights_sitenote_category":0,"footnotes":""},"categories":[3],"tags":[11065],"yoast_head":"<!-- This site is optimized with the Yoast SEO plugin v21.6 - https:\/\/yoast.com\/wordpress\/plugins\/seo\/ -->\n<title>Sre\u0107a u porodici-Enis Muslimovi\u0107 izveo sina iz porodili\u0161ta: Unuk Halida Muslimovi\u0107a do\u0161ao ku\u0107i - FOTO - PrijedorDanas.com - Prijedorski gradski portal<\/title>\n<meta name=\"robots\" content=\"index, follow, max-snippet:-1, max-image-preview:large, max-video-preview:-1\" \/>\n<link rel=\"canonical\" href=\"https:\/\/www.prijedordanas.com\/?p=141510\" \/>\n<meta property=\"og:locale\" content=\"en_US\" \/>\n<meta property=\"og:type\" content=\"article\" \/>\n<meta property=\"og:title\" content=\"Sre\u0107a u porodici-Enis Muslimovi\u0107 izveo sina iz porodili\u0161ta: Unuk Halida Muslimovi\u0107a do\u0161ao ku\u0107i - FOTO - PrijedorDanas.com - Prijedorski gradski portal\" \/>\n<meta property=\"og:description\" content=\"Enis Muslimovi\u0107, sin pjeva\u010da Halida Muslimovi\u0107a, krajem pro\u0161le sedmice dobio je sina Adriana, a prije par dana je suprugu i sina izveo iz porodili\u0161ta. Enisova izabranica porodila se u Prijedoru, [&hellip;]\" \/>\n<meta property=\"og:url\" content=\"https:\/\/www.prijedordanas.com\/?p=141510\" \/>\n<meta property=\"og:site_name\" content=\"PrijedorDanas.com - Prijedorski gradski portal\" \/>\n<meta property=\"article:publisher\" content=\"https:\/\/www.facebook.com\/PrijedorDanasCom\/\" \/>\n<meta property=\"article:published_time\" content=\"2020-02-03T17:01:13+00:00\" \/>\n<meta property=\"og:image\" content=\"https:\/\/www.prijedordanas.com\/wp-content\/uploads\/2020\/02\/halid-muslimovic-unuk-dosao-kuci-1-300x281.jpg\" \/>\n<meta name=\"author\" content=\"admin\" \/>\n<meta name=\"twitter:card\" content=\"summary_large_image\" \/>\n<meta name=\"twitter:label1\" content=\"Written by\" \/>\n\t<meta name=\"twitter:data1\" content=\"admin\" \/>\n\t<meta name=\"twitter:label2\" content=\"Est. reading time\" \/>\n\t<meta name=\"twitter:data2\" content=\"1 minute\" \/>\n<script type=\"application\/ld+json\" class=\"yoast-schema-graph\">{\"@context\":\"https:\/\/schema.org\",\"@graph\":[{\"@type\":\"Article\",\"@id\":\"https:\/\/www.prijedordanas.com\/?p=141510#article\",\"isPartOf\":{\"@id\":\"https:\/\/www.prijedordanas.com\/?p=141510\"},\"author\":{\"name\":\"admin\",\"@id\":\"https:\/\/www.prijedordanas.com\/#\/schema\/person\/4e08ccf29b506ca916ff86d46bb700e6\"},\"headline\":\"Sre\u0107a u porodici-Enis Muslimovi\u0107 izveo sina iz porodili\u0161ta: Unuk Halida Muslimovi\u0107a do\u0161ao ku\u0107i &#8211; FOTO\",\"datePublished\":\"2020-02-03T17:01:13+00:00\",\"dateModified\":\"2020-02-03T17:01:13+00:00\",\"mainEntityOfPage\":{\"@id\":\"https:\/\/www.prijedordanas.com\/?p=141510\"},\"wordCount\":151,\"publisher\":{\"@id\":\"https:\/\/www.prijedordanas.com\/#organization\"},\"keywords\":[\"unuk\"],\"articleSection\":[\"\u017divot\"],\"inLanguage\":\"en-US\"},{\"@type\":\"WebPage\",\"@id\":\"https:\/\/www.prijedordanas.com\/?p=141510\",\"url\":\"https:\/\/www.prijedordanas.com\/?p=141510\",\"name\":\"Sre\u0107a u porodici-Enis Muslimovi\u0107 izveo sina iz porodili\u0161ta: Unuk Halida Muslimovi\u0107a do\u0161ao ku\u0107i - FOTO - PrijedorDanas.com - Prijedorski gradski portal\",\"isPartOf\":{\"@id\":\"https:\/\/www.prijedordanas.com\/#website\"},\"datePublished\":\"2020-02-03T17:01:13+00:00\",\"dateModified\":\"2020-02-03T17:01:13+00:00\",\"breadcrumb\":{\"@id\":\"https:\/\/www.prijedordanas.com\/?p=141510#breadcrumb\"},\"inLanguage\":\"en-US\",\"potentialAction\":[{\"@type\":\"ReadAction\",\"target\":[\"https:\/\/www.prijedordanas.com\/?p=141510\"]}]},{\"@type\":\"BreadcrumbList\",\"@id\":\"https:\/\/www.prijedordanas.com\/?p=141510#breadcrumb\",\"itemListElement\":[{\"@type\":\"ListItem\",\"position\":1,\"name\":\"Home\",\"item\":\"https:\/\/www.prijedordanas.com\/\"},{\"@type\":\"ListItem\",\"position\":2,\"name\":\"Sre\u0107a u porodici-Enis Muslimovi\u0107 izveo sina iz porodili\u0161ta: Unuk Halida Muslimovi\u0107a do\u0161ao ku\u0107i &#8211; FOTO\"}]},{\"@type\":\"WebSite\",\"@id\":\"https:\/\/www.prijedordanas.com\/#website\",\"url\":\"https:\/\/www.prijedordanas.com\/\",\"name\":\"PrijedorDanas.com - Prijedorski gradski portal\",\"description\":\"Portal o doga\u0111anjima u gradu Prijedoru\",\"publisher\":{\"@id\":\"https:\/\/www.prijedordanas.com\/#organization\"},\"potentialAction\":[{\"@type\":\"SearchAction\",\"target\":{\"@type\":\"EntryPoint\",\"urlTemplate\":\"https:\/\/www.prijedordanas.com\/?s={search_term_string}\"},\"query-input\":\"required name=search_term_string\"}],\"inLanguage\":\"en-US\"},{\"@type\":\"Organization\",\"@id\":\"https:\/\/www.prijedordanas.com\/#organization\",\"name\":\"PrijedorDanas.com\",\"url\":\"https:\/\/www.prijedordanas.com\/\",\"logo\":{\"@type\":\"ImageObject\",\"inLanguage\":\"en-US\",\"@id\":\"https:\/\/www.prijedordanas.com\/#\/schema\/logo\/image\/\",\"url\":\"http:\/\/www.prijedordanas.com\/wp-content\/uploads\/2021\/12\/logopng.png\",\"contentUrl\":\"http:\/\/www.prijedordanas.com\/wp-content\/uploads\/2021\/12\/logopng.png\",\"width\":1019,\"height\":776,\"caption\":\"PrijedorDanas.com\"},\"image\":{\"@id\":\"https:\/\/www.prijedordanas.com\/#\/schema\/logo\/image\/\"},\"sameAs\":[\"https:\/\/www.facebook.com\/PrijedorDanasCom\/\"]},{\"@type\":\"Person\",\"@id\":\"https:\/\/www.prijedordanas.com\/#\/schema\/person\/4e08ccf29b506ca916ff86d46bb700e6\",\"name\":\"admin\",\"image\":{\"@type\":\"ImageObject\",\"inLanguage\":\"en-US\",\"@id\":\"https:\/\/www.prijedordanas.com\/#\/schema\/person\/image\/\",\"url\":\"https:\/\/secure.gravatar.com\/avatar\/1d3fc949d550f0b53a5f0d51e06dfd79?s=96&d=mm&r=g\",\"contentUrl\":\"https:\/\/secure.gravatar.com\/avatar\/1d3fc949d550f0b53a5f0d51e06dfd79?s=96&d=mm&r=g\",\"caption\":\"admin\"},\"url\":\"https:\/\/www.prijedordanas.com\/?author=1\"}]}<\/script>\n<!-- \/ Yoast SEO plugin. -->","yoast_head_json":{"title":"Sre\u0107a u porodici-Enis Muslimovi\u0107 izveo sina iz porodili\u0161ta: Unuk Halida Muslimovi\u0107a do\u0161ao ku\u0107i - FOTO - PrijedorDanas.com - Prijedorski gradski portal","robots":{"index":"index","follow":"follow","max-snippet":"max-snippet:-1","max-image-preview":"max-image-preview:large","max-video-preview":"max-video-preview:-1"},"canonical":"https:\/\/www.prijedordanas.com\/?p=141510","og_locale":"en_US","og_type":"article","og_title":"Sre\u0107a u porodici-Enis Muslimovi\u0107 izveo sina iz porodili\u0161ta: Unuk Halida Muslimovi\u0107a do\u0161ao ku\u0107i - FOTO - PrijedorDanas.com - Prijedorski gradski portal","og_description":"Enis Muslimovi\u0107, sin pjeva\u010da Halida Muslimovi\u0107a, krajem pro\u0161le sedmice dobio je sina Adriana, a prije par dana je suprugu i sina izveo iz porodili\u0161ta. Enisova izabranica porodila se u Prijedoru, [&hellip;]","og_url":"https:\/\/www.prijedordanas.com\/?p=141510","og_site_name":"PrijedorDanas.com - Prijedorski gradski portal","article_publisher":"https:\/\/www.facebook.com\/PrijedorDanasCom\/","article_published_time":"2020-02-03T17:01:13+00:00","og_image":[{"url":"https:\/\/www.prijedordanas.com\/wp-content\/uploads\/2020\/02\/halid-muslimovic-unuk-dosao-kuci-1-300x281.jpg"}],"author":"admin","twitter_card":"summary_large_image","twitter_misc":{"Written by":"admin","Est. reading time":"1 minute"},"schema":{"@context":"https:\/\/schema.org","@graph":[{"@type":"Article","@id":"https:\/\/www.prijedordanas.com\/?p=141510#article","isPartOf":{"@id":"https:\/\/www.prijedordanas.com\/?p=141510"},"author":{"name":"admin","@id":"https:\/\/www.prijedordanas.com\/#\/schema\/person\/4e08ccf29b506ca916ff86d46bb700e6"},"headline":"Sre\u0107a u porodici-Enis Muslimovi\u0107 izveo sina iz porodili\u0161ta: Unuk Halida Muslimovi\u0107a do\u0161ao ku\u0107i &#8211; FOTO","datePublished":"2020-02-03T17:01:13+00:00","dateModified":"2020-02-03T17:01:13+00:00","mainEntityOfPage":{"@id":"https:\/\/www.prijedordanas.com\/?p=141510"},"wordCount":151,"publisher":{"@id":"https:\/\/www.prijedordanas.com\/#organization"},"keywords":["unuk"],"articleSection":["\u017divot"],"inLanguage":"en-US"},{"@type":"WebPage","@id":"https:\/\/www.prijedordanas.com\/?p=141510","url":"https:\/\/www.prijedordanas.com\/?p=141510","name":"Sre\u0107a u porodici-Enis Muslimovi\u0107 izveo sina iz porodili\u0161ta: Unuk Halida Muslimovi\u0107a do\u0161ao ku\u0107i - FOTO - PrijedorDanas.com - Prijedorski gradski portal","isPartOf":{"@id":"https:\/\/www.prijedordanas.com\/#website"},"datePublished":"2020-02-03T17:01:13+00:00","dateModified":"2020-02-03T17:01:13+00:00","breadcrumb":{"@id":"https:\/\/www.prijedordanas.com\/?p=141510#breadcrumb"},"inLanguage":"en-US","potentialAction":[{"@type":"ReadAction","target":["https:\/\/www.prijedordanas.com\/?p=141510"]}]},{"@type":"BreadcrumbList","@id":"https:\/\/www.prijedordanas.com\/?p=141510#breadcrumb","itemListElement":[{"@type":"ListItem","position":1,"name":"Home","item":"https:\/\/www.prijedordanas.com\/"},{"@type":"ListItem","position":2,"name":"Sre\u0107a u porodici-Enis Muslimovi\u0107 izveo sina iz porodili\u0161ta: Unuk Halida Muslimovi\u0107a do\u0161ao ku\u0107i &#8211; FOTO"}]},{"@type":"WebSite","@id":"https:\/\/www.prijedordanas.com\/#website","url":"https:\/\/www.prijedordanas.com\/","name":"PrijedorDanas.com - Prijedorski gradski portal","description":"Portal o doga\u0111anjima u gradu Prijedoru","publisher":{"@id":"https:\/\/www.prijedordanas.com\/#organization"},"potentialAction":[{"@type":"SearchAction","target":{"@type":"EntryPoint","urlTemplate":"https:\/\/www.prijedordanas.com\/?s={search_term_string}"},"query-input":"required name=search_term_string"}],"inLanguage":"en-US"},{"@type":"Organization","@id":"https:\/\/www.prijedordanas.com\/#organization","name":"PrijedorDanas.com","url":"https:\/\/www.prijedordanas.com\/","logo":{"@type":"ImageObject","inLanguage":"en-US","@id":"https:\/\/www.prijedordanas.com\/#\/schema\/logo\/image\/","url":"http:\/\/www.prijedordanas.com\/wp-content\/uploads\/2021\/12\/logopng.png","contentUrl":"http:\/\/www.prijedordanas.com\/wp-content\/uploads\/2021\/12\/logopng.png","width":1019,"height":776,"caption":"PrijedorDanas.com"},"image":{"@id":"https:\/\/www.prijedordanas.com\/#\/schema\/logo\/image\/"},"sameAs":["https:\/\/www.facebook.com\/PrijedorDanasCom\/"]},{"@type":"Person","@id":"https:\/\/www.prijedordanas.com\/#\/schema\/person\/4e08ccf29b506ca916ff86d46bb700e6","name":"admin","image":{"@type":"ImageObject","inLanguage":"en-US","@id":"https:\/\/www.prijedordanas.com\/#\/schema\/person\/image\/","url":"https:\/\/secure.gravatar.com\/avatar\/1d3fc949d550f0b53a5f0d51e06dfd79?s=96&d=mm&r=g","contentUrl":"https:\/\/secure.gravatar.com\/avatar\/1d3fc949d550f0b53a5f0d51e06dfd79?s=96&d=mm&r=g","caption":"admin"},"url":"https:\/\/www.prijedordanas.com\/?author=1"}]}},"_links":{"self":[{"href":"https:\/\/www.prijedordanas.com\/index.php?rest_route=\/wp\/v2\/posts\/141510"}],"collection":[{"href":"https:\/\/www.prijedordanas.com\/index.php?rest_route=\/wp\/v2\/posts"}],"about":[{"href":"https:\/\/www.prijedordanas.com\/index.php?rest_route=\/wp\/v2\/types\/post"}],"author":[{"embeddable":true,"href":"https:\/\/www.prijedordanas.com\/index.php?rest_route=\/wp\/v2\/users\/1"}],"replies":[{"embeddable":true,"href":"https:\/\/www.prijedordanas.com\/index.php?rest_route=%2Fwp%2Fv2%2Fcomments&post=141510"}],"version-history":[{"count":1,"href":"https:\/\/www.prijedordanas.com\/index.php?rest_route=\/wp\/v2\/posts\/141510\/revisions"}],"predecessor-version":[{"id":141515,"href":"https:\/\/www.prijedordanas.com\/index.php?rest_route=\/wp\/v2\/posts\/141510\/revisions\/141515"}],"wp:attachment":[{"href":"https:\/\/www.prijedordanas.com\/index.php?rest_route=%2Fwp%2Fv2%2Fmedia&parent=141510"}],"wp:term":[{"taxonomy":"category","embeddable":true,"href":"https:\/\/www.prijedordanas.com\/index.php?rest_route=%2Fwp%2Fv2%2Fcategories&post=141510"},{"taxonomy":"post_tag","embeddable":true,"href":"https:\/\/www.prijedordanas.com\/index.php?rest_route=%2Fwp%2Fv2%2Ftags&post=141510"}],"curies":[{"name":"wp","href":"https:\/\/api.w.org\/{rel}","templated":true}]}}