{"id":141475,"date":"2020-02-02T21:41:01","date_gmt":"2020-02-02T20:41:01","guid":{"rendered":"https:\/\/www.prijedordanas.com\/?p=141475"},"modified":"2020-02-02T21:41:01","modified_gmt":"2020-02-02T20:41:01","slug":"vece-kulturnog-stvaralastva-odrzano-u-rakelicima-foto","status":"publish","type":"post","link":"https:\/\/www.prijedordanas.com\/?p=141475","title":{"rendered":"&#8220;Ve\u010de kulturnog stvarala\u0161tva&#8221; odr\u017eano u Rakeli\u0107ima &#8211; FOTO"},"content":{"rendered":"<p><a href=\"https:\/\/www.prijedordanas.com\/wp-content\/uploads\/2020\/02\/vece-kulturnog-stvaralastva-rakelici-2020-1.jpg\"><img loading=\"lazy\" decoding=\"async\" class=\"alignleft size-medium wp-image-141476\" src=\"https:\/\/www.prijedordanas.com\/wp-content\/uploads\/2020\/02\/vece-kulturnog-stvaralastva-rakelici-2020-1-300x217.jpg\" alt=\"\" width=\"300\" height=\"217\" srcset=\"https:\/\/www.prijedordanas.com\/wp-content\/uploads\/2020\/02\/vece-kulturnog-stvaralastva-rakelici-2020-1-300x217.jpg 300w, https:\/\/www.prijedordanas.com\/wp-content\/uploads\/2020\/02\/vece-kulturnog-stvaralastva-rakelici-2020-1.jpg 690w\" sizes=\"(max-width: 300px) 100vw, 300px\" \/><\/a>Zimski kulturni karavan, u sali dru\u0161tvenog doma u Rakeli\u0107ima, u petak 31. januara, okupio je veliki broj u\u010desnika, koji su, brojnoj publici, predstavili svoje kulturno stvarala\u0161tvo.<\/p>\n<p>Po\u010detak programa bio je u znaku najmla\u0111ih, odnosno u\u010denika Podru\u010dnog odjeljenja O\u0160 \u201eBranko Radi\u010devi\u0107\u201c u Rakeli\u0107ima.<\/p>\n<p>U pratnji u\u010diteljica Sanje Majstorovi\u0107, Daliborke Prerad i Dajane \u0110ervida, mali\u0161ani su izveli recitacije, igrokaze i ritmi\u010dke igre i pobrali najve\u0107e simpatije i aplauze publike.<\/p>\n<p>\u010clanovi KUD \u201eSani\u010dani\u201c, koji ove godine obilje\u017eavaju prvu deceniju postojanja i uspje\u0161nog rada, predstavili su se igrama iz Srbije u koreografiji Nikole \u0160arkijevi\u0107a.<\/p>\n<p>Svoje gluma\u010dko umije\u0107e, izvo\u0111enjem monologa iz drame \u201eTramvaj zvani \u017eelja\u201c, pokazala je glumica Sandra Macura, \u010dlanica Omladinskog dramskog studija \u201e\u017divko Desnica\u201c.<\/p>\n<p><a href=\"https:\/\/www.prijedordanas.com\/wp-content\/uploads\/2020\/02\/vece-kulturnog-stvaralastva-rakelici-2020-2.jpg\"><img loading=\"lazy\" decoding=\"async\" src=\"https:\/\/www.prijedordanas.com\/wp-content\/uploads\/2020\/02\/vece-kulturnog-stvaralastva-rakelici-2020-2-300x169.jpg\" alt=\"\" width=\"300\" height=\"169\" class=\"alignleft size-medium wp-image-141477\" srcset=\"https:\/\/www.prijedordanas.com\/wp-content\/uploads\/2020\/02\/vece-kulturnog-stvaralastva-rakelici-2020-2-300x169.jpg 300w, https:\/\/www.prijedordanas.com\/wp-content\/uploads\/2020\/02\/vece-kulturnog-stvaralastva-rakelici-2020-2.jpg 600w\" sizes=\"(max-width: 300px) 100vw, 300px\" \/><\/a>U programu su nastupile izvorne grupe koje njeguju tradicionalnu potkozarsku i kraji\u0161ku pjesmu \u201eBo\u017eino jato\u201c, \u201eBorino jato\u201c i \u201eUsorci\u201c, dok se autorskim pjesmama o zavi\u010daju i porodici, predstavio vokalni solista Milan Popovi\u0107 sa k\u0107erkom Milanom.<\/p>\n<p>U ime pokrovitelja manifestacije, \u201eVe\u010de kulturnog stvarala\u0161tva\u201c otvorio je zamjenik gradona\u010delnika Prijedora, Aleksandar Milju\u0161.<\/p>\n<p>\u201eKoliko je ova manifestacija zna\u010dajna za na\u0161e sugra\u0111ane, pokazuju prepune sale dru\u0161tvenih domova i veliki broj onih koji \u017eele da predstave svoje kulturno stvarala\u0161tvo. Ve\u010de kulturnog stvarala\u0161tva na najljep\u0161i na\u010din o\u017eivljavaju i unaprje\u0111uju dru\u0161tveni \u017eivot u na\u0161im selima i zbog toga \u0107e i ubudu\u0107e imati podr\u0161ku Grada\u201c, istakao je Milju\u0161, koji je pohvalio organizatore ove manifestacije.<\/p>\n<p>Pored pokrovitelja, Grada Prijedora, podr\u0161ku organizaciji manifestacije pru\u017eio je i \u201eAutotransport\u201c Prijedor.<\/p>\n<p>Sa\u0161a Goronja<\/p>\n<p><a href=\"https:\/\/www.prijedordanas.com\/wp-content\/uploads\/2020\/02\/vece-kulturnog-stvaralastva-rakelici-2020-3.jpg\"><img loading=\"lazy\" decoding=\"async\" src=\"https:\/\/www.prijedordanas.com\/wp-content\/uploads\/2020\/02\/vece-kulturnog-stvaralastva-rakelici-2020-3-300x169.jpg\" alt=\"\" width=\"300\" height=\"169\" class=\"alignleft size-medium wp-image-141478\" srcset=\"https:\/\/www.prijedordanas.com\/wp-content\/uploads\/2020\/02\/vece-kulturnog-stvaralastva-rakelici-2020-3-300x169.jpg 300w, https:\/\/www.prijedordanas.com\/wp-content\/uploads\/2020\/02\/vece-kulturnog-stvaralastva-rakelici-2020-3.jpg 600w\" sizes=\"(max-width: 300px) 100vw, 300px\" \/><\/a> <a href=\"https:\/\/www.prijedordanas.com\/wp-content\/uploads\/2020\/02\/vece-kulturnog-stvaralastva-rakelici-2020-4.jpg\"><img loading=\"lazy\" decoding=\"async\" src=\"https:\/\/www.prijedordanas.com\/wp-content\/uploads\/2020\/02\/vece-kulturnog-stvaralastva-rakelici-2020-4-300x169.jpg\" alt=\"\" width=\"300\" height=\"169\" class=\"alignleft size-medium wp-image-141479\" srcset=\"https:\/\/www.prijedordanas.com\/wp-content\/uploads\/2020\/02\/vece-kulturnog-stvaralastva-rakelici-2020-4-300x169.jpg 300w, https:\/\/www.prijedordanas.com\/wp-content\/uploads\/2020\/02\/vece-kulturnog-stvaralastva-rakelici-2020-4.jpg 600w\" sizes=\"(max-width: 300px) 100vw, 300px\" \/><\/a> <a href=\"https:\/\/www.prijedordanas.com\/wp-content\/uploads\/2020\/02\/vece-kulturnog-stvaralastva-rakelici-2020-5.jpg\"><img loading=\"lazy\" decoding=\"async\" src=\"https:\/\/www.prijedordanas.com\/wp-content\/uploads\/2020\/02\/vece-kulturnog-stvaralastva-rakelici-2020-5-300x169.jpg\" alt=\"\" width=\"300\" height=\"169\" class=\"alignleft size-medium wp-image-141480\" srcset=\"https:\/\/www.prijedordanas.com\/wp-content\/uploads\/2020\/02\/vece-kulturnog-stvaralastva-rakelici-2020-5-300x169.jpg 300w, https:\/\/www.prijedordanas.com\/wp-content\/uploads\/2020\/02\/vece-kulturnog-stvaralastva-rakelici-2020-5.jpg 600w\" sizes=\"(max-width: 300px) 100vw, 300px\" \/><\/a> <a href=\"https:\/\/www.prijedordanas.com\/wp-content\/uploads\/2020\/02\/vece-kulturnog-stvaralastva-rakelici-2020-6.jpg\"><img loading=\"lazy\" decoding=\"async\" src=\"https:\/\/www.prijedordanas.com\/wp-content\/uploads\/2020\/02\/vece-kulturnog-stvaralastva-rakelici-2020-6-300x169.jpg\" alt=\"\" width=\"300\" height=\"169\" class=\"alignleft size-medium wp-image-141481\" srcset=\"https:\/\/www.prijedordanas.com\/wp-content\/uploads\/2020\/02\/vece-kulturnog-stvaralastva-rakelici-2020-6-300x169.jpg 300w, https:\/\/www.prijedordanas.com\/wp-content\/uploads\/2020\/02\/vece-kulturnog-stvaralastva-rakelici-2020-6.jpg 600w\" sizes=\"(max-width: 300px) 100vw, 300px\" \/><\/a> <a href=\"https:\/\/www.prijedordanas.com\/wp-content\/uploads\/2020\/02\/vece-kulturnog-stvaralastva-rakelici-2020-8.jpg\"><img loading=\"lazy\" decoding=\"async\" src=\"https:\/\/www.prijedordanas.com\/wp-content\/uploads\/2020\/02\/vece-kulturnog-stvaralastva-rakelici-2020-8-300x225.jpg\" alt=\"\" width=\"300\" height=\"225\" class=\"alignleft size-medium wp-image-141482\" srcset=\"https:\/\/www.prijedordanas.com\/wp-content\/uploads\/2020\/02\/vece-kulturnog-stvaralastva-rakelici-2020-8-300x225.jpg 300w, https:\/\/www.prijedordanas.com\/wp-content\/uploads\/2020\/02\/vece-kulturnog-stvaralastva-rakelici-2020-8.jpg 600w\" sizes=\"(max-width: 300px) 100vw, 300px\" \/><\/a> <a href=\"https:\/\/www.prijedordanas.com\/wp-content\/uploads\/2020\/02\/vece-kulturnog-stvaralastva-rakelici-2020-9.jpg\"><img loading=\"lazy\" decoding=\"async\" src=\"https:\/\/www.prijedordanas.com\/wp-content\/uploads\/2020\/02\/vece-kulturnog-stvaralastva-rakelici-2020-9-300x225.jpg\" alt=\"\" width=\"300\" height=\"225\" class=\"alignleft size-medium wp-image-141483\" srcset=\"https:\/\/www.prijedordanas.com\/wp-content\/uploads\/2020\/02\/vece-kulturnog-stvaralastva-rakelici-2020-9-300x225.jpg 300w, https:\/\/www.prijedordanas.com\/wp-content\/uploads\/2020\/02\/vece-kulturnog-stvaralastva-rakelici-2020-9.jpg 600w\" sizes=\"(max-width: 300px) 100vw, 300px\" \/><\/a> <a href=\"https:\/\/www.prijedordanas.com\/wp-content\/uploads\/2020\/02\/vece-kulturnog-stvaralastva-rakelici-2020-10.jpg\"><img loading=\"lazy\" decoding=\"async\" src=\"https:\/\/www.prijedordanas.com\/wp-content\/uploads\/2020\/02\/vece-kulturnog-stvaralastva-rakelici-2020-10-203x300.jpg\" alt=\"\" width=\"203\" height=\"300\" class=\"alignleft size-medium wp-image-141484\" srcset=\"https:\/\/www.prijedordanas.com\/wp-content\/uploads\/2020\/02\/vece-kulturnog-stvaralastva-rakelici-2020-10-203x300.jpg 203w, https:\/\/www.prijedordanas.com\/wp-content\/uploads\/2020\/02\/vece-kulturnog-stvaralastva-rakelici-2020-10.jpg 406w\" sizes=\"(max-width: 203px) 100vw, 203px\" \/><\/a> <a href=\"https:\/\/www.prijedordanas.com\/wp-content\/uploads\/2020\/02\/vece-kulturnog-stvaralastva-rakelici-2020-11.jpg\"><img loading=\"lazy\" decoding=\"async\" src=\"https:\/\/www.prijedordanas.com\/wp-content\/uploads\/2020\/02\/vece-kulturnog-stvaralastva-rakelici-2020-11-203x300.jpg\" alt=\"\" width=\"203\" height=\"300\" class=\"alignleft size-medium wp-image-141485\" srcset=\"https:\/\/www.prijedordanas.com\/wp-content\/uploads\/2020\/02\/vece-kulturnog-stvaralastva-rakelici-2020-11-203x300.jpg 203w, https:\/\/www.prijedordanas.com\/wp-content\/uploads\/2020\/02\/vece-kulturnog-stvaralastva-rakelici-2020-11.jpg 406w\" sizes=\"(max-width: 203px) 100vw, 203px\" \/><\/a> <a href=\"https:\/\/www.prijedordanas.com\/wp-content\/uploads\/2020\/02\/vece-kulturnog-stvaralastva-rakelici-2020-12.jpg\"><img loading=\"lazy\" decoding=\"async\" src=\"https:\/\/www.prijedordanas.com\/wp-content\/uploads\/2020\/02\/vece-kulturnog-stvaralastva-rakelici-2020-12-203x300.jpg\" alt=\"\" width=\"203\" height=\"300\" class=\"alignleft size-medium wp-image-141486\" srcset=\"https:\/\/www.prijedordanas.com\/wp-content\/uploads\/2020\/02\/vece-kulturnog-stvaralastva-rakelici-2020-12-203x300.jpg 203w, https:\/\/www.prijedordanas.com\/wp-content\/uploads\/2020\/02\/vece-kulturnog-stvaralastva-rakelici-2020-12.jpg 406w\" sizes=\"(max-width: 203px) 100vw, 203px\" \/><\/a> <a href=\"https:\/\/www.prijedordanas.com\/wp-content\/uploads\/2020\/02\/vece-kulturnog-stvaralastva-rakelici-2020-13.jpg\"><img loading=\"lazy\" decoding=\"async\" src=\"https:\/\/www.prijedordanas.com\/wp-content\/uploads\/2020\/02\/vece-kulturnog-stvaralastva-rakelici-2020-13-169x300.jpg\" alt=\"\" width=\"169\" height=\"300\" class=\"alignleft size-medium wp-image-141487\" srcset=\"https:\/\/www.prijedordanas.com\/wp-content\/uploads\/2020\/02\/vece-kulturnog-stvaralastva-rakelici-2020-13-169x300.jpg 169w, https:\/\/www.prijedordanas.com\/wp-content\/uploads\/2020\/02\/vece-kulturnog-stvaralastva-rakelici-2020-13.jpg 338w\" sizes=\"(max-width: 169px) 100vw, 169px\" \/><\/a> <a href=\"https:\/\/www.prijedordanas.com\/wp-content\/uploads\/2020\/02\/vece-kulturnog-stvaralastva-rakelici-2020-7.jpg\"><img loading=\"lazy\" decoding=\"async\" src=\"https:\/\/www.prijedordanas.com\/wp-content\/uploads\/2020\/02\/vece-kulturnog-stvaralastva-rakelici-2020-7-300x169.jpg\" alt=\"\" width=\"300\" height=\"169\" class=\"alignleft size-medium wp-image-141488\" srcset=\"https:\/\/www.prijedordanas.com\/wp-content\/uploads\/2020\/02\/vece-kulturnog-stvaralastva-rakelici-2020-7-300x169.jpg 300w, https:\/\/www.prijedordanas.com\/wp-content\/uploads\/2020\/02\/vece-kulturnog-stvaralastva-rakelici-2020-7.jpg 600w\" sizes=\"(max-width: 300px) 100vw, 300px\" \/><\/a><\/p>\n","protected":false},"excerpt":{"rendered":"<p>Zimski kulturni karavan, u sali dru\u0161tvenog doma u Rakeli\u0107ima, u petak 31. januara, okupio je veliki broj u\u010desnika, koji su, brojnoj publici, predstavili svoje kulturno stvarala\u0161tvo. Po\u010detak programa bio je [&hellip;]<\/p>\n","protected":false},"author":1,"featured_media":0,"comment_status":"closed","ping_status":"open","sticky":false,"template":"","format":"standard","meta":{"_monsterinsights_skip_tracking":false,"_monsterinsights_sitenote_active":false,"_monsterinsights_sitenote_note":"","_monsterinsights_sitenote_category":0,"footnotes":""},"categories":[6],"tags":[1761],"yoast_head":"<!-- This site is optimized with the Yoast SEO plugin v21.6 - https:\/\/yoast.com\/wordpress\/plugins\/seo\/ -->\n<title>&quot;Ve\u010de kulturnog stvarala\u0161tva&quot; odr\u017eano u Rakeli\u0107ima - FOTO - PrijedorDanas.com - Prijedorski gradski portal<\/title>\n<meta name=\"robots\" content=\"index, follow, max-snippet:-1, max-image-preview:large, max-video-preview:-1\" \/>\n<link rel=\"canonical\" href=\"https:\/\/www.prijedordanas.com\/?p=141475\" \/>\n<meta property=\"og:locale\" content=\"en_US\" \/>\n<meta property=\"og:type\" content=\"article\" \/>\n<meta property=\"og:title\" content=\"&quot;Ve\u010de kulturnog stvarala\u0161tva&quot; odr\u017eano u Rakeli\u0107ima - FOTO - PrijedorDanas.com - Prijedorski gradski portal\" \/>\n<meta property=\"og:description\" content=\"Zimski kulturni karavan, u sali dru\u0161tvenog doma u Rakeli\u0107ima, u petak 31. januara, okupio je veliki broj u\u010desnika, koji su, brojnoj publici, predstavili svoje kulturno stvarala\u0161tvo. Po\u010detak programa bio je [&hellip;]\" \/>\n<meta property=\"og:url\" content=\"https:\/\/www.prijedordanas.com\/?p=141475\" \/>\n<meta property=\"og:site_name\" content=\"PrijedorDanas.com - Prijedorski gradski portal\" \/>\n<meta property=\"article:publisher\" content=\"https:\/\/www.facebook.com\/PrijedorDanasCom\/\" \/>\n<meta property=\"article:published_time\" content=\"2020-02-02T20:41:01+00:00\" \/>\n<meta property=\"og:image\" content=\"https:\/\/www.prijedordanas.com\/wp-content\/uploads\/2020\/02\/vece-kulturnog-stvaralastva-rakelici-2020-1-300x217.jpg\" \/>\n<meta name=\"author\" content=\"admin\" \/>\n<meta name=\"twitter:card\" content=\"summary_large_image\" \/>\n<meta name=\"twitter:label1\" content=\"Written by\" \/>\n\t<meta name=\"twitter:data1\" content=\"admin\" \/>\n\t<meta name=\"twitter:label2\" content=\"Est. reading time\" \/>\n\t<meta name=\"twitter:data2\" content=\"1 minute\" \/>\n<script type=\"application\/ld+json\" class=\"yoast-schema-graph\">{\"@context\":\"https:\/\/schema.org\",\"@graph\":[{\"@type\":\"Article\",\"@id\":\"https:\/\/www.prijedordanas.com\/?p=141475#article\",\"isPartOf\":{\"@id\":\"https:\/\/www.prijedordanas.com\/?p=141475\"},\"author\":{\"name\":\"admin\",\"@id\":\"https:\/\/www.prijedordanas.com\/#\/schema\/person\/4e08ccf29b506ca916ff86d46bb700e6\"},\"headline\":\"&#8220;Ve\u010de kulturnog stvarala\u0161tva&#8221; odr\u017eano u Rakeli\u0107ima &#8211; FOTO\",\"datePublished\":\"2020-02-02T20:41:01+00:00\",\"dateModified\":\"2020-02-02T20:41:01+00:00\",\"mainEntityOfPage\":{\"@id\":\"https:\/\/www.prijedordanas.com\/?p=141475\"},\"wordCount\":287,\"publisher\":{\"@id\":\"https:\/\/www.prijedordanas.com\/#organization\"},\"keywords\":[\"Rakeli\u0107i\"],\"articleSection\":[\"Kultura\"],\"inLanguage\":\"en-US\"},{\"@type\":\"WebPage\",\"@id\":\"https:\/\/www.prijedordanas.com\/?p=141475\",\"url\":\"https:\/\/www.prijedordanas.com\/?p=141475\",\"name\":\"\\\"Ve\u010de kulturnog stvarala\u0161tva\\\" odr\u017eano u Rakeli\u0107ima - FOTO - PrijedorDanas.com - Prijedorski gradski portal\",\"isPartOf\":{\"@id\":\"https:\/\/www.prijedordanas.com\/#website\"},\"datePublished\":\"2020-02-02T20:41:01+00:00\",\"dateModified\":\"2020-02-02T20:41:01+00:00\",\"breadcrumb\":{\"@id\":\"https:\/\/www.prijedordanas.com\/?p=141475#breadcrumb\"},\"inLanguage\":\"en-US\",\"potentialAction\":[{\"@type\":\"ReadAction\",\"target\":[\"https:\/\/www.prijedordanas.com\/?p=141475\"]}]},{\"@type\":\"BreadcrumbList\",\"@id\":\"https:\/\/www.prijedordanas.com\/?p=141475#breadcrumb\",\"itemListElement\":[{\"@type\":\"ListItem\",\"position\":1,\"name\":\"Home\",\"item\":\"https:\/\/www.prijedordanas.com\/\"},{\"@type\":\"ListItem\",\"position\":2,\"name\":\"&#8220;Ve\u010de kulturnog stvarala\u0161tva&#8221; odr\u017eano u Rakeli\u0107ima &#8211; FOTO\"}]},{\"@type\":\"WebSite\",\"@id\":\"https:\/\/www.prijedordanas.com\/#website\",\"url\":\"https:\/\/www.prijedordanas.com\/\",\"name\":\"PrijedorDanas.com - Prijedorski gradski portal\",\"description\":\"Portal o doga\u0111anjima u gradu Prijedoru\",\"publisher\":{\"@id\":\"https:\/\/www.prijedordanas.com\/#organization\"},\"potentialAction\":[{\"@type\":\"SearchAction\",\"target\":{\"@type\":\"EntryPoint\",\"urlTemplate\":\"https:\/\/www.prijedordanas.com\/?s={search_term_string}\"},\"query-input\":\"required name=search_term_string\"}],\"inLanguage\":\"en-US\"},{\"@type\":\"Organization\",\"@id\":\"https:\/\/www.prijedordanas.com\/#organization\",\"name\":\"PrijedorDanas.com\",\"url\":\"https:\/\/www.prijedordanas.com\/\",\"logo\":{\"@type\":\"ImageObject\",\"inLanguage\":\"en-US\",\"@id\":\"https:\/\/www.prijedordanas.com\/#\/schema\/logo\/image\/\",\"url\":\"http:\/\/www.prijedordanas.com\/wp-content\/uploads\/2021\/12\/logopng.png\",\"contentUrl\":\"http:\/\/www.prijedordanas.com\/wp-content\/uploads\/2021\/12\/logopng.png\",\"width\":1019,\"height\":776,\"caption\":\"PrijedorDanas.com\"},\"image\":{\"@id\":\"https:\/\/www.prijedordanas.com\/#\/schema\/logo\/image\/\"},\"sameAs\":[\"https:\/\/www.facebook.com\/PrijedorDanasCom\/\"]},{\"@type\":\"Person\",\"@id\":\"https:\/\/www.prijedordanas.com\/#\/schema\/person\/4e08ccf29b506ca916ff86d46bb700e6\",\"name\":\"admin\",\"image\":{\"@type\":\"ImageObject\",\"inLanguage\":\"en-US\",\"@id\":\"https:\/\/www.prijedordanas.com\/#\/schema\/person\/image\/\",\"url\":\"https:\/\/secure.gravatar.com\/avatar\/1d3fc949d550f0b53a5f0d51e06dfd79?s=96&d=mm&r=g\",\"contentUrl\":\"https:\/\/secure.gravatar.com\/avatar\/1d3fc949d550f0b53a5f0d51e06dfd79?s=96&d=mm&r=g\",\"caption\":\"admin\"},\"url\":\"https:\/\/www.prijedordanas.com\/?author=1\"}]}<\/script>\n<!-- \/ Yoast SEO plugin. -->","yoast_head_json":{"title":"\"Ve\u010de kulturnog stvarala\u0161tva\" odr\u017eano u Rakeli\u0107ima - FOTO - PrijedorDanas.com - Prijedorski gradski portal","robots":{"index":"index","follow":"follow","max-snippet":"max-snippet:-1","max-image-preview":"max-image-preview:large","max-video-preview":"max-video-preview:-1"},"canonical":"https:\/\/www.prijedordanas.com\/?p=141475","og_locale":"en_US","og_type":"article","og_title":"\"Ve\u010de kulturnog stvarala\u0161tva\" odr\u017eano u Rakeli\u0107ima - FOTO - PrijedorDanas.com - Prijedorski gradski portal","og_description":"Zimski kulturni karavan, u sali dru\u0161tvenog doma u Rakeli\u0107ima, u petak 31. januara, okupio je veliki broj u\u010desnika, koji su, brojnoj publici, predstavili svoje kulturno stvarala\u0161tvo. Po\u010detak programa bio je [&hellip;]","og_url":"https:\/\/www.prijedordanas.com\/?p=141475","og_site_name":"PrijedorDanas.com - Prijedorski gradski portal","article_publisher":"https:\/\/www.facebook.com\/PrijedorDanasCom\/","article_published_time":"2020-02-02T20:41:01+00:00","og_image":[{"url":"https:\/\/www.prijedordanas.com\/wp-content\/uploads\/2020\/02\/vece-kulturnog-stvaralastva-rakelici-2020-1-300x217.jpg"}],"author":"admin","twitter_card":"summary_large_image","twitter_misc":{"Written by":"admin","Est. reading time":"1 minute"},"schema":{"@context":"https:\/\/schema.org","@graph":[{"@type":"Article","@id":"https:\/\/www.prijedordanas.com\/?p=141475#article","isPartOf":{"@id":"https:\/\/www.prijedordanas.com\/?p=141475"},"author":{"name":"admin","@id":"https:\/\/www.prijedordanas.com\/#\/schema\/person\/4e08ccf29b506ca916ff86d46bb700e6"},"headline":"&#8220;Ve\u010de kulturnog stvarala\u0161tva&#8221; odr\u017eano u Rakeli\u0107ima &#8211; FOTO","datePublished":"2020-02-02T20:41:01+00:00","dateModified":"2020-02-02T20:41:01+00:00","mainEntityOfPage":{"@id":"https:\/\/www.prijedordanas.com\/?p=141475"},"wordCount":287,"publisher":{"@id":"https:\/\/www.prijedordanas.com\/#organization"},"keywords":["Rakeli\u0107i"],"articleSection":["Kultura"],"inLanguage":"en-US"},{"@type":"WebPage","@id":"https:\/\/www.prijedordanas.com\/?p=141475","url":"https:\/\/www.prijedordanas.com\/?p=141475","name":"\"Ve\u010de kulturnog stvarala\u0161tva\" odr\u017eano u Rakeli\u0107ima - FOTO - PrijedorDanas.com - Prijedorski gradski portal","isPartOf":{"@id":"https:\/\/www.prijedordanas.com\/#website"},"datePublished":"2020-02-02T20:41:01+00:00","dateModified":"2020-02-02T20:41:01+00:00","breadcrumb":{"@id":"https:\/\/www.prijedordanas.com\/?p=141475#breadcrumb"},"inLanguage":"en-US","potentialAction":[{"@type":"ReadAction","target":["https:\/\/www.prijedordanas.com\/?p=141475"]}]},{"@type":"BreadcrumbList","@id":"https:\/\/www.prijedordanas.com\/?p=141475#breadcrumb","itemListElement":[{"@type":"ListItem","position":1,"name":"Home","item":"https:\/\/www.prijedordanas.com\/"},{"@type":"ListItem","position":2,"name":"&#8220;Ve\u010de kulturnog stvarala\u0161tva&#8221; odr\u017eano u Rakeli\u0107ima &#8211; FOTO"}]},{"@type":"WebSite","@id":"https:\/\/www.prijedordanas.com\/#website","url":"https:\/\/www.prijedordanas.com\/","name":"PrijedorDanas.com - Prijedorski gradski portal","description":"Portal o doga\u0111anjima u gradu Prijedoru","publisher":{"@id":"https:\/\/www.prijedordanas.com\/#organization"},"potentialAction":[{"@type":"SearchAction","target":{"@type":"EntryPoint","urlTemplate":"https:\/\/www.prijedordanas.com\/?s={search_term_string}"},"query-input":"required name=search_term_string"}],"inLanguage":"en-US"},{"@type":"Organization","@id":"https:\/\/www.prijedordanas.com\/#organization","name":"PrijedorDanas.com","url":"https:\/\/www.prijedordanas.com\/","logo":{"@type":"ImageObject","inLanguage":"en-US","@id":"https:\/\/www.prijedordanas.com\/#\/schema\/logo\/image\/","url":"http:\/\/www.prijedordanas.com\/wp-content\/uploads\/2021\/12\/logopng.png","contentUrl":"http:\/\/www.prijedordanas.com\/wp-content\/uploads\/2021\/12\/logopng.png","width":1019,"height":776,"caption":"PrijedorDanas.com"},"image":{"@id":"https:\/\/www.prijedordanas.com\/#\/schema\/logo\/image\/"},"sameAs":["https:\/\/www.facebook.com\/PrijedorDanasCom\/"]},{"@type":"Person","@id":"https:\/\/www.prijedordanas.com\/#\/schema\/person\/4e08ccf29b506ca916ff86d46bb700e6","name":"admin","image":{"@type":"ImageObject","inLanguage":"en-US","@id":"https:\/\/www.prijedordanas.com\/#\/schema\/person\/image\/","url":"https:\/\/secure.gravatar.com\/avatar\/1d3fc949d550f0b53a5f0d51e06dfd79?s=96&d=mm&r=g","contentUrl":"https:\/\/secure.gravatar.com\/avatar\/1d3fc949d550f0b53a5f0d51e06dfd79?s=96&d=mm&r=g","caption":"admin"},"url":"https:\/\/www.prijedordanas.com\/?author=1"}]}},"_links":{"self":[{"href":"https:\/\/www.prijedordanas.com\/index.php?rest_route=\/wp\/v2\/posts\/141475"}],"collection":[{"href":"https:\/\/www.prijedordanas.com\/index.php?rest_route=\/wp\/v2\/posts"}],"about":[{"href":"https:\/\/www.prijedordanas.com\/index.php?rest_route=\/wp\/v2\/types\/post"}],"author":[{"embeddable":true,"href":"https:\/\/www.prijedordanas.com\/index.php?rest_route=\/wp\/v2\/users\/1"}],"replies":[{"embeddable":true,"href":"https:\/\/www.prijedordanas.com\/index.php?rest_route=%2Fwp%2Fv2%2Fcomments&post=141475"}],"version-history":[{"count":1,"href":"https:\/\/www.prijedordanas.com\/index.php?rest_route=\/wp\/v2\/posts\/141475\/revisions"}],"predecessor-version":[{"id":141489,"href":"https:\/\/www.prijedordanas.com\/index.php?rest_route=\/wp\/v2\/posts\/141475\/revisions\/141489"}],"wp:attachment":[{"href":"https:\/\/www.prijedordanas.com\/index.php?rest_route=%2Fwp%2Fv2%2Fmedia&parent=141475"}],"wp:term":[{"taxonomy":"category","embeddable":true,"href":"https:\/\/www.prijedordanas.com\/index.php?rest_route=%2Fwp%2Fv2%2Fcategories&post=141475"},{"taxonomy":"post_tag","embeddable":true,"href":"https:\/\/www.prijedordanas.com\/index.php?rest_route=%2Fwp%2Fv2%2Ftags&post=141475"}],"curies":[{"name":"wp","href":"https:\/\/api.w.org\/{rel}","templated":true}]}}