{"id":141468,"date":"2020-02-02T20:18:17","date_gmt":"2020-02-02T19:18:17","guid":{"rendered":"https:\/\/www.prijedordanas.com\/?p=141468"},"modified":"2020-02-02T20:18:17","modified_gmt":"2020-02-02T19:18:17","slug":"u-ponedjeljak-nova-sjednica-lokalnog-parlamenta-odbornici-raspravljaju-o-smjeni-predsjednika-skupstine-grada-prijedora","status":"publish","type":"post","link":"https:\/\/www.prijedordanas.com\/?p=141468","title":{"rendered":"U ponedjeljak nova sjednica lokalnog parlamenta: Odbornici raspravljaju o smjeni predsjednika Skup\u0161tine grada Prijedora?"},"content":{"rendered":"<p><a href=\"https:\/\/www.prijedordanas.com\/wp-content\/uploads\/2019\/12\/skupstina-grada-23decembar-10.jpg\"><img loading=\"lazy\" decoding=\"async\" class=\"alignleft size-medium wp-image-139053\" src=\"https:\/\/www.prijedordanas.com\/wp-content\/uploads\/2019\/12\/skupstina-grada-23decembar-10-300x217.jpg\" alt=\"\" width=\"300\" height=\"217\" srcset=\"https:\/\/www.prijedordanas.com\/wp-content\/uploads\/2019\/12\/skupstina-grada-23decembar-10-300x217.jpg 300w, https:\/\/www.prijedordanas.com\/wp-content\/uploads\/2019\/12\/skupstina-grada-23decembar-10.jpg 690w\" sizes=\"(max-width: 300px) 100vw, 300px\" \/><\/a>Predsjednik Skup\u0161tine grada Prijedora Ajdin Me\u0161i\u0107 zakazao je za ponedjeljak, 3. februar 2020. godine, 34. sjednicu lokalnog parlamenta.<\/p>\n<p>Ovo je prvo zasjedanje u ovoj godini.<\/p>\n<p>Iako se ne nalazi na Dnevnom redu objavljenom na sajtu Gradske uprave Prijedor, o\u010dekuje se da najzanimljivija ta\u010dka bude prijedlog za smjenu predsjednika Skup\u0161tine grada.<\/p>\n<p>Ovu ta\u010dku je na pres konferenciji najavio prijedorski SNSD.<\/p>\n<p>Prema najavi na sajtu grada (www.prijedorgrad.org), na dnevnom redu \u0107e se na\u0107i 11 ta\u010daka.<\/p>\n<p>1. Aktuelni \u010das;<\/p>\n<p>2. Prijedlog Programa rada Skup\u0161tine grada Prijedora za 2020. godinu,<br \/>\nIzvjestilac: Me\u0161i\u0107 Ajdin, predsjednik Skup\u0161tine grada Prijedora;<\/p>\n<p>3. Prijedlog Mi\u0161ljenja Skup\u0161tine grada Prijedora na Inicijativu o osnivanju op\u0161tine Kozarac,<br \/>\nIzvjestilac: \u010cirkin Sead, Inicijativni odbor za osnivanje op\u0161ine Kozarac;<\/p>\n<p>4. Prijedlog Odluke o visini boravi\u0161ne takse na podru\u0107ju grada Prijedora za 2020. godinu,<br \/>\nIzvjestilac: Rade Rosi\u0107, na\u010delnik Odjeljenja za privredu i poljoprivredu;<\/p>\n<p>5. Prijedlog Programa upotrebe sredstava od boravi\u0161ne takse grada Prijedora za 2020. godinu,<br \/>\nIzvjestilac: Rade Rosi\u0107, na\u010delnik Odjeljenja za privredu i poljoprivredu;<\/p>\n<p>6. Nacrt Odluke o izmjenama i dopunama Odluke o imenima ulica i trgova,<br \/>\nIzvjestilac: Milenko Radivojac, predsjednik Komisije;<\/p>\n<p>7. Izvje\u0161taj o realizaciji Odluke o uvo\u0111enju subvencija za korisnike vodnih usluga na podru\u010dju grada Prijedor za 2019. godinu,<br \/>\nIzvjestilac: Zinajda Ho\u0161i\u0107, \u0161ef Odsjeka za strate\u0161ko planiranje, upravljanje projektima i razvojem;<\/p>\n<p>8. Prijedlog Rje\u0161enja o imenovanju Odbora za saradnju sa dijasporom,<br \/>\nIzvjestilac: Grabe\u017e Dalibor, predsjednik Komisije za izbor i imenovanja;<\/p>\n<p>9. Prijedlog Rje\u0161enja o imenovanju Savjeta za izradu Regulacionog plana dijela centralnog podru\u0107ja Prijedora izme\u0111u desne obale Sane i dijelova ulica Kralja Petra I Oslobodioca, Radni\u010dke i Srpskih velikana \u2014 radni naziv \u201eSana B-1&#8243;,<br \/>\nIzvjestilac:Mirjana Komljenovi\u0107, na\u010delnica Odjeljenja za prostorno ure\u0111enje;<\/p>\n<p>10. Prijedlog Rje\u0161enja o imenovanju Savjeta za izradu Regulacionog plana dijela gradskog podru\u010dja Prijedora izme\u0111u dijelova ulica Srpskih velikana i Aleje Kozarskog odreda \u2014 radni naziv \u201eKrajina-Celpak B-1&#8243;,<br \/>\nIzvjestilac: Mirjana Komlienovi\u0107, na\u010delnica Odjeljenja za prostorno ure\u0111enje;<\/p>\n<p>11. Referati iz imovinsko-pravne oblasti<br \/>\n1) Prijedlog Odluke o prodaji gra\u0111evinskog zemlji\u0161ta \u201eNeomet Monta\u017ea&#8221; d.o.o Prijedor,<br \/>\n2) Prijedlog Odluke o zamjeni nepokretnosti \u2014 Grad Prijedor i Goji\u0107 Pero,<br \/>\n3) Prijedlog Odluke o prenosu prava posjeda bez naknade, u svrhu izgradnje infrastrukturnog objekta-vodovodne mre\u017ee sa ku\u0107nim priklju\u010dcima i pumpne stanice (PS1 i PS2) i legalizacija rezervoara (R1-zapremine 100 m3 , R2 zapremine 55 m3 i sabirna komora R3-zapremine 80 m3) u naselju Bistrica i dijelu naselja Omarska, kao posjed Krecelj (Mla\u0111ena) Miodrag sa dijelom 1\/2 i Krecelj (Mla\u0111ena) Rade sa dijelom 1\/2,<br \/>\n4) Prijedlog Odluke o prenosu prava posjeda bez naknade, u svrhu kori\u0161tenja kao dobro u op\u0161toj upotrebi \u2014 put (za potrebe javnog puta) predlo\u017een od strane Sale\u0161 (Hasana) Husein iz Prijedora\u2014Kozaru\u0161a bb i drugih,<br \/>\n5) Prijedlog Mi\u0161ljenja &#8211; Lokacijskim uslovima Odjeljenja za prostorno uredenje Gradske uprave Prijedor br. 06- 364-311\/17 od 27.12.2017.godine kao i Urbanisti\u010dko tehni\u010dkim uslovima JP Zavod za izgradniu grada-Prijedora br. 0803-66-UTU\/17 od novembra 2017.godine, predvi\u0111ena je izgradnja infrastrukturnog objekta \u2014 planirane Ulice K134 u Kozarcu od regionalnog puta Kozarac &#8211; Mrakovica R 477 do planirane Ulice K132 sa dva parking prostora,<br \/>\n6) Prijedlog Mi\u0161ljenja &#8211; Lokacijskim uslovima Odjeljenja za prostorno ure\u0111enje Gradske uprave Prijedor, predvi\u0111ena je izgradnja infrastrukturnog objekta \u2014 primarne fekalne kanalizacione mre\u017ee sa prate\u0107im objektima (pumpne stanice i agregatske stanice \u2014 AS1, AS2, AS3, AS4, AS5, AS6, AS7) u naselju Gomjenica, dijelu naselja Petrovo i Miljakovci,<br \/>\n7) Prijedlog Mi\u0161ljenja &#8211; Lokacijskim uslovima Odjeljenja za prostorno ure\u0111enje Gradske uprave Prijedor, predvi\u0111ena je legalizacija infrastrukturnog objekta \u2014 dijela primarnog vodovodnog sistema sa izvori\u0161ta Crno Vrelo, koje obuhvata: Gravitacioni cjevovod-ogranak sa primarnog voda do pumpne stanice, Pumpnu sta nicu PS4, Tla\u010dni cievovod od pumpne stanice PS4 do rezervoara R4, Rezervoar R4, opti\u010dki kabal i prate\u0107a infrastruktura,<br \/>\n8) Prijedlog Mi\u0161ljenja &#8211; Lokacijskim uslovima Odjeljenja za prostorno uredenje Gradske uprave Prijedor, kao i Stru\u010dnim mi\u0161lienjem sa urbanisti\u010dko tehni\u010dkim uslovima JP Zavod za izgradniu grada &#8211; Prijedor, predvi\u0111eno je izvodenje radova na pro\u0161irenju (rekonstrukciji) popre\u010dnog profila postoje\u0107e saobra\u0107ajnice &#8211; ogranka iz ulice Osmana D\u017dafi\u0107a.<br \/>\nIzvjestilac: Dijana Stoji\u0107, \u0161ef Odsjeka za imovinske poslove i evidenciju nekretnina<\/p>\n<p>Priredio &#8211; <a href=\"https:\/\/www.prijedordanas.com\" target=\"_blank\" rel=\"noopener noreferrer\">www.prijedordanas.com<\/a><\/p>\n","protected":false},"excerpt":{"rendered":"<p>Predsjednik Skup\u0161tine grada Prijedora Ajdin Me\u0161i\u0107 zakazao je za ponedjeljak, 3. februar 2020. godine, 34. sjednicu lokalnog parlamenta. Ovo je prvo zasjedanje u ovoj godini. Iako se ne nalazi na [&hellip;]<\/p>\n","protected":false},"author":1,"featured_media":0,"comment_status":"closed","ping_status":"open","sticky":false,"template":"","format":"standard","meta":{"_monsterinsights_skip_tracking":false,"_monsterinsights_sitenote_active":false,"_monsterinsights_sitenote_note":"","_monsterinsights_sitenote_category":0,"footnotes":""},"categories":[4],"tags":[341],"yoast_head":"<!-- This site is optimized with the Yoast SEO plugin v21.6 - https:\/\/yoast.com\/wordpress\/plugins\/seo\/ -->\n<title>U ponedjeljak nova sjednica lokalnog parlamenta: Odbornici raspravljaju o smjeni predsjednika Skup\u0161tine grada Prijedora? - PrijedorDanas.com - Prijedorski gradski portal<\/title>\n<meta name=\"robots\" content=\"index, follow, max-snippet:-1, max-image-preview:large, max-video-preview:-1\" \/>\n<link rel=\"canonical\" href=\"https:\/\/www.prijedordanas.com\/?p=141468\" \/>\n<meta property=\"og:locale\" content=\"en_US\" \/>\n<meta property=\"og:type\" content=\"article\" \/>\n<meta property=\"og:title\" content=\"U ponedjeljak nova sjednica lokalnog parlamenta: Odbornici raspravljaju o smjeni predsjednika Skup\u0161tine grada Prijedora? - PrijedorDanas.com - Prijedorski gradski portal\" \/>\n<meta property=\"og:description\" content=\"Predsjednik Skup\u0161tine grada Prijedora Ajdin Me\u0161i\u0107 zakazao je za ponedjeljak, 3. februar 2020. godine, 34. sjednicu lokalnog parlamenta. Ovo je prvo zasjedanje u ovoj godini. Iako se ne nalazi na [&hellip;]\" \/>\n<meta property=\"og:url\" content=\"https:\/\/www.prijedordanas.com\/?p=141468\" \/>\n<meta property=\"og:site_name\" content=\"PrijedorDanas.com - Prijedorski gradski portal\" \/>\n<meta property=\"article:publisher\" content=\"https:\/\/www.facebook.com\/PrijedorDanasCom\/\" \/>\n<meta property=\"article:published_time\" content=\"2020-02-02T19:18:17+00:00\" \/>\n<meta property=\"og:image\" content=\"https:\/\/www.prijedordanas.com\/wp-content\/uploads\/2019\/12\/skupstina-grada-23decembar-10-300x217.jpg\" \/>\n<meta name=\"author\" content=\"admin\" \/>\n<meta name=\"twitter:card\" content=\"summary_large_image\" \/>\n<meta name=\"twitter:label1\" content=\"Written by\" \/>\n\t<meta name=\"twitter:data1\" content=\"admin\" \/>\n\t<meta name=\"twitter:label2\" content=\"Est. reading time\" \/>\n\t<meta name=\"twitter:data2\" content=\"3 minutes\" \/>\n<script type=\"application\/ld+json\" class=\"yoast-schema-graph\">{\"@context\":\"https:\/\/schema.org\",\"@graph\":[{\"@type\":\"Article\",\"@id\":\"https:\/\/www.prijedordanas.com\/?p=141468#article\",\"isPartOf\":{\"@id\":\"https:\/\/www.prijedordanas.com\/?p=141468\"},\"author\":{\"name\":\"admin\",\"@id\":\"https:\/\/www.prijedordanas.com\/#\/schema\/person\/4e08ccf29b506ca916ff86d46bb700e6\"},\"headline\":\"U ponedjeljak nova sjednica lokalnog parlamenta: Odbornici raspravljaju o smjeni predsjednika Skup\u0161tine grada Prijedora?\",\"datePublished\":\"2020-02-02T19:18:17+00:00\",\"dateModified\":\"2020-02-02T19:18:17+00:00\",\"mainEntityOfPage\":{\"@id\":\"https:\/\/www.prijedordanas.com\/?p=141468\"},\"wordCount\":713,\"publisher\":{\"@id\":\"https:\/\/www.prijedordanas.com\/#organization\"},\"keywords\":[\"sjednica\"],\"articleSection\":[\"Dru\u0161tvo\"],\"inLanguage\":\"en-US\"},{\"@type\":\"WebPage\",\"@id\":\"https:\/\/www.prijedordanas.com\/?p=141468\",\"url\":\"https:\/\/www.prijedordanas.com\/?p=141468\",\"name\":\"U ponedjeljak nova sjednica lokalnog parlamenta: Odbornici raspravljaju o smjeni predsjednika Skup\u0161tine grada Prijedora? - PrijedorDanas.com - Prijedorski gradski portal\",\"isPartOf\":{\"@id\":\"https:\/\/www.prijedordanas.com\/#website\"},\"datePublished\":\"2020-02-02T19:18:17+00:00\",\"dateModified\":\"2020-02-02T19:18:17+00:00\",\"breadcrumb\":{\"@id\":\"https:\/\/www.prijedordanas.com\/?p=141468#breadcrumb\"},\"inLanguage\":\"en-US\",\"potentialAction\":[{\"@type\":\"ReadAction\",\"target\":[\"https:\/\/www.prijedordanas.com\/?p=141468\"]}]},{\"@type\":\"BreadcrumbList\",\"@id\":\"https:\/\/www.prijedordanas.com\/?p=141468#breadcrumb\",\"itemListElement\":[{\"@type\":\"ListItem\",\"position\":1,\"name\":\"Home\",\"item\":\"https:\/\/www.prijedordanas.com\/\"},{\"@type\":\"ListItem\",\"position\":2,\"name\":\"U ponedjeljak nova sjednica lokalnog parlamenta: Odbornici raspravljaju o smjeni predsjednika Skup\u0161tine grada Prijedora?\"}]},{\"@type\":\"WebSite\",\"@id\":\"https:\/\/www.prijedordanas.com\/#website\",\"url\":\"https:\/\/www.prijedordanas.com\/\",\"name\":\"PrijedorDanas.com - Prijedorski gradski portal\",\"description\":\"Portal o doga\u0111anjima u gradu Prijedoru\",\"publisher\":{\"@id\":\"https:\/\/www.prijedordanas.com\/#organization\"},\"potentialAction\":[{\"@type\":\"SearchAction\",\"target\":{\"@type\":\"EntryPoint\",\"urlTemplate\":\"https:\/\/www.prijedordanas.com\/?s={search_term_string}\"},\"query-input\":\"required name=search_term_string\"}],\"inLanguage\":\"en-US\"},{\"@type\":\"Organization\",\"@id\":\"https:\/\/www.prijedordanas.com\/#organization\",\"name\":\"PrijedorDanas.com\",\"url\":\"https:\/\/www.prijedordanas.com\/\",\"logo\":{\"@type\":\"ImageObject\",\"inLanguage\":\"en-US\",\"@id\":\"https:\/\/www.prijedordanas.com\/#\/schema\/logo\/image\/\",\"url\":\"http:\/\/www.prijedordanas.com\/wp-content\/uploads\/2021\/12\/logopng.png\",\"contentUrl\":\"http:\/\/www.prijedordanas.com\/wp-content\/uploads\/2021\/12\/logopng.png\",\"width\":1019,\"height\":776,\"caption\":\"PrijedorDanas.com\"},\"image\":{\"@id\":\"https:\/\/www.prijedordanas.com\/#\/schema\/logo\/image\/\"},\"sameAs\":[\"https:\/\/www.facebook.com\/PrijedorDanasCom\/\"]},{\"@type\":\"Person\",\"@id\":\"https:\/\/www.prijedordanas.com\/#\/schema\/person\/4e08ccf29b506ca916ff86d46bb700e6\",\"name\":\"admin\",\"image\":{\"@type\":\"ImageObject\",\"inLanguage\":\"en-US\",\"@id\":\"https:\/\/www.prijedordanas.com\/#\/schema\/person\/image\/\",\"url\":\"https:\/\/secure.gravatar.com\/avatar\/1d3fc949d550f0b53a5f0d51e06dfd79?s=96&d=mm&r=g\",\"contentUrl\":\"https:\/\/secure.gravatar.com\/avatar\/1d3fc949d550f0b53a5f0d51e06dfd79?s=96&d=mm&r=g\",\"caption\":\"admin\"},\"url\":\"https:\/\/www.prijedordanas.com\/?author=1\"}]}<\/script>\n<!-- \/ Yoast SEO plugin. -->","yoast_head_json":{"title":"U ponedjeljak nova sjednica lokalnog parlamenta: Odbornici raspravljaju o smjeni predsjednika Skup\u0161tine grada Prijedora? - PrijedorDanas.com - Prijedorski gradski portal","robots":{"index":"index","follow":"follow","max-snippet":"max-snippet:-1","max-image-preview":"max-image-preview:large","max-video-preview":"max-video-preview:-1"},"canonical":"https:\/\/www.prijedordanas.com\/?p=141468","og_locale":"en_US","og_type":"article","og_title":"U ponedjeljak nova sjednica lokalnog parlamenta: Odbornici raspravljaju o smjeni predsjednika Skup\u0161tine grada Prijedora? - PrijedorDanas.com - Prijedorski gradski portal","og_description":"Predsjednik Skup\u0161tine grada Prijedora Ajdin Me\u0161i\u0107 zakazao je za ponedjeljak, 3. februar 2020. godine, 34. sjednicu lokalnog parlamenta. Ovo je prvo zasjedanje u ovoj godini. Iako se ne nalazi na [&hellip;]","og_url":"https:\/\/www.prijedordanas.com\/?p=141468","og_site_name":"PrijedorDanas.com - Prijedorski gradski portal","article_publisher":"https:\/\/www.facebook.com\/PrijedorDanasCom\/","article_published_time":"2020-02-02T19:18:17+00:00","og_image":[{"url":"https:\/\/www.prijedordanas.com\/wp-content\/uploads\/2019\/12\/skupstina-grada-23decembar-10-300x217.jpg"}],"author":"admin","twitter_card":"summary_large_image","twitter_misc":{"Written by":"admin","Est. reading time":"3 minutes"},"schema":{"@context":"https:\/\/schema.org","@graph":[{"@type":"Article","@id":"https:\/\/www.prijedordanas.com\/?p=141468#article","isPartOf":{"@id":"https:\/\/www.prijedordanas.com\/?p=141468"},"author":{"name":"admin","@id":"https:\/\/www.prijedordanas.com\/#\/schema\/person\/4e08ccf29b506ca916ff86d46bb700e6"},"headline":"U ponedjeljak nova sjednica lokalnog parlamenta: Odbornici raspravljaju o smjeni predsjednika Skup\u0161tine grada Prijedora?","datePublished":"2020-02-02T19:18:17+00:00","dateModified":"2020-02-02T19:18:17+00:00","mainEntityOfPage":{"@id":"https:\/\/www.prijedordanas.com\/?p=141468"},"wordCount":713,"publisher":{"@id":"https:\/\/www.prijedordanas.com\/#organization"},"keywords":["sjednica"],"articleSection":["Dru\u0161tvo"],"inLanguage":"en-US"},{"@type":"WebPage","@id":"https:\/\/www.prijedordanas.com\/?p=141468","url":"https:\/\/www.prijedordanas.com\/?p=141468","name":"U ponedjeljak nova sjednica lokalnog parlamenta: Odbornici raspravljaju o smjeni predsjednika Skup\u0161tine grada Prijedora? - PrijedorDanas.com - Prijedorski gradski portal","isPartOf":{"@id":"https:\/\/www.prijedordanas.com\/#website"},"datePublished":"2020-02-02T19:18:17+00:00","dateModified":"2020-02-02T19:18:17+00:00","breadcrumb":{"@id":"https:\/\/www.prijedordanas.com\/?p=141468#breadcrumb"},"inLanguage":"en-US","potentialAction":[{"@type":"ReadAction","target":["https:\/\/www.prijedordanas.com\/?p=141468"]}]},{"@type":"BreadcrumbList","@id":"https:\/\/www.prijedordanas.com\/?p=141468#breadcrumb","itemListElement":[{"@type":"ListItem","position":1,"name":"Home","item":"https:\/\/www.prijedordanas.com\/"},{"@type":"ListItem","position":2,"name":"U ponedjeljak nova sjednica lokalnog parlamenta: Odbornici raspravljaju o smjeni predsjednika Skup\u0161tine grada Prijedora?"}]},{"@type":"WebSite","@id":"https:\/\/www.prijedordanas.com\/#website","url":"https:\/\/www.prijedordanas.com\/","name":"PrijedorDanas.com - Prijedorski gradski portal","description":"Portal o doga\u0111anjima u gradu Prijedoru","publisher":{"@id":"https:\/\/www.prijedordanas.com\/#organization"},"potentialAction":[{"@type":"SearchAction","target":{"@type":"EntryPoint","urlTemplate":"https:\/\/www.prijedordanas.com\/?s={search_term_string}"},"query-input":"required name=search_term_string"}],"inLanguage":"en-US"},{"@type":"Organization","@id":"https:\/\/www.prijedordanas.com\/#organization","name":"PrijedorDanas.com","url":"https:\/\/www.prijedordanas.com\/","logo":{"@type":"ImageObject","inLanguage":"en-US","@id":"https:\/\/www.prijedordanas.com\/#\/schema\/logo\/image\/","url":"http:\/\/www.prijedordanas.com\/wp-content\/uploads\/2021\/12\/logopng.png","contentUrl":"http:\/\/www.prijedordanas.com\/wp-content\/uploads\/2021\/12\/logopng.png","width":1019,"height":776,"caption":"PrijedorDanas.com"},"image":{"@id":"https:\/\/www.prijedordanas.com\/#\/schema\/logo\/image\/"},"sameAs":["https:\/\/www.facebook.com\/PrijedorDanasCom\/"]},{"@type":"Person","@id":"https:\/\/www.prijedordanas.com\/#\/schema\/person\/4e08ccf29b506ca916ff86d46bb700e6","name":"admin","image":{"@type":"ImageObject","inLanguage":"en-US","@id":"https:\/\/www.prijedordanas.com\/#\/schema\/person\/image\/","url":"https:\/\/secure.gravatar.com\/avatar\/1d3fc949d550f0b53a5f0d51e06dfd79?s=96&d=mm&r=g","contentUrl":"https:\/\/secure.gravatar.com\/avatar\/1d3fc949d550f0b53a5f0d51e06dfd79?s=96&d=mm&r=g","caption":"admin"},"url":"https:\/\/www.prijedordanas.com\/?author=1"}]}},"_links":{"self":[{"href":"https:\/\/www.prijedordanas.com\/index.php?rest_route=\/wp\/v2\/posts\/141468"}],"collection":[{"href":"https:\/\/www.prijedordanas.com\/index.php?rest_route=\/wp\/v2\/posts"}],"about":[{"href":"https:\/\/www.prijedordanas.com\/index.php?rest_route=\/wp\/v2\/types\/post"}],"author":[{"embeddable":true,"href":"https:\/\/www.prijedordanas.com\/index.php?rest_route=\/wp\/v2\/users\/1"}],"replies":[{"embeddable":true,"href":"https:\/\/www.prijedordanas.com\/index.php?rest_route=%2Fwp%2Fv2%2Fcomments&post=141468"}],"version-history":[{"count":1,"href":"https:\/\/www.prijedordanas.com\/index.php?rest_route=\/wp\/v2\/posts\/141468\/revisions"}],"predecessor-version":[{"id":141470,"href":"https:\/\/www.prijedordanas.com\/index.php?rest_route=\/wp\/v2\/posts\/141468\/revisions\/141470"}],"wp:attachment":[{"href":"https:\/\/www.prijedordanas.com\/index.php?rest_route=%2Fwp%2Fv2%2Fmedia&parent=141468"}],"wp:term":[{"taxonomy":"category","embeddable":true,"href":"https:\/\/www.prijedordanas.com\/index.php?rest_route=%2Fwp%2Fv2%2Fcategories&post=141468"},{"taxonomy":"post_tag","embeddable":true,"href":"https:\/\/www.prijedordanas.com\/index.php?rest_route=%2Fwp%2Fv2%2Ftags&post=141468"}],"curies":[{"name":"wp","href":"https:\/\/api.w.org\/{rel}","templated":true}]}}