{"id":141417,"date":"2020-02-01T23:01:42","date_gmt":"2020-02-01T22:01:42","guid":{"rendered":"https:\/\/www.prijedordanas.com\/?p=141417"},"modified":"2020-02-01T23:01:42","modified_gmt":"2020-02-01T22:01:42","slug":"poceli-14-dani-zime-na-kozari-odrzan-planinarski-mars-foto","status":"publish","type":"post","link":"https:\/\/www.prijedordanas.com\/?p=141417","title":{"rendered":"Po\u010deli 14. &#8220;Dani zime na Kozari&#8221;: Odr\u017ean planinarski mar\u0161 &#8211; FOTO"},"content":{"rendered":"<p><a href=\"https:\/\/www.prijedordanas.com\/wp-content\/uploads\/2020\/02\/dani-zime-na-kozari-2020-mars-1.jpg\"><img loading=\"lazy\" decoding=\"async\" class=\"alignleft size-medium wp-image-141418\" src=\"https:\/\/www.prijedordanas.com\/wp-content\/uploads\/2020\/02\/dani-zime-na-kozari-2020-mars-1-300x225.jpg\" alt=\"\" width=\"300\" height=\"225\" srcset=\"https:\/\/www.prijedordanas.com\/wp-content\/uploads\/2020\/02\/dani-zime-na-kozari-2020-mars-1-300x225.jpg 300w, https:\/\/www.prijedordanas.com\/wp-content\/uploads\/2020\/02\/dani-zime-na-kozari-2020-mars-1-640x480.jpg 640w, https:\/\/www.prijedordanas.com\/wp-content\/uploads\/2020\/02\/dani-zime-na-kozari-2020-mars-1.jpg 667w\" sizes=\"(max-width: 300px) 100vw, 300px\" \/><\/a>Ve\u0107 po obi\u010daju &#8220;Dani zime na Kozari&#8221; po\u010deli su planinarskim mar\u0161om u organizaciji Kluba ekstremnih sportova &#8220;Albatros&#8221; iz Prijedora.<\/p>\n<p>U\u010de\u0161\u0107e je uzelo oko stotinjak planinara iz Prijedora, Banjaluke, Sanskog Mosta i drugih op\u0161tina te gosti iz Republike Slovenije.<\/p>\n<p>Oni su pre\u0161li 9 kilometara duga\u010dku planinarsku rutu Rajkovi\u0107i-Kozara\u010dki kamen-Be\u0161i\u0107a poljana-Mrakovica a na cilju ih je \u010dekao ru\u010dak.<\/p>\n<p>Iako je planirano, takmi\u010denje u skijanju za u\u010denike nije odr\u017eano zbog nedostatka snijega i visoke temperature.<\/p>\n<p>Glavni dio 14. &#8220;Dana zime na Kozari&#8221; je u nedjelju, 2. februara.<\/p>\n<p><a href=\"https:\/\/www.prijedordanas.com\/wp-content\/uploads\/2020\/02\/dani-zime-na-kozari-2020-mars-3.jpg\"><img loading=\"lazy\" decoding=\"async\" src=\"https:\/\/www.prijedordanas.com\/wp-content\/uploads\/2020\/02\/dani-zime-na-kozari-2020-mars-3-225x300.jpg\" alt=\"\" width=\"225\" height=\"300\" class=\"alignleft size-medium wp-image-141419\" srcset=\"https:\/\/www.prijedordanas.com\/wp-content\/uploads\/2020\/02\/dani-zime-na-kozari-2020-mars-3-225x300.jpg 225w, https:\/\/www.prijedordanas.com\/wp-content\/uploads\/2020\/02\/dani-zime-na-kozari-2020-mars-3.jpg 450w\" sizes=\"(max-width: 225px) 100vw, 225px\" \/><\/a>U zabavnim sportskim disciplinama \u0107e u\u010destvovati ekipe iz Prijedora, Gradi\u0161ke, Kozarske Dubice, Novog Grada, Srpca, Lakta\u0161a, O\u0161tre Luke, Kostajnice i Broda.<\/p>\n<p>Bi\u0107e odr\u017eano i gastro takmi\u010denje u\u010denika ugostiteljskih \u0161kola, izvi\u0111a\u010dkih odreda i planinarskih dru\u0161tava, te pripremanje lova\u010dkog kotli\u0107a lova\u010dkih udru\u017eenja.<\/p>\n<p>U kulturno-umjetni\u010dkom programu nastupi\u0107e bend The Bechars i DJ Vladimir iz Prijedora, bend &#8220;Savska ada&#8221; iz Gradi\u0161ke i etno-grupa &#8220;\u0408abuka&#8221; iz Kozarske Dubice.<\/p>\n<p>Besplatan prevoz za u\u010desnike i posjetioce je obezbije\u0111en iz Prijedora, Gradi\u0161ke, Banjaluke, Kozarske Dubice, Novog Grada, Kostajnice i O\u0161tre Luke.<\/p>\n<p>Ulaz u Nacionalni park &#8220;Kozara&#8221; je 1 KM a ujedno je kupon za tombolu.<\/p>\n<p>Organizatori manifestacije &#8220;Dani zime na Kozari&#8221; su grad Prijedor, Nacionalni park &#8220;Kozara&#8221; te turisti\u010dke organizacije Prijedora, Kozarske Dubice, Novog Grada i Gradi\u0161ke.<\/p>\n<p>Tekst &#8211; Aleksandar Drakuli\u0107 &#8211; <a href=\"https:\/\/www.prijedordanas.com\" target=\"_blank\" rel=\"noopener noreferrer\">www.prijedordanas.com<\/a><br \/>\nFoto &#8211; Marko Sari\u0107<\/p>\n<p><a href=\"https:\/\/www.prijedordanas.com\/wp-content\/uploads\/2020\/02\/dani-zime-na-kozari-2020-mars-4.jpg\"><img loading=\"lazy\" decoding=\"async\" src=\"https:\/\/www.prijedordanas.com\/wp-content\/uploads\/2020\/02\/dani-zime-na-kozari-2020-mars-4-300x225.jpg\" alt=\"\" width=\"300\" height=\"225\" class=\"alignleft size-medium wp-image-141420\" srcset=\"https:\/\/www.prijedordanas.com\/wp-content\/uploads\/2020\/02\/dani-zime-na-kozari-2020-mars-4-300x225.jpg 300w, https:\/\/www.prijedordanas.com\/wp-content\/uploads\/2020\/02\/dani-zime-na-kozari-2020-mars-4.jpg 600w\" sizes=\"(max-width: 300px) 100vw, 300px\" \/><\/a> <a href=\"https:\/\/www.prijedordanas.com\/wp-content\/uploads\/2020\/02\/dani-zime-na-kozari-2020-mars-5.jpg\"><img loading=\"lazy\" decoding=\"async\" src=\"https:\/\/www.prijedordanas.com\/wp-content\/uploads\/2020\/02\/dani-zime-na-kozari-2020-mars-5-300x225.jpg\" alt=\"\" width=\"300\" height=\"225\" class=\"alignleft size-medium wp-image-141421\" srcset=\"https:\/\/www.prijedordanas.com\/wp-content\/uploads\/2020\/02\/dani-zime-na-kozari-2020-mars-5-300x225.jpg 300w, https:\/\/www.prijedordanas.com\/wp-content\/uploads\/2020\/02\/dani-zime-na-kozari-2020-mars-5.jpg 600w\" sizes=\"(max-width: 300px) 100vw, 300px\" \/><\/a> <a href=\"https:\/\/www.prijedordanas.com\/wp-content\/uploads\/2020\/02\/dani-zime-na-kozari-2020-mars-6.jpg\"><img loading=\"lazy\" decoding=\"async\" src=\"https:\/\/www.prijedordanas.com\/wp-content\/uploads\/2020\/02\/dani-zime-na-kozari-2020-mars-6-300x225.jpg\" alt=\"\" width=\"300\" height=\"225\" class=\"alignleft size-medium wp-image-141422\" srcset=\"https:\/\/www.prijedordanas.com\/wp-content\/uploads\/2020\/02\/dani-zime-na-kozari-2020-mars-6-300x225.jpg 300w, https:\/\/www.prijedordanas.com\/wp-content\/uploads\/2020\/02\/dani-zime-na-kozari-2020-mars-6.jpg 600w\" sizes=\"(max-width: 300px) 100vw, 300px\" \/><\/a> <a href=\"https:\/\/www.prijedordanas.com\/wp-content\/uploads\/2020\/02\/dani-zime-na-kozari-2020-mars-2.jpg\"><img loading=\"lazy\" decoding=\"async\" src=\"https:\/\/www.prijedordanas.com\/wp-content\/uploads\/2020\/02\/dani-zime-na-kozari-2020-mars-2-300x225.jpg\" alt=\"\" width=\"300\" height=\"225\" class=\"alignleft size-medium wp-image-141423\" srcset=\"https:\/\/www.prijedordanas.com\/wp-content\/uploads\/2020\/02\/dani-zime-na-kozari-2020-mars-2-300x225.jpg 300w, https:\/\/www.prijedordanas.com\/wp-content\/uploads\/2020\/02\/dani-zime-na-kozari-2020-mars-2.jpg 600w\" sizes=\"(max-width: 300px) 100vw, 300px\" \/><\/a><\/p>\n","protected":false},"excerpt":{"rendered":"<p>Ve\u0107 po obi\u010daju &#8220;Dani zime na Kozari&#8221; po\u010deli su planinarskim mar\u0161om u organizaciji Kluba ekstremnih sportova &#8220;Albatros&#8221; iz Prijedora. U\u010de\u0161\u0107e je uzelo oko stotinjak planinara iz Prijedora, Banjaluke, Sanskog Mosta [&hellip;]<\/p>\n","protected":false},"author":1,"featured_media":0,"comment_status":"closed","ping_status":"open","sticky":false,"template":"","format":"standard","meta":{"_monsterinsights_skip_tracking":false,"_monsterinsights_sitenote_active":false,"_monsterinsights_sitenote_note":"","_monsterinsights_sitenote_category":0,"footnotes":""},"categories":[4],"tags":[2998,11063],"yoast_head":"<!-- This site is optimized with the Yoast SEO plugin v21.6 - https:\/\/yoast.com\/wordpress\/plugins\/seo\/ -->\n<title>Po\u010deli 14. &quot;Dani zime na Kozari&quot;: Odr\u017ean planinarski mar\u0161 - FOTO - PrijedorDanas.com - Prijedorski gradski portal<\/title>\n<meta name=\"robots\" content=\"index, follow, max-snippet:-1, max-image-preview:large, max-video-preview:-1\" \/>\n<link rel=\"canonical\" href=\"https:\/\/www.prijedordanas.com\/?p=141417\" \/>\n<meta property=\"og:locale\" content=\"en_US\" \/>\n<meta property=\"og:type\" content=\"article\" \/>\n<meta property=\"og:title\" content=\"Po\u010deli 14. &quot;Dani zime na Kozari&quot;: Odr\u017ean planinarski mar\u0161 - FOTO - PrijedorDanas.com - Prijedorski gradski portal\" \/>\n<meta property=\"og:description\" content=\"Ve\u0107 po obi\u010daju &#8220;Dani zime na Kozari&#8221; po\u010deli su planinarskim mar\u0161om u organizaciji Kluba ekstremnih sportova &#8220;Albatros&#8221; iz Prijedora. U\u010de\u0161\u0107e je uzelo oko stotinjak planinara iz Prijedora, Banjaluke, Sanskog Mosta [&hellip;]\" \/>\n<meta property=\"og:url\" content=\"https:\/\/www.prijedordanas.com\/?p=141417\" \/>\n<meta property=\"og:site_name\" content=\"PrijedorDanas.com - Prijedorski gradski portal\" \/>\n<meta property=\"article:publisher\" content=\"https:\/\/www.facebook.com\/PrijedorDanasCom\/\" \/>\n<meta property=\"article:published_time\" content=\"2020-02-01T22:01:42+00:00\" \/>\n<meta property=\"og:image\" content=\"https:\/\/www.prijedordanas.com\/wp-content\/uploads\/2020\/02\/dani-zime-na-kozari-2020-mars-1-300x225.jpg\" \/>\n<meta name=\"author\" content=\"admin\" \/>\n<meta name=\"twitter:card\" content=\"summary_large_image\" \/>\n<meta name=\"twitter:label1\" content=\"Written by\" \/>\n\t<meta name=\"twitter:data1\" content=\"admin\" \/>\n\t<meta name=\"twitter:label2\" content=\"Est. reading time\" \/>\n\t<meta name=\"twitter:data2\" content=\"1 minute\" \/>\n<script type=\"application\/ld+json\" class=\"yoast-schema-graph\">{\"@context\":\"https:\/\/schema.org\",\"@graph\":[{\"@type\":\"Article\",\"@id\":\"https:\/\/www.prijedordanas.com\/?p=141417#article\",\"isPartOf\":{\"@id\":\"https:\/\/www.prijedordanas.com\/?p=141417\"},\"author\":{\"name\":\"admin\",\"@id\":\"https:\/\/www.prijedordanas.com\/#\/schema\/person\/4e08ccf29b506ca916ff86d46bb700e6\"},\"headline\":\"Po\u010deli 14. &#8220;Dani zime na Kozari&#8221;: Odr\u017ean planinarski mar\u0161 &#8211; FOTO\",\"datePublished\":\"2020-02-01T22:01:42+00:00\",\"dateModified\":\"2020-02-01T22:01:42+00:00\",\"mainEntityOfPage\":{\"@id\":\"https:\/\/www.prijedordanas.com\/?p=141417\"},\"wordCount\":263,\"publisher\":{\"@id\":\"https:\/\/www.prijedordanas.com\/#organization\"},\"keywords\":[\"Dani zime na Kozari\",\"planinarski mar\u0161\"],\"articleSection\":[\"Dru\u0161tvo\"],\"inLanguage\":\"en-US\"},{\"@type\":\"WebPage\",\"@id\":\"https:\/\/www.prijedordanas.com\/?p=141417\",\"url\":\"https:\/\/www.prijedordanas.com\/?p=141417\",\"name\":\"Po\u010deli 14. \\\"Dani zime na Kozari\\\": Odr\u017ean planinarski mar\u0161 - FOTO - PrijedorDanas.com - Prijedorski gradski portal\",\"isPartOf\":{\"@id\":\"https:\/\/www.prijedordanas.com\/#website\"},\"datePublished\":\"2020-02-01T22:01:42+00:00\",\"dateModified\":\"2020-02-01T22:01:42+00:00\",\"breadcrumb\":{\"@id\":\"https:\/\/www.prijedordanas.com\/?p=141417#breadcrumb\"},\"inLanguage\":\"en-US\",\"potentialAction\":[{\"@type\":\"ReadAction\",\"target\":[\"https:\/\/www.prijedordanas.com\/?p=141417\"]}]},{\"@type\":\"BreadcrumbList\",\"@id\":\"https:\/\/www.prijedordanas.com\/?p=141417#breadcrumb\",\"itemListElement\":[{\"@type\":\"ListItem\",\"position\":1,\"name\":\"Home\",\"item\":\"https:\/\/www.prijedordanas.com\/\"},{\"@type\":\"ListItem\",\"position\":2,\"name\":\"Po\u010deli 14. &#8220;Dani zime na Kozari&#8221;: Odr\u017ean planinarski mar\u0161 &#8211; FOTO\"}]},{\"@type\":\"WebSite\",\"@id\":\"https:\/\/www.prijedordanas.com\/#website\",\"url\":\"https:\/\/www.prijedordanas.com\/\",\"name\":\"PrijedorDanas.com - Prijedorski gradski portal\",\"description\":\"Portal o doga\u0111anjima u gradu Prijedoru\",\"publisher\":{\"@id\":\"https:\/\/www.prijedordanas.com\/#organization\"},\"potentialAction\":[{\"@type\":\"SearchAction\",\"target\":{\"@type\":\"EntryPoint\",\"urlTemplate\":\"https:\/\/www.prijedordanas.com\/?s={search_term_string}\"},\"query-input\":\"required name=search_term_string\"}],\"inLanguage\":\"en-US\"},{\"@type\":\"Organization\",\"@id\":\"https:\/\/www.prijedordanas.com\/#organization\",\"name\":\"PrijedorDanas.com\",\"url\":\"https:\/\/www.prijedordanas.com\/\",\"logo\":{\"@type\":\"ImageObject\",\"inLanguage\":\"en-US\",\"@id\":\"https:\/\/www.prijedordanas.com\/#\/schema\/logo\/image\/\",\"url\":\"http:\/\/www.prijedordanas.com\/wp-content\/uploads\/2021\/12\/logopng.png\",\"contentUrl\":\"http:\/\/www.prijedordanas.com\/wp-content\/uploads\/2021\/12\/logopng.png\",\"width\":1019,\"height\":776,\"caption\":\"PrijedorDanas.com\"},\"image\":{\"@id\":\"https:\/\/www.prijedordanas.com\/#\/schema\/logo\/image\/\"},\"sameAs\":[\"https:\/\/www.facebook.com\/PrijedorDanasCom\/\"]},{\"@type\":\"Person\",\"@id\":\"https:\/\/www.prijedordanas.com\/#\/schema\/person\/4e08ccf29b506ca916ff86d46bb700e6\",\"name\":\"admin\",\"image\":{\"@type\":\"ImageObject\",\"inLanguage\":\"en-US\",\"@id\":\"https:\/\/www.prijedordanas.com\/#\/schema\/person\/image\/\",\"url\":\"https:\/\/secure.gravatar.com\/avatar\/1d3fc949d550f0b53a5f0d51e06dfd79?s=96&d=mm&r=g\",\"contentUrl\":\"https:\/\/secure.gravatar.com\/avatar\/1d3fc949d550f0b53a5f0d51e06dfd79?s=96&d=mm&r=g\",\"caption\":\"admin\"},\"url\":\"https:\/\/www.prijedordanas.com\/?author=1\"}]}<\/script>\n<!-- \/ Yoast SEO plugin. -->","yoast_head_json":{"title":"Po\u010deli 14. \"Dani zime na Kozari\": Odr\u017ean planinarski mar\u0161 - FOTO - PrijedorDanas.com - Prijedorski gradski portal","robots":{"index":"index","follow":"follow","max-snippet":"max-snippet:-1","max-image-preview":"max-image-preview:large","max-video-preview":"max-video-preview:-1"},"canonical":"https:\/\/www.prijedordanas.com\/?p=141417","og_locale":"en_US","og_type":"article","og_title":"Po\u010deli 14. \"Dani zime na Kozari\": Odr\u017ean planinarski mar\u0161 - FOTO - PrijedorDanas.com - Prijedorski gradski portal","og_description":"Ve\u0107 po obi\u010daju &#8220;Dani zime na Kozari&#8221; po\u010deli su planinarskim mar\u0161om u organizaciji Kluba ekstremnih sportova &#8220;Albatros&#8221; iz Prijedora. U\u010de\u0161\u0107e je uzelo oko stotinjak planinara iz Prijedora, Banjaluke, Sanskog Mosta [&hellip;]","og_url":"https:\/\/www.prijedordanas.com\/?p=141417","og_site_name":"PrijedorDanas.com - Prijedorski gradski portal","article_publisher":"https:\/\/www.facebook.com\/PrijedorDanasCom\/","article_published_time":"2020-02-01T22:01:42+00:00","og_image":[{"url":"https:\/\/www.prijedordanas.com\/wp-content\/uploads\/2020\/02\/dani-zime-na-kozari-2020-mars-1-300x225.jpg"}],"author":"admin","twitter_card":"summary_large_image","twitter_misc":{"Written by":"admin","Est. reading time":"1 minute"},"schema":{"@context":"https:\/\/schema.org","@graph":[{"@type":"Article","@id":"https:\/\/www.prijedordanas.com\/?p=141417#article","isPartOf":{"@id":"https:\/\/www.prijedordanas.com\/?p=141417"},"author":{"name":"admin","@id":"https:\/\/www.prijedordanas.com\/#\/schema\/person\/4e08ccf29b506ca916ff86d46bb700e6"},"headline":"Po\u010deli 14. &#8220;Dani zime na Kozari&#8221;: Odr\u017ean planinarski mar\u0161 &#8211; FOTO","datePublished":"2020-02-01T22:01:42+00:00","dateModified":"2020-02-01T22:01:42+00:00","mainEntityOfPage":{"@id":"https:\/\/www.prijedordanas.com\/?p=141417"},"wordCount":263,"publisher":{"@id":"https:\/\/www.prijedordanas.com\/#organization"},"keywords":["Dani zime na Kozari","planinarski mar\u0161"],"articleSection":["Dru\u0161tvo"],"inLanguage":"en-US"},{"@type":"WebPage","@id":"https:\/\/www.prijedordanas.com\/?p=141417","url":"https:\/\/www.prijedordanas.com\/?p=141417","name":"Po\u010deli 14. \"Dani zime na Kozari\": Odr\u017ean planinarski mar\u0161 - FOTO - PrijedorDanas.com - Prijedorski gradski portal","isPartOf":{"@id":"https:\/\/www.prijedordanas.com\/#website"},"datePublished":"2020-02-01T22:01:42+00:00","dateModified":"2020-02-01T22:01:42+00:00","breadcrumb":{"@id":"https:\/\/www.prijedordanas.com\/?p=141417#breadcrumb"},"inLanguage":"en-US","potentialAction":[{"@type":"ReadAction","target":["https:\/\/www.prijedordanas.com\/?p=141417"]}]},{"@type":"BreadcrumbList","@id":"https:\/\/www.prijedordanas.com\/?p=141417#breadcrumb","itemListElement":[{"@type":"ListItem","position":1,"name":"Home","item":"https:\/\/www.prijedordanas.com\/"},{"@type":"ListItem","position":2,"name":"Po\u010deli 14. &#8220;Dani zime na Kozari&#8221;: Odr\u017ean planinarski mar\u0161 &#8211; FOTO"}]},{"@type":"WebSite","@id":"https:\/\/www.prijedordanas.com\/#website","url":"https:\/\/www.prijedordanas.com\/","name":"PrijedorDanas.com - Prijedorski gradski portal","description":"Portal o doga\u0111anjima u gradu Prijedoru","publisher":{"@id":"https:\/\/www.prijedordanas.com\/#organization"},"potentialAction":[{"@type":"SearchAction","target":{"@type":"EntryPoint","urlTemplate":"https:\/\/www.prijedordanas.com\/?s={search_term_string}"},"query-input":"required name=search_term_string"}],"inLanguage":"en-US"},{"@type":"Organization","@id":"https:\/\/www.prijedordanas.com\/#organization","name":"PrijedorDanas.com","url":"https:\/\/www.prijedordanas.com\/","logo":{"@type":"ImageObject","inLanguage":"en-US","@id":"https:\/\/www.prijedordanas.com\/#\/schema\/logo\/image\/","url":"http:\/\/www.prijedordanas.com\/wp-content\/uploads\/2021\/12\/logopng.png","contentUrl":"http:\/\/www.prijedordanas.com\/wp-content\/uploads\/2021\/12\/logopng.png","width":1019,"height":776,"caption":"PrijedorDanas.com"},"image":{"@id":"https:\/\/www.prijedordanas.com\/#\/schema\/logo\/image\/"},"sameAs":["https:\/\/www.facebook.com\/PrijedorDanasCom\/"]},{"@type":"Person","@id":"https:\/\/www.prijedordanas.com\/#\/schema\/person\/4e08ccf29b506ca916ff86d46bb700e6","name":"admin","image":{"@type":"ImageObject","inLanguage":"en-US","@id":"https:\/\/www.prijedordanas.com\/#\/schema\/person\/image\/","url":"https:\/\/secure.gravatar.com\/avatar\/1d3fc949d550f0b53a5f0d51e06dfd79?s=96&d=mm&r=g","contentUrl":"https:\/\/secure.gravatar.com\/avatar\/1d3fc949d550f0b53a5f0d51e06dfd79?s=96&d=mm&r=g","caption":"admin"},"url":"https:\/\/www.prijedordanas.com\/?author=1"}]}},"_links":{"self":[{"href":"https:\/\/www.prijedordanas.com\/index.php?rest_route=\/wp\/v2\/posts\/141417"}],"collection":[{"href":"https:\/\/www.prijedordanas.com\/index.php?rest_route=\/wp\/v2\/posts"}],"about":[{"href":"https:\/\/www.prijedordanas.com\/index.php?rest_route=\/wp\/v2\/types\/post"}],"author":[{"embeddable":true,"href":"https:\/\/www.prijedordanas.com\/index.php?rest_route=\/wp\/v2\/users\/1"}],"replies":[{"embeddable":true,"href":"https:\/\/www.prijedordanas.com\/index.php?rest_route=%2Fwp%2Fv2%2Fcomments&post=141417"}],"version-history":[{"count":1,"href":"https:\/\/www.prijedordanas.com\/index.php?rest_route=\/wp\/v2\/posts\/141417\/revisions"}],"predecessor-version":[{"id":141424,"href":"https:\/\/www.prijedordanas.com\/index.php?rest_route=\/wp\/v2\/posts\/141417\/revisions\/141424"}],"wp:attachment":[{"href":"https:\/\/www.prijedordanas.com\/index.php?rest_route=%2Fwp%2Fv2%2Fmedia&parent=141417"}],"wp:term":[{"taxonomy":"category","embeddable":true,"href":"https:\/\/www.prijedordanas.com\/index.php?rest_route=%2Fwp%2Fv2%2Fcategories&post=141417"},{"taxonomy":"post_tag","embeddable":true,"href":"https:\/\/www.prijedordanas.com\/index.php?rest_route=%2Fwp%2Fv2%2Ftags&post=141417"}],"curies":[{"name":"wp","href":"https:\/\/api.w.org\/{rel}","templated":true}]}}