{"id":141119,"date":"2020-01-26T21:31:22","date_gmt":"2020-01-26T20:31:22","guid":{"rendered":"https:\/\/www.prijedordanas.com\/?p=141119"},"modified":"2020-01-26T21:31:22","modified_gmt":"2020-01-26T20:31:22","slug":"tri-godine-pod-istragom-hoce-li-tuzilastvo-u-martu-podici-optuznicu-protiv-nikoline-balaban","status":"publish","type":"post","link":"https:\/\/www.prijedordanas.com\/?p=141119","title":{"rendered":"Tri godine pod istragom: Ho\u0107e li Tu\u017eila\u0161tvo u martu podi\u0107i optu\u017enicu protiv Nikoline Balaban"},"content":{"rendered":"<p><a href=\"https:\/\/www.prijedordanas.com\/wp-content\/uploads\/2017\/02\/usn-nikolina-balaban-istraga.jpg\"><img loading=\"lazy\" decoding=\"async\" src=\"https:\/\/www.prijedordanas.com\/wp-content\/uploads\/2017\/02\/usn-nikolina-balaban-istraga-300x215.jpg\" alt=\"\" width=\"300\" height=\"215\" class=\"alignleft size-medium wp-image-75425\" srcset=\"https:\/\/www.prijedordanas.com\/wp-content\/uploads\/2017\/02\/usn-nikolina-balaban-istraga-300x215.jpg 300w, https:\/\/www.prijedordanas.com\/wp-content\/uploads\/2017\/02\/usn-nikolina-balaban-istraga-100x72.jpg 100w, https:\/\/www.prijedordanas.com\/wp-content\/uploads\/2017\/02\/usn-nikolina-balaban-istraga.jpg 697w\" sizes=\"(max-width: 300px) 100vw, 300px\" \/><\/a>Gotovo tri godine su pro\u0161le od otkri\u0107a da je doktorica Nikolina Balaban, koja je radila kao patologinja Kantonalne bolnice u Biha\u0107u, pacijentima postavljala dijagnoze na osnovu kojih su primali pogre\u0161ne terapije, a nekima su \u010dak odstranjeni i zdravi organi.<\/p>\n<p>Nikolina Balaban sumnji\u010di se za te\u0161ka te\u0161ka krivi\u010dna djela protiv zdravlja ljudi, u vezi s krivi\u010dnim djelom nesavjesno lije\u010denje. Istraga koju je protiv nje u aprilu 2017. pokrenulo Tu\u017eila\u0161tvo Unsko-sanskog kantona jo\u0161 nije okon\u010dana, rekli su nam iz ove pravosudne institucije. Proveden je ve\u0107i broj istra\u017enih radnji, a zbog ve\u0107eg broja o\u0161te\u0107enih i kompleksnosti vje\u0161ta\u010denja uzoraka, predmet se jo\u0161 nalazi kod vje\u0161taka medicinske struke dr. Zdenka Cihlar\u017ea u Klini\u010dkom centru u Tuzli.<\/p>\n<p>&#8211; Doktor je do sada obradio 12 uzoraka, te je ostalo jo\u0161 sedam uzoraka koje je potrebno obraditi, odnosno vje\u0161ta\u010diti. Postupaju\u0107i tu\u017eilac je dobio obe\u0107anja od doktora Cirhla\u017ea da \u0107e se ovaj postupak okon\u010dati do kraja marta ove godine. Nakon \u0161to se temeljem nalaza i mi\u0161ljenja, koje bude rezultat ovog vje\u0161ta\u010denja, utvrdi koliki je stvarni broj o\u0161te\u0107enih, postupaju\u0107i tu\u017eilac \u0107e donijeti kona\u010dnu tu\u017eila\u010dku odluku &#8211; kazala je za Faktor Irena Marjanovi\u0107 \u010cavki\u0107, glasnogovornica Tu\u017eila\u0161tva Unsko-sanskog kantona.<\/p>\n<p>\u0160okantna saznanja<\/p>\n<p>Javnost je za ovu \u0161okantnu pri\u010du saznala kada se medijima obratila Armina Reki\u0107, mlada majka iz Biha\u0107a, koja je detaljno opisala svoje stravi\u010dno iskustvo iz biha\u0107ke Kantonalne bolnice.  Njoj je gre\u0161kom ljekara KB &#8220;Dr. Irfan Ljubijanki\u0107&#8221; bespotrebno odstranjena maternica, jajnik, te okolni limfni \u010dvorovi. Da bi sve bilo gore, u Sarajevu je primila nekoliko ciklusa kemoterapija i zra\u010denja, a uop\u0107e nije imala karcinom. Sve to ura\u0111eno je na osnovu patohistolo\u0161kog nalaza doktorice Balaban.<\/p>\n<p>Nakon \u0161to je pri\u010da dospjela u medije, otkriveni su jo\u0161 deseci sli\u010dnih slu\u010dajeva pacijenata kojima su na odjelu patologije postavili pogre\u0161ne dijagnoze \u2013 umjesto benignih, dijagnosticirane su im maligne bolesti, i obrnuto. Zajedni\u010dko za sve slu\u010dajeve je bilo to \u0161to im je nalaze potpisala doktorica Balaban.<\/p>\n<p>Pacijentici R. D\u017e. (23) iz Sanskog Mosta nakon odstranjenja dijela tumora iz dojke, dr. Balaban 7. septembra 2016. dijagnosticirala je karcinom dojke. Revizijom nalaza dijagnosticirana je benigna promjena.<\/p>\n<p>Pacijentu \u017d. I. (56) iz Cazina dijagnosticirala je upalnu bolest \u017eeluca. Nakon revizije nalaza, utvr\u0111eno je da pacijent ima karcinom \u017eeluca.<\/p>\n<p>Jasminki Smlati\u0107 (47) iz Cazina odstranjen je o\u017eiljak sa dojke, nakon \u010dega joj je doktorica Balaban u nalazu napisala da ima karcinom dojke. Pacijentica je ve\u0107 bila spremna za hirur\u0161ko odstranjivanje dojke kada je stigla revizija nalaza iz privatne zdravstvene ustanove \u2013 u uzorcima koji su poslati na analizu na\u0111eno je samo o\u017eiljno masno tkivo&#8230;i to je samo dio slu\u010dajeva koje istra\u017euje Tu\u017eila\u0161tvo USK.<\/p>\n<p>Balaban je odmah nakon izbijanja afere dobila otkaz u biha\u0107koj bolnici, a dok protiv nje traje istraga, zabranjeno joj je da se bavi medicinom. U aprilu 2017.  bila je i uhap\u0161ena, ali je ubrzo pu\u0161tena iz pritvora uz odre\u0111ene mjere zabrane, me\u0111u kojima je bila i ona da ne smije napu\u0161tati Bosnu i Hercegovinu.<\/p>\n<p>U biha\u0107koj bolnici dr. Balaban zaposlila se po\u010detkom septembra 2016. godine, gdje je stigla iz Op\u0107e bolnice u Prijedoru. U prijedorskoj bolnici je tako\u0111er radila kao patolog i \u0161efica Slu\u017ebe za patologiju. Nakon otkrivanja afere pojavile su se nezvani\u010dne informacije da je i bolnica u Prijedoru imala iste probleme sa njenim nalazima, te da joj je zbog brojnih pritu\u017ebi na njen rad sugerisano da je najbolje da potra\u017ei novo radno mjesto.<\/p>\n<p>&#8220;Dvoli\u010dnost godine&#8221;<\/p>\n<p>Nikolina Balaban je prije izbijanja afere u Kantonalnoj bolnici Biha\u0107 u FBiH imala svojevrstan status &#8220;zvijezde&#8221;, zbog bloga koji je pisala o ratnim de\u0161avanjima i kritike vlastima RS-a zbog nepriznavanje zlo\u010dina u Srebrenici. \u010cak joj je i Face TV dodijelila priznanje &#8220;Li\u010dnost godine&#8221;, po glasovima gledalaca.<\/p>\n<p>Balaban je tako\u0111er i udovica Darislava Medi\u0107a Sule, pripadnika VRS-a koji je bio pod istragom zbog ratnih zlo\u010dina u Prijedoru. U stanu je imala fotografije supruga sa zlo\u010dincima Karad\u017ei\u0107em i Mladi\u0107em, a sa mu\u017eem je objavila knjigu o Jovanu Ra\u0161kovi\u0107u, osniva\u010du SDS-a u Hrvatskoj.<\/p>\n<p>Tokom istrage Tu\u017eila\u0161tvo USK je provjerilo zakonitost diplome i specijalizacije Nikoline Balaban na Medicinskom fakultetu Univerziteta u Beogradu, te je utvr\u0111eno da su njena diploma i specijalizacija zakonite, odnosno valjane.<\/p>\n<p>U nekoliko navrata Nikolina Balaban bila je hospitalizirana na neuropsihijatrijskim klinikama u Prijedoru i Banjoj Luci. Lije\u010dila se od depresivne psihoze i toksikomanije.<\/p>\n<p>faktor.ba<\/p>\n","protected":false},"excerpt":{"rendered":"<p>Gotovo tri godine su pro\u0161le od otkri\u0107a da je doktorica Nikolina Balaban, koja je radila kao patologinja Kantonalne bolnice u Biha\u0107u, pacijentima postavljala dijagnoze na osnovu kojih su primali pogre\u0161ne [&hellip;]<\/p>\n","protected":false},"author":1,"featured_media":0,"comment_status":"closed","ping_status":"open","sticky":false,"template":"","format":"standard","meta":{"_monsterinsights_skip_tracking":false,"_monsterinsights_sitenote_active":false,"_monsterinsights_sitenote_note":"","_monsterinsights_sitenote_category":0,"footnotes":""},"categories":[5],"tags":[],"yoast_head":"<!-- This site is optimized with the Yoast SEO plugin v21.6 - https:\/\/yoast.com\/wordpress\/plugins\/seo\/ -->\n<title>Tri godine pod istragom: Ho\u0107e li Tu\u017eila\u0161tvo u martu podi\u0107i optu\u017enicu protiv Nikoline Balaban - PrijedorDanas.com - Prijedorski gradski portal<\/title>\n<meta name=\"robots\" content=\"index, follow, max-snippet:-1, max-image-preview:large, max-video-preview:-1\" \/>\n<link rel=\"canonical\" href=\"https:\/\/www.prijedordanas.com\/?p=141119\" \/>\n<meta property=\"og:locale\" content=\"en_US\" \/>\n<meta property=\"og:type\" content=\"article\" \/>\n<meta property=\"og:title\" content=\"Tri godine pod istragom: Ho\u0107e li Tu\u017eila\u0161tvo u martu podi\u0107i optu\u017enicu protiv Nikoline Balaban - PrijedorDanas.com - Prijedorski gradski portal\" \/>\n<meta property=\"og:description\" content=\"Gotovo tri godine su pro\u0161le od otkri\u0107a da je doktorica Nikolina Balaban, koja je radila kao patologinja Kantonalne bolnice u Biha\u0107u, pacijentima postavljala dijagnoze na osnovu kojih su primali pogre\u0161ne [&hellip;]\" \/>\n<meta property=\"og:url\" content=\"https:\/\/www.prijedordanas.com\/?p=141119\" \/>\n<meta property=\"og:site_name\" content=\"PrijedorDanas.com - Prijedorski gradski portal\" \/>\n<meta property=\"article:publisher\" content=\"https:\/\/www.facebook.com\/PrijedorDanasCom\/\" \/>\n<meta property=\"article:published_time\" content=\"2020-01-26T20:31:22+00:00\" \/>\n<meta property=\"og:image\" content=\"https:\/\/www.prijedordanas.com\/wp-content\/uploads\/2017\/02\/usn-nikolina-balaban-istraga-300x215.jpg\" \/>\n<meta name=\"author\" content=\"admin\" \/>\n<meta name=\"twitter:card\" content=\"summary_large_image\" \/>\n<meta name=\"twitter:label1\" content=\"Written by\" \/>\n\t<meta name=\"twitter:data1\" content=\"admin\" \/>\n\t<meta name=\"twitter:label2\" content=\"Est. reading time\" \/>\n\t<meta name=\"twitter:data2\" content=\"4 minutes\" \/>\n<script type=\"application\/ld+json\" class=\"yoast-schema-graph\">{\"@context\":\"https:\/\/schema.org\",\"@graph\":[{\"@type\":\"Article\",\"@id\":\"https:\/\/www.prijedordanas.com\/?p=141119#article\",\"isPartOf\":{\"@id\":\"https:\/\/www.prijedordanas.com\/?p=141119\"},\"author\":{\"name\":\"admin\",\"@id\":\"https:\/\/www.prijedordanas.com\/#\/schema\/person\/4e08ccf29b506ca916ff86d46bb700e6\"},\"headline\":\"Tri godine pod istragom: Ho\u0107e li Tu\u017eila\u0161tvo u martu podi\u0107i optu\u017enicu protiv Nikoline Balaban\",\"datePublished\":\"2020-01-26T20:31:22+00:00\",\"dateModified\":\"2020-01-26T20:31:22+00:00\",\"mainEntityOfPage\":{\"@id\":\"https:\/\/www.prijedordanas.com\/?p=141119\"},\"wordCount\":800,\"publisher\":{\"@id\":\"https:\/\/www.prijedordanas.com\/#organization\"},\"articleSection\":[\"Hronika\"],\"inLanguage\":\"en-US\"},{\"@type\":\"WebPage\",\"@id\":\"https:\/\/www.prijedordanas.com\/?p=141119\",\"url\":\"https:\/\/www.prijedordanas.com\/?p=141119\",\"name\":\"Tri godine pod istragom: Ho\u0107e li Tu\u017eila\u0161tvo u martu podi\u0107i optu\u017enicu protiv Nikoline Balaban - PrijedorDanas.com - Prijedorski gradski portal\",\"isPartOf\":{\"@id\":\"https:\/\/www.prijedordanas.com\/#website\"},\"datePublished\":\"2020-01-26T20:31:22+00:00\",\"dateModified\":\"2020-01-26T20:31:22+00:00\",\"breadcrumb\":{\"@id\":\"https:\/\/www.prijedordanas.com\/?p=141119#breadcrumb\"},\"inLanguage\":\"en-US\",\"potentialAction\":[{\"@type\":\"ReadAction\",\"target\":[\"https:\/\/www.prijedordanas.com\/?p=141119\"]}]},{\"@type\":\"BreadcrumbList\",\"@id\":\"https:\/\/www.prijedordanas.com\/?p=141119#breadcrumb\",\"itemListElement\":[{\"@type\":\"ListItem\",\"position\":1,\"name\":\"Home\",\"item\":\"https:\/\/www.prijedordanas.com\/\"},{\"@type\":\"ListItem\",\"position\":2,\"name\":\"Tri godine pod istragom: Ho\u0107e li Tu\u017eila\u0161tvo u martu podi\u0107i optu\u017enicu protiv Nikoline Balaban\"}]},{\"@type\":\"WebSite\",\"@id\":\"https:\/\/www.prijedordanas.com\/#website\",\"url\":\"https:\/\/www.prijedordanas.com\/\",\"name\":\"PrijedorDanas.com - Prijedorski gradski portal\",\"description\":\"Portal o doga\u0111anjima u gradu Prijedoru\",\"publisher\":{\"@id\":\"https:\/\/www.prijedordanas.com\/#organization\"},\"potentialAction\":[{\"@type\":\"SearchAction\",\"target\":{\"@type\":\"EntryPoint\",\"urlTemplate\":\"https:\/\/www.prijedordanas.com\/?s={search_term_string}\"},\"query-input\":\"required name=search_term_string\"}],\"inLanguage\":\"en-US\"},{\"@type\":\"Organization\",\"@id\":\"https:\/\/www.prijedordanas.com\/#organization\",\"name\":\"PrijedorDanas.com\",\"url\":\"https:\/\/www.prijedordanas.com\/\",\"logo\":{\"@type\":\"ImageObject\",\"inLanguage\":\"en-US\",\"@id\":\"https:\/\/www.prijedordanas.com\/#\/schema\/logo\/image\/\",\"url\":\"http:\/\/www.prijedordanas.com\/wp-content\/uploads\/2021\/12\/logopng.png\",\"contentUrl\":\"http:\/\/www.prijedordanas.com\/wp-content\/uploads\/2021\/12\/logopng.png\",\"width\":1019,\"height\":776,\"caption\":\"PrijedorDanas.com\"},\"image\":{\"@id\":\"https:\/\/www.prijedordanas.com\/#\/schema\/logo\/image\/\"},\"sameAs\":[\"https:\/\/www.facebook.com\/PrijedorDanasCom\/\"]},{\"@type\":\"Person\",\"@id\":\"https:\/\/www.prijedordanas.com\/#\/schema\/person\/4e08ccf29b506ca916ff86d46bb700e6\",\"name\":\"admin\",\"image\":{\"@type\":\"ImageObject\",\"inLanguage\":\"en-US\",\"@id\":\"https:\/\/www.prijedordanas.com\/#\/schema\/person\/image\/\",\"url\":\"https:\/\/secure.gravatar.com\/avatar\/1d3fc949d550f0b53a5f0d51e06dfd79?s=96&d=mm&r=g\",\"contentUrl\":\"https:\/\/secure.gravatar.com\/avatar\/1d3fc949d550f0b53a5f0d51e06dfd79?s=96&d=mm&r=g\",\"caption\":\"admin\"},\"url\":\"https:\/\/www.prijedordanas.com\/?author=1\"}]}<\/script>\n<!-- \/ Yoast SEO plugin. -->","yoast_head_json":{"title":"Tri godine pod istragom: Ho\u0107e li Tu\u017eila\u0161tvo u martu podi\u0107i optu\u017enicu protiv Nikoline Balaban - PrijedorDanas.com - Prijedorski gradski portal","robots":{"index":"index","follow":"follow","max-snippet":"max-snippet:-1","max-image-preview":"max-image-preview:large","max-video-preview":"max-video-preview:-1"},"canonical":"https:\/\/www.prijedordanas.com\/?p=141119","og_locale":"en_US","og_type":"article","og_title":"Tri godine pod istragom: Ho\u0107e li Tu\u017eila\u0161tvo u martu podi\u0107i optu\u017enicu protiv Nikoline Balaban - PrijedorDanas.com - Prijedorski gradski portal","og_description":"Gotovo tri godine su pro\u0161le od otkri\u0107a da je doktorica Nikolina Balaban, koja je radila kao patologinja Kantonalne bolnice u Biha\u0107u, pacijentima postavljala dijagnoze na osnovu kojih su primali pogre\u0161ne [&hellip;]","og_url":"https:\/\/www.prijedordanas.com\/?p=141119","og_site_name":"PrijedorDanas.com - Prijedorski gradski portal","article_publisher":"https:\/\/www.facebook.com\/PrijedorDanasCom\/","article_published_time":"2020-01-26T20:31:22+00:00","og_image":[{"url":"https:\/\/www.prijedordanas.com\/wp-content\/uploads\/2017\/02\/usn-nikolina-balaban-istraga-300x215.jpg"}],"author":"admin","twitter_card":"summary_large_image","twitter_misc":{"Written by":"admin","Est. reading time":"4 minutes"},"schema":{"@context":"https:\/\/schema.org","@graph":[{"@type":"Article","@id":"https:\/\/www.prijedordanas.com\/?p=141119#article","isPartOf":{"@id":"https:\/\/www.prijedordanas.com\/?p=141119"},"author":{"name":"admin","@id":"https:\/\/www.prijedordanas.com\/#\/schema\/person\/4e08ccf29b506ca916ff86d46bb700e6"},"headline":"Tri godine pod istragom: Ho\u0107e li Tu\u017eila\u0161tvo u martu podi\u0107i optu\u017enicu protiv Nikoline Balaban","datePublished":"2020-01-26T20:31:22+00:00","dateModified":"2020-01-26T20:31:22+00:00","mainEntityOfPage":{"@id":"https:\/\/www.prijedordanas.com\/?p=141119"},"wordCount":800,"publisher":{"@id":"https:\/\/www.prijedordanas.com\/#organization"},"articleSection":["Hronika"],"inLanguage":"en-US"},{"@type":"WebPage","@id":"https:\/\/www.prijedordanas.com\/?p=141119","url":"https:\/\/www.prijedordanas.com\/?p=141119","name":"Tri godine pod istragom: Ho\u0107e li Tu\u017eila\u0161tvo u martu podi\u0107i optu\u017enicu protiv Nikoline Balaban - PrijedorDanas.com - Prijedorski gradski portal","isPartOf":{"@id":"https:\/\/www.prijedordanas.com\/#website"},"datePublished":"2020-01-26T20:31:22+00:00","dateModified":"2020-01-26T20:31:22+00:00","breadcrumb":{"@id":"https:\/\/www.prijedordanas.com\/?p=141119#breadcrumb"},"inLanguage":"en-US","potentialAction":[{"@type":"ReadAction","target":["https:\/\/www.prijedordanas.com\/?p=141119"]}]},{"@type":"BreadcrumbList","@id":"https:\/\/www.prijedordanas.com\/?p=141119#breadcrumb","itemListElement":[{"@type":"ListItem","position":1,"name":"Home","item":"https:\/\/www.prijedordanas.com\/"},{"@type":"ListItem","position":2,"name":"Tri godine pod istragom: Ho\u0107e li Tu\u017eila\u0161tvo u martu podi\u0107i optu\u017enicu protiv Nikoline Balaban"}]},{"@type":"WebSite","@id":"https:\/\/www.prijedordanas.com\/#website","url":"https:\/\/www.prijedordanas.com\/","name":"PrijedorDanas.com - Prijedorski gradski portal","description":"Portal o doga\u0111anjima u gradu Prijedoru","publisher":{"@id":"https:\/\/www.prijedordanas.com\/#organization"},"potentialAction":[{"@type":"SearchAction","target":{"@type":"EntryPoint","urlTemplate":"https:\/\/www.prijedordanas.com\/?s={search_term_string}"},"query-input":"required name=search_term_string"}],"inLanguage":"en-US"},{"@type":"Organization","@id":"https:\/\/www.prijedordanas.com\/#organization","name":"PrijedorDanas.com","url":"https:\/\/www.prijedordanas.com\/","logo":{"@type":"ImageObject","inLanguage":"en-US","@id":"https:\/\/www.prijedordanas.com\/#\/schema\/logo\/image\/","url":"http:\/\/www.prijedordanas.com\/wp-content\/uploads\/2021\/12\/logopng.png","contentUrl":"http:\/\/www.prijedordanas.com\/wp-content\/uploads\/2021\/12\/logopng.png","width":1019,"height":776,"caption":"PrijedorDanas.com"},"image":{"@id":"https:\/\/www.prijedordanas.com\/#\/schema\/logo\/image\/"},"sameAs":["https:\/\/www.facebook.com\/PrijedorDanasCom\/"]},{"@type":"Person","@id":"https:\/\/www.prijedordanas.com\/#\/schema\/person\/4e08ccf29b506ca916ff86d46bb700e6","name":"admin","image":{"@type":"ImageObject","inLanguage":"en-US","@id":"https:\/\/www.prijedordanas.com\/#\/schema\/person\/image\/","url":"https:\/\/secure.gravatar.com\/avatar\/1d3fc949d550f0b53a5f0d51e06dfd79?s=96&d=mm&r=g","contentUrl":"https:\/\/secure.gravatar.com\/avatar\/1d3fc949d550f0b53a5f0d51e06dfd79?s=96&d=mm&r=g","caption":"admin"},"url":"https:\/\/www.prijedordanas.com\/?author=1"}]}},"_links":{"self":[{"href":"https:\/\/www.prijedordanas.com\/index.php?rest_route=\/wp\/v2\/posts\/141119"}],"collection":[{"href":"https:\/\/www.prijedordanas.com\/index.php?rest_route=\/wp\/v2\/posts"}],"about":[{"href":"https:\/\/www.prijedordanas.com\/index.php?rest_route=\/wp\/v2\/types\/post"}],"author":[{"embeddable":true,"href":"https:\/\/www.prijedordanas.com\/index.php?rest_route=\/wp\/v2\/users\/1"}],"replies":[{"embeddable":true,"href":"https:\/\/www.prijedordanas.com\/index.php?rest_route=%2Fwp%2Fv2%2Fcomments&post=141119"}],"version-history":[{"count":1,"href":"https:\/\/www.prijedordanas.com\/index.php?rest_route=\/wp\/v2\/posts\/141119\/revisions"}],"predecessor-version":[{"id":141120,"href":"https:\/\/www.prijedordanas.com\/index.php?rest_route=\/wp\/v2\/posts\/141119\/revisions\/141120"}],"wp:attachment":[{"href":"https:\/\/www.prijedordanas.com\/index.php?rest_route=%2Fwp%2Fv2%2Fmedia&parent=141119"}],"wp:term":[{"taxonomy":"category","embeddable":true,"href":"https:\/\/www.prijedordanas.com\/index.php?rest_route=%2Fwp%2Fv2%2Fcategories&post=141119"},{"taxonomy":"post_tag","embeddable":true,"href":"https:\/\/www.prijedordanas.com\/index.php?rest_route=%2Fwp%2Fv2%2Ftags&post=141119"}],"curies":[{"name":"wp","href":"https:\/\/api.w.org\/{rel}","templated":true}]}}