{"id":141115,"date":"2020-01-26T18:24:41","date_gmt":"2020-01-26T17:24:41","guid":{"rendered":"https:\/\/www.prijedordanas.com\/?p=141115"},"modified":"2020-01-26T18:24:41","modified_gmt":"2020-01-26T17:24:41","slug":"traze-profesora-vjeronauke-koji-je-bio-borac-dileme-zbog-pravilnika-ministarstva-prosvjete","status":"publish","type":"post","link":"https:\/\/www.prijedordanas.com\/?p=141115","title":{"rendered":"Tra\u017ee profesora vjeronauke koji je bio borac: Dileme zbog pravilnika Ministarstva prosvjete"},"content":{"rendered":"<p><a href=\"https:\/\/www.prijedordanas.com\/wp-content\/uploads\/2020\/01\/blic-poljoprivredno-prehrambena-skola-1-1.jpg\"><img loading=\"lazy\" decoding=\"async\" class=\"alignleft size-medium wp-image-141116\" src=\"https:\/\/www.prijedordanas.com\/wp-content\/uploads\/2020\/01\/blic-poljoprivredno-prehrambena-skola-1-1-300x225.jpg\" alt=\"\" width=\"300\" height=\"225\" srcset=\"https:\/\/www.prijedordanas.com\/wp-content\/uploads\/2020\/01\/blic-poljoprivredno-prehrambena-skola-1-1-300x225.jpg 300w, https:\/\/www.prijedordanas.com\/wp-content\/uploads\/2020\/01\/blic-poljoprivredno-prehrambena-skola-1-1-640x480.jpg 640w, https:\/\/www.prijedordanas.com\/wp-content\/uploads\/2020\/01\/blic-poljoprivredno-prehrambena-skola-1-1.jpg 667w\" sizes=\"(max-width: 300px) 100vw, 300px\" \/><\/a>Srednje \u0161kole u Republici Srpskoj na\u0161le su se u nezahvalnoj poziciji prilikom raspisivanja konkursa za prijem profesora islamske i katoli\u010dke vjeronauke.<\/p>\n<p>Problem za to je \u0161to prema va\u017ee\u0107em pravilniku Ministarstva prosvjete RS kandidati mogu dostaviti uvjerenja da su bili borci, ratni vojni invalidi ili da su iz porodice poginulog borca odbrambeno-otad\u017ebinskog rata.<\/p>\n<p>Tako je nedavni konkurs Poljoprivredno-prehrambene \u0161kole iz Prijedora za profesora islamske vjeronauke u kojem je tako\u0111e navedeno da kandidati mogu dostaviti ova uvjerenja, izazvao nevjericu, osudu, ali i podsmjeh u javnosti.<\/p>\n<p>Direktor ove \u0161kole Mladen Dra\u017ei\u0107 za Srpskainfo ka\u017ee da \u0107e zato ova \u0161kola ponoviti konkurs za prijem profesora islamske vjeronauke, ali da \u0107e u njemu izostaviti dio koji se odnosi na sporna uvjerenja.<\/p>\n<p>\u2013 Pro\u0161li smo kroz neugodnu situaciju, ne \u017eelim da prebacujem odgovornosta na Ministarstvo, ali to je splet okolnosti koji nam ote\u017eava prijem radnika za vjeronauku. Voljeli bismo da se to uredi na pravi na\u010din, treba drrugi da odlu\u010de da li mijenjati pravilnik ili tu odredbu o uvjerenjima \u2013 rekao je Dra\u017ei\u0107.<\/p>\n<p><a href=\"https:\/\/www.prijedordanas.com\/wp-content\/uploads\/2018\/12\/blic-valentina-sovilj.jpg\"><img loading=\"lazy\" decoding=\"async\" class=\"alignleft size-medium wp-image-118029\" src=\"https:\/\/www.prijedordanas.com\/wp-content\/uploads\/2018\/12\/blic-valentina-sovilj-300x225.jpg\" alt=\"\" width=\"300\" height=\"225\" srcset=\"https:\/\/www.prijedordanas.com\/wp-content\/uploads\/2018\/12\/blic-valentina-sovilj-300x225.jpg 300w, https:\/\/www.prijedordanas.com\/wp-content\/uploads\/2018\/12\/blic-valentina-sovilj-100x75.jpg 100w, https:\/\/www.prijedordanas.com\/wp-content\/uploads\/2018\/12\/blic-valentina-sovilj-640x480.jpg 640w, https:\/\/www.prijedordanas.com\/wp-content\/uploads\/2018\/12\/blic-valentina-sovilj.jpg 667w\" sizes=\"(max-width: 300px) 100vw, 300px\" \/><\/a>Predsjednica Aktiva direktora srednjih \u0161kola regije Prijedor, Valentina Sovilj ka\u017ee da pravilnik donosi ministar te da je Zakon o obrazovanju osnova za dono\u0161enje svih prate\u0107ih pravilnika.<\/p>\n<p>\u2013 Zakon je donesen 2018. i nakon toga svi pravilnici su doneseni i mi smo du\u017eni da po\u0161tujemo pravilnike \u2013 rekla je Sovilj.<\/p>\n<p>Budu\u0107i da konkurs za profesora islamske ili katoli\u010dke vjeronauke u kojem se navodi da kandidati mogu dostaviti uvjerenja da su iz reda bora\u010dke poluplacije, djeluje nelogi\u010dno, direktori pojedinih \u0161kola su odlu\u010dili da iz konkursa izbace taj sporni dio pravilnika.<\/p>\n<p>\u2013 Pravilnik je isti za profesore svih predmeta, ali jednostavno u objavi konkursa izostavimo taj dio o uvjerenjima, a pozovemo se na Zakon i pravilnik u kojem se mogu pro\u010ditati svi detalji -potvrdili su nam direktori nekoliko \u0161kola.<\/p>\n<p>Dodaju da ni sami ne znaju da li na ovaj na\u010din kr\u0161e propise, ali da biraju radije to nego da budu stavljeni na stub srama.<\/p>\n<p><a href=\"https:\/\/www.prijedordanas.com\/wp-content\/uploads\/2020\/01\/blic-poljoprivredno-prehrambena-skola-2.jpg\"><img loading=\"lazy\" decoding=\"async\" src=\"https:\/\/www.prijedordanas.com\/wp-content\/uploads\/2020\/01\/blic-poljoprivredno-prehrambena-skola-2-300x225.jpg\" alt=\"\" width=\"300\" height=\"225\" class=\"alignleft size-medium wp-image-141117\" srcset=\"https:\/\/www.prijedordanas.com\/wp-content\/uploads\/2020\/01\/blic-poljoprivredno-prehrambena-skola-2-300x225.jpg 300w, https:\/\/www.prijedordanas.com\/wp-content\/uploads\/2020\/01\/blic-poljoprivredno-prehrambena-skola-2.jpg 600w\" sizes=\"(max-width: 300px) 100vw, 300px\" \/><\/a>\u2013 Ministarstvo bi trebalo da olak\u0161a u tome \u0161kolama da ne dolazi do ovoga da razmi\u0161ljaju direktori ili sekretari da li u vjeronaci pravilnik treba ispo\u0161tovati u cjelosti ili izostaviti iz pravilnika ne\u0161to \u0161to nema logike-navode direktori.<\/p>\n<p>Iz Ministarstva prosvjete i kulture RS su nam potvrdili da ukoliko dva ili vi\u0161e kandidata imaju jednak broj bodova, prednost ima kandidat koji ostvaruje prava u skladu sa zakonom kojim se ure\u0111uju pitanja prava boraca, ratnih vojnih invalida i porodica poginulih boraca.<\/p>\n<p>Me\u0111utim, nisu odgovorili na pitanje da li je mogu\u0107a izmjena pravilnika kako bi se u konkursima za prijem profesora vjeronauke izostavila ova sporna uvjerenja.<\/p>\n<p>Istovremeno, odbornik DF u Skup\u0161tini grada Prijedora, Mirsad Duratovi\u0107 tvrdi da pravilnik o postupku za prijem u radni odnos u srednjoj \u0161koli i na\u010din bodovanja kriterijuma za prijem kr\u0161i osnovna ljudska prava te da \u0107e tra\u017eiti ocjenu njegove ustavnosti.<\/p>\n<p>\u2013 To nije obavezuju\u0107i ve\u0107 posebni uslov koji kandidatu daje prednost nad ostalima, ali time se kr\u0161i princip jednakih \u0161ansi. Kr\u0161i se \u010dlan 10. Ustava u kojem se navodi da su svi gra\u0111ani jednaki bez obzira na rasu, pol, jezik, nacionalnu pripadnost, vjerosipovest, socijalno poreklo, ro\u0111enje, obrazovanje, imovno stanje, politi\u010dko i druga uvjerenja \u2013 ka\u017ee on.<\/p>\n<p>Dodaje da se kr\u0161e i odredbe da gra\u0111ani imaju pravo da pod jednakim uslovima budu primljeni u javnu slu\u017ebu i na radno mjesto.<\/p>\n<p>\u2013 Logi\u010dno pitanje je \u0161ta je sa civilnim \u017ertvama rata i invalidima rada, za\u0161to oni nemaju posebno bodovanje \u2013 naveo je Duratovi\u0107.<\/p>\n<p>Vjerske zajednice \u0161alju predava\u010de<br \/>\nPredsjednica Aktiva srednjih \u0161kola regije Prijedor Valentina Sovilj ka\u017ee da je vjeronauka uvedena 2018.\/19. godine u sve srednje \u0161kole bez problema.<\/p>\n<p>\u2013 Nama vjerske zajednice \u0161alju predava\u010de za vjeronauku. Katoli\u010dki gradski sve\u0161tenik predaje katoli\u010dku vjeronauku, a pravoslavni vjerou\u010ditelj pravoslavnu. Imam je predavao prvu godinu islamsku vjeronauku, a sada to radi \u017eena koja jo\u0161 uvek nije verifikovana, odnosno nije jo\u0161 zavr\u0161ila fakultet, pa svi obnavljamo konkurs \u2013 obja\u0161njava ona.<\/p>\n<p>EuroBlic-srpskainfo.com<\/p>\n","protected":false},"excerpt":{"rendered":"<p>Srednje \u0161kole u Republici Srpskoj na\u0161le su se u nezahvalnoj poziciji prilikom raspisivanja konkursa za prijem profesora islamske i katoli\u010dke vjeronauke. Problem za to je \u0161to prema va\u017ee\u0107em pravilniku Ministarstva [&hellip;]<\/p>\n","protected":false},"author":1,"featured_media":0,"comment_status":"closed","ping_status":"open","sticky":false,"template":"","format":"standard","meta":{"_monsterinsights_skip_tracking":false,"_monsterinsights_sitenote_active":false,"_monsterinsights_sitenote_note":"","_monsterinsights_sitenote_category":0,"footnotes":""},"categories":[8],"tags":[8613,7293],"yoast_head":"<!-- This site is optimized with the Yoast SEO plugin v21.6 - https:\/\/yoast.com\/wordpress\/plugins\/seo\/ -->\n<title>Tra\u017ee profesora vjeronauke koji je bio borac: Dileme zbog pravilnika Ministarstva prosvjete - PrijedorDanas.com - Prijedorski gradski portal<\/title>\n<meta name=\"robots\" content=\"index, follow, max-snippet:-1, max-image-preview:large, max-video-preview:-1\" \/>\n<link rel=\"canonical\" href=\"https:\/\/www.prijedordanas.com\/?p=141115\" \/>\n<meta property=\"og:locale\" content=\"en_US\" \/>\n<meta property=\"og:type\" content=\"article\" \/>\n<meta property=\"og:title\" content=\"Tra\u017ee profesora vjeronauke koji je bio borac: Dileme zbog pravilnika Ministarstva prosvjete - PrijedorDanas.com - Prijedorski gradski portal\" \/>\n<meta property=\"og:description\" content=\"Srednje \u0161kole u Republici Srpskoj na\u0161le su se u nezahvalnoj poziciji prilikom raspisivanja konkursa za prijem profesora islamske i katoli\u010dke vjeronauke. Problem za to je \u0161to prema va\u017ee\u0107em pravilniku Ministarstva [&hellip;]\" \/>\n<meta property=\"og:url\" content=\"https:\/\/www.prijedordanas.com\/?p=141115\" \/>\n<meta property=\"og:site_name\" content=\"PrijedorDanas.com - Prijedorski gradski portal\" \/>\n<meta property=\"article:publisher\" content=\"https:\/\/www.facebook.com\/PrijedorDanasCom\/\" \/>\n<meta property=\"article:published_time\" content=\"2020-01-26T17:24:41+00:00\" \/>\n<meta property=\"og:image\" content=\"https:\/\/www.prijedordanas.com\/wp-content\/uploads\/2020\/01\/blic-poljoprivredno-prehrambena-skola-1-1-300x225.jpg\" \/>\n<meta name=\"author\" content=\"admin\" \/>\n<meta name=\"twitter:card\" content=\"summary_large_image\" \/>\n<meta name=\"twitter:label1\" content=\"Written by\" \/>\n\t<meta name=\"twitter:data1\" content=\"admin\" \/>\n\t<meta name=\"twitter:label2\" content=\"Est. reading time\" \/>\n\t<meta name=\"twitter:data2\" content=\"3 minutes\" \/>\n<script type=\"application\/ld+json\" class=\"yoast-schema-graph\">{\"@context\":\"https:\/\/schema.org\",\"@graph\":[{\"@type\":\"Article\",\"@id\":\"https:\/\/www.prijedordanas.com\/?p=141115#article\",\"isPartOf\":{\"@id\":\"https:\/\/www.prijedordanas.com\/?p=141115\"},\"author\":{\"name\":\"admin\",\"@id\":\"https:\/\/www.prijedordanas.com\/#\/schema\/person\/4e08ccf29b506ca916ff86d46bb700e6\"},\"headline\":\"Tra\u017ee profesora vjeronauke koji je bio borac: Dileme zbog pravilnika Ministarstva prosvjete\",\"datePublished\":\"2020-01-26T17:24:41+00:00\",\"dateModified\":\"2020-01-26T17:24:41+00:00\",\"mainEntityOfPage\":{\"@id\":\"https:\/\/www.prijedordanas.com\/?p=141115\"},\"wordCount\":692,\"publisher\":{\"@id\":\"https:\/\/www.prijedordanas.com\/#organization\"},\"keywords\":[\"profesor\",\"vjeronauka\"],\"articleSection\":[\"Svakodnevno\"],\"inLanguage\":\"en-US\"},{\"@type\":\"WebPage\",\"@id\":\"https:\/\/www.prijedordanas.com\/?p=141115\",\"url\":\"https:\/\/www.prijedordanas.com\/?p=141115\",\"name\":\"Tra\u017ee profesora vjeronauke koji je bio borac: Dileme zbog pravilnika Ministarstva prosvjete - PrijedorDanas.com - Prijedorski gradski portal\",\"isPartOf\":{\"@id\":\"https:\/\/www.prijedordanas.com\/#website\"},\"datePublished\":\"2020-01-26T17:24:41+00:00\",\"dateModified\":\"2020-01-26T17:24:41+00:00\",\"breadcrumb\":{\"@id\":\"https:\/\/www.prijedordanas.com\/?p=141115#breadcrumb\"},\"inLanguage\":\"en-US\",\"potentialAction\":[{\"@type\":\"ReadAction\",\"target\":[\"https:\/\/www.prijedordanas.com\/?p=141115\"]}]},{\"@type\":\"BreadcrumbList\",\"@id\":\"https:\/\/www.prijedordanas.com\/?p=141115#breadcrumb\",\"itemListElement\":[{\"@type\":\"ListItem\",\"position\":1,\"name\":\"Home\",\"item\":\"https:\/\/www.prijedordanas.com\/\"},{\"@type\":\"ListItem\",\"position\":2,\"name\":\"Tra\u017ee profesora vjeronauke koji je bio borac: Dileme zbog pravilnika Ministarstva prosvjete\"}]},{\"@type\":\"WebSite\",\"@id\":\"https:\/\/www.prijedordanas.com\/#website\",\"url\":\"https:\/\/www.prijedordanas.com\/\",\"name\":\"PrijedorDanas.com - Prijedorski gradski portal\",\"description\":\"Portal o doga\u0111anjima u gradu Prijedoru\",\"publisher\":{\"@id\":\"https:\/\/www.prijedordanas.com\/#organization\"},\"potentialAction\":[{\"@type\":\"SearchAction\",\"target\":{\"@type\":\"EntryPoint\",\"urlTemplate\":\"https:\/\/www.prijedordanas.com\/?s={search_term_string}\"},\"query-input\":\"required name=search_term_string\"}],\"inLanguage\":\"en-US\"},{\"@type\":\"Organization\",\"@id\":\"https:\/\/www.prijedordanas.com\/#organization\",\"name\":\"PrijedorDanas.com\",\"url\":\"https:\/\/www.prijedordanas.com\/\",\"logo\":{\"@type\":\"ImageObject\",\"inLanguage\":\"en-US\",\"@id\":\"https:\/\/www.prijedordanas.com\/#\/schema\/logo\/image\/\",\"url\":\"http:\/\/www.prijedordanas.com\/wp-content\/uploads\/2021\/12\/logopng.png\",\"contentUrl\":\"http:\/\/www.prijedordanas.com\/wp-content\/uploads\/2021\/12\/logopng.png\",\"width\":1019,\"height\":776,\"caption\":\"PrijedorDanas.com\"},\"image\":{\"@id\":\"https:\/\/www.prijedordanas.com\/#\/schema\/logo\/image\/\"},\"sameAs\":[\"https:\/\/www.facebook.com\/PrijedorDanasCom\/\"]},{\"@type\":\"Person\",\"@id\":\"https:\/\/www.prijedordanas.com\/#\/schema\/person\/4e08ccf29b506ca916ff86d46bb700e6\",\"name\":\"admin\",\"image\":{\"@type\":\"ImageObject\",\"inLanguage\":\"en-US\",\"@id\":\"https:\/\/www.prijedordanas.com\/#\/schema\/person\/image\/\",\"url\":\"https:\/\/secure.gravatar.com\/avatar\/1d3fc949d550f0b53a5f0d51e06dfd79?s=96&d=mm&r=g\",\"contentUrl\":\"https:\/\/secure.gravatar.com\/avatar\/1d3fc949d550f0b53a5f0d51e06dfd79?s=96&d=mm&r=g\",\"caption\":\"admin\"},\"url\":\"https:\/\/www.prijedordanas.com\/?author=1\"}]}<\/script>\n<!-- \/ Yoast SEO plugin. -->","yoast_head_json":{"title":"Tra\u017ee profesora vjeronauke koji je bio borac: Dileme zbog pravilnika Ministarstva prosvjete - PrijedorDanas.com - Prijedorski gradski portal","robots":{"index":"index","follow":"follow","max-snippet":"max-snippet:-1","max-image-preview":"max-image-preview:large","max-video-preview":"max-video-preview:-1"},"canonical":"https:\/\/www.prijedordanas.com\/?p=141115","og_locale":"en_US","og_type":"article","og_title":"Tra\u017ee profesora vjeronauke koji je bio borac: Dileme zbog pravilnika Ministarstva prosvjete - PrijedorDanas.com - Prijedorski gradski portal","og_description":"Srednje \u0161kole u Republici Srpskoj na\u0161le su se u nezahvalnoj poziciji prilikom raspisivanja konkursa za prijem profesora islamske i katoli\u010dke vjeronauke. Problem za to je \u0161to prema va\u017ee\u0107em pravilniku Ministarstva [&hellip;]","og_url":"https:\/\/www.prijedordanas.com\/?p=141115","og_site_name":"PrijedorDanas.com - Prijedorski gradski portal","article_publisher":"https:\/\/www.facebook.com\/PrijedorDanasCom\/","article_published_time":"2020-01-26T17:24:41+00:00","og_image":[{"url":"https:\/\/www.prijedordanas.com\/wp-content\/uploads\/2020\/01\/blic-poljoprivredno-prehrambena-skola-1-1-300x225.jpg"}],"author":"admin","twitter_card":"summary_large_image","twitter_misc":{"Written by":"admin","Est. reading time":"3 minutes"},"schema":{"@context":"https:\/\/schema.org","@graph":[{"@type":"Article","@id":"https:\/\/www.prijedordanas.com\/?p=141115#article","isPartOf":{"@id":"https:\/\/www.prijedordanas.com\/?p=141115"},"author":{"name":"admin","@id":"https:\/\/www.prijedordanas.com\/#\/schema\/person\/4e08ccf29b506ca916ff86d46bb700e6"},"headline":"Tra\u017ee profesora vjeronauke koji je bio borac: Dileme zbog pravilnika Ministarstva prosvjete","datePublished":"2020-01-26T17:24:41+00:00","dateModified":"2020-01-26T17:24:41+00:00","mainEntityOfPage":{"@id":"https:\/\/www.prijedordanas.com\/?p=141115"},"wordCount":692,"publisher":{"@id":"https:\/\/www.prijedordanas.com\/#organization"},"keywords":["profesor","vjeronauka"],"articleSection":["Svakodnevno"],"inLanguage":"en-US"},{"@type":"WebPage","@id":"https:\/\/www.prijedordanas.com\/?p=141115","url":"https:\/\/www.prijedordanas.com\/?p=141115","name":"Tra\u017ee profesora vjeronauke koji je bio borac: Dileme zbog pravilnika Ministarstva prosvjete - PrijedorDanas.com - Prijedorski gradski portal","isPartOf":{"@id":"https:\/\/www.prijedordanas.com\/#website"},"datePublished":"2020-01-26T17:24:41+00:00","dateModified":"2020-01-26T17:24:41+00:00","breadcrumb":{"@id":"https:\/\/www.prijedordanas.com\/?p=141115#breadcrumb"},"inLanguage":"en-US","potentialAction":[{"@type":"ReadAction","target":["https:\/\/www.prijedordanas.com\/?p=141115"]}]},{"@type":"BreadcrumbList","@id":"https:\/\/www.prijedordanas.com\/?p=141115#breadcrumb","itemListElement":[{"@type":"ListItem","position":1,"name":"Home","item":"https:\/\/www.prijedordanas.com\/"},{"@type":"ListItem","position":2,"name":"Tra\u017ee profesora vjeronauke koji je bio borac: Dileme zbog pravilnika Ministarstva prosvjete"}]},{"@type":"WebSite","@id":"https:\/\/www.prijedordanas.com\/#website","url":"https:\/\/www.prijedordanas.com\/","name":"PrijedorDanas.com - Prijedorski gradski portal","description":"Portal o doga\u0111anjima u gradu Prijedoru","publisher":{"@id":"https:\/\/www.prijedordanas.com\/#organization"},"potentialAction":[{"@type":"SearchAction","target":{"@type":"EntryPoint","urlTemplate":"https:\/\/www.prijedordanas.com\/?s={search_term_string}"},"query-input":"required name=search_term_string"}],"inLanguage":"en-US"},{"@type":"Organization","@id":"https:\/\/www.prijedordanas.com\/#organization","name":"PrijedorDanas.com","url":"https:\/\/www.prijedordanas.com\/","logo":{"@type":"ImageObject","inLanguage":"en-US","@id":"https:\/\/www.prijedordanas.com\/#\/schema\/logo\/image\/","url":"http:\/\/www.prijedordanas.com\/wp-content\/uploads\/2021\/12\/logopng.png","contentUrl":"http:\/\/www.prijedordanas.com\/wp-content\/uploads\/2021\/12\/logopng.png","width":1019,"height":776,"caption":"PrijedorDanas.com"},"image":{"@id":"https:\/\/www.prijedordanas.com\/#\/schema\/logo\/image\/"},"sameAs":["https:\/\/www.facebook.com\/PrijedorDanasCom\/"]},{"@type":"Person","@id":"https:\/\/www.prijedordanas.com\/#\/schema\/person\/4e08ccf29b506ca916ff86d46bb700e6","name":"admin","image":{"@type":"ImageObject","inLanguage":"en-US","@id":"https:\/\/www.prijedordanas.com\/#\/schema\/person\/image\/","url":"https:\/\/secure.gravatar.com\/avatar\/1d3fc949d550f0b53a5f0d51e06dfd79?s=96&d=mm&r=g","contentUrl":"https:\/\/secure.gravatar.com\/avatar\/1d3fc949d550f0b53a5f0d51e06dfd79?s=96&d=mm&r=g","caption":"admin"},"url":"https:\/\/www.prijedordanas.com\/?author=1"}]}},"_links":{"self":[{"href":"https:\/\/www.prijedordanas.com\/index.php?rest_route=\/wp\/v2\/posts\/141115"}],"collection":[{"href":"https:\/\/www.prijedordanas.com\/index.php?rest_route=\/wp\/v2\/posts"}],"about":[{"href":"https:\/\/www.prijedordanas.com\/index.php?rest_route=\/wp\/v2\/types\/post"}],"author":[{"embeddable":true,"href":"https:\/\/www.prijedordanas.com\/index.php?rest_route=\/wp\/v2\/users\/1"}],"replies":[{"embeddable":true,"href":"https:\/\/www.prijedordanas.com\/index.php?rest_route=%2Fwp%2Fv2%2Fcomments&post=141115"}],"version-history":[{"count":1,"href":"https:\/\/www.prijedordanas.com\/index.php?rest_route=\/wp\/v2\/posts\/141115\/revisions"}],"predecessor-version":[{"id":141118,"href":"https:\/\/www.prijedordanas.com\/index.php?rest_route=\/wp\/v2\/posts\/141115\/revisions\/141118"}],"wp:attachment":[{"href":"https:\/\/www.prijedordanas.com\/index.php?rest_route=%2Fwp%2Fv2%2Fmedia&parent=141115"}],"wp:term":[{"taxonomy":"category","embeddable":true,"href":"https:\/\/www.prijedordanas.com\/index.php?rest_route=%2Fwp%2Fv2%2Fcategories&post=141115"},{"taxonomy":"post_tag","embeddable":true,"href":"https:\/\/www.prijedordanas.com\/index.php?rest_route=%2Fwp%2Fv2%2Ftags&post=141115"}],"curies":[{"name":"wp","href":"https:\/\/api.w.org\/{rel}","templated":true}]}}