{"id":140986,"date":"2020-01-23T16:18:59","date_gmt":"2020-01-23T15:18:59","guid":{"rendered":"https:\/\/www.prijedordanas.com\/?p=140986"},"modified":"2020-01-23T16:18:59","modified_gmt":"2020-01-23T15:18:59","slug":"grad-prijedor-odobrio-103-000-km-za-udruzenja-nacionalnih-manjina-i-socijalno-humanitarne-saveze-udruzenja-procitajte-ko-je-dobio-sredstva","status":"publish","type":"post","link":"https:\/\/www.prijedordanas.com\/?p=140986","title":{"rendered":"Grad Prijedor odobrio 103.000 KM za udru\u017eenja nacionalnih manjina i socijalno-humanitarne saveze\/udru\u017eenja: Pro\u010ditajte ko je dobio sredstva"},"content":{"rendered":"<p><a href=\"https:\/\/www.prijedordanas.com\/wp-content\/uploads\/2018\/02\/gradska-uprava-januar-2018.jpg\"><img loading=\"lazy\" decoding=\"async\" src=\"https:\/\/www.prijedordanas.com\/wp-content\/uploads\/2018\/02\/gradska-uprava-januar-2018-300x222.jpg\" alt=\"\" width=\"300\" height=\"222\" class=\"alignleft size-medium wp-image-98895\" srcset=\"https:\/\/www.prijedordanas.com\/wp-content\/uploads\/2018\/02\/gradska-uprava-januar-2018-300x222.jpg 300w, https:\/\/www.prijedordanas.com\/wp-content\/uploads\/2018\/02\/gradska-uprava-januar-2018-100x74.jpg 100w, https:\/\/www.prijedordanas.com\/wp-content\/uploads\/2018\/02\/gradska-uprava-januar-2018.jpg 675w\" sizes=\"(max-width: 300px) 100vw, 300px\" \/><\/a>Gradska uprava Prijedor objavila je danas na svojoj zvani\u010dnoj internet prezentaciji (www.prijedorgrad.org) listu odobrenih sredstava za socijalno-humanitarne saveze\/udru\u017eenja i udru\u017eenja nacionalnih manjina za njihove planirane aktivnosti u 2020. godini.<\/p>\n<p>Za 14 socijalno-humanitarnih saveza i udru\u017eenja predvi\u0111eno je ukupno 86.000 KM a za \u010detiri udru\u017eenja nacionalnih manjina ukupno 20.000 KM.<\/p>\n<p>Lista odobrenih sredstava za socijalno-humanitarne saveze\/udru\u017eenja i udru\u017eenja nacionalnih manjina za planirane aktivnosti u 2020. godini <\/p>\n<p>Socijalno-humanitarna udru\u017eenja<br \/>\n1. Udru\u017eenje roditelja djece sa posebnim potrebama \u201eNeven\u201c &#8211;  10.000 KM<br \/>\n2. Udru\u017eenje \u017eena \u201eNada\u201c &#8211;  10.000 KM<br \/>\n3. MDD \u201eMerhamet\u201c &#8211;  10.000 KM<br \/>\n4. Udru\u017eenje paraplegi\u010dara Prijedor &#8211;  7.000 KM<br \/>\n5. Savez invalida Rada &#8211; 7.000 KM<br \/>\n6. Me\u0111uop\u0161tinska organizacija saveza slijepih &#8211; 7.000 KM<br \/>\n7. Me\u0111uop\u0161tinsko udru\u017eenje gluvih i nagluvih &#8211;  7.000 KM<br \/>\n8. Regionalno udru\u017eenje distrofi\u010dara &#8211;  4.000 KM<br \/>\n9. Udru\u017eenje oboljelih od multiple skleroze-  4.000 KM<br \/>\n10. Udru\u017eenje dijabeti\u010dara Prijedor &#8211;  4.000 KM<br \/>\n11. HUSR \u201eOsmijeh an\u0111ela\u201c &#8211; 3.500 KM<br \/>\n12. UG za pomoc\u0301 oboljelim od astme i KOPB \u201eAnemona\u201c &#8211; 3.500 KM<br \/>\n13. HO \u201eSrbi za srbe\u201c &#8211; 3.000 KM<br \/>\n14. Udru\u017eenje gra\u0111ana \u201eAltruist\u201c &#8211; 3.000 KM<br \/>\nUKUPNO 83.000 KM <\/p>\n<p>Udru\u017eenja nacionalnih manjina<br \/>\n1. Ukrajinsko udru\u017eenje \u201eKozak\u201c Trnopolje &#8211; 5.000 KM<br \/>\n2. Udru\u017eenje Slovenaca \u201eLipa\u201c- 5.000 KM<br \/>\n3. Udru\u017eenje \u010ceha \u201e\u010ceska beseda\u201c &#8211; 5.000 KM<br \/>\n4. Udru\u017eenje Roma Prijedor &#8211; 5.000 KM<br \/>\nUKUPNO 20.000 KM<\/p>\n<p>Priredio &#8211; <a href=\"https:\/\/www.prijedordanas.com\" target=\"_blank\" rel=\"noopener noreferrer\">www.prijedordanas.com<\/a><\/p>\n","protected":false},"excerpt":{"rendered":"<p>Gradska uprava Prijedor objavila je danas na svojoj zvani\u010dnoj internet prezentaciji (www.prijedorgrad.org) listu odobrenih sredstava za socijalno-humanitarne saveze\/udru\u017eenja i udru\u017eenja nacionalnih manjina za njihove planirane aktivnosti u 2020. godini. Za [&hellip;]<\/p>\n","protected":false},"author":1,"featured_media":0,"comment_status":"closed","ping_status":"open","sticky":false,"template":"","format":"standard","meta":{"_monsterinsights_skip_tracking":false,"_monsterinsights_sitenote_active":false,"_monsterinsights_sitenote_note":"","_monsterinsights_sitenote_category":0,"footnotes":""},"categories":[4],"tags":[4796],"yoast_head":"<!-- This site is optimized with the Yoast SEO plugin v21.6 - https:\/\/yoast.com\/wordpress\/plugins\/seo\/ -->\n<title>Grad Prijedor odobrio 103.000 KM za udru\u017eenja nacionalnih manjina i socijalno-humanitarne saveze\/udru\u017eenja: Pro\u010ditajte ko je dobio sredstva - PrijedorDanas.com - Prijedorski gradski portal<\/title>\n<meta name=\"robots\" content=\"index, follow, max-snippet:-1, max-image-preview:large, max-video-preview:-1\" \/>\n<link rel=\"canonical\" href=\"https:\/\/www.prijedordanas.com\/?p=140986\" \/>\n<meta property=\"og:locale\" content=\"en_US\" \/>\n<meta property=\"og:type\" content=\"article\" \/>\n<meta property=\"og:title\" content=\"Grad Prijedor odobrio 103.000 KM za udru\u017eenja nacionalnih manjina i socijalno-humanitarne saveze\/udru\u017eenja: Pro\u010ditajte ko je dobio sredstva - PrijedorDanas.com - Prijedorski gradski portal\" \/>\n<meta property=\"og:description\" content=\"Gradska uprava Prijedor objavila je danas na svojoj zvani\u010dnoj internet prezentaciji (www.prijedorgrad.org) listu odobrenih sredstava za socijalno-humanitarne saveze\/udru\u017eenja i udru\u017eenja nacionalnih manjina za njihove planirane aktivnosti u 2020. godini. Za [&hellip;]\" \/>\n<meta property=\"og:url\" content=\"https:\/\/www.prijedordanas.com\/?p=140986\" \/>\n<meta property=\"og:site_name\" content=\"PrijedorDanas.com - Prijedorski gradski portal\" \/>\n<meta property=\"article:publisher\" content=\"https:\/\/www.facebook.com\/PrijedorDanasCom\/\" \/>\n<meta property=\"article:published_time\" content=\"2020-01-23T15:18:59+00:00\" \/>\n<meta property=\"og:image\" content=\"https:\/\/www.prijedordanas.com\/wp-content\/uploads\/2018\/02\/gradska-uprava-januar-2018-300x222.jpg\" \/>\n<meta name=\"author\" content=\"admin\" \/>\n<meta name=\"twitter:card\" content=\"summary_large_image\" \/>\n<meta name=\"twitter:label1\" content=\"Written by\" \/>\n\t<meta name=\"twitter:data1\" content=\"admin\" \/>\n\t<meta name=\"twitter:label2\" content=\"Est. reading time\" \/>\n\t<meta name=\"twitter:data2\" content=\"1 minute\" \/>\n<script type=\"application\/ld+json\" class=\"yoast-schema-graph\">{\"@context\":\"https:\/\/schema.org\",\"@graph\":[{\"@type\":\"Article\",\"@id\":\"https:\/\/www.prijedordanas.com\/?p=140986#article\",\"isPartOf\":{\"@id\":\"https:\/\/www.prijedordanas.com\/?p=140986\"},\"author\":{\"name\":\"admin\",\"@id\":\"https:\/\/www.prijedordanas.com\/#\/schema\/person\/4e08ccf29b506ca916ff86d46bb700e6\"},\"headline\":\"Grad Prijedor odobrio 103.000 KM za udru\u017eenja nacionalnih manjina i socijalno-humanitarne saveze\/udru\u017eenja: Pro\u010ditajte ko je dobio sredstva\",\"datePublished\":\"2020-01-23T15:18:59+00:00\",\"dateModified\":\"2020-01-23T15:18:59+00:00\",\"mainEntityOfPage\":{\"@id\":\"https:\/\/www.prijedordanas.com\/?p=140986\"},\"wordCount\":235,\"publisher\":{\"@id\":\"https:\/\/www.prijedordanas.com\/#organization\"},\"keywords\":[\"sredstva\"],\"articleSection\":[\"Dru\u0161tvo\"],\"inLanguage\":\"en-US\"},{\"@type\":\"WebPage\",\"@id\":\"https:\/\/www.prijedordanas.com\/?p=140986\",\"url\":\"https:\/\/www.prijedordanas.com\/?p=140986\",\"name\":\"Grad Prijedor odobrio 103.000 KM za udru\u017eenja nacionalnih manjina i socijalno-humanitarne saveze\/udru\u017eenja: Pro\u010ditajte ko je dobio sredstva - PrijedorDanas.com - Prijedorski gradski portal\",\"isPartOf\":{\"@id\":\"https:\/\/www.prijedordanas.com\/#website\"},\"datePublished\":\"2020-01-23T15:18:59+00:00\",\"dateModified\":\"2020-01-23T15:18:59+00:00\",\"breadcrumb\":{\"@id\":\"https:\/\/www.prijedordanas.com\/?p=140986#breadcrumb\"},\"inLanguage\":\"en-US\",\"potentialAction\":[{\"@type\":\"ReadAction\",\"target\":[\"https:\/\/www.prijedordanas.com\/?p=140986\"]}]},{\"@type\":\"BreadcrumbList\",\"@id\":\"https:\/\/www.prijedordanas.com\/?p=140986#breadcrumb\",\"itemListElement\":[{\"@type\":\"ListItem\",\"position\":1,\"name\":\"Home\",\"item\":\"https:\/\/www.prijedordanas.com\/\"},{\"@type\":\"ListItem\",\"position\":2,\"name\":\"Grad Prijedor odobrio 103.000 KM za udru\u017eenja nacionalnih manjina i socijalno-humanitarne saveze\/udru\u017eenja: Pro\u010ditajte ko je dobio sredstva\"}]},{\"@type\":\"WebSite\",\"@id\":\"https:\/\/www.prijedordanas.com\/#website\",\"url\":\"https:\/\/www.prijedordanas.com\/\",\"name\":\"PrijedorDanas.com - Prijedorski gradski portal\",\"description\":\"Portal o doga\u0111anjima u gradu Prijedoru\",\"publisher\":{\"@id\":\"https:\/\/www.prijedordanas.com\/#organization\"},\"potentialAction\":[{\"@type\":\"SearchAction\",\"target\":{\"@type\":\"EntryPoint\",\"urlTemplate\":\"https:\/\/www.prijedordanas.com\/?s={search_term_string}\"},\"query-input\":\"required name=search_term_string\"}],\"inLanguage\":\"en-US\"},{\"@type\":\"Organization\",\"@id\":\"https:\/\/www.prijedordanas.com\/#organization\",\"name\":\"PrijedorDanas.com\",\"url\":\"https:\/\/www.prijedordanas.com\/\",\"logo\":{\"@type\":\"ImageObject\",\"inLanguage\":\"en-US\",\"@id\":\"https:\/\/www.prijedordanas.com\/#\/schema\/logo\/image\/\",\"url\":\"http:\/\/www.prijedordanas.com\/wp-content\/uploads\/2021\/12\/logopng.png\",\"contentUrl\":\"http:\/\/www.prijedordanas.com\/wp-content\/uploads\/2021\/12\/logopng.png\",\"width\":1019,\"height\":776,\"caption\":\"PrijedorDanas.com\"},\"image\":{\"@id\":\"https:\/\/www.prijedordanas.com\/#\/schema\/logo\/image\/\"},\"sameAs\":[\"https:\/\/www.facebook.com\/PrijedorDanasCom\/\"]},{\"@type\":\"Person\",\"@id\":\"https:\/\/www.prijedordanas.com\/#\/schema\/person\/4e08ccf29b506ca916ff86d46bb700e6\",\"name\":\"admin\",\"image\":{\"@type\":\"ImageObject\",\"inLanguage\":\"en-US\",\"@id\":\"https:\/\/www.prijedordanas.com\/#\/schema\/person\/image\/\",\"url\":\"https:\/\/secure.gravatar.com\/avatar\/1d3fc949d550f0b53a5f0d51e06dfd79?s=96&d=mm&r=g\",\"contentUrl\":\"https:\/\/secure.gravatar.com\/avatar\/1d3fc949d550f0b53a5f0d51e06dfd79?s=96&d=mm&r=g\",\"caption\":\"admin\"},\"url\":\"https:\/\/www.prijedordanas.com\/?author=1\"}]}<\/script>\n<!-- \/ Yoast SEO plugin. -->","yoast_head_json":{"title":"Grad Prijedor odobrio 103.000 KM za udru\u017eenja nacionalnih manjina i socijalno-humanitarne saveze\/udru\u017eenja: Pro\u010ditajte ko je dobio sredstva - PrijedorDanas.com - Prijedorski gradski portal","robots":{"index":"index","follow":"follow","max-snippet":"max-snippet:-1","max-image-preview":"max-image-preview:large","max-video-preview":"max-video-preview:-1"},"canonical":"https:\/\/www.prijedordanas.com\/?p=140986","og_locale":"en_US","og_type":"article","og_title":"Grad Prijedor odobrio 103.000 KM za udru\u017eenja nacionalnih manjina i socijalno-humanitarne saveze\/udru\u017eenja: Pro\u010ditajte ko je dobio sredstva - PrijedorDanas.com - Prijedorski gradski portal","og_description":"Gradska uprava Prijedor objavila je danas na svojoj zvani\u010dnoj internet prezentaciji (www.prijedorgrad.org) listu odobrenih sredstava za socijalno-humanitarne saveze\/udru\u017eenja i udru\u017eenja nacionalnih manjina za njihove planirane aktivnosti u 2020. godini. Za [&hellip;]","og_url":"https:\/\/www.prijedordanas.com\/?p=140986","og_site_name":"PrijedorDanas.com - Prijedorski gradski portal","article_publisher":"https:\/\/www.facebook.com\/PrijedorDanasCom\/","article_published_time":"2020-01-23T15:18:59+00:00","og_image":[{"url":"https:\/\/www.prijedordanas.com\/wp-content\/uploads\/2018\/02\/gradska-uprava-januar-2018-300x222.jpg"}],"author":"admin","twitter_card":"summary_large_image","twitter_misc":{"Written by":"admin","Est. reading time":"1 minute"},"schema":{"@context":"https:\/\/schema.org","@graph":[{"@type":"Article","@id":"https:\/\/www.prijedordanas.com\/?p=140986#article","isPartOf":{"@id":"https:\/\/www.prijedordanas.com\/?p=140986"},"author":{"name":"admin","@id":"https:\/\/www.prijedordanas.com\/#\/schema\/person\/4e08ccf29b506ca916ff86d46bb700e6"},"headline":"Grad Prijedor odobrio 103.000 KM za udru\u017eenja nacionalnih manjina i socijalno-humanitarne saveze\/udru\u017eenja: Pro\u010ditajte ko je dobio sredstva","datePublished":"2020-01-23T15:18:59+00:00","dateModified":"2020-01-23T15:18:59+00:00","mainEntityOfPage":{"@id":"https:\/\/www.prijedordanas.com\/?p=140986"},"wordCount":235,"publisher":{"@id":"https:\/\/www.prijedordanas.com\/#organization"},"keywords":["sredstva"],"articleSection":["Dru\u0161tvo"],"inLanguage":"en-US"},{"@type":"WebPage","@id":"https:\/\/www.prijedordanas.com\/?p=140986","url":"https:\/\/www.prijedordanas.com\/?p=140986","name":"Grad Prijedor odobrio 103.000 KM za udru\u017eenja nacionalnih manjina i socijalno-humanitarne saveze\/udru\u017eenja: Pro\u010ditajte ko je dobio sredstva - PrijedorDanas.com - Prijedorski gradski portal","isPartOf":{"@id":"https:\/\/www.prijedordanas.com\/#website"},"datePublished":"2020-01-23T15:18:59+00:00","dateModified":"2020-01-23T15:18:59+00:00","breadcrumb":{"@id":"https:\/\/www.prijedordanas.com\/?p=140986#breadcrumb"},"inLanguage":"en-US","potentialAction":[{"@type":"ReadAction","target":["https:\/\/www.prijedordanas.com\/?p=140986"]}]},{"@type":"BreadcrumbList","@id":"https:\/\/www.prijedordanas.com\/?p=140986#breadcrumb","itemListElement":[{"@type":"ListItem","position":1,"name":"Home","item":"https:\/\/www.prijedordanas.com\/"},{"@type":"ListItem","position":2,"name":"Grad Prijedor odobrio 103.000 KM za udru\u017eenja nacionalnih manjina i socijalno-humanitarne saveze\/udru\u017eenja: Pro\u010ditajte ko je dobio sredstva"}]},{"@type":"WebSite","@id":"https:\/\/www.prijedordanas.com\/#website","url":"https:\/\/www.prijedordanas.com\/","name":"PrijedorDanas.com - Prijedorski gradski portal","description":"Portal o doga\u0111anjima u gradu Prijedoru","publisher":{"@id":"https:\/\/www.prijedordanas.com\/#organization"},"potentialAction":[{"@type":"SearchAction","target":{"@type":"EntryPoint","urlTemplate":"https:\/\/www.prijedordanas.com\/?s={search_term_string}"},"query-input":"required name=search_term_string"}],"inLanguage":"en-US"},{"@type":"Organization","@id":"https:\/\/www.prijedordanas.com\/#organization","name":"PrijedorDanas.com","url":"https:\/\/www.prijedordanas.com\/","logo":{"@type":"ImageObject","inLanguage":"en-US","@id":"https:\/\/www.prijedordanas.com\/#\/schema\/logo\/image\/","url":"http:\/\/www.prijedordanas.com\/wp-content\/uploads\/2021\/12\/logopng.png","contentUrl":"http:\/\/www.prijedordanas.com\/wp-content\/uploads\/2021\/12\/logopng.png","width":1019,"height":776,"caption":"PrijedorDanas.com"},"image":{"@id":"https:\/\/www.prijedordanas.com\/#\/schema\/logo\/image\/"},"sameAs":["https:\/\/www.facebook.com\/PrijedorDanasCom\/"]},{"@type":"Person","@id":"https:\/\/www.prijedordanas.com\/#\/schema\/person\/4e08ccf29b506ca916ff86d46bb700e6","name":"admin","image":{"@type":"ImageObject","inLanguage":"en-US","@id":"https:\/\/www.prijedordanas.com\/#\/schema\/person\/image\/","url":"https:\/\/secure.gravatar.com\/avatar\/1d3fc949d550f0b53a5f0d51e06dfd79?s=96&d=mm&r=g","contentUrl":"https:\/\/secure.gravatar.com\/avatar\/1d3fc949d550f0b53a5f0d51e06dfd79?s=96&d=mm&r=g","caption":"admin"},"url":"https:\/\/www.prijedordanas.com\/?author=1"}]}},"_links":{"self":[{"href":"https:\/\/www.prijedordanas.com\/index.php?rest_route=\/wp\/v2\/posts\/140986"}],"collection":[{"href":"https:\/\/www.prijedordanas.com\/index.php?rest_route=\/wp\/v2\/posts"}],"about":[{"href":"https:\/\/www.prijedordanas.com\/index.php?rest_route=\/wp\/v2\/types\/post"}],"author":[{"embeddable":true,"href":"https:\/\/www.prijedordanas.com\/index.php?rest_route=\/wp\/v2\/users\/1"}],"replies":[{"embeddable":true,"href":"https:\/\/www.prijedordanas.com\/index.php?rest_route=%2Fwp%2Fv2%2Fcomments&post=140986"}],"version-history":[{"count":2,"href":"https:\/\/www.prijedordanas.com\/index.php?rest_route=\/wp\/v2\/posts\/140986\/revisions"}],"predecessor-version":[{"id":140988,"href":"https:\/\/www.prijedordanas.com\/index.php?rest_route=\/wp\/v2\/posts\/140986\/revisions\/140988"}],"wp:attachment":[{"href":"https:\/\/www.prijedordanas.com\/index.php?rest_route=%2Fwp%2Fv2%2Fmedia&parent=140986"}],"wp:term":[{"taxonomy":"category","embeddable":true,"href":"https:\/\/www.prijedordanas.com\/index.php?rest_route=%2Fwp%2Fv2%2Fcategories&post=140986"},{"taxonomy":"post_tag","embeddable":true,"href":"https:\/\/www.prijedordanas.com\/index.php?rest_route=%2Fwp%2Fv2%2Ftags&post=140986"}],"curies":[{"name":"wp","href":"https:\/\/api.w.org\/{rel}","templated":true}]}}