{"id":14034,"date":"2015-01-14T10:08:42","date_gmt":"2015-01-14T09:08:42","guid":{"rendered":"https:\/\/www.prijedordanas.com\/?p=14034"},"modified":"2015-01-14T10:08:42","modified_gmt":"2015-01-14T09:08:42","slug":"prijedor-bogojavljenska-litija-i-plivanje-za-krst-casni-i-ove-godine","status":"publish","type":"post","link":"https:\/\/www.prijedordanas.com\/?p=14034","title":{"rendered":"PRIJEDOR: BOGOJAVLJENSKA LITIJA I PLIVANJE ZA KRST \u010cASNI I OVE GODINE"},"content":{"rendered":"<p><a href=\"https:\/\/www.prijedordanas.com\/wp-content\/uploads\/2015\/01\/bogojavljenska-litija-najava-1.jpg\"><img loading=\"lazy\" decoding=\"async\" class=\"alignleft size-medium wp-image-13949\" src=\"https:\/\/www.prijedordanas.com\/wp-content\/uploads\/2015\/01\/bogojavljenska-litija-najava-1-199x300.jpg\" alt=\"bogojavljenska litija-najava (1)\" width=\"199\" height=\"300\" srcset=\"https:\/\/www.prijedordanas.com\/wp-content\/uploads\/2015\/01\/bogojavljenska-litija-najava-1-199x300.jpg 199w, https:\/\/www.prijedordanas.com\/wp-content\/uploads\/2015\/01\/bogojavljenska-litija-najava-1.jpg 397w\" sizes=\"(max-width: 199px) 100vw, 199px\" \/><\/a>U Prijedoru \u0107e 19. januara, na Bogojavljenje, ponovo biti organizovano plivanje u rijeci Sani za \u010casni krst, a za nastavak ove pravoslavne tradicije, koja je nakon vi\u0161e decenija obnovljena pro\u0161le godine, ve\u0107 ima prijavljenih tridesetak u\u010desnika.<\/p>\n<p>Protojerej-stavrofor Ranko Maleti\u0107 potvrdio je nakon sjednice Organizacionog odbora manifestacije da \u0107e program po\u010deti u 9.00 \u010dasova Svetom liturgijom u crkvi Svete Trojice, a da \u0107e nakon toga bogojavljenska litija pro\u0107i glavnim gradskim ulicama sve do rijeke Sane, gdje \u0107e biti obavljeno osvje\u0161tanje vode, spu\u0161tanje krsta u rijeku Sanu i plivanje za \u010casni krst.<\/p>\n<p>&#8220;Bogojavljenje je veliki pravoslavni praznik i zato \u017eelimo da ovaj doga\u0111aj obilje\u017eimo dostojanstveno, ne iritiraju\u0107i nikoga, ve\u0107 samo \u017eelimo da vjerski \u010din obavimo onako kako to dolikuje&#8221;, rekao je Maleti\u0107 novinarima.<\/p>\n<p>On je potvrdio da i ove godine ima zainteresovanih pliva\u010da za taj doga\u0111aj, ali da ih ne\u0107e biti vi\u0161e od pro\u0161logodi\u0161njih \u010detrdesetak u\u010desnika koji su plivali za \u010casni krst, me\u0111u kojima je najbr\u017ei bio Danijel Drlja\u010da.<\/p>\n<p>Zamjenik gradona\u010delnika Prijedora Milenko \u0110akovi\u0107 istakao je da je rije\u010d o prelijepom pravoslavnom obi\u010daju, te uputio poziv svim gra\u0111anima Prijedora, vjernicima i svim ljudima dobre volje da u\u010destvuju u sve\u010danoj litiji i da prisustvuju revijalnom takmi\u010denju pliva\u010da za \u010casni krst.<\/p>\n<p><a href=\"https:\/\/www.prijedordanas.com\/wp-content\/uploads\/2015\/01\/bogojavljenska-litija-najava-2.jpg\"><img loading=\"lazy\" decoding=\"async\" class=\"alignleft size-medium wp-image-13950\" src=\"https:\/\/www.prijedordanas.com\/wp-content\/uploads\/2015\/01\/bogojavljenska-litija-najava-2-300x199.jpg\" alt=\"bogojavljenska litija-najava (2)\" width=\"300\" height=\"199\" srcset=\"https:\/\/www.prijedordanas.com\/wp-content\/uploads\/2015\/01\/bogojavljenska-litija-najava-2-300x199.jpg 300w, https:\/\/www.prijedordanas.com\/wp-content\/uploads\/2015\/01\/bogojavljenska-litija-najava-2.jpg 600w\" sizes=\"(max-width: 300px) 100vw, 300px\" \/><\/a>Igor Suvajac, kao \u010dlan Organizacionog odbora, potvrdio je da je do sada prijavljeno oko 30 pliva\u010da, me\u0111u kojima je i jedna djevojka.<\/p>\n<p>On je naveo da \u0107e prijave biti primane do subote, 17. januara, kada \u0107e biti sastavljen zavr\u0161ni spisak, te dodao da \u0107e u nedjelju, 18. januara, svako od prijavljenih potpisati izjavu da ska\u010de na sopstvenu odgovornost.<\/p>\n<p>Iz Organizacionog odbora je najavljeno da \u0107e u programu njegovanja bogojavljenskog obi\u010daja u\u010destvovati kulturno-umjetni\u010dka dru\u0161tva &#8220;Doktor Mladen Stojanovi\u0107&#8221; i &#8220;Kozara&#8221;, Hor &#8220;Vila&#8221;, oficiri vojske i policije, sve\u0161tenici i predstavnici gradske uprave.<\/p>\n<p>Pokrovitelji doga\u0111aja su crkvena op\u0161tina Prijedor i gradska uprava Prijedor.<\/p>\n<p>Tekst \u2013 SRNA<br \/>\nFoto \u2013 Aleksandar Drakuli\u0107 \u2013 www.prijedordanas.com<\/p>\n<p>Vezane vijesti:<\/p>\n<p>BOGOJAVLJENSKO PLIVANJE U RIJECI SANI ZA KRST \u010cASNI BI\u0106E ODR\u017dANO I OVE GODINE \u2013 FOTO<br \/>\n<a href=\"https:\/\/www.prijedordanas.com\/?p=13917\" target=\"_blank\">https:\/\/www.prijedordanas.com\/?p=13917<\/a><\/p>\n<p><a href=\"https:\/\/www.prijedordanas.com\/wp-content\/uploads\/2015\/01\/bogojavljenska-litija-najava-3.jpg\"><img loading=\"lazy\" decoding=\"async\" class=\"alignleft size-medium wp-image-13951\" src=\"https:\/\/www.prijedordanas.com\/wp-content\/uploads\/2015\/01\/bogojavljenska-litija-najava-3-300x199.jpg\" alt=\"bogojavljenska litija-najava (3)\" width=\"300\" height=\"199\" srcset=\"https:\/\/www.prijedordanas.com\/wp-content\/uploads\/2015\/01\/bogojavljenska-litija-najava-3-300x199.jpg 300w, https:\/\/www.prijedordanas.com\/wp-content\/uploads\/2015\/01\/bogojavljenska-litija-najava-3.jpg 600w\" sizes=\"(max-width: 300px) 100vw, 300px\" \/><\/a> <a href=\"https:\/\/www.prijedordanas.com\/wp-content\/uploads\/2015\/01\/plivanje-za-krst-casni-2014-1.jpg\"><img loading=\"lazy\" decoding=\"async\" src=\"https:\/\/www.prijedordanas.com\/wp-content\/uploads\/2015\/01\/plivanje-za-krst-casni-2014-1-300x217.jpg\" alt=\"plivanje za krst casni 2014 (1)\" width=\"300\" height=\"217\" class=\"alignleft size-medium wp-image-13910\" srcset=\"https:\/\/www.prijedordanas.com\/wp-content\/uploads\/2015\/01\/plivanje-za-krst-casni-2014-1-300x217.jpg 300w, https:\/\/www.prijedordanas.com\/wp-content\/uploads\/2015\/01\/plivanje-za-krst-casni-2014-1.jpg 600w\" sizes=\"(max-width: 300px) 100vw, 300px\" \/><\/a><\/p>\n","protected":false},"excerpt":{"rendered":"<p>U Prijedoru \u0107e 19. januara, na Bogojavljenje, ponovo biti organizovano plivanje u rijeci Sani za \u010casni krst, a za nastavak ove pravoslavne tradicije, koja je nakon vi\u0161e decenija obnovljena pro\u0161le [&hellip;]<\/p>\n","protected":false},"author":1,"featured_media":0,"comment_status":"closed","ping_status":"open","sticky":false,"template":"","format":"standard","meta":{"_monsterinsights_skip_tracking":false,"_monsterinsights_sitenote_active":false,"_monsterinsights_sitenote_note":"","_monsterinsights_sitenote_category":0,"footnotes":""},"categories":[4],"tags":[],"yoast_head":"<!-- This site is optimized with the Yoast SEO plugin v21.6 - https:\/\/yoast.com\/wordpress\/plugins\/seo\/ -->\n<title>PRIJEDOR: BOGOJAVLJENSKA LITIJA I PLIVANJE ZA KRST \u010cASNI I OVE GODINE - PrijedorDanas.com - Prijedorski gradski portal<\/title>\n<meta name=\"robots\" content=\"index, follow, max-snippet:-1, max-image-preview:large, max-video-preview:-1\" \/>\n<link rel=\"canonical\" href=\"https:\/\/www.prijedordanas.com\/?p=14034\" \/>\n<meta property=\"og:locale\" content=\"en_US\" \/>\n<meta property=\"og:type\" content=\"article\" \/>\n<meta property=\"og:title\" content=\"PRIJEDOR: BOGOJAVLJENSKA LITIJA I PLIVANJE ZA KRST \u010cASNI I OVE GODINE - PrijedorDanas.com - Prijedorski gradski portal\" \/>\n<meta property=\"og:description\" content=\"U Prijedoru \u0107e 19. januara, na Bogojavljenje, ponovo biti organizovano plivanje u rijeci Sani za \u010casni krst, a za nastavak ove pravoslavne tradicije, koja je nakon vi\u0161e decenija obnovljena pro\u0161le [&hellip;]\" \/>\n<meta property=\"og:url\" content=\"https:\/\/www.prijedordanas.com\/?p=14034\" \/>\n<meta property=\"og:site_name\" content=\"PrijedorDanas.com - Prijedorski gradski portal\" \/>\n<meta property=\"article:publisher\" content=\"https:\/\/www.facebook.com\/PrijedorDanasCom\/\" \/>\n<meta property=\"article:published_time\" content=\"2015-01-14T09:08:42+00:00\" \/>\n<meta property=\"og:image\" content=\"https:\/\/www.prijedordanas.com\/wp-content\/uploads\/2015\/01\/bogojavljenska-litija-najava-1-199x300.jpg\" \/>\n<meta name=\"author\" content=\"admin\" \/>\n<meta name=\"twitter:card\" content=\"summary_large_image\" \/>\n<meta name=\"twitter:label1\" content=\"Written by\" \/>\n\t<meta name=\"twitter:data1\" content=\"admin\" \/>\n\t<meta name=\"twitter:label2\" content=\"Est. reading time\" \/>\n\t<meta name=\"twitter:data2\" content=\"2 minutes\" \/>\n<script type=\"application\/ld+json\" class=\"yoast-schema-graph\">{\"@context\":\"https:\/\/schema.org\",\"@graph\":[{\"@type\":\"Article\",\"@id\":\"https:\/\/www.prijedordanas.com\/?p=14034#article\",\"isPartOf\":{\"@id\":\"https:\/\/www.prijedordanas.com\/?p=14034\"},\"author\":{\"name\":\"admin\",\"@id\":\"https:\/\/www.prijedordanas.com\/#\/schema\/person\/4e08ccf29b506ca916ff86d46bb700e6\"},\"headline\":\"PRIJEDOR: BOGOJAVLJENSKA LITIJA I PLIVANJE ZA KRST \u010cASNI I OVE GODINE\",\"datePublished\":\"2015-01-14T09:08:42+00:00\",\"dateModified\":\"2015-01-14T09:08:42+00:00\",\"mainEntityOfPage\":{\"@id\":\"https:\/\/www.prijedordanas.com\/?p=14034\"},\"wordCount\":371,\"publisher\":{\"@id\":\"https:\/\/www.prijedordanas.com\/#organization\"},\"articleSection\":[\"Dru\u0161tvo\"],\"inLanguage\":\"en-US\"},{\"@type\":\"WebPage\",\"@id\":\"https:\/\/www.prijedordanas.com\/?p=14034\",\"url\":\"https:\/\/www.prijedordanas.com\/?p=14034\",\"name\":\"PRIJEDOR: BOGOJAVLJENSKA LITIJA I PLIVANJE ZA KRST \u010cASNI I OVE GODINE - PrijedorDanas.com - Prijedorski gradski portal\",\"isPartOf\":{\"@id\":\"https:\/\/www.prijedordanas.com\/#website\"},\"datePublished\":\"2015-01-14T09:08:42+00:00\",\"dateModified\":\"2015-01-14T09:08:42+00:00\",\"breadcrumb\":{\"@id\":\"https:\/\/www.prijedordanas.com\/?p=14034#breadcrumb\"},\"inLanguage\":\"en-US\",\"potentialAction\":[{\"@type\":\"ReadAction\",\"target\":[\"https:\/\/www.prijedordanas.com\/?p=14034\"]}]},{\"@type\":\"BreadcrumbList\",\"@id\":\"https:\/\/www.prijedordanas.com\/?p=14034#breadcrumb\",\"itemListElement\":[{\"@type\":\"ListItem\",\"position\":1,\"name\":\"Home\",\"item\":\"https:\/\/www.prijedordanas.com\/\"},{\"@type\":\"ListItem\",\"position\":2,\"name\":\"PRIJEDOR: BOGOJAVLJENSKA LITIJA I PLIVANJE ZA KRST \u010cASNI I OVE GODINE\"}]},{\"@type\":\"WebSite\",\"@id\":\"https:\/\/www.prijedordanas.com\/#website\",\"url\":\"https:\/\/www.prijedordanas.com\/\",\"name\":\"PrijedorDanas.com - Prijedorski gradski portal\",\"description\":\"Portal o doga\u0111anjima u gradu Prijedoru\",\"publisher\":{\"@id\":\"https:\/\/www.prijedordanas.com\/#organization\"},\"potentialAction\":[{\"@type\":\"SearchAction\",\"target\":{\"@type\":\"EntryPoint\",\"urlTemplate\":\"https:\/\/www.prijedordanas.com\/?s={search_term_string}\"},\"query-input\":\"required name=search_term_string\"}],\"inLanguage\":\"en-US\"},{\"@type\":\"Organization\",\"@id\":\"https:\/\/www.prijedordanas.com\/#organization\",\"name\":\"PrijedorDanas.com\",\"url\":\"https:\/\/www.prijedordanas.com\/\",\"logo\":{\"@type\":\"ImageObject\",\"inLanguage\":\"en-US\",\"@id\":\"https:\/\/www.prijedordanas.com\/#\/schema\/logo\/image\/\",\"url\":\"http:\/\/www.prijedordanas.com\/wp-content\/uploads\/2021\/12\/logopng.png\",\"contentUrl\":\"http:\/\/www.prijedordanas.com\/wp-content\/uploads\/2021\/12\/logopng.png\",\"width\":1019,\"height\":776,\"caption\":\"PrijedorDanas.com\"},\"image\":{\"@id\":\"https:\/\/www.prijedordanas.com\/#\/schema\/logo\/image\/\"},\"sameAs\":[\"https:\/\/www.facebook.com\/PrijedorDanasCom\/\"]},{\"@type\":\"Person\",\"@id\":\"https:\/\/www.prijedordanas.com\/#\/schema\/person\/4e08ccf29b506ca916ff86d46bb700e6\",\"name\":\"admin\",\"image\":{\"@type\":\"ImageObject\",\"inLanguage\":\"en-US\",\"@id\":\"https:\/\/www.prijedordanas.com\/#\/schema\/person\/image\/\",\"url\":\"https:\/\/secure.gravatar.com\/avatar\/1d3fc949d550f0b53a5f0d51e06dfd79?s=96&d=mm&r=g\",\"contentUrl\":\"https:\/\/secure.gravatar.com\/avatar\/1d3fc949d550f0b53a5f0d51e06dfd79?s=96&d=mm&r=g\",\"caption\":\"admin\"},\"url\":\"https:\/\/www.prijedordanas.com\/?author=1\"}]}<\/script>\n<!-- \/ Yoast SEO plugin. -->","yoast_head_json":{"title":"PRIJEDOR: BOGOJAVLJENSKA LITIJA I PLIVANJE ZA KRST \u010cASNI I OVE GODINE - PrijedorDanas.com - Prijedorski gradski portal","robots":{"index":"index","follow":"follow","max-snippet":"max-snippet:-1","max-image-preview":"max-image-preview:large","max-video-preview":"max-video-preview:-1"},"canonical":"https:\/\/www.prijedordanas.com\/?p=14034","og_locale":"en_US","og_type":"article","og_title":"PRIJEDOR: BOGOJAVLJENSKA LITIJA I PLIVANJE ZA KRST \u010cASNI I OVE GODINE - PrijedorDanas.com - Prijedorski gradski portal","og_description":"U Prijedoru \u0107e 19. januara, na Bogojavljenje, ponovo biti organizovano plivanje u rijeci Sani za \u010casni krst, a za nastavak ove pravoslavne tradicije, koja je nakon vi\u0161e decenija obnovljena pro\u0161le [&hellip;]","og_url":"https:\/\/www.prijedordanas.com\/?p=14034","og_site_name":"PrijedorDanas.com - Prijedorski gradski portal","article_publisher":"https:\/\/www.facebook.com\/PrijedorDanasCom\/","article_published_time":"2015-01-14T09:08:42+00:00","og_image":[{"url":"https:\/\/www.prijedordanas.com\/wp-content\/uploads\/2015\/01\/bogojavljenska-litija-najava-1-199x300.jpg"}],"author":"admin","twitter_card":"summary_large_image","twitter_misc":{"Written by":"admin","Est. reading time":"2 minutes"},"schema":{"@context":"https:\/\/schema.org","@graph":[{"@type":"Article","@id":"https:\/\/www.prijedordanas.com\/?p=14034#article","isPartOf":{"@id":"https:\/\/www.prijedordanas.com\/?p=14034"},"author":{"name":"admin","@id":"https:\/\/www.prijedordanas.com\/#\/schema\/person\/4e08ccf29b506ca916ff86d46bb700e6"},"headline":"PRIJEDOR: BOGOJAVLJENSKA LITIJA I PLIVANJE ZA KRST \u010cASNI I OVE GODINE","datePublished":"2015-01-14T09:08:42+00:00","dateModified":"2015-01-14T09:08:42+00:00","mainEntityOfPage":{"@id":"https:\/\/www.prijedordanas.com\/?p=14034"},"wordCount":371,"publisher":{"@id":"https:\/\/www.prijedordanas.com\/#organization"},"articleSection":["Dru\u0161tvo"],"inLanguage":"en-US"},{"@type":"WebPage","@id":"https:\/\/www.prijedordanas.com\/?p=14034","url":"https:\/\/www.prijedordanas.com\/?p=14034","name":"PRIJEDOR: BOGOJAVLJENSKA LITIJA I PLIVANJE ZA KRST \u010cASNI I OVE GODINE - PrijedorDanas.com - Prijedorski gradski portal","isPartOf":{"@id":"https:\/\/www.prijedordanas.com\/#website"},"datePublished":"2015-01-14T09:08:42+00:00","dateModified":"2015-01-14T09:08:42+00:00","breadcrumb":{"@id":"https:\/\/www.prijedordanas.com\/?p=14034#breadcrumb"},"inLanguage":"en-US","potentialAction":[{"@type":"ReadAction","target":["https:\/\/www.prijedordanas.com\/?p=14034"]}]},{"@type":"BreadcrumbList","@id":"https:\/\/www.prijedordanas.com\/?p=14034#breadcrumb","itemListElement":[{"@type":"ListItem","position":1,"name":"Home","item":"https:\/\/www.prijedordanas.com\/"},{"@type":"ListItem","position":2,"name":"PRIJEDOR: BOGOJAVLJENSKA LITIJA I PLIVANJE ZA KRST \u010cASNI I OVE GODINE"}]},{"@type":"WebSite","@id":"https:\/\/www.prijedordanas.com\/#website","url":"https:\/\/www.prijedordanas.com\/","name":"PrijedorDanas.com - Prijedorski gradski portal","description":"Portal o doga\u0111anjima u gradu Prijedoru","publisher":{"@id":"https:\/\/www.prijedordanas.com\/#organization"},"potentialAction":[{"@type":"SearchAction","target":{"@type":"EntryPoint","urlTemplate":"https:\/\/www.prijedordanas.com\/?s={search_term_string}"},"query-input":"required name=search_term_string"}],"inLanguage":"en-US"},{"@type":"Organization","@id":"https:\/\/www.prijedordanas.com\/#organization","name":"PrijedorDanas.com","url":"https:\/\/www.prijedordanas.com\/","logo":{"@type":"ImageObject","inLanguage":"en-US","@id":"https:\/\/www.prijedordanas.com\/#\/schema\/logo\/image\/","url":"http:\/\/www.prijedordanas.com\/wp-content\/uploads\/2021\/12\/logopng.png","contentUrl":"http:\/\/www.prijedordanas.com\/wp-content\/uploads\/2021\/12\/logopng.png","width":1019,"height":776,"caption":"PrijedorDanas.com"},"image":{"@id":"https:\/\/www.prijedordanas.com\/#\/schema\/logo\/image\/"},"sameAs":["https:\/\/www.facebook.com\/PrijedorDanasCom\/"]},{"@type":"Person","@id":"https:\/\/www.prijedordanas.com\/#\/schema\/person\/4e08ccf29b506ca916ff86d46bb700e6","name":"admin","image":{"@type":"ImageObject","inLanguage":"en-US","@id":"https:\/\/www.prijedordanas.com\/#\/schema\/person\/image\/","url":"https:\/\/secure.gravatar.com\/avatar\/1d3fc949d550f0b53a5f0d51e06dfd79?s=96&d=mm&r=g","contentUrl":"https:\/\/secure.gravatar.com\/avatar\/1d3fc949d550f0b53a5f0d51e06dfd79?s=96&d=mm&r=g","caption":"admin"},"url":"https:\/\/www.prijedordanas.com\/?author=1"}]}},"_links":{"self":[{"href":"https:\/\/www.prijedordanas.com\/index.php?rest_route=\/wp\/v2\/posts\/14034"}],"collection":[{"href":"https:\/\/www.prijedordanas.com\/index.php?rest_route=\/wp\/v2\/posts"}],"about":[{"href":"https:\/\/www.prijedordanas.com\/index.php?rest_route=\/wp\/v2\/types\/post"}],"author":[{"embeddable":true,"href":"https:\/\/www.prijedordanas.com\/index.php?rest_route=\/wp\/v2\/users\/1"}],"replies":[{"embeddable":true,"href":"https:\/\/www.prijedordanas.com\/index.php?rest_route=%2Fwp%2Fv2%2Fcomments&post=14034"}],"version-history":[{"count":1,"href":"https:\/\/www.prijedordanas.com\/index.php?rest_route=\/wp\/v2\/posts\/14034\/revisions"}],"predecessor-version":[{"id":14035,"href":"https:\/\/www.prijedordanas.com\/index.php?rest_route=\/wp\/v2\/posts\/14034\/revisions\/14035"}],"wp:attachment":[{"href":"https:\/\/www.prijedordanas.com\/index.php?rest_route=%2Fwp%2Fv2%2Fmedia&parent=14034"}],"wp:term":[{"taxonomy":"category","embeddable":true,"href":"https:\/\/www.prijedordanas.com\/index.php?rest_route=%2Fwp%2Fv2%2Fcategories&post=14034"},{"taxonomy":"post_tag","embeddable":true,"href":"https:\/\/www.prijedordanas.com\/index.php?rest_route=%2Fwp%2Fv2%2Ftags&post=14034"}],"curies":[{"name":"wp","href":"https:\/\/api.w.org\/{rel}","templated":true}]}}