{"id":14032,"date":"2015-01-14T09:59:55","date_gmt":"2015-01-14T08:59:55","guid":{"rendered":"https:\/\/www.prijedordanas.com\/?p=14032"},"modified":"2015-01-14T09:59:55","modified_gmt":"2015-01-14T08:59:55","slug":"grad-prijedor-za-razvojne-projekte-i-podsticaje-zaposljavanja-oko-420-000-km","status":"publish","type":"post","link":"https:\/\/www.prijedordanas.com\/?p=14032","title":{"rendered":"GRAD PRIJEDOR: ZA RAZVOJNE PROJEKTE I PODSTICAJE ZAPO\u0160LJAVANJA OKO 420.000 KM"},"content":{"rendered":"<p><a href=\"https:\/\/www.prijedordanas.com\/wp-content\/uploads\/2015\/01\/gradska-uprava.jpg\"><img loading=\"lazy\" decoding=\"async\" src=\"https:\/\/www.prijedordanas.com\/wp-content\/uploads\/2015\/01\/gradska-uprava-300x182.jpg\" alt=\"gradska uprava\" width=\"300\" height=\"182\" class=\"alignleft size-medium wp-image-14030\" srcset=\"https:\/\/www.prijedordanas.com\/wp-content\/uploads\/2015\/01\/gradska-uprava-300x182.jpg 300w, https:\/\/www.prijedordanas.com\/wp-content\/uploads\/2015\/01\/gradska-uprava.jpg 600w\" sizes=\"(max-width: 300px) 100vw, 300px\" \/><\/a>U bud\u017eetu grada Prijedora za 2015. godinu za podsticaje zapo\u0161ljavanja namijenjeno je 418.250 KM ili za desetak hiljada vi\u0161e nego lani.<\/p>\n<p>Za direktno podsticanje zapo\u0161ljavanja i samozapo\u0161ljavanja namijenjeno je 185.000 KM, za subvencionisanje kamata preko Fondacije za razvoj 120.000 KM, a za programe podr\u0161ke podizanju staklenika, plastenika, \u0161tala i novih zasada vo\u0107a 40.000 KM. <\/p>\n<p>Za zapo\u0161ljavanje mladih sa visokom stru\u010dnom spremom planirano je 17.000 KM, za podr\u0161ku poslovnim udru\u017eenjima i klasterima 15.000 KM, a za programe obuke 14.500 KM. <\/p>\n<p>Za uvo\u0111enje standarda kvaliteta predvi\u0111eno je 12.250 KM, za preduzetni\u010dke inicijative \u017eena 8.500 KM, za stru\u010dne usluge 5.000 KM, a za promociju privrednih potencijala grada 1.000 KM. <\/p>\n<p>S ciljem privla\u010denja investitora iz gradskog bud\u017eeta se godinama finansira osnivanje, infrastruktura i ure\u0111enje poslovnih zona. U 2013. godini za te namjene bilo je predvi\u0111eno 247.500 KM, lani 110.000 KM, a u ovoj godini 50.000 KM. <\/p>\n<p>Strategijom razvoja Prijedora predvi\u0111eno je osnivanje pet industrijskih zona, od kojih je do sada u cjelosti za\u017eivjela jedna &#8211; ona u krugu biv\u0161e fabrike &#8220;Celpak&#8221;. <\/p>\n<p>Bud\u017eet grada Prijedora za 2015. godinu planiran je u iznosu 34.024.410 KM. <\/p>\n<p>Tekst \u2013 SRNA<br \/>\nFoto \u2013 Aleksandar Drakuli\u0107 \u2013 www.prijedordanas.com<\/p>\n","protected":false},"excerpt":{"rendered":"<p>U bud\u017eetu grada Prijedora za 2015. godinu za podsticaje zapo\u0161ljavanja namijenjeno je 418.250 KM ili za desetak hiljada vi\u0161e nego lani. Za direktno podsticanje zapo\u0161ljavanja i samozapo\u0161ljavanja namijenjeno je 185.000 [&hellip;]<\/p>\n","protected":false},"author":1,"featured_media":0,"comment_status":"closed","ping_status":"open","sticky":false,"template":"","format":"standard","meta":{"_monsterinsights_skip_tracking":false,"_monsterinsights_sitenote_active":false,"_monsterinsights_sitenote_note":"","_monsterinsights_sitenote_category":0,"footnotes":""},"categories":[8],"tags":[],"yoast_head":"<!-- This site is optimized with the Yoast SEO plugin v21.6 - https:\/\/yoast.com\/wordpress\/plugins\/seo\/ -->\n<title>GRAD PRIJEDOR: ZA RAZVOJNE PROJEKTE I PODSTICAJE ZAPO\u0160LJAVANJA OKO 420.000 KM - PrijedorDanas.com - Prijedorski gradski portal<\/title>\n<meta name=\"robots\" content=\"index, follow, max-snippet:-1, max-image-preview:large, max-video-preview:-1\" \/>\n<link rel=\"canonical\" href=\"https:\/\/www.prijedordanas.com\/?p=14032\" \/>\n<meta property=\"og:locale\" content=\"en_US\" \/>\n<meta property=\"og:type\" content=\"article\" \/>\n<meta property=\"og:title\" content=\"GRAD PRIJEDOR: ZA RAZVOJNE PROJEKTE I PODSTICAJE ZAPO\u0160LJAVANJA OKO 420.000 KM - PrijedorDanas.com - Prijedorski gradski portal\" \/>\n<meta property=\"og:description\" content=\"U bud\u017eetu grada Prijedora za 2015. godinu za podsticaje zapo\u0161ljavanja namijenjeno je 418.250 KM ili za desetak hiljada vi\u0161e nego lani. Za direktno podsticanje zapo\u0161ljavanja i samozapo\u0161ljavanja namijenjeno je 185.000 [&hellip;]\" \/>\n<meta property=\"og:url\" content=\"https:\/\/www.prijedordanas.com\/?p=14032\" \/>\n<meta property=\"og:site_name\" content=\"PrijedorDanas.com - Prijedorski gradski portal\" \/>\n<meta property=\"article:publisher\" content=\"https:\/\/www.facebook.com\/PrijedorDanasCom\/\" \/>\n<meta property=\"article:published_time\" content=\"2015-01-14T08:59:55+00:00\" \/>\n<meta property=\"og:image\" content=\"https:\/\/www.prijedordanas.com\/wp-content\/uploads\/2015\/01\/gradska-uprava-300x182.jpg\" \/>\n<meta name=\"author\" content=\"admin\" \/>\n<meta name=\"twitter:card\" content=\"summary_large_image\" \/>\n<meta name=\"twitter:label1\" content=\"Written by\" \/>\n\t<meta name=\"twitter:data1\" content=\"admin\" \/>\n\t<meta name=\"twitter:label2\" content=\"Est. reading time\" \/>\n\t<meta name=\"twitter:data2\" content=\"1 minute\" \/>\n<script type=\"application\/ld+json\" class=\"yoast-schema-graph\">{\"@context\":\"https:\/\/schema.org\",\"@graph\":[{\"@type\":\"Article\",\"@id\":\"https:\/\/www.prijedordanas.com\/?p=14032#article\",\"isPartOf\":{\"@id\":\"https:\/\/www.prijedordanas.com\/?p=14032\"},\"author\":{\"name\":\"admin\",\"@id\":\"https:\/\/www.prijedordanas.com\/#\/schema\/person\/4e08ccf29b506ca916ff86d46bb700e6\"},\"headline\":\"GRAD PRIJEDOR: ZA RAZVOJNE PROJEKTE I PODSTICAJE ZAPO\u0160LJAVANJA OKO 420.000 KM\",\"datePublished\":\"2015-01-14T08:59:55+00:00\",\"dateModified\":\"2015-01-14T08:59:55+00:00\",\"mainEntityOfPage\":{\"@id\":\"https:\/\/www.prijedordanas.com\/?p=14032\"},\"wordCount\":203,\"publisher\":{\"@id\":\"https:\/\/www.prijedordanas.com\/#organization\"},\"articleSection\":[\"Svakodnevno\"],\"inLanguage\":\"en-US\"},{\"@type\":\"WebPage\",\"@id\":\"https:\/\/www.prijedordanas.com\/?p=14032\",\"url\":\"https:\/\/www.prijedordanas.com\/?p=14032\",\"name\":\"GRAD PRIJEDOR: ZA RAZVOJNE PROJEKTE I PODSTICAJE ZAPO\u0160LJAVANJA OKO 420.000 KM - PrijedorDanas.com - Prijedorski gradski portal\",\"isPartOf\":{\"@id\":\"https:\/\/www.prijedordanas.com\/#website\"},\"datePublished\":\"2015-01-14T08:59:55+00:00\",\"dateModified\":\"2015-01-14T08:59:55+00:00\",\"breadcrumb\":{\"@id\":\"https:\/\/www.prijedordanas.com\/?p=14032#breadcrumb\"},\"inLanguage\":\"en-US\",\"potentialAction\":[{\"@type\":\"ReadAction\",\"target\":[\"https:\/\/www.prijedordanas.com\/?p=14032\"]}]},{\"@type\":\"BreadcrumbList\",\"@id\":\"https:\/\/www.prijedordanas.com\/?p=14032#breadcrumb\",\"itemListElement\":[{\"@type\":\"ListItem\",\"position\":1,\"name\":\"Home\",\"item\":\"https:\/\/www.prijedordanas.com\/\"},{\"@type\":\"ListItem\",\"position\":2,\"name\":\"GRAD PRIJEDOR: ZA RAZVOJNE PROJEKTE I PODSTICAJE ZAPO\u0160LJAVANJA OKO 420.000 KM\"}]},{\"@type\":\"WebSite\",\"@id\":\"https:\/\/www.prijedordanas.com\/#website\",\"url\":\"https:\/\/www.prijedordanas.com\/\",\"name\":\"PrijedorDanas.com - Prijedorski gradski portal\",\"description\":\"Portal o doga\u0111anjima u gradu Prijedoru\",\"publisher\":{\"@id\":\"https:\/\/www.prijedordanas.com\/#organization\"},\"potentialAction\":[{\"@type\":\"SearchAction\",\"target\":{\"@type\":\"EntryPoint\",\"urlTemplate\":\"https:\/\/www.prijedordanas.com\/?s={search_term_string}\"},\"query-input\":\"required name=search_term_string\"}],\"inLanguage\":\"en-US\"},{\"@type\":\"Organization\",\"@id\":\"https:\/\/www.prijedordanas.com\/#organization\",\"name\":\"PrijedorDanas.com\",\"url\":\"https:\/\/www.prijedordanas.com\/\",\"logo\":{\"@type\":\"ImageObject\",\"inLanguage\":\"en-US\",\"@id\":\"https:\/\/www.prijedordanas.com\/#\/schema\/logo\/image\/\",\"url\":\"http:\/\/www.prijedordanas.com\/wp-content\/uploads\/2021\/12\/logopng.png\",\"contentUrl\":\"http:\/\/www.prijedordanas.com\/wp-content\/uploads\/2021\/12\/logopng.png\",\"width\":1019,\"height\":776,\"caption\":\"PrijedorDanas.com\"},\"image\":{\"@id\":\"https:\/\/www.prijedordanas.com\/#\/schema\/logo\/image\/\"},\"sameAs\":[\"https:\/\/www.facebook.com\/PrijedorDanasCom\/\"]},{\"@type\":\"Person\",\"@id\":\"https:\/\/www.prijedordanas.com\/#\/schema\/person\/4e08ccf29b506ca916ff86d46bb700e6\",\"name\":\"admin\",\"image\":{\"@type\":\"ImageObject\",\"inLanguage\":\"en-US\",\"@id\":\"https:\/\/www.prijedordanas.com\/#\/schema\/person\/image\/\",\"url\":\"https:\/\/secure.gravatar.com\/avatar\/1d3fc949d550f0b53a5f0d51e06dfd79?s=96&d=mm&r=g\",\"contentUrl\":\"https:\/\/secure.gravatar.com\/avatar\/1d3fc949d550f0b53a5f0d51e06dfd79?s=96&d=mm&r=g\",\"caption\":\"admin\"},\"url\":\"https:\/\/www.prijedordanas.com\/?author=1\"}]}<\/script>\n<!-- \/ Yoast SEO plugin. -->","yoast_head_json":{"title":"GRAD PRIJEDOR: ZA RAZVOJNE PROJEKTE I PODSTICAJE ZAPO\u0160LJAVANJA OKO 420.000 KM - PrijedorDanas.com - Prijedorski gradski portal","robots":{"index":"index","follow":"follow","max-snippet":"max-snippet:-1","max-image-preview":"max-image-preview:large","max-video-preview":"max-video-preview:-1"},"canonical":"https:\/\/www.prijedordanas.com\/?p=14032","og_locale":"en_US","og_type":"article","og_title":"GRAD PRIJEDOR: ZA RAZVOJNE PROJEKTE I PODSTICAJE ZAPO\u0160LJAVANJA OKO 420.000 KM - PrijedorDanas.com - Prijedorski gradski portal","og_description":"U bud\u017eetu grada Prijedora za 2015. godinu za podsticaje zapo\u0161ljavanja namijenjeno je 418.250 KM ili za desetak hiljada vi\u0161e nego lani. Za direktno podsticanje zapo\u0161ljavanja i samozapo\u0161ljavanja namijenjeno je 185.000 [&hellip;]","og_url":"https:\/\/www.prijedordanas.com\/?p=14032","og_site_name":"PrijedorDanas.com - Prijedorski gradski portal","article_publisher":"https:\/\/www.facebook.com\/PrijedorDanasCom\/","article_published_time":"2015-01-14T08:59:55+00:00","og_image":[{"url":"https:\/\/www.prijedordanas.com\/wp-content\/uploads\/2015\/01\/gradska-uprava-300x182.jpg"}],"author":"admin","twitter_card":"summary_large_image","twitter_misc":{"Written by":"admin","Est. reading time":"1 minute"},"schema":{"@context":"https:\/\/schema.org","@graph":[{"@type":"Article","@id":"https:\/\/www.prijedordanas.com\/?p=14032#article","isPartOf":{"@id":"https:\/\/www.prijedordanas.com\/?p=14032"},"author":{"name":"admin","@id":"https:\/\/www.prijedordanas.com\/#\/schema\/person\/4e08ccf29b506ca916ff86d46bb700e6"},"headline":"GRAD PRIJEDOR: ZA RAZVOJNE PROJEKTE I PODSTICAJE ZAPO\u0160LJAVANJA OKO 420.000 KM","datePublished":"2015-01-14T08:59:55+00:00","dateModified":"2015-01-14T08:59:55+00:00","mainEntityOfPage":{"@id":"https:\/\/www.prijedordanas.com\/?p=14032"},"wordCount":203,"publisher":{"@id":"https:\/\/www.prijedordanas.com\/#organization"},"articleSection":["Svakodnevno"],"inLanguage":"en-US"},{"@type":"WebPage","@id":"https:\/\/www.prijedordanas.com\/?p=14032","url":"https:\/\/www.prijedordanas.com\/?p=14032","name":"GRAD PRIJEDOR: ZA RAZVOJNE PROJEKTE I PODSTICAJE ZAPO\u0160LJAVANJA OKO 420.000 KM - PrijedorDanas.com - Prijedorski gradski portal","isPartOf":{"@id":"https:\/\/www.prijedordanas.com\/#website"},"datePublished":"2015-01-14T08:59:55+00:00","dateModified":"2015-01-14T08:59:55+00:00","breadcrumb":{"@id":"https:\/\/www.prijedordanas.com\/?p=14032#breadcrumb"},"inLanguage":"en-US","potentialAction":[{"@type":"ReadAction","target":["https:\/\/www.prijedordanas.com\/?p=14032"]}]},{"@type":"BreadcrumbList","@id":"https:\/\/www.prijedordanas.com\/?p=14032#breadcrumb","itemListElement":[{"@type":"ListItem","position":1,"name":"Home","item":"https:\/\/www.prijedordanas.com\/"},{"@type":"ListItem","position":2,"name":"GRAD PRIJEDOR: ZA RAZVOJNE PROJEKTE I PODSTICAJE ZAPO\u0160LJAVANJA OKO 420.000 KM"}]},{"@type":"WebSite","@id":"https:\/\/www.prijedordanas.com\/#website","url":"https:\/\/www.prijedordanas.com\/","name":"PrijedorDanas.com - Prijedorski gradski portal","description":"Portal o doga\u0111anjima u gradu Prijedoru","publisher":{"@id":"https:\/\/www.prijedordanas.com\/#organization"},"potentialAction":[{"@type":"SearchAction","target":{"@type":"EntryPoint","urlTemplate":"https:\/\/www.prijedordanas.com\/?s={search_term_string}"},"query-input":"required name=search_term_string"}],"inLanguage":"en-US"},{"@type":"Organization","@id":"https:\/\/www.prijedordanas.com\/#organization","name":"PrijedorDanas.com","url":"https:\/\/www.prijedordanas.com\/","logo":{"@type":"ImageObject","inLanguage":"en-US","@id":"https:\/\/www.prijedordanas.com\/#\/schema\/logo\/image\/","url":"http:\/\/www.prijedordanas.com\/wp-content\/uploads\/2021\/12\/logopng.png","contentUrl":"http:\/\/www.prijedordanas.com\/wp-content\/uploads\/2021\/12\/logopng.png","width":1019,"height":776,"caption":"PrijedorDanas.com"},"image":{"@id":"https:\/\/www.prijedordanas.com\/#\/schema\/logo\/image\/"},"sameAs":["https:\/\/www.facebook.com\/PrijedorDanasCom\/"]},{"@type":"Person","@id":"https:\/\/www.prijedordanas.com\/#\/schema\/person\/4e08ccf29b506ca916ff86d46bb700e6","name":"admin","image":{"@type":"ImageObject","inLanguage":"en-US","@id":"https:\/\/www.prijedordanas.com\/#\/schema\/person\/image\/","url":"https:\/\/secure.gravatar.com\/avatar\/1d3fc949d550f0b53a5f0d51e06dfd79?s=96&d=mm&r=g","contentUrl":"https:\/\/secure.gravatar.com\/avatar\/1d3fc949d550f0b53a5f0d51e06dfd79?s=96&d=mm&r=g","caption":"admin"},"url":"https:\/\/www.prijedordanas.com\/?author=1"}]}},"_links":{"self":[{"href":"https:\/\/www.prijedordanas.com\/index.php?rest_route=\/wp\/v2\/posts\/14032"}],"collection":[{"href":"https:\/\/www.prijedordanas.com\/index.php?rest_route=\/wp\/v2\/posts"}],"about":[{"href":"https:\/\/www.prijedordanas.com\/index.php?rest_route=\/wp\/v2\/types\/post"}],"author":[{"embeddable":true,"href":"https:\/\/www.prijedordanas.com\/index.php?rest_route=\/wp\/v2\/users\/1"}],"replies":[{"embeddable":true,"href":"https:\/\/www.prijedordanas.com\/index.php?rest_route=%2Fwp%2Fv2%2Fcomments&post=14032"}],"version-history":[{"count":1,"href":"https:\/\/www.prijedordanas.com\/index.php?rest_route=\/wp\/v2\/posts\/14032\/revisions"}],"predecessor-version":[{"id":14033,"href":"https:\/\/www.prijedordanas.com\/index.php?rest_route=\/wp\/v2\/posts\/14032\/revisions\/14033"}],"wp:attachment":[{"href":"https:\/\/www.prijedordanas.com\/index.php?rest_route=%2Fwp%2Fv2%2Fmedia&parent=14032"}],"wp:term":[{"taxonomy":"category","embeddable":true,"href":"https:\/\/www.prijedordanas.com\/index.php?rest_route=%2Fwp%2Fv2%2Fcategories&post=14032"},{"taxonomy":"post_tag","embeddable":true,"href":"https:\/\/www.prijedordanas.com\/index.php?rest_route=%2Fwp%2Fv2%2Ftags&post=14032"}],"curies":[{"name":"wp","href":"https:\/\/api.w.org\/{rel}","templated":true}]}}