{"id":140298,"date":"2020-01-12T10:40:08","date_gmt":"2020-01-12T09:40:08","guid":{"rendered":"https:\/\/www.prijedordanas.com\/?p=140298"},"modified":"2020-01-12T10:40:08","modified_gmt":"2020-01-12T09:40:08","slug":"u-interpolovoj-evidenciji-nestalih-i-14-drzavljana-bih-prijedorcanka-nestala-prije-10-godina-foto","status":"publish","type":"post","link":"https:\/\/www.prijedordanas.com\/?p=140298","title":{"rendered":"U Interpolovoj evidenciji nestalih i 14 dr\u017eavljana BiH: Prijedor\u010danka nestala prije 10 godina &#8211; FOTO"},"content":{"rendered":"<p><a href=\"https:\/\/www.prijedordanas.com\/wp-content\/uploads\/2020\/01\/interpol-dijana-zelic.jpg\"><img loading=\"lazy\" decoding=\"async\" class=\"alignleft size-medium wp-image-140295\" src=\"https:\/\/www.prijedordanas.com\/wp-content\/uploads\/2020\/01\/interpol-dijana-zelic-300x272.jpg\" alt=\"\" width=\"300\" height=\"272\" srcset=\"https:\/\/www.prijedordanas.com\/wp-content\/uploads\/2020\/01\/interpol-dijana-zelic-300x272.jpg 300w, https:\/\/www.prijedordanas.com\/wp-content\/uploads\/2020\/01\/interpol-dijana-zelic.jpg 600w\" sizes=\"(max-width: 300px) 100vw, 300px\" \/><\/a>U Interpolovoj evidenciji nestalih lica trenutno je i 14 dr\u017eavljana BiH koji zasad nisu prona\u0111eni, a za nekima od njih se traga i skoro \u010detiri decenije.<\/p>\n<p>Porodice nestalih ni do danas nisu odustale od potrage za njima i svakim telefonskim pozivom se nadaju da bi to mogao biti novi trag koji vodi ka njihovim najmilijima.<\/p>\n<p>Neki su nestali kao djeca, \u0161to je ostavilo jaku bol u srcima najmilijih.<\/p>\n<p>Darko Stan\u010devi\u0107<\/p>\n<p>Ovo je osoba za kojom se prema pomenutim podacima najdu\u017ee traga i iz Mostara je, a nestao je sada ve\u0107 davne 1982. godine, kada je imao svega dvije godine i osam mjeseci.<\/p>\n<p>Darko je, naime, nestao ispred djedove ku\u0107e u Rudarskoj ulici u Mostaru.<\/p>\n<p>Kako je ranije objavljeno u medijima, baka, koja je minut ranije u\u0161la u ku\u0107u, iza\u0161la je van kako bi potra\u017eila dje\u010daka, ali njega nigdje nije bilo.<\/p>\n<p><a href=\"https:\/\/www.prijedordanas.com\/wp-content\/uploads\/2020\/01\/dijana-zelic-1.jpg\"><img loading=\"lazy\" decoding=\"async\" class=\"alignleft size-medium wp-image-140299\" src=\"https:\/\/www.prijedordanas.com\/wp-content\/uploads\/2020\/01\/dijana-zelic-1-300x172.jpg\" alt=\"\" width=\"300\" height=\"172\" srcset=\"https:\/\/www.prijedordanas.com\/wp-content\/uploads\/2020\/01\/dijana-zelic-1-300x172.jpg 300w, https:\/\/www.prijedordanas.com\/wp-content\/uploads\/2020\/01\/dijana-zelic-1.jpg 500w\" sizes=\"(max-width: 300px) 100vw, 300px\" \/><\/a>Dijana Zeli\u0107<\/p>\n<p>Bankarska slu\u017ebenica iz Prijedora je nestala prije deset godina iz stana u kojem je \u017eivjela sa majkom i mla\u0111im sinom, a njen nestanak je prijavila njena sestra Dubravka Had\u017eikuni\u0107, koja \u017eivi u Sarajevu.<\/p>\n<p>Dragoljub Misimovi\u0107<\/p>\n<p>Ovaj nestali je iz Gradi\u0161ke, a nestao je prije \u010detiri godine i od tada njegova porodica uporno poku\u0161ava da ga prona\u0111e. Misimovi\u0107u se, nakon \u0161to je 21. decembra 2015. godine iza\u0161ao iz \u0161kole, gubi svaki trag.<\/p>\n<p>Porodica mladog gimnazijalca svaki dan poku\u0161ava da ga prona\u0111e, a u toku potrage su dobili i mnogo la\u017enih informacija.<\/p>\n<p>\u017deljka Stevanovi\u0107<\/p>\n<p>Banjalu\u010danki, majci troje djece, svaki trag se izgubio 8. marta 2018. godine, kada je iza\u0161la iz roditeljske ku\u0107e, a sa sobom je ponijela li\u010dnu kartu i zdravstvenu knji\u017eicu.<\/p>\n<p><a href=\"https:\/\/www.prijedordanas.com\/wp-content\/uploads\/2020\/01\/nezavisne-interpol-nestali.jpg\"><img loading=\"lazy\" decoding=\"async\" class=\"alignleft size-medium wp-image-140296\" src=\"https:\/\/www.prijedordanas.com\/wp-content\/uploads\/2020\/01\/nezavisne-interpol-nestali-300x222.jpg\" alt=\"\" width=\"300\" height=\"222\" srcset=\"https:\/\/www.prijedordanas.com\/wp-content\/uploads\/2020\/01\/nezavisne-interpol-nestali-300x222.jpg 300w, https:\/\/www.prijedordanas.com\/wp-content\/uploads\/2020\/01\/nezavisne-interpol-nestali.jpg 675w\" sizes=\"(max-width: 300px) 100vw, 300px\" \/><\/a>Goran Simi\u0107<\/p>\n<p>Ovaj Banjalu\u010danin nestao je 5. avgusta 2014. godine za vrijeme poplava koje su pogodile Banjaluku. Njegovo vozilo mercedes 190 prona\u0111eno je u Ulici Koste Jari\u0107a u banjalu\u010dkom naselju Star\u010devica.<\/p>\n<p>Amela Belki\u0107<\/p>\n<p>Ona se prije vi\u0161e od dvije godine posljednji put telefonom \u010dula sa svojom sestrom, otkada je netragom nestala. Belki\u0107eva se iz Br\u010dkog zaputila prema Tuzli, otkada joj se gubi svaki trag.<\/p>\n<p>Kako stoji u Interpolovoj evidenciji, Belki\u0107eva ima tetova\u017eu dolara na stomaku, tribal na le\u0111ima, tetova\u017eu u obliku suze na lijevoj strani grudnog ko\u0161a, dok na lijevom ramenu ima tetova\u017eu s natpisom: &#8220;Pro\u0161la sam kroz pakao, otvorite mi vrata raja.&#8221;<\/p>\n<p>Dalibor Milanovi\u0107<\/p>\n<p>Mostarac je nestao 28. februara 2014. godine i to iz centra Mostara i usred dana, a porodica je o Milanovi\u0107u do sada dobila i puno la\u017enih informacija.<\/p>\n<p>Ismail Davud Me\u0161inovi\u0107<\/p>\n<p>On je nestao kada je imao dvije godine, odnosno kako se navodi u Interpolovim podacima, 15. decembra 2013. godine.<\/p>\n<p>Njegov otac Ismar Me\u0161inovi\u0107 poginuo je na rati\u0161tu u Siriji, a porodica sumnja da je i sina odveo sa sobom, nakon \u0161to se rastao sa djetetovom majkom.<\/p>\n<p>Adem \u010comor<\/p>\n<p>Biv\u0161i policajac i direktor KPZ-a iz Mostara nestao je prije skoro \u0161est godina, kada je posljednji put vi\u0111en kako u ranim jutarnjim \u010dasovima napu\u0161ta porodi\u010dnu ku\u0107u u Balinovcu.<\/p>\n<p>Ivan Vegar<\/p>\n<p>On je iz Ljubu\u0161kog, iz svoje porodi\u010dne ku\u0107e u Va\u0161arovi\u0107ima u ovoj op\u0161tini, oti\u0161ao u no\u0107i na 7. april 2004. godine, u nepoznatom smjeru.<\/p>\n<p>Potraga za njim raspisana je 13. aprila 2004. godine, a od 7. juna 2005. godine nalazi se u Interpolovoj bazi nestalih lica.<\/p>\n<p>Inga Perkovi\u0107<\/p>\n<p>Nestala je u oktobru 2006. godine, kada je iz sela Potok, kod Livna, krenula u \u0161kolu po knji\u017eicu i nikad se nije vratila ku\u0107i.<\/p>\n<p>Jadranko Gabri\u0107<\/p>\n<p>On je nestao u Sarajevu 1999. godine, kada je imao 43 godine, a ve\u0107 20. godina mu nema nikakvog traga.<\/p>\n<p>Temaj Astrit<\/p>\n<p>Ovaj bh. dr\u017eavljanin je nestao 12. oktobra 2016. u Nik\u0161i\u0107u, a u vrijeme nestanka imao je 24 godine.<\/p>\n<p>Mladen Pej\u010di\u0107<\/p>\n<p>Ovaj mu\u0161karac iz Bijeljine nestao je u avgustu 2019. godine u mjestu Ra\u010da, kod Bijeljine, i od tada mu se gubi svaki trag.<\/p>\n<p>Nezavisne novine-nezavisne.com<\/p>\n<p><a href=\"https:\/\/www.prijedordanas.com\/wp-content\/uploads\/2020\/01\/dijana-zelic-2.jpg\"><img loading=\"lazy\" decoding=\"async\" class=\"alignleft size-medium wp-image-140300\" src=\"https:\/\/www.prijedordanas.com\/wp-content\/uploads\/2020\/01\/dijana-zelic-2-245x300.jpg\" alt=\"\" width=\"245\" height=\"300\" srcset=\"https:\/\/www.prijedordanas.com\/wp-content\/uploads\/2020\/01\/dijana-zelic-2-245x300.jpg 245w, https:\/\/www.prijedordanas.com\/wp-content\/uploads\/2020\/01\/dijana-zelic-2.jpg 326w\" sizes=\"(max-width: 245px) 100vw, 245px\" \/><\/a><\/p>\n","protected":false},"excerpt":{"rendered":"<p>U Interpolovoj evidenciji nestalih lica trenutno je i 14 dr\u017eavljana BiH koji zasad nisu prona\u0111eni, a za nekima od njih se traga i skoro \u010detiri decenije. Porodice nestalih ni do [&hellip;]<\/p>\n","protected":false},"author":1,"featured_media":0,"comment_status":"closed","ping_status":"open","sticky":false,"template":"","format":"standard","meta":{"_monsterinsights_skip_tracking":false,"_monsterinsights_sitenote_active":false,"_monsterinsights_sitenote_note":"","_monsterinsights_sitenote_category":0,"footnotes":""},"categories":[5],"tags":[2615,639,2991],"yoast_head":"<!-- This site is optimized with the Yoast SEO plugin v21.6 - https:\/\/yoast.com\/wordpress\/plugins\/seo\/ -->\n<title>U Interpolovoj evidenciji nestalih i 14 dr\u017eavljana BiH: Prijedor\u010danka nestala prije 10 godina - FOTO - PrijedorDanas.com - Prijedorski gradski portal<\/title>\n<meta name=\"robots\" content=\"index, follow, max-snippet:-1, max-image-preview:large, max-video-preview:-1\" \/>\n<link rel=\"canonical\" href=\"https:\/\/www.prijedordanas.com\/?p=140298\" \/>\n<meta property=\"og:locale\" content=\"en_US\" \/>\n<meta property=\"og:type\" content=\"article\" \/>\n<meta property=\"og:title\" content=\"U Interpolovoj evidenciji nestalih i 14 dr\u017eavljana BiH: Prijedor\u010danka nestala prije 10 godina - FOTO - PrijedorDanas.com - Prijedorski gradski portal\" \/>\n<meta property=\"og:description\" content=\"U Interpolovoj evidenciji nestalih lica trenutno je i 14 dr\u017eavljana BiH koji zasad nisu prona\u0111eni, a za nekima od njih se traga i skoro \u010detiri decenije. Porodice nestalih ni do [&hellip;]\" \/>\n<meta property=\"og:url\" content=\"https:\/\/www.prijedordanas.com\/?p=140298\" \/>\n<meta property=\"og:site_name\" content=\"PrijedorDanas.com - Prijedorski gradski portal\" \/>\n<meta property=\"article:publisher\" content=\"https:\/\/www.facebook.com\/PrijedorDanasCom\/\" \/>\n<meta property=\"article:published_time\" content=\"2020-01-12T09:40:08+00:00\" \/>\n<meta property=\"og:image\" content=\"https:\/\/www.prijedordanas.com\/wp-content\/uploads\/2020\/01\/interpol-dijana-zelic-300x272.jpg\" \/>\n<meta name=\"author\" content=\"admin\" \/>\n<meta name=\"twitter:card\" content=\"summary_large_image\" \/>\n<meta name=\"twitter:label1\" content=\"Written by\" \/>\n\t<meta name=\"twitter:data1\" content=\"admin\" \/>\n\t<meta name=\"twitter:label2\" content=\"Est. reading time\" \/>\n\t<meta name=\"twitter:data2\" content=\"3 minutes\" \/>\n<script type=\"application\/ld+json\" class=\"yoast-schema-graph\">{\"@context\":\"https:\/\/schema.org\",\"@graph\":[{\"@type\":\"Article\",\"@id\":\"https:\/\/www.prijedordanas.com\/?p=140298#article\",\"isPartOf\":{\"@id\":\"https:\/\/www.prijedordanas.com\/?p=140298\"},\"author\":{\"name\":\"admin\",\"@id\":\"https:\/\/www.prijedordanas.com\/#\/schema\/person\/4e08ccf29b506ca916ff86d46bb700e6\"},\"headline\":\"U Interpolovoj evidenciji nestalih i 14 dr\u017eavljana BiH: Prijedor\u010danka nestala prije 10 godina &#8211; FOTO\",\"datePublished\":\"2020-01-12T09:40:08+00:00\",\"dateModified\":\"2020-01-12T09:40:08+00:00\",\"mainEntityOfPage\":{\"@id\":\"https:\/\/www.prijedordanas.com\/?p=140298\"},\"wordCount\":672,\"publisher\":{\"@id\":\"https:\/\/www.prijedordanas.com\/#organization\"},\"keywords\":[\"Dijana Zeli\u0107\",\"Interpol\",\"nestali\"],\"articleSection\":[\"Hronika\"],\"inLanguage\":\"en-US\"},{\"@type\":\"WebPage\",\"@id\":\"https:\/\/www.prijedordanas.com\/?p=140298\",\"url\":\"https:\/\/www.prijedordanas.com\/?p=140298\",\"name\":\"U Interpolovoj evidenciji nestalih i 14 dr\u017eavljana BiH: Prijedor\u010danka nestala prije 10 godina - FOTO - PrijedorDanas.com - Prijedorski gradski portal\",\"isPartOf\":{\"@id\":\"https:\/\/www.prijedordanas.com\/#website\"},\"datePublished\":\"2020-01-12T09:40:08+00:00\",\"dateModified\":\"2020-01-12T09:40:08+00:00\",\"breadcrumb\":{\"@id\":\"https:\/\/www.prijedordanas.com\/?p=140298#breadcrumb\"},\"inLanguage\":\"en-US\",\"potentialAction\":[{\"@type\":\"ReadAction\",\"target\":[\"https:\/\/www.prijedordanas.com\/?p=140298\"]}]},{\"@type\":\"BreadcrumbList\",\"@id\":\"https:\/\/www.prijedordanas.com\/?p=140298#breadcrumb\",\"itemListElement\":[{\"@type\":\"ListItem\",\"position\":1,\"name\":\"Home\",\"item\":\"https:\/\/www.prijedordanas.com\/\"},{\"@type\":\"ListItem\",\"position\":2,\"name\":\"U Interpolovoj evidenciji nestalih i 14 dr\u017eavljana BiH: Prijedor\u010danka nestala prije 10 godina &#8211; FOTO\"}]},{\"@type\":\"WebSite\",\"@id\":\"https:\/\/www.prijedordanas.com\/#website\",\"url\":\"https:\/\/www.prijedordanas.com\/\",\"name\":\"PrijedorDanas.com - Prijedorski gradski portal\",\"description\":\"Portal o doga\u0111anjima u gradu Prijedoru\",\"publisher\":{\"@id\":\"https:\/\/www.prijedordanas.com\/#organization\"},\"potentialAction\":[{\"@type\":\"SearchAction\",\"target\":{\"@type\":\"EntryPoint\",\"urlTemplate\":\"https:\/\/www.prijedordanas.com\/?s={search_term_string}\"},\"query-input\":\"required name=search_term_string\"}],\"inLanguage\":\"en-US\"},{\"@type\":\"Organization\",\"@id\":\"https:\/\/www.prijedordanas.com\/#organization\",\"name\":\"PrijedorDanas.com\",\"url\":\"https:\/\/www.prijedordanas.com\/\",\"logo\":{\"@type\":\"ImageObject\",\"inLanguage\":\"en-US\",\"@id\":\"https:\/\/www.prijedordanas.com\/#\/schema\/logo\/image\/\",\"url\":\"http:\/\/www.prijedordanas.com\/wp-content\/uploads\/2021\/12\/logopng.png\",\"contentUrl\":\"http:\/\/www.prijedordanas.com\/wp-content\/uploads\/2021\/12\/logopng.png\",\"width\":1019,\"height\":776,\"caption\":\"PrijedorDanas.com\"},\"image\":{\"@id\":\"https:\/\/www.prijedordanas.com\/#\/schema\/logo\/image\/\"},\"sameAs\":[\"https:\/\/www.facebook.com\/PrijedorDanasCom\/\"]},{\"@type\":\"Person\",\"@id\":\"https:\/\/www.prijedordanas.com\/#\/schema\/person\/4e08ccf29b506ca916ff86d46bb700e6\",\"name\":\"admin\",\"image\":{\"@type\":\"ImageObject\",\"inLanguage\":\"en-US\",\"@id\":\"https:\/\/www.prijedordanas.com\/#\/schema\/person\/image\/\",\"url\":\"https:\/\/secure.gravatar.com\/avatar\/1d3fc949d550f0b53a5f0d51e06dfd79?s=96&d=mm&r=g\",\"contentUrl\":\"https:\/\/secure.gravatar.com\/avatar\/1d3fc949d550f0b53a5f0d51e06dfd79?s=96&d=mm&r=g\",\"caption\":\"admin\"},\"url\":\"https:\/\/www.prijedordanas.com\/?author=1\"}]}<\/script>\n<!-- \/ Yoast SEO plugin. -->","yoast_head_json":{"title":"U Interpolovoj evidenciji nestalih i 14 dr\u017eavljana BiH: Prijedor\u010danka nestala prije 10 godina - FOTO - PrijedorDanas.com - Prijedorski gradski portal","robots":{"index":"index","follow":"follow","max-snippet":"max-snippet:-1","max-image-preview":"max-image-preview:large","max-video-preview":"max-video-preview:-1"},"canonical":"https:\/\/www.prijedordanas.com\/?p=140298","og_locale":"en_US","og_type":"article","og_title":"U Interpolovoj evidenciji nestalih i 14 dr\u017eavljana BiH: Prijedor\u010danka nestala prije 10 godina - FOTO - PrijedorDanas.com - Prijedorski gradski portal","og_description":"U Interpolovoj evidenciji nestalih lica trenutno je i 14 dr\u017eavljana BiH koji zasad nisu prona\u0111eni, a za nekima od njih se traga i skoro \u010detiri decenije. Porodice nestalih ni do [&hellip;]","og_url":"https:\/\/www.prijedordanas.com\/?p=140298","og_site_name":"PrijedorDanas.com - Prijedorski gradski portal","article_publisher":"https:\/\/www.facebook.com\/PrijedorDanasCom\/","article_published_time":"2020-01-12T09:40:08+00:00","og_image":[{"url":"https:\/\/www.prijedordanas.com\/wp-content\/uploads\/2020\/01\/interpol-dijana-zelic-300x272.jpg"}],"author":"admin","twitter_card":"summary_large_image","twitter_misc":{"Written by":"admin","Est. reading time":"3 minutes"},"schema":{"@context":"https:\/\/schema.org","@graph":[{"@type":"Article","@id":"https:\/\/www.prijedordanas.com\/?p=140298#article","isPartOf":{"@id":"https:\/\/www.prijedordanas.com\/?p=140298"},"author":{"name":"admin","@id":"https:\/\/www.prijedordanas.com\/#\/schema\/person\/4e08ccf29b506ca916ff86d46bb700e6"},"headline":"U Interpolovoj evidenciji nestalih i 14 dr\u017eavljana BiH: Prijedor\u010danka nestala prije 10 godina &#8211; FOTO","datePublished":"2020-01-12T09:40:08+00:00","dateModified":"2020-01-12T09:40:08+00:00","mainEntityOfPage":{"@id":"https:\/\/www.prijedordanas.com\/?p=140298"},"wordCount":672,"publisher":{"@id":"https:\/\/www.prijedordanas.com\/#organization"},"keywords":["Dijana Zeli\u0107","Interpol","nestali"],"articleSection":["Hronika"],"inLanguage":"en-US"},{"@type":"WebPage","@id":"https:\/\/www.prijedordanas.com\/?p=140298","url":"https:\/\/www.prijedordanas.com\/?p=140298","name":"U Interpolovoj evidenciji nestalih i 14 dr\u017eavljana BiH: Prijedor\u010danka nestala prije 10 godina - FOTO - PrijedorDanas.com - Prijedorski gradski portal","isPartOf":{"@id":"https:\/\/www.prijedordanas.com\/#website"},"datePublished":"2020-01-12T09:40:08+00:00","dateModified":"2020-01-12T09:40:08+00:00","breadcrumb":{"@id":"https:\/\/www.prijedordanas.com\/?p=140298#breadcrumb"},"inLanguage":"en-US","potentialAction":[{"@type":"ReadAction","target":["https:\/\/www.prijedordanas.com\/?p=140298"]}]},{"@type":"BreadcrumbList","@id":"https:\/\/www.prijedordanas.com\/?p=140298#breadcrumb","itemListElement":[{"@type":"ListItem","position":1,"name":"Home","item":"https:\/\/www.prijedordanas.com\/"},{"@type":"ListItem","position":2,"name":"U Interpolovoj evidenciji nestalih i 14 dr\u017eavljana BiH: Prijedor\u010danka nestala prije 10 godina &#8211; FOTO"}]},{"@type":"WebSite","@id":"https:\/\/www.prijedordanas.com\/#website","url":"https:\/\/www.prijedordanas.com\/","name":"PrijedorDanas.com - Prijedorski gradski portal","description":"Portal o doga\u0111anjima u gradu Prijedoru","publisher":{"@id":"https:\/\/www.prijedordanas.com\/#organization"},"potentialAction":[{"@type":"SearchAction","target":{"@type":"EntryPoint","urlTemplate":"https:\/\/www.prijedordanas.com\/?s={search_term_string}"},"query-input":"required name=search_term_string"}],"inLanguage":"en-US"},{"@type":"Organization","@id":"https:\/\/www.prijedordanas.com\/#organization","name":"PrijedorDanas.com","url":"https:\/\/www.prijedordanas.com\/","logo":{"@type":"ImageObject","inLanguage":"en-US","@id":"https:\/\/www.prijedordanas.com\/#\/schema\/logo\/image\/","url":"http:\/\/www.prijedordanas.com\/wp-content\/uploads\/2021\/12\/logopng.png","contentUrl":"http:\/\/www.prijedordanas.com\/wp-content\/uploads\/2021\/12\/logopng.png","width":1019,"height":776,"caption":"PrijedorDanas.com"},"image":{"@id":"https:\/\/www.prijedordanas.com\/#\/schema\/logo\/image\/"},"sameAs":["https:\/\/www.facebook.com\/PrijedorDanasCom\/"]},{"@type":"Person","@id":"https:\/\/www.prijedordanas.com\/#\/schema\/person\/4e08ccf29b506ca916ff86d46bb700e6","name":"admin","image":{"@type":"ImageObject","inLanguage":"en-US","@id":"https:\/\/www.prijedordanas.com\/#\/schema\/person\/image\/","url":"https:\/\/secure.gravatar.com\/avatar\/1d3fc949d550f0b53a5f0d51e06dfd79?s=96&d=mm&r=g","contentUrl":"https:\/\/secure.gravatar.com\/avatar\/1d3fc949d550f0b53a5f0d51e06dfd79?s=96&d=mm&r=g","caption":"admin"},"url":"https:\/\/www.prijedordanas.com\/?author=1"}]}},"_links":{"self":[{"href":"https:\/\/www.prijedordanas.com\/index.php?rest_route=\/wp\/v2\/posts\/140298"}],"collection":[{"href":"https:\/\/www.prijedordanas.com\/index.php?rest_route=\/wp\/v2\/posts"}],"about":[{"href":"https:\/\/www.prijedordanas.com\/index.php?rest_route=\/wp\/v2\/types\/post"}],"author":[{"embeddable":true,"href":"https:\/\/www.prijedordanas.com\/index.php?rest_route=\/wp\/v2\/users\/1"}],"replies":[{"embeddable":true,"href":"https:\/\/www.prijedordanas.com\/index.php?rest_route=%2Fwp%2Fv2%2Fcomments&post=140298"}],"version-history":[{"count":1,"href":"https:\/\/www.prijedordanas.com\/index.php?rest_route=\/wp\/v2\/posts\/140298\/revisions"}],"predecessor-version":[{"id":140301,"href":"https:\/\/www.prijedordanas.com\/index.php?rest_route=\/wp\/v2\/posts\/140298\/revisions\/140301"}],"wp:attachment":[{"href":"https:\/\/www.prijedordanas.com\/index.php?rest_route=%2Fwp%2Fv2%2Fmedia&parent=140298"}],"wp:term":[{"taxonomy":"category","embeddable":true,"href":"https:\/\/www.prijedordanas.com\/index.php?rest_route=%2Fwp%2Fv2%2Fcategories&post=140298"},{"taxonomy":"post_tag","embeddable":true,"href":"https:\/\/www.prijedordanas.com\/index.php?rest_route=%2Fwp%2Fv2%2Ftags&post=140298"}],"curies":[{"name":"wp","href":"https:\/\/api.w.org\/{rel}","templated":true}]}}