{"id":140188,"date":"2020-01-09T17:57:24","date_gmt":"2020-01-09T16:57:24","guid":{"rendered":"https:\/\/www.prijedordanas.com\/?p=140188"},"modified":"2020-01-09T17:57:24","modified_gmt":"2020-01-09T16:57:24","slug":"prijedor-dan-republike-srpske-aerodomsko-naselje-ponovo-u-crveno-plavo-bijelim-bojama-zastave-foto","status":"publish","type":"post","link":"https:\/\/www.prijedordanas.com\/?p=140188","title":{"rendered":"Prijedor-Dan Republike Srpske: Aerodomsko naselje ponovo u crveno-plavo-bijelim bojama zastave \u2013 FOTO"},"content":{"rendered":"<p><a href=\"https:\/\/www.prijedordanas.com\/wp-content\/uploads\/2020\/01\/dan-rs-2020-aerodromsko-naselje-1.jpg\"><img loading=\"lazy\" decoding=\"async\" class=\"alignleft size-medium wp-image-140152\" src=\"https:\/\/www.prijedordanas.com\/wp-content\/uploads\/2020\/01\/dan-rs-2020-aerodromsko-naselje-1-300x225.jpg\" alt=\"\" width=\"300\" height=\"225\" srcset=\"https:\/\/www.prijedordanas.com\/wp-content\/uploads\/2020\/01\/dan-rs-2020-aerodromsko-naselje-1-300x225.jpg 300w, https:\/\/www.prijedordanas.com\/wp-content\/uploads\/2020\/01\/dan-rs-2020-aerodromsko-naselje-1-640x480.jpg 640w, https:\/\/www.prijedordanas.com\/wp-content\/uploads\/2020\/01\/dan-rs-2020-aerodromsko-naselje-1.jpg 667w\" sizes=\"(max-width: 300px) 100vw, 300px\" \/><\/a>Povodom 9. januara, Dana Republike Srpske, mnogi stanovnici Prijedora odlu\u010dili su se i ove godine da postavljanjem zastave na svoje kuc\u0301e obilje\u017ee ovaj datum a me\u0111u najaktivnijima su bili stanovnici Aerodromskog naselja.<\/p>\n<p>Poznato je da ovo naselje koje broji oko 900 domac\u0301instava uglavnom \u010dini izbjegli\u010dka populacija.<\/p>\n<p>Tokom proteklih dana na stambene objekte i privatne automobile postavljeno je oko 630 zastava Republike Srpske.<\/p>\n<p>Prema rije\u010dima mje\u0161tana Aerodromskog naselja, na ovaj korak odlu\u010dili su se iz ljubavi prema svojoj Republici.<\/p>\n<p>Neki stanovnici su oka\u010dili zastave Republike Srpske samoinicijativno a neki su se odazvali na poziv aktiva mladih DNS-a Aerodromsko naselje.<\/p>\n<p>Tekst i foto &#8211; <a href=\"https:\/\/www.prijedordanas.com\" target=\"_blank\" rel=\"noopener noreferrer\">www.prijedordanas.com<\/a><\/p>\n<p><a href=\"https:\/\/www.prijedordanas.com\/wp-content\/uploads\/2020\/01\/dan-rs-2020-aerodromsko-naselje-2.jpg\"><img loading=\"lazy\" decoding=\"async\" class=\"alignleft size-medium wp-image-140153\" src=\"https:\/\/www.prijedordanas.com\/wp-content\/uploads\/2020\/01\/dan-rs-2020-aerodromsko-naselje-2-300x222.jpg\" alt=\"\" width=\"300\" height=\"222\" srcset=\"https:\/\/www.prijedordanas.com\/wp-content\/uploads\/2020\/01\/dan-rs-2020-aerodromsko-naselje-2-300x222.jpg 300w, https:\/\/www.prijedordanas.com\/wp-content\/uploads\/2020\/01\/dan-rs-2020-aerodromsko-naselje-2.jpg 675w\" sizes=\"(max-width: 300px) 100vw, 300px\" \/><\/a> <a href=\"https:\/\/www.prijedordanas.com\/wp-content\/uploads\/2020\/01\/dan-rs-2020-aerodromsko-naselje-3.jpg\"><img loading=\"lazy\" decoding=\"async\" class=\"alignleft size-medium wp-image-140154\" src=\"https:\/\/www.prijedordanas.com\/wp-content\/uploads\/2020\/01\/dan-rs-2020-aerodromsko-naselje-3-300x222.jpg\" alt=\"\" width=\"300\" height=\"222\" srcset=\"https:\/\/www.prijedordanas.com\/wp-content\/uploads\/2020\/01\/dan-rs-2020-aerodromsko-naselje-3-300x222.jpg 300w, https:\/\/www.prijedordanas.com\/wp-content\/uploads\/2020\/01\/dan-rs-2020-aerodromsko-naselje-3.jpg 675w\" sizes=\"(max-width: 300px) 100vw, 300px\" \/><\/a> <a href=\"https:\/\/www.prijedordanas.com\/wp-content\/uploads\/2020\/01\/dan-rs-2020-aerodromsko-naselje-4.jpg\"><img loading=\"lazy\" decoding=\"async\" class=\"alignleft size-medium wp-image-140155\" src=\"https:\/\/www.prijedordanas.com\/wp-content\/uploads\/2020\/01\/dan-rs-2020-aerodromsko-naselje-4-300x200.jpg\" alt=\"\" width=\"300\" height=\"200\" srcset=\"https:\/\/www.prijedordanas.com\/wp-content\/uploads\/2020\/01\/dan-rs-2020-aerodromsko-naselje-4-300x200.jpg 300w, https:\/\/www.prijedordanas.com\/wp-content\/uploads\/2020\/01\/dan-rs-2020-aerodromsko-naselje-4-480x320.jpg 480w, https:\/\/www.prijedordanas.com\/wp-content\/uploads\/2020\/01\/dan-rs-2020-aerodromsko-naselje-4.jpg 600w\" sizes=\"(max-width: 300px) 100vw, 300px\" \/><\/a> <a href=\"https:\/\/www.prijedordanas.com\/wp-content\/uploads\/2020\/01\/dan-rs-2020-aerodromsko-naselje-5.jpg\"><img loading=\"lazy\" decoding=\"async\" class=\"alignleft size-medium wp-image-140156\" src=\"https:\/\/www.prijedordanas.com\/wp-content\/uploads\/2020\/01\/dan-rs-2020-aerodromsko-naselje-5-300x200.jpg\" alt=\"\" width=\"300\" height=\"200\" srcset=\"https:\/\/www.prijedordanas.com\/wp-content\/uploads\/2020\/01\/dan-rs-2020-aerodromsko-naselje-5-300x200.jpg 300w, https:\/\/www.prijedordanas.com\/wp-content\/uploads\/2020\/01\/dan-rs-2020-aerodromsko-naselje-5-480x320.jpg 480w, https:\/\/www.prijedordanas.com\/wp-content\/uploads\/2020\/01\/dan-rs-2020-aerodromsko-naselje-5.jpg 600w\" sizes=\"(max-width: 300px) 100vw, 300px\" \/><\/a> <a href=\"https:\/\/www.prijedordanas.com\/wp-content\/uploads\/2020\/01\/dan-rs-2020-aerodromsko-naselje-6.jpg\"><img loading=\"lazy\" decoding=\"async\" class=\"alignleft size-medium wp-image-140157\" src=\"https:\/\/www.prijedordanas.com\/wp-content\/uploads\/2020\/01\/dan-rs-2020-aerodromsko-naselje-6-300x200.jpg\" alt=\"\" width=\"300\" height=\"200\" srcset=\"https:\/\/www.prijedordanas.com\/wp-content\/uploads\/2020\/01\/dan-rs-2020-aerodromsko-naselje-6-300x200.jpg 300w, https:\/\/www.prijedordanas.com\/wp-content\/uploads\/2020\/01\/dan-rs-2020-aerodromsko-naselje-6-480x320.jpg 480w, https:\/\/www.prijedordanas.com\/wp-content\/uploads\/2020\/01\/dan-rs-2020-aerodromsko-naselje-6.jpg 600w\" sizes=\"(max-width: 300px) 100vw, 300px\" \/><\/a> <a href=\"https:\/\/www.prijedordanas.com\/wp-content\/uploads\/2020\/01\/dan-rs-2020-aerodromsko-naselje-7.jpg\"><img loading=\"lazy\" decoding=\"async\" class=\"alignleft size-medium wp-image-140158\" src=\"https:\/\/www.prijedordanas.com\/wp-content\/uploads\/2020\/01\/dan-rs-2020-aerodromsko-naselje-7-300x200.jpg\" alt=\"\" width=\"300\" height=\"200\" srcset=\"https:\/\/www.prijedordanas.com\/wp-content\/uploads\/2020\/01\/dan-rs-2020-aerodromsko-naselje-7-300x200.jpg 300w, https:\/\/www.prijedordanas.com\/wp-content\/uploads\/2020\/01\/dan-rs-2020-aerodromsko-naselje-7-480x320.jpg 480w, https:\/\/www.prijedordanas.com\/wp-content\/uploads\/2020\/01\/dan-rs-2020-aerodromsko-naselje-7.jpg 600w\" sizes=\"(max-width: 300px) 100vw, 300px\" \/><\/a> <a href=\"https:\/\/www.prijedordanas.com\/wp-content\/uploads\/2020\/01\/dan-rs-2020-aerodromsko-naselje-8.jpg\"><img loading=\"lazy\" decoding=\"async\" class=\"alignleft size-medium wp-image-140159\" src=\"https:\/\/www.prijedordanas.com\/wp-content\/uploads\/2020\/01\/dan-rs-2020-aerodromsko-naselje-8-300x200.jpg\" alt=\"\" width=\"300\" height=\"200\" srcset=\"https:\/\/www.prijedordanas.com\/wp-content\/uploads\/2020\/01\/dan-rs-2020-aerodromsko-naselje-8-300x200.jpg 300w, https:\/\/www.prijedordanas.com\/wp-content\/uploads\/2020\/01\/dan-rs-2020-aerodromsko-naselje-8-480x320.jpg 480w, https:\/\/www.prijedordanas.com\/wp-content\/uploads\/2020\/01\/dan-rs-2020-aerodromsko-naselje-8.jpg 600w\" sizes=\"(max-width: 300px) 100vw, 300px\" \/><\/a> <a href=\"https:\/\/www.prijedordanas.com\/wp-content\/uploads\/2020\/01\/dan-rs-2020-aerodromsko-naselje-9.jpg\"><img loading=\"lazy\" decoding=\"async\" class=\"alignleft size-medium wp-image-140160\" src=\"https:\/\/www.prijedordanas.com\/wp-content\/uploads\/2020\/01\/dan-rs-2020-aerodromsko-naselje-9-300x200.jpg\" alt=\"\" width=\"300\" height=\"200\" srcset=\"https:\/\/www.prijedordanas.com\/wp-content\/uploads\/2020\/01\/dan-rs-2020-aerodromsko-naselje-9-300x200.jpg 300w, https:\/\/www.prijedordanas.com\/wp-content\/uploads\/2020\/01\/dan-rs-2020-aerodromsko-naselje-9-480x320.jpg 480w, https:\/\/www.prijedordanas.com\/wp-content\/uploads\/2020\/01\/dan-rs-2020-aerodromsko-naselje-9.jpg 600w\" sizes=\"(max-width: 300px) 100vw, 300px\" \/><\/a> <a href=\"https:\/\/www.prijedordanas.com\/wp-content\/uploads\/2020\/01\/dan-rs-2020-aerodromsko-naselje-10.jpg\"><img loading=\"lazy\" decoding=\"async\" class=\"alignleft size-medium wp-image-140161\" src=\"https:\/\/www.prijedordanas.com\/wp-content\/uploads\/2020\/01\/dan-rs-2020-aerodromsko-naselje-10-300x200.jpg\" alt=\"\" width=\"300\" height=\"200\" srcset=\"https:\/\/www.prijedordanas.com\/wp-content\/uploads\/2020\/01\/dan-rs-2020-aerodromsko-naselje-10-300x200.jpg 300w, https:\/\/www.prijedordanas.com\/wp-content\/uploads\/2020\/01\/dan-rs-2020-aerodromsko-naselje-10-480x320.jpg 480w, https:\/\/www.prijedordanas.com\/wp-content\/uploads\/2020\/01\/dan-rs-2020-aerodromsko-naselje-10.jpg 600w\" sizes=\"(max-width: 300px) 100vw, 300px\" \/><\/a> <a href=\"https:\/\/www.prijedordanas.com\/wp-content\/uploads\/2020\/01\/dan-rs-2020-aerodromsko-naselje-11.jpg\"><img loading=\"lazy\" decoding=\"async\" class=\"alignleft size-medium wp-image-140162\" src=\"https:\/\/www.prijedordanas.com\/wp-content\/uploads\/2020\/01\/dan-rs-2020-aerodromsko-naselje-11-300x200.jpg\" alt=\"\" width=\"300\" height=\"200\" srcset=\"https:\/\/www.prijedordanas.com\/wp-content\/uploads\/2020\/01\/dan-rs-2020-aerodromsko-naselje-11-300x200.jpg 300w, https:\/\/www.prijedordanas.com\/wp-content\/uploads\/2020\/01\/dan-rs-2020-aerodromsko-naselje-11-480x320.jpg 480w, https:\/\/www.prijedordanas.com\/wp-content\/uploads\/2020\/01\/dan-rs-2020-aerodromsko-naselje-11.jpg 600w\" sizes=\"(max-width: 300px) 100vw, 300px\" \/><\/a> <a href=\"https:\/\/www.prijedordanas.com\/wp-content\/uploads\/2020\/01\/dan-rs-2020-aerodromsko-naselje-12.jpg\"><img loading=\"lazy\" decoding=\"async\" class=\"alignleft size-medium wp-image-140163\" src=\"https:\/\/www.prijedordanas.com\/wp-content\/uploads\/2020\/01\/dan-rs-2020-aerodromsko-naselje-12-300x200.jpg\" alt=\"\" width=\"300\" height=\"200\" srcset=\"https:\/\/www.prijedordanas.com\/wp-content\/uploads\/2020\/01\/dan-rs-2020-aerodromsko-naselje-12-300x200.jpg 300w, https:\/\/www.prijedordanas.com\/wp-content\/uploads\/2020\/01\/dan-rs-2020-aerodromsko-naselje-12-480x320.jpg 480w, https:\/\/www.prijedordanas.com\/wp-content\/uploads\/2020\/01\/dan-rs-2020-aerodromsko-naselje-12.jpg 600w\" sizes=\"(max-width: 300px) 100vw, 300px\" \/><\/a> <a href=\"https:\/\/www.prijedordanas.com\/wp-content\/uploads\/2020\/01\/dan-rs-2020-aerodromsko-naselje-13.jpg\"><img loading=\"lazy\" decoding=\"async\" class=\"alignleft size-medium wp-image-140164\" src=\"https:\/\/www.prijedordanas.com\/wp-content\/uploads\/2020\/01\/dan-rs-2020-aerodromsko-naselje-13-300x200.jpg\" alt=\"\" width=\"300\" height=\"200\" srcset=\"https:\/\/www.prijedordanas.com\/wp-content\/uploads\/2020\/01\/dan-rs-2020-aerodromsko-naselje-13-300x200.jpg 300w, https:\/\/www.prijedordanas.com\/wp-content\/uploads\/2020\/01\/dan-rs-2020-aerodromsko-naselje-13-480x320.jpg 480w, https:\/\/www.prijedordanas.com\/wp-content\/uploads\/2020\/01\/dan-rs-2020-aerodromsko-naselje-13.jpg 600w\" sizes=\"(max-width: 300px) 100vw, 300px\" \/><\/a> <a href=\"https:\/\/www.prijedordanas.com\/wp-content\/uploads\/2020\/01\/dan-rs-2020-aerodromsko-naselje-14.jpg\"><img loading=\"lazy\" decoding=\"async\" class=\"alignleft size-medium wp-image-140165\" src=\"https:\/\/www.prijedordanas.com\/wp-content\/uploads\/2020\/01\/dan-rs-2020-aerodromsko-naselje-14-300x200.jpg\" alt=\"\" width=\"300\" height=\"200\" srcset=\"https:\/\/www.prijedordanas.com\/wp-content\/uploads\/2020\/01\/dan-rs-2020-aerodromsko-naselje-14-300x200.jpg 300w, https:\/\/www.prijedordanas.com\/wp-content\/uploads\/2020\/01\/dan-rs-2020-aerodromsko-naselje-14-480x320.jpg 480w, https:\/\/www.prijedordanas.com\/wp-content\/uploads\/2020\/01\/dan-rs-2020-aerodromsko-naselje-14.jpg 600w\" sizes=\"(max-width: 300px) 100vw, 300px\" \/><\/a> <a href=\"https:\/\/www.prijedordanas.com\/wp-content\/uploads\/2020\/01\/dan-rs-2020-aerodromsko-naselje-15.jpg\"><img loading=\"lazy\" decoding=\"async\" class=\"alignleft size-medium wp-image-140166\" src=\"https:\/\/www.prijedordanas.com\/wp-content\/uploads\/2020\/01\/dan-rs-2020-aerodromsko-naselje-15-300x200.jpg\" alt=\"\" width=\"300\" height=\"200\" srcset=\"https:\/\/www.prijedordanas.com\/wp-content\/uploads\/2020\/01\/dan-rs-2020-aerodromsko-naselje-15-300x200.jpg 300w, https:\/\/www.prijedordanas.com\/wp-content\/uploads\/2020\/01\/dan-rs-2020-aerodromsko-naselje-15-480x320.jpg 480w, https:\/\/www.prijedordanas.com\/wp-content\/uploads\/2020\/01\/dan-rs-2020-aerodromsko-naselje-15.jpg 600w\" sizes=\"(max-width: 300px) 100vw, 300px\" \/><\/a> <a href=\"https:\/\/www.prijedordanas.com\/wp-content\/uploads\/2020\/01\/dan-rs-2020-aerodromsko-naselje-16.jpg\"><img loading=\"lazy\" decoding=\"async\" class=\"alignleft size-medium wp-image-140167\" src=\"https:\/\/www.prijedordanas.com\/wp-content\/uploads\/2020\/01\/dan-rs-2020-aerodromsko-naselje-16-300x200.jpg\" alt=\"\" width=\"300\" height=\"200\" srcset=\"https:\/\/www.prijedordanas.com\/wp-content\/uploads\/2020\/01\/dan-rs-2020-aerodromsko-naselje-16-300x200.jpg 300w, https:\/\/www.prijedordanas.com\/wp-content\/uploads\/2020\/01\/dan-rs-2020-aerodromsko-naselje-16-480x320.jpg 480w, https:\/\/www.prijedordanas.com\/wp-content\/uploads\/2020\/01\/dan-rs-2020-aerodromsko-naselje-16.jpg 600w\" sizes=\"(max-width: 300px) 100vw, 300px\" \/><\/a> <a href=\"https:\/\/www.prijedordanas.com\/wp-content\/uploads\/2020\/01\/dan-rs-2020-aerodromsko-naselje-17.jpg\"><img loading=\"lazy\" decoding=\"async\" class=\"alignleft size-medium wp-image-140168\" src=\"https:\/\/www.prijedordanas.com\/wp-content\/uploads\/2020\/01\/dan-rs-2020-aerodromsko-naselje-17-300x200.jpg\" alt=\"\" width=\"300\" height=\"200\" srcset=\"https:\/\/www.prijedordanas.com\/wp-content\/uploads\/2020\/01\/dan-rs-2020-aerodromsko-naselje-17-300x200.jpg 300w, https:\/\/www.prijedordanas.com\/wp-content\/uploads\/2020\/01\/dan-rs-2020-aerodromsko-naselje-17-480x320.jpg 480w, https:\/\/www.prijedordanas.com\/wp-content\/uploads\/2020\/01\/dan-rs-2020-aerodromsko-naselje-17.jpg 600w\" sizes=\"(max-width: 300px) 100vw, 300px\" \/><\/a> <a href=\"https:\/\/www.prijedordanas.com\/wp-content\/uploads\/2020\/01\/dan-rs-2020-aerodromsko-naselje-18.jpg\"><img loading=\"lazy\" decoding=\"async\" class=\"alignleft size-medium wp-image-140169\" src=\"https:\/\/www.prijedordanas.com\/wp-content\/uploads\/2020\/01\/dan-rs-2020-aerodromsko-naselje-18-300x200.jpg\" alt=\"\" width=\"300\" height=\"200\" srcset=\"https:\/\/www.prijedordanas.com\/wp-content\/uploads\/2020\/01\/dan-rs-2020-aerodromsko-naselje-18-300x200.jpg 300w, https:\/\/www.prijedordanas.com\/wp-content\/uploads\/2020\/01\/dan-rs-2020-aerodromsko-naselje-18-480x320.jpg 480w, https:\/\/www.prijedordanas.com\/wp-content\/uploads\/2020\/01\/dan-rs-2020-aerodromsko-naselje-18.jpg 600w\" sizes=\"(max-width: 300px) 100vw, 300px\" \/><\/a> <a href=\"https:\/\/www.prijedordanas.com\/wp-content\/uploads\/2020\/01\/dan-rs-2020-aerodromsko-naselje-19.jpg\"><img loading=\"lazy\" decoding=\"async\" class=\"alignleft size-medium wp-image-140170\" src=\"https:\/\/www.prijedordanas.com\/wp-content\/uploads\/2020\/01\/dan-rs-2020-aerodromsko-naselje-19-300x200.jpg\" alt=\"\" width=\"300\" height=\"200\" srcset=\"https:\/\/www.prijedordanas.com\/wp-content\/uploads\/2020\/01\/dan-rs-2020-aerodromsko-naselje-19-300x200.jpg 300w, https:\/\/www.prijedordanas.com\/wp-content\/uploads\/2020\/01\/dan-rs-2020-aerodromsko-naselje-19-480x320.jpg 480w, https:\/\/www.prijedordanas.com\/wp-content\/uploads\/2020\/01\/dan-rs-2020-aerodromsko-naselje-19.jpg 600w\" sizes=\"(max-width: 300px) 100vw, 300px\" \/><\/a> <a href=\"https:\/\/www.prijedordanas.com\/wp-content\/uploads\/2020\/01\/dan-rs-2020-aerodromsko-naselje-20.jpg\"><img loading=\"lazy\" decoding=\"async\" class=\"alignleft size-medium wp-image-140171\" src=\"https:\/\/www.prijedordanas.com\/wp-content\/uploads\/2020\/01\/dan-rs-2020-aerodromsko-naselje-20-300x200.jpg\" alt=\"\" width=\"300\" height=\"200\" srcset=\"https:\/\/www.prijedordanas.com\/wp-content\/uploads\/2020\/01\/dan-rs-2020-aerodromsko-naselje-20-300x200.jpg 300w, https:\/\/www.prijedordanas.com\/wp-content\/uploads\/2020\/01\/dan-rs-2020-aerodromsko-naselje-20-480x320.jpg 480w, https:\/\/www.prijedordanas.com\/wp-content\/uploads\/2020\/01\/dan-rs-2020-aerodromsko-naselje-20.jpg 600w\" sizes=\"(max-width: 300px) 100vw, 300px\" \/><\/a> <a href=\"https:\/\/www.prijedordanas.com\/wp-content\/uploads\/2020\/01\/dan-rs-2020-aerodromsko-naselje-21.jpg\"><img loading=\"lazy\" decoding=\"async\" class=\"alignleft size-medium wp-image-140172\" src=\"https:\/\/www.prijedordanas.com\/wp-content\/uploads\/2020\/01\/dan-rs-2020-aerodromsko-naselje-21-300x200.jpg\" alt=\"\" width=\"300\" height=\"200\" srcset=\"https:\/\/www.prijedordanas.com\/wp-content\/uploads\/2020\/01\/dan-rs-2020-aerodromsko-naselje-21-300x200.jpg 300w, https:\/\/www.prijedordanas.com\/wp-content\/uploads\/2020\/01\/dan-rs-2020-aerodromsko-naselje-21-480x320.jpg 480w, https:\/\/www.prijedordanas.com\/wp-content\/uploads\/2020\/01\/dan-rs-2020-aerodromsko-naselje-21.jpg 600w\" sizes=\"(max-width: 300px) 100vw, 300px\" \/><\/a> <a href=\"https:\/\/www.prijedordanas.com\/wp-content\/uploads\/2020\/01\/dan-rs-2020-aerodromsko-naselje-22.jpg\"><img loading=\"lazy\" decoding=\"async\" class=\"alignleft size-medium wp-image-140173\" src=\"https:\/\/www.prijedordanas.com\/wp-content\/uploads\/2020\/01\/dan-rs-2020-aerodromsko-naselje-22-300x200.jpg\" alt=\"\" width=\"300\" height=\"200\" srcset=\"https:\/\/www.prijedordanas.com\/wp-content\/uploads\/2020\/01\/dan-rs-2020-aerodromsko-naselje-22-300x200.jpg 300w, https:\/\/www.prijedordanas.com\/wp-content\/uploads\/2020\/01\/dan-rs-2020-aerodromsko-naselje-22-480x320.jpg 480w, https:\/\/www.prijedordanas.com\/wp-content\/uploads\/2020\/01\/dan-rs-2020-aerodromsko-naselje-22.jpg 600w\" sizes=\"(max-width: 300px) 100vw, 300px\" \/><\/a> <a href=\"https:\/\/www.prijedordanas.com\/wp-content\/uploads\/2020\/01\/dan-rs-2020-aerodromsko-naselje-23.jpg\"><img loading=\"lazy\" decoding=\"async\" class=\"alignleft size-medium wp-image-140174\" src=\"https:\/\/www.prijedordanas.com\/wp-content\/uploads\/2020\/01\/dan-rs-2020-aerodromsko-naselje-23-300x200.jpg\" alt=\"\" width=\"300\" height=\"200\" srcset=\"https:\/\/www.prijedordanas.com\/wp-content\/uploads\/2020\/01\/dan-rs-2020-aerodromsko-naselje-23-300x200.jpg 300w, https:\/\/www.prijedordanas.com\/wp-content\/uploads\/2020\/01\/dan-rs-2020-aerodromsko-naselje-23-480x320.jpg 480w, https:\/\/www.prijedordanas.com\/wp-content\/uploads\/2020\/01\/dan-rs-2020-aerodromsko-naselje-23.jpg 600w\" sizes=\"(max-width: 300px) 100vw, 300px\" \/><\/a> <a href=\"https:\/\/www.prijedordanas.com\/wp-content\/uploads\/2020\/01\/dan-rs-2020-aerodromsko-naselje-24.jpg\"><img loading=\"lazy\" decoding=\"async\" class=\"alignleft size-medium wp-image-140175\" src=\"https:\/\/www.prijedordanas.com\/wp-content\/uploads\/2020\/01\/dan-rs-2020-aerodromsko-naselje-24-300x225.jpg\" alt=\"\" width=\"300\" height=\"225\" srcset=\"https:\/\/www.prijedordanas.com\/wp-content\/uploads\/2020\/01\/dan-rs-2020-aerodromsko-naselje-24-300x225.jpg 300w, https:\/\/www.prijedordanas.com\/wp-content\/uploads\/2020\/01\/dan-rs-2020-aerodromsko-naselje-24.jpg 600w\" sizes=\"(max-width: 300px) 100vw, 300px\" \/><\/a> <a href=\"https:\/\/www.prijedordanas.com\/wp-content\/uploads\/2020\/01\/dan-rs-2020-aerodromsko-naselje-25.jpg\"><img loading=\"lazy\" decoding=\"async\" class=\"alignleft size-medium wp-image-140176\" src=\"https:\/\/www.prijedordanas.com\/wp-content\/uploads\/2020\/01\/dan-rs-2020-aerodromsko-naselje-25-300x225.jpg\" alt=\"\" width=\"300\" height=\"225\" srcset=\"https:\/\/www.prijedordanas.com\/wp-content\/uploads\/2020\/01\/dan-rs-2020-aerodromsko-naselje-25-300x225.jpg 300w, https:\/\/www.prijedordanas.com\/wp-content\/uploads\/2020\/01\/dan-rs-2020-aerodromsko-naselje-25.jpg 600w\" sizes=\"(max-width: 300px) 100vw, 300px\" \/><\/a> <a href=\"https:\/\/www.prijedordanas.com\/wp-content\/uploads\/2020\/01\/dan-rs-2020-aerodromsko-naselje-26.jpg\"><img loading=\"lazy\" decoding=\"async\" class=\"alignleft size-medium wp-image-140177\" src=\"https:\/\/www.prijedordanas.com\/wp-content\/uploads\/2020\/01\/dan-rs-2020-aerodromsko-naselje-26-300x225.jpg\" alt=\"\" width=\"300\" height=\"225\" srcset=\"https:\/\/www.prijedordanas.com\/wp-content\/uploads\/2020\/01\/dan-rs-2020-aerodromsko-naselje-26-300x225.jpg 300w, https:\/\/www.prijedordanas.com\/wp-content\/uploads\/2020\/01\/dan-rs-2020-aerodromsko-naselje-26.jpg 600w\" sizes=\"(max-width: 300px) 100vw, 300px\" \/><\/a> <a href=\"https:\/\/www.prijedordanas.com\/wp-content\/uploads\/2020\/01\/dan-rs-2020-aerodromsko-naselje-27.jpg\"><img loading=\"lazy\" decoding=\"async\" class=\"alignleft size-medium wp-image-140178\" src=\"https:\/\/www.prijedordanas.com\/wp-content\/uploads\/2020\/01\/dan-rs-2020-aerodromsko-naselje-27-300x225.jpg\" alt=\"\" width=\"300\" height=\"225\" srcset=\"https:\/\/www.prijedordanas.com\/wp-content\/uploads\/2020\/01\/dan-rs-2020-aerodromsko-naselje-27-300x225.jpg 300w, https:\/\/www.prijedordanas.com\/wp-content\/uploads\/2020\/01\/dan-rs-2020-aerodromsko-naselje-27.jpg 600w\" sizes=\"(max-width: 300px) 100vw, 300px\" \/><\/a> <a href=\"https:\/\/www.prijedordanas.com\/wp-content\/uploads\/2020\/01\/dan-rs-2020-aerodromsko-naselje-28.jpg\"><img loading=\"lazy\" decoding=\"async\" class=\"alignleft size-medium wp-image-140179\" src=\"https:\/\/www.prijedordanas.com\/wp-content\/uploads\/2020\/01\/dan-rs-2020-aerodromsko-naselje-28-169x300.jpg\" alt=\"\" width=\"169\" height=\"300\" srcset=\"https:\/\/www.prijedordanas.com\/wp-content\/uploads\/2020\/01\/dan-rs-2020-aerodromsko-naselje-28-169x300.jpg 169w, https:\/\/www.prijedordanas.com\/wp-content\/uploads\/2020\/01\/dan-rs-2020-aerodromsko-naselje-28.jpg 338w\" sizes=\"(max-width: 169px) 100vw, 169px\" \/><\/a> <a href=\"https:\/\/www.prijedordanas.com\/wp-content\/uploads\/2020\/01\/dan-rs-2020-aerodromsko-naselje-29.jpg\"><img loading=\"lazy\" decoding=\"async\" class=\"alignleft size-medium wp-image-140180\" src=\"https:\/\/www.prijedordanas.com\/wp-content\/uploads\/2020\/01\/dan-rs-2020-aerodromsko-naselje-29-169x300.jpg\" alt=\"\" width=\"169\" height=\"300\" srcset=\"https:\/\/www.prijedordanas.com\/wp-content\/uploads\/2020\/01\/dan-rs-2020-aerodromsko-naselje-29-169x300.jpg 169w, https:\/\/www.prijedordanas.com\/wp-content\/uploads\/2020\/01\/dan-rs-2020-aerodromsko-naselje-29.jpg 338w\" sizes=\"(max-width: 169px) 100vw, 169px\" \/><\/a> <a href=\"https:\/\/www.prijedordanas.com\/wp-content\/uploads\/2020\/01\/dan-rs-2020-aerodromsko-naselje-30.jpg\"><img loading=\"lazy\" decoding=\"async\" class=\"alignleft size-medium wp-image-140181\" src=\"https:\/\/www.prijedordanas.com\/wp-content\/uploads\/2020\/01\/dan-rs-2020-aerodromsko-naselje-30-169x300.jpg\" alt=\"\" width=\"169\" height=\"300\" srcset=\"https:\/\/www.prijedordanas.com\/wp-content\/uploads\/2020\/01\/dan-rs-2020-aerodromsko-naselje-30-169x300.jpg 169w, https:\/\/www.prijedordanas.com\/wp-content\/uploads\/2020\/01\/dan-rs-2020-aerodromsko-naselje-30.jpg 338w\" sizes=\"(max-width: 169px) 100vw, 169px\" \/><\/a> <a href=\"https:\/\/www.prijedordanas.com\/wp-content\/uploads\/2020\/01\/dan-rs-2020-aerodromsko-naselje-31.jpg\"><img loading=\"lazy\" decoding=\"async\" class=\"alignleft size-medium wp-image-140182\" src=\"https:\/\/www.prijedordanas.com\/wp-content\/uploads\/2020\/01\/dan-rs-2020-aerodromsko-naselje-31-169x300.jpg\" alt=\"\" width=\"169\" height=\"300\" srcset=\"https:\/\/www.prijedordanas.com\/wp-content\/uploads\/2020\/01\/dan-rs-2020-aerodromsko-naselje-31-169x300.jpg 169w, https:\/\/www.prijedordanas.com\/wp-content\/uploads\/2020\/01\/dan-rs-2020-aerodromsko-naselje-31.jpg 338w\" sizes=\"(max-width: 169px) 100vw, 169px\" \/><\/a> <a href=\"https:\/\/www.prijedordanas.com\/wp-content\/uploads\/2020\/01\/dan-rs-2020-aerodromsko-naselje-32.jpg\"><img loading=\"lazy\" decoding=\"async\" class=\"alignleft size-medium wp-image-140183\" src=\"https:\/\/www.prijedordanas.com\/wp-content\/uploads\/2020\/01\/dan-rs-2020-aerodromsko-naselje-32-225x300.jpg\" alt=\"\" width=\"225\" height=\"300\" srcset=\"https:\/\/www.prijedordanas.com\/wp-content\/uploads\/2020\/01\/dan-rs-2020-aerodromsko-naselje-32-225x300.jpg 225w, https:\/\/www.prijedordanas.com\/wp-content\/uploads\/2020\/01\/dan-rs-2020-aerodromsko-naselje-32.jpg 450w\" sizes=\"(max-width: 225px) 100vw, 225px\" \/><\/a> <a href=\"https:\/\/www.prijedordanas.com\/wp-content\/uploads\/2020\/01\/dan-rs-2020-aerodromsko-naselje-33.jpg\"><img loading=\"lazy\" decoding=\"async\" class=\"alignleft size-medium wp-image-140184\" src=\"https:\/\/www.prijedordanas.com\/wp-content\/uploads\/2020\/01\/dan-rs-2020-aerodromsko-naselje-33-146x300.jpg\" alt=\"\" width=\"146\" height=\"300\" srcset=\"https:\/\/www.prijedordanas.com\/wp-content\/uploads\/2020\/01\/dan-rs-2020-aerodromsko-naselje-33-146x300.jpg 146w, https:\/\/www.prijedordanas.com\/wp-content\/uploads\/2020\/01\/dan-rs-2020-aerodromsko-naselje-33.jpg 292w\" sizes=\"(max-width: 146px) 100vw, 146px\" \/><\/a> <a href=\"https:\/\/www.prijedordanas.com\/wp-content\/uploads\/2020\/01\/dan-rs-2020-aerodromsko-naselje-34.jpg\"><img loading=\"lazy\" decoding=\"async\" class=\"alignleft size-medium wp-image-140185\" src=\"https:\/\/www.prijedordanas.com\/wp-content\/uploads\/2020\/01\/dan-rs-2020-aerodromsko-naselje-34-215x300.jpg\" alt=\"\" width=\"215\" height=\"300\" srcset=\"https:\/\/www.prijedordanas.com\/wp-content\/uploads\/2020\/01\/dan-rs-2020-aerodromsko-naselje-34-215x300.jpg 215w, https:\/\/www.prijedordanas.com\/wp-content\/uploads\/2020\/01\/dan-rs-2020-aerodromsko-naselje-34.jpg 429w\" sizes=\"(max-width: 215px) 100vw, 215px\" \/><\/a> <a href=\"https:\/\/www.prijedordanas.com\/wp-content\/uploads\/2020\/01\/dan-rs-2020-aerodromsko-naselje-35.jpg\"><img loading=\"lazy\" decoding=\"async\" class=\"alignleft size-medium wp-image-140186\" src=\"https:\/\/www.prijedordanas.com\/wp-content\/uploads\/2020\/01\/dan-rs-2020-aerodromsko-naselje-35-225x300.jpg\" alt=\"\" width=\"225\" height=\"300\" srcset=\"https:\/\/www.prijedordanas.com\/wp-content\/uploads\/2020\/01\/dan-rs-2020-aerodromsko-naselje-35-225x300.jpg 225w, https:\/\/www.prijedordanas.com\/wp-content\/uploads\/2020\/01\/dan-rs-2020-aerodromsko-naselje-35.jpg 450w\" sizes=\"(max-width: 225px) 100vw, 225px\" \/><\/a><\/p>\n","protected":false},"excerpt":{"rendered":"<p>Povodom 9. januara, Dana Republike Srpske, mnogi stanovnici Prijedora odlu\u010dili su se i ove godine da postavljanjem zastave na svoje kuc\u0301e obilje\u017ee ovaj datum a me\u0111u najaktivnijima su bili stanovnici [&hellip;]<\/p>\n","protected":false},"author":1,"featured_media":0,"comment_status":"closed","ping_status":"open","sticky":false,"template":"","format":"standard","meta":{"_monsterinsights_skip_tracking":false,"_monsterinsights_sitenote_active":false,"_monsterinsights_sitenote_note":"","_monsterinsights_sitenote_category":0,"footnotes":""},"categories":[4],"tags":[1396,5958],"yoast_head":"<!-- This site is optimized with the Yoast SEO plugin v21.6 - https:\/\/yoast.com\/wordpress\/plugins\/seo\/ -->\n<title>Prijedor-Dan Republike Srpske: Aerodomsko naselje ponovo u crveno-plavo-bijelim bojama zastave \u2013 FOTO - PrijedorDanas.com - Prijedorski gradski portal<\/title>\n<meta name=\"robots\" content=\"index, follow, max-snippet:-1, max-image-preview:large, max-video-preview:-1\" \/>\n<link rel=\"canonical\" href=\"https:\/\/www.prijedordanas.com\/?p=140188\" \/>\n<meta property=\"og:locale\" content=\"en_US\" \/>\n<meta property=\"og:type\" content=\"article\" \/>\n<meta property=\"og:title\" content=\"Prijedor-Dan Republike Srpske: Aerodomsko naselje ponovo u crveno-plavo-bijelim bojama zastave \u2013 FOTO - PrijedorDanas.com - Prijedorski gradski portal\" \/>\n<meta property=\"og:description\" content=\"Povodom 9. januara, Dana Republike Srpske, mnogi stanovnici Prijedora odlu\u010dili su se i ove godine da postavljanjem zastave na svoje kuc\u0301e obilje\u017ee ovaj datum a me\u0111u najaktivnijima su bili stanovnici [&hellip;]\" \/>\n<meta property=\"og:url\" content=\"https:\/\/www.prijedordanas.com\/?p=140188\" \/>\n<meta property=\"og:site_name\" content=\"PrijedorDanas.com - Prijedorski gradski portal\" \/>\n<meta property=\"article:publisher\" content=\"https:\/\/www.facebook.com\/PrijedorDanasCom\/\" \/>\n<meta property=\"article:published_time\" content=\"2020-01-09T16:57:24+00:00\" \/>\n<meta property=\"og:image\" content=\"https:\/\/www.prijedordanas.com\/wp-content\/uploads\/2020\/01\/dan-rs-2020-aerodromsko-naselje-1-300x225.jpg\" \/>\n<meta name=\"author\" content=\"admin\" \/>\n<meta name=\"twitter:card\" content=\"summary_large_image\" \/>\n<meta name=\"twitter:label1\" content=\"Written by\" \/>\n\t<meta name=\"twitter:data1\" content=\"admin\" \/>\n\t<meta name=\"twitter:label2\" content=\"Est. reading time\" \/>\n\t<meta name=\"twitter:data2\" content=\"1 minute\" \/>\n<script type=\"application\/ld+json\" class=\"yoast-schema-graph\">{\"@context\":\"https:\/\/schema.org\",\"@graph\":[{\"@type\":\"Article\",\"@id\":\"https:\/\/www.prijedordanas.com\/?p=140188#article\",\"isPartOf\":{\"@id\":\"https:\/\/www.prijedordanas.com\/?p=140188\"},\"author\":{\"name\":\"admin\",\"@id\":\"https:\/\/www.prijedordanas.com\/#\/schema\/person\/4e08ccf29b506ca916ff86d46bb700e6\"},\"headline\":\"Prijedor-Dan Republike Srpske: Aerodomsko naselje ponovo u crveno-plavo-bijelim bojama zastave \u2013 FOTO\",\"datePublished\":\"2020-01-09T16:57:24+00:00\",\"dateModified\":\"2020-01-09T16:57:24+00:00\",\"mainEntityOfPage\":{\"@id\":\"https:\/\/www.prijedordanas.com\/?p=140188\"},\"wordCount\":123,\"publisher\":{\"@id\":\"https:\/\/www.prijedordanas.com\/#organization\"},\"keywords\":[\"Aerodromsko naselje\",\"Dan Republike Srpske\"],\"articleSection\":[\"Dru\u0161tvo\"],\"inLanguage\":\"en-US\"},{\"@type\":\"WebPage\",\"@id\":\"https:\/\/www.prijedordanas.com\/?p=140188\",\"url\":\"https:\/\/www.prijedordanas.com\/?p=140188\",\"name\":\"Prijedor-Dan Republike Srpske: Aerodomsko naselje ponovo u crveno-plavo-bijelim bojama zastave \u2013 FOTO - PrijedorDanas.com - Prijedorski gradski portal\",\"isPartOf\":{\"@id\":\"https:\/\/www.prijedordanas.com\/#website\"},\"datePublished\":\"2020-01-09T16:57:24+00:00\",\"dateModified\":\"2020-01-09T16:57:24+00:00\",\"breadcrumb\":{\"@id\":\"https:\/\/www.prijedordanas.com\/?p=140188#breadcrumb\"},\"inLanguage\":\"en-US\",\"potentialAction\":[{\"@type\":\"ReadAction\",\"target\":[\"https:\/\/www.prijedordanas.com\/?p=140188\"]}]},{\"@type\":\"BreadcrumbList\",\"@id\":\"https:\/\/www.prijedordanas.com\/?p=140188#breadcrumb\",\"itemListElement\":[{\"@type\":\"ListItem\",\"position\":1,\"name\":\"Home\",\"item\":\"https:\/\/www.prijedordanas.com\/\"},{\"@type\":\"ListItem\",\"position\":2,\"name\":\"Prijedor-Dan Republike Srpske: Aerodomsko naselje ponovo u crveno-plavo-bijelim bojama zastave \u2013 FOTO\"}]},{\"@type\":\"WebSite\",\"@id\":\"https:\/\/www.prijedordanas.com\/#website\",\"url\":\"https:\/\/www.prijedordanas.com\/\",\"name\":\"PrijedorDanas.com - Prijedorski gradski portal\",\"description\":\"Portal o doga\u0111anjima u gradu Prijedoru\",\"publisher\":{\"@id\":\"https:\/\/www.prijedordanas.com\/#organization\"},\"potentialAction\":[{\"@type\":\"SearchAction\",\"target\":{\"@type\":\"EntryPoint\",\"urlTemplate\":\"https:\/\/www.prijedordanas.com\/?s={search_term_string}\"},\"query-input\":\"required name=search_term_string\"}],\"inLanguage\":\"en-US\"},{\"@type\":\"Organization\",\"@id\":\"https:\/\/www.prijedordanas.com\/#organization\",\"name\":\"PrijedorDanas.com\",\"url\":\"https:\/\/www.prijedordanas.com\/\",\"logo\":{\"@type\":\"ImageObject\",\"inLanguage\":\"en-US\",\"@id\":\"https:\/\/www.prijedordanas.com\/#\/schema\/logo\/image\/\",\"url\":\"http:\/\/www.prijedordanas.com\/wp-content\/uploads\/2021\/12\/logopng.png\",\"contentUrl\":\"http:\/\/www.prijedordanas.com\/wp-content\/uploads\/2021\/12\/logopng.png\",\"width\":1019,\"height\":776,\"caption\":\"PrijedorDanas.com\"},\"image\":{\"@id\":\"https:\/\/www.prijedordanas.com\/#\/schema\/logo\/image\/\"},\"sameAs\":[\"https:\/\/www.facebook.com\/PrijedorDanasCom\/\"]},{\"@type\":\"Person\",\"@id\":\"https:\/\/www.prijedordanas.com\/#\/schema\/person\/4e08ccf29b506ca916ff86d46bb700e6\",\"name\":\"admin\",\"image\":{\"@type\":\"ImageObject\",\"inLanguage\":\"en-US\",\"@id\":\"https:\/\/www.prijedordanas.com\/#\/schema\/person\/image\/\",\"url\":\"https:\/\/secure.gravatar.com\/avatar\/1d3fc949d550f0b53a5f0d51e06dfd79?s=96&d=mm&r=g\",\"contentUrl\":\"https:\/\/secure.gravatar.com\/avatar\/1d3fc949d550f0b53a5f0d51e06dfd79?s=96&d=mm&r=g\",\"caption\":\"admin\"},\"url\":\"https:\/\/www.prijedordanas.com\/?author=1\"}]}<\/script>\n<!-- \/ Yoast SEO plugin. -->","yoast_head_json":{"title":"Prijedor-Dan Republike Srpske: Aerodomsko naselje ponovo u crveno-plavo-bijelim bojama zastave \u2013 FOTO - PrijedorDanas.com - Prijedorski gradski portal","robots":{"index":"index","follow":"follow","max-snippet":"max-snippet:-1","max-image-preview":"max-image-preview:large","max-video-preview":"max-video-preview:-1"},"canonical":"https:\/\/www.prijedordanas.com\/?p=140188","og_locale":"en_US","og_type":"article","og_title":"Prijedor-Dan Republike Srpske: Aerodomsko naselje ponovo u crveno-plavo-bijelim bojama zastave \u2013 FOTO - PrijedorDanas.com - Prijedorski gradski portal","og_description":"Povodom 9. januara, Dana Republike Srpske, mnogi stanovnici Prijedora odlu\u010dili su se i ove godine da postavljanjem zastave na svoje kuc\u0301e obilje\u017ee ovaj datum a me\u0111u najaktivnijima su bili stanovnici [&hellip;]","og_url":"https:\/\/www.prijedordanas.com\/?p=140188","og_site_name":"PrijedorDanas.com - Prijedorski gradski portal","article_publisher":"https:\/\/www.facebook.com\/PrijedorDanasCom\/","article_published_time":"2020-01-09T16:57:24+00:00","og_image":[{"url":"https:\/\/www.prijedordanas.com\/wp-content\/uploads\/2020\/01\/dan-rs-2020-aerodromsko-naselje-1-300x225.jpg"}],"author":"admin","twitter_card":"summary_large_image","twitter_misc":{"Written by":"admin","Est. reading time":"1 minute"},"schema":{"@context":"https:\/\/schema.org","@graph":[{"@type":"Article","@id":"https:\/\/www.prijedordanas.com\/?p=140188#article","isPartOf":{"@id":"https:\/\/www.prijedordanas.com\/?p=140188"},"author":{"name":"admin","@id":"https:\/\/www.prijedordanas.com\/#\/schema\/person\/4e08ccf29b506ca916ff86d46bb700e6"},"headline":"Prijedor-Dan Republike Srpske: Aerodomsko naselje ponovo u crveno-plavo-bijelim bojama zastave \u2013 FOTO","datePublished":"2020-01-09T16:57:24+00:00","dateModified":"2020-01-09T16:57:24+00:00","mainEntityOfPage":{"@id":"https:\/\/www.prijedordanas.com\/?p=140188"},"wordCount":123,"publisher":{"@id":"https:\/\/www.prijedordanas.com\/#organization"},"keywords":["Aerodromsko naselje","Dan Republike Srpske"],"articleSection":["Dru\u0161tvo"],"inLanguage":"en-US"},{"@type":"WebPage","@id":"https:\/\/www.prijedordanas.com\/?p=140188","url":"https:\/\/www.prijedordanas.com\/?p=140188","name":"Prijedor-Dan Republike Srpske: Aerodomsko naselje ponovo u crveno-plavo-bijelim bojama zastave \u2013 FOTO - PrijedorDanas.com - Prijedorski gradski portal","isPartOf":{"@id":"https:\/\/www.prijedordanas.com\/#website"},"datePublished":"2020-01-09T16:57:24+00:00","dateModified":"2020-01-09T16:57:24+00:00","breadcrumb":{"@id":"https:\/\/www.prijedordanas.com\/?p=140188#breadcrumb"},"inLanguage":"en-US","potentialAction":[{"@type":"ReadAction","target":["https:\/\/www.prijedordanas.com\/?p=140188"]}]},{"@type":"BreadcrumbList","@id":"https:\/\/www.prijedordanas.com\/?p=140188#breadcrumb","itemListElement":[{"@type":"ListItem","position":1,"name":"Home","item":"https:\/\/www.prijedordanas.com\/"},{"@type":"ListItem","position":2,"name":"Prijedor-Dan Republike Srpske: Aerodomsko naselje ponovo u crveno-plavo-bijelim bojama zastave \u2013 FOTO"}]},{"@type":"WebSite","@id":"https:\/\/www.prijedordanas.com\/#website","url":"https:\/\/www.prijedordanas.com\/","name":"PrijedorDanas.com - Prijedorski gradski portal","description":"Portal o doga\u0111anjima u gradu Prijedoru","publisher":{"@id":"https:\/\/www.prijedordanas.com\/#organization"},"potentialAction":[{"@type":"SearchAction","target":{"@type":"EntryPoint","urlTemplate":"https:\/\/www.prijedordanas.com\/?s={search_term_string}"},"query-input":"required name=search_term_string"}],"inLanguage":"en-US"},{"@type":"Organization","@id":"https:\/\/www.prijedordanas.com\/#organization","name":"PrijedorDanas.com","url":"https:\/\/www.prijedordanas.com\/","logo":{"@type":"ImageObject","inLanguage":"en-US","@id":"https:\/\/www.prijedordanas.com\/#\/schema\/logo\/image\/","url":"http:\/\/www.prijedordanas.com\/wp-content\/uploads\/2021\/12\/logopng.png","contentUrl":"http:\/\/www.prijedordanas.com\/wp-content\/uploads\/2021\/12\/logopng.png","width":1019,"height":776,"caption":"PrijedorDanas.com"},"image":{"@id":"https:\/\/www.prijedordanas.com\/#\/schema\/logo\/image\/"},"sameAs":["https:\/\/www.facebook.com\/PrijedorDanasCom\/"]},{"@type":"Person","@id":"https:\/\/www.prijedordanas.com\/#\/schema\/person\/4e08ccf29b506ca916ff86d46bb700e6","name":"admin","image":{"@type":"ImageObject","inLanguage":"en-US","@id":"https:\/\/www.prijedordanas.com\/#\/schema\/person\/image\/","url":"https:\/\/secure.gravatar.com\/avatar\/1d3fc949d550f0b53a5f0d51e06dfd79?s=96&d=mm&r=g","contentUrl":"https:\/\/secure.gravatar.com\/avatar\/1d3fc949d550f0b53a5f0d51e06dfd79?s=96&d=mm&r=g","caption":"admin"},"url":"https:\/\/www.prijedordanas.com\/?author=1"}]}},"_links":{"self":[{"href":"https:\/\/www.prijedordanas.com\/index.php?rest_route=\/wp\/v2\/posts\/140188"}],"collection":[{"href":"https:\/\/www.prijedordanas.com\/index.php?rest_route=\/wp\/v2\/posts"}],"about":[{"href":"https:\/\/www.prijedordanas.com\/index.php?rest_route=\/wp\/v2\/types\/post"}],"author":[{"embeddable":true,"href":"https:\/\/www.prijedordanas.com\/index.php?rest_route=\/wp\/v2\/users\/1"}],"replies":[{"embeddable":true,"href":"https:\/\/www.prijedordanas.com\/index.php?rest_route=%2Fwp%2Fv2%2Fcomments&post=140188"}],"version-history":[{"count":1,"href":"https:\/\/www.prijedordanas.com\/index.php?rest_route=\/wp\/v2\/posts\/140188\/revisions"}],"predecessor-version":[{"id":140189,"href":"https:\/\/www.prijedordanas.com\/index.php?rest_route=\/wp\/v2\/posts\/140188\/revisions\/140189"}],"wp:attachment":[{"href":"https:\/\/www.prijedordanas.com\/index.php?rest_route=%2Fwp%2Fv2%2Fmedia&parent=140188"}],"wp:term":[{"taxonomy":"category","embeddable":true,"href":"https:\/\/www.prijedordanas.com\/index.php?rest_route=%2Fwp%2Fv2%2Fcategories&post=140188"},{"taxonomy":"post_tag","embeddable":true,"href":"https:\/\/www.prijedordanas.com\/index.php?rest_route=%2Fwp%2Fv2%2Ftags&post=140188"}],"curies":[{"name":"wp","href":"https:\/\/api.w.org\/{rel}","templated":true}]}}