{"id":140148,"date":"2020-01-09T15:46:51","date_gmt":"2020-01-09T14:46:51","guid":{"rendered":"https:\/\/www.prijedordanas.com\/?p=140148"},"modified":"2020-01-09T15:46:51","modified_gmt":"2020-01-09T14:46:51","slug":"odlikovanja-povodom-dana-republike-srpske-za-dvojicu-prijedorcana-medalja-zasluga-za-narod-policajcu-studentu-plaketa-amblem-i-zastava-republike-srpske","status":"publish","type":"post","link":"https:\/\/www.prijedordanas.com\/?p=140148","title":{"rendered":"Odlikovanja povodom Dana Republike Srpske za dvojicu Prijedor\u010dana: Medalja zasluga za narod policajcu, studentu Plaketa &#8220;Amblem i zastava Republike Srpske&#8221;"},"content":{"rendered":"<p><a href=\"https:\/\/www.prijedordanas.com\/wp-content\/uploads\/2020\/01\/blic-dan-rs-odlikovanja-stefan-jovic.jpg\"><img loading=\"lazy\" decoding=\"async\" class=\"alignleft size-medium wp-image-140143\" src=\"https:\/\/www.prijedordanas.com\/wp-content\/uploads\/2020\/01\/blic-dan-rs-odlikovanja-stefan-jovic-300x225.jpg\" alt=\"\" width=\"300\" height=\"225\" srcset=\"https:\/\/www.prijedordanas.com\/wp-content\/uploads\/2020\/01\/blic-dan-rs-odlikovanja-stefan-jovic-300x225.jpg 300w, https:\/\/www.prijedordanas.com\/wp-content\/uploads\/2020\/01\/blic-dan-rs-odlikovanja-stefan-jovic-640x480.jpg 640w, https:\/\/www.prijedordanas.com\/wp-content\/uploads\/2020\/01\/blic-dan-rs-odlikovanja-stefan-jovic.jpg 667w\" sizes=\"(max-width: 300px) 100vw, 300px\" \/><\/a>U Palati Republike Srpske odr\u017eana je sve\u010danost povodom dodjele odlikovanja zaslu\u017enim institucijama i pojedincima.<\/p>\n<p>Odlikovanja je uru\u010dila predsjednica Srpske \u017deljka Cvijanovi\u0107.<\/p>\n<p>&#8211; Ovo je prilika da se zahvalimo isntitucija i pojedincima na svemu \u0161to su dali za Republiku Srpsku. Na ovaj na\u010din \u017eelimo da iska\u017eemo po\u0161tovanje prema svojim gra\u0111anima &#8211; istakla je Cvijanovi\u0107eva.<\/p>\n<p>Odlikovanja:<\/p>\n<p>ORDEN ZASTAVE REPUBLIKE SRPSKE SA ZLATNIM VI\u0408ENCEM<\/p>\n<p>Povodom obilje\u017eavanja devedeset godina od osnivanja, i doprinosa u razvoju kulturno &#8211; umjetni\u010dkog \u017eivota, kao i za rezultate i dostignu\u0107a od \u0161ireg zna\u010daja u afirmaciji Republike Srpske, predsjednica Srpske je odlikovala Narodno pozori\u0161te Republike Srpske.<\/p>\n<p>ORDEN ZASTAVE REPUBLIKE SRPSKE SA ZLATNIM VI\u0408ENCEM<\/p>\n<p>Za rad i zasluge u me\u0111unarodnoj saradnji i u\u010dvr\u0161\u0107enju mira, li\u010dne rezultate i dostignu\u0107a, kao i za doprinos u razvoju sveukupnih odnosa izme\u0111u Republike Srbije i Republike Srpske, predsjednica je odlikovala ministra odbrane Republike Srbije Aleksandra Vulina.<\/p>\n<p>ORDEN ZASTAVE REPUBLIKE SRPSKE SA SREBRNIM VI\u0408ENCEM<\/p>\n<p>\u200bZa rad i zasluge u me\u0111unarodnoj saradnji i u\u010dvr\u0161\u0107enju mira, li\u010dne rezultate i dostignu\u0107a, kao i za doprinos u razvoju sveukupnih odnosa izme\u0111u Republike Srbije i Republike Srpske, predsjednica je odlikovala generalnog konzula Republike Srbije u Banjaluci Vladimira Nikoli\u0107a.<\/p>\n<p>ORDEN \u010cASTI SA ZLATNIM ZRACIMA<\/p>\n<p>Za priznat dugogodi\u0161nji rad u zdravstvu i veliki doprinos u lije\u010denju i pru\u017eanju zdravstvenih usluga za djecu sa podru\u010dja Republike Srpske, kao i doprinos u obostranoj saradnji zdravstvenih ustanova iz Republike Srbije i Republike Srpske, predsjednica je odlikovala doc. dr sc. med. Radoja Simi\u0107a, specijalistu dje\u010dije hirurgije i direktora Instituta za zdravstvenu za\u0161titu majke i deteta &#8220;Dr Vukan \u010cupi\u0107&#8221;, Beograd.<\/p>\n<p>ORDEN NjEGO\u0160A II REDA<\/p>\n<p>Za posebne zasluge na polju prosvjetne djelatnosti i aktivnosti, i sto \u010detrdeset godina uspje\u0161nog rada, kojim se doprinosi op\u0161tem napretku i ugledu Republike Srpske, predsjednica je odlikovala \u0408U Osnovnu \u0161kolu &#8220;Dositej Obradovi\u0107&#8221;, Banjaluka.<\/p>\n<p>ORDEN NjEGO\u0160A III REDA<\/p>\n<p>Za priznati rad u kulturnom i duhovnom razvitku, kao i za posebne zasluge na polju javne djelatnosti, kojima se doprinosi op\u0161tem napretku Republike Srpske, predsjednica je odlikovala Momira Krsmanovi\u0107a, knji\u017eevnika i Desanku Trakilovi\u0107, dirigenta Srpskog crkvenog pjeva\u010dkog dru\u0161tva &#8220;Srbadija&#8221;, Bijeljina.<\/p>\n<p>ORDEN KRST MILOSR\u0110A<\/p>\n<p>Za po\u017ertvovanje i hrabrost u njezi ranjenika za vrijeme oru\u017eane borbe u odbrani Republike Srpske, kao i dugogodi\u0161nji rad u lije\u010denju pacijenata i veliki doprinos u razvoju zdravstvenog sistema Republike Srpske, predsjednica je odlikovala doc. dr sc. med. Sa\u0161u Vujnovi\u0107a, specijalistu radiologije i na\u010delnika Zavoda za klini\u010dku radiologiju \u0408ZU Univerzitetski klini\u010dki centar Republike Srpske, Banjaluka i dr Mihaila Mikov Nikolova, Bugarska, ljekara dobrovoljca u proteklom Odbrambeno &#8211; otad\u017ebinskom ratu.<\/p>\n<p><a href=\"https:\/\/www.prijedordanas.com\/wp-content\/uploads\/2020\/01\/rtrs-jure-komljen.jpg\"><img loading=\"lazy\" decoding=\"async\" class=\"alignleft size-medium wp-image-140144\" src=\"https:\/\/www.prijedordanas.com\/wp-content\/uploads\/2020\/01\/rtrs-jure-komljen-300x222.jpg\" alt=\"\" width=\"300\" height=\"222\" srcset=\"https:\/\/www.prijedordanas.com\/wp-content\/uploads\/2020\/01\/rtrs-jure-komljen-300x222.jpg 300w, https:\/\/www.prijedordanas.com\/wp-content\/uploads\/2020\/01\/rtrs-jure-komljen.jpg 675w\" sizes=\"(max-width: 300px) 100vw, 300px\" \/><\/a>MEDALjA ZASLUGA ZA NAROD<\/p>\n<p>Za zasluge u oblasti humanitarnog i duhovnog rada, za ispoljavanje li\u010dne hrabrosti, vrhunska dostignu\u0107a u oblasti sporta, kulture i umjetnosti, kojima se sveukupno doprinosi op\u0161toj afirmaciji Republike Srpske predsjednica je odlikovala:<\/p>\n<p>&#8211; Vedrana Petrovi\u0107a, Bijeljina, pripadnika Ministarstva unutra\u0161njih poslova Republike Srpske,<br \/>\n&#8211; \u0408ura Komljena, Prijedor, pripadnika Ministarstva unutra\u0161njih poslova Republike Srpske,<br \/>\n&#8211; Savu Milo\u0161evi\u0107a, proslavljenog srpskog fudbalera i trenera FK Partizan, Beograd,<br \/>\n&#8211; Marka Marina, njema\u010dkog profesionalnog fudbalera srpskog porijekla i kapitena FK Crvena zvezda, Beograd,<br \/>\n&#8211; Dijanu Zirojevi\u0107, d\u017eudistkinju, vi\u0161estruku \u0161ampionku, d\u017eudo trenera i uva\u017eenog sportskog radnika, Banjaluka,<br \/>\n&#8211; Mihajla \u010ceprkala, banjalu\u010dkog pliva\u010da i olimpijca,<br \/>\n&#8211; Nadu Stjepanovi\u0107, Br\u010dko, studentkinju 3. godine master studija na Gradskom univerzitetu u Njujorku, Bruklin koled\u017e, postdiplomska \u0161kola kinematografije,<br \/>\n&#8211; Mariu Frederiku Agnes van Hofen, osniva\u010da Doma za smje\u0161taj djece i omladine bez roditeljskog staranja &#8220;Prijateljska ku\u0107a&#8221;, Doboj,<br \/>\n&#8211; Bojana Mikuli\u0107a, akademskog vajara i autora skulptura u Spomen muzeju u Starom Brodu i<br \/>\n&#8211; Milana Mi\u0161u Radakovi\u0107a, dugogodi\u0161njeg direktora Teniskog kluba Mladost i ATP \u010celend\u017eer Banjaluka, posthumno.<\/p>\n<p><a href=\"https:\/\/www.prijedordanas.com\/wp-content\/uploads\/2020\/01\/rtrs-stefan-jovic.jpg\"><img loading=\"lazy\" decoding=\"async\" class=\"alignleft size-medium wp-image-140145\" src=\"https:\/\/www.prijedordanas.com\/wp-content\/uploads\/2020\/01\/rtrs-stefan-jovic-300x222.jpg\" alt=\"\" width=\"300\" height=\"222\" srcset=\"https:\/\/www.prijedordanas.com\/wp-content\/uploads\/2020\/01\/rtrs-stefan-jovic-300x222.jpg 300w, https:\/\/www.prijedordanas.com\/wp-content\/uploads\/2020\/01\/rtrs-stefan-jovic.jpg 675w\" sizes=\"(max-width: 300px) 100vw, 300px\" \/><\/a>ODLUKA O DOD\u0408ELI PLAKETE &#8220;AMBLEM I ZASTAVA REPUBLIKE SRPSKE&#8221;<\/p>\n<p>Za li\u010dne rezultate i dostignu\u0107a, kojima se doprinosi op\u0161tem napretku, ugledu i afirmaciji Republike Srpske, dodjeljujem Plaketu:<\/p>\n<p>&#8211; Du\u0161anu Peji\u0107u, Srebrenica, najboljem studentu u istoriji Katedre za srpski jezik i knji\u017eevnost Filozofskog fakulteta u Isto\u010dnom Sarajevu,<br \/>\n&#8211; Pavlu Lazarevi\u0107u, Pale, studentu 4. godine, na presti\u017enom Masa\u010dusets tehnolo\u0161kom institutu, smjerovi Elektri\u010dni in\u017eenjering i kompjuterske nauke i Matematika,<br \/>\n&#8211; Stefanu \u0408ovi\u0107u, Prijedor, apsolventu na Prvom moskovskom dr\u017eavnom univerzitetu,<br \/>\n&#8211; Davidu \u0160arencu, Trebinje, apsolventu Medicinskog fakulteta Univerziteta u Beogradu,<br \/>\n&#8211; Marku \u0408oji\u0107u, banjalu\u010dkom gimnazijalcu, osvaja\u010du medalje na Me\u0111unarodnoj olimpijadi metropola u Moskvi,<br \/>\n&#8211; \u0408ovanu Vukovi\u0107u, banjalu\u010dkom gimnazijalcu, osvaja\u010du medalje na Me\u0111unarodnoj olimpijadi metropola u Moskvi,<br \/>\n&#8211; Sergeju Kr\u010dmaru, banjalu\u010dkom gimnazijalcu, osvaja\u010du medalje na Me\u0111unarodnoj olimpijadi metropola u Moskvi,<br \/>\n&#8211; Marku Dimitri\u0107u, banjalu\u010dkom gimnazijalcu, osvaja\u010du medalje na Me\u0111unarodnoj olimpijadi metropola u Moskvi,<br \/>\n&#8211; Leonu Kosi\u0107u, banjalu\u010dkom gimnazijalcu, osvaja\u010du medalje na Me\u0111unarodnoj olimpijadi metropola u Moskvi,<br \/>\n&#8211; Milici Mila\u0161inovi\u0107, banjalu\u010dkoj gimnazijalki, osvaja\u010dici medalje na Me\u0111unarodnoj olimpijadi metropola u Moskvi,<br \/>\n&#8211; Strahinji Maksimovi\u0107u, banjalu\u010dkom gimnazijalcu, osvaja\u010du medalje na Me\u0111unarodnoj olimpijadi metropola u Moskvi,<br \/>\n&#8211; Marku Vu\u010di\u0107u, banjalu\u010dkom gimnazijalcu, osvaja\u010du medalje na Me\u0111unarodnoj olimpijadi metropola u Moskvi,<br \/>\n&#8211; Sari Kolak, maturantkinji Gimnazije &#8220;\u0408ovan Du\u010di\u0107&#8221; iz Trebinja, dobitnici prve nagrade za re\u017eiju filma &#8220;Kolijevka&#8221;, na Tre\u0107em filmskom festivalu &#8220;Restl fest&#8221; u Beogradu i<br \/>\n&#8211; Tei Kova\u010devi\u0107, teniserki i osvaja\u010dici presti\u017enog turnira za djecu uzrasta do 10 godina, &#8220;MALA MO&#8221; u Majamiju.<\/p>\n<p>RTRS<br \/>\nFoto &#8211; EuroBlic-srpskainfo.com<\/p>\n<div id=\"fb-root\"><\/div>\n<p><script async=\"1\" defer=\"1\" crossorigin=\"anonymous\" src=\"https:\/\/connect.facebook.net\/bs_BA\/sdk.js#xfbml=1&amp;version=v5.0\"><\/script><\/p>\n<div class=\"fb-video\" data-href=\"https:\/\/www.facebook.com\/rtrs.vijesti\/videos\/645880749488812\/\" data-width=\"500\">\n<blockquote cite=\"https:\/\/www.facebook.com\/rtrs.vijesti\/videos\/645880749488812\/\" class=\"fb-xfbml-parse-ignore\"><p><a href=\"https:\/\/www.facebook.com\/rtrs.vijesti\/videos\/645880749488812\/\">\u0414\u043e\u0434\u0458\u0435\u043b\u0430 \u043e\u0434\u043b\u0438\u043a\u043e\u0432\u0430\u045a\u0430 \u043f\u043e\u0432\u043e\u0434\u043e\u043c \u0414\u0430\u043d\u0430 \u0420\u0435\u043f\u0443\u0431\u043b\u0438\u043a\u0435  \/\/\/ 9. \u0458\u0430\u043d\u0443\u0430\u0440 2020.<\/a><\/p>\n<p>\u0414\u043e\u0434\u0458\u0435\u043b\u0430 \u043e\u0434\u043b\u0438\u043a\u043e\u0432\u0430\u045a\u0430 \u043f\u043e\u0432\u043e\u0434\u043e\u043c \u0414\u0430\u043d\u0430 \u0420\u0435\u043f\u0443\u0431\u043b\u0438\u043a\u0435<\/p>\n<p>Posted by <a href=\"https:\/\/www.facebook.com\/rtrs.vijesti\/\">RTRS vijesti<\/a> on \u010cetvrtak, 9. Januar 2020.<\/p><\/blockquote>\n<\/div>\n","protected":false},"excerpt":{"rendered":"<p>U Palati Republike Srpske odr\u017eana je sve\u010danost povodom dodjele odlikovanja zaslu\u017enim institucijama i pojedincima. Odlikovanja je uru\u010dila predsjednica Srpske \u017deljka Cvijanovi\u0107. &#8211; Ovo je prilika da se zahvalimo isntitucija i [&hellip;]<\/p>\n","protected":false},"author":1,"featured_media":0,"comment_status":"closed","ping_status":"open","sticky":false,"template":"","format":"standard","meta":{"_monsterinsights_skip_tracking":false,"_monsterinsights_sitenote_active":false,"_monsterinsights_sitenote_note":"","_monsterinsights_sitenote_category":0,"footnotes":""},"categories":[4],"tags":[5958],"yoast_head":"<!-- This site is optimized with the Yoast SEO plugin v21.6 - https:\/\/yoast.com\/wordpress\/plugins\/seo\/ -->\n<title>Odlikovanja povodom Dana Republike Srpske za dvojicu Prijedor\u010dana: Medalja zasluga za narod policajcu, studentu Plaketa &quot;Amblem i zastava Republike Srpske&quot; - PrijedorDanas.com - Prijedorski gradski portal<\/title>\n<meta name=\"robots\" content=\"index, follow, max-snippet:-1, max-image-preview:large, max-video-preview:-1\" \/>\n<link rel=\"canonical\" href=\"https:\/\/www.prijedordanas.com\/?p=140148\" \/>\n<meta property=\"og:locale\" content=\"en_US\" \/>\n<meta property=\"og:type\" content=\"article\" \/>\n<meta property=\"og:title\" content=\"Odlikovanja povodom Dana Republike Srpske za dvojicu Prijedor\u010dana: Medalja zasluga za narod policajcu, studentu Plaketa &quot;Amblem i zastava Republike Srpske&quot; - PrijedorDanas.com - Prijedorski gradski portal\" \/>\n<meta property=\"og:description\" content=\"U Palati Republike Srpske odr\u017eana je sve\u010danost povodom dodjele odlikovanja zaslu\u017enim institucijama i pojedincima. Odlikovanja je uru\u010dila predsjednica Srpske \u017deljka Cvijanovi\u0107. &#8211; Ovo je prilika da se zahvalimo isntitucija i [&hellip;]\" \/>\n<meta property=\"og:url\" content=\"https:\/\/www.prijedordanas.com\/?p=140148\" \/>\n<meta property=\"og:site_name\" content=\"PrijedorDanas.com - Prijedorski gradski portal\" \/>\n<meta property=\"article:publisher\" content=\"https:\/\/www.facebook.com\/PrijedorDanasCom\/\" \/>\n<meta property=\"article:published_time\" content=\"2020-01-09T14:46:51+00:00\" \/>\n<meta property=\"og:image\" content=\"https:\/\/www.prijedordanas.com\/wp-content\/uploads\/2020\/01\/blic-dan-rs-odlikovanja-stefan-jovic-300x225.jpg\" \/>\n<meta name=\"author\" content=\"admin\" \/>\n<meta name=\"twitter:card\" content=\"summary_large_image\" \/>\n<meta name=\"twitter:label1\" content=\"Written by\" \/>\n\t<meta name=\"twitter:data1\" content=\"admin\" \/>\n\t<meta name=\"twitter:label2\" content=\"Est. reading time\" \/>\n\t<meta name=\"twitter:data2\" content=\"5 minutes\" \/>\n<script type=\"application\/ld+json\" class=\"yoast-schema-graph\">{\"@context\":\"https:\/\/schema.org\",\"@graph\":[{\"@type\":\"Article\",\"@id\":\"https:\/\/www.prijedordanas.com\/?p=140148#article\",\"isPartOf\":{\"@id\":\"https:\/\/www.prijedordanas.com\/?p=140148\"},\"author\":{\"name\":\"admin\",\"@id\":\"https:\/\/www.prijedordanas.com\/#\/schema\/person\/4e08ccf29b506ca916ff86d46bb700e6\"},\"headline\":\"Odlikovanja povodom Dana Republike Srpske za dvojicu Prijedor\u010dana: Medalja zasluga za narod policajcu, studentu Plaketa &#8220;Amblem i zastava Republike Srpske&#8221;\",\"datePublished\":\"2020-01-09T14:46:51+00:00\",\"dateModified\":\"2020-01-09T14:46:51+00:00\",\"mainEntityOfPage\":{\"@id\":\"https:\/\/www.prijedordanas.com\/?p=140148\"},\"wordCount\":969,\"publisher\":{\"@id\":\"https:\/\/www.prijedordanas.com\/#organization\"},\"keywords\":[\"Dan Republike Srpske\"],\"articleSection\":[\"Dru\u0161tvo\"],\"inLanguage\":\"en-US\"},{\"@type\":\"WebPage\",\"@id\":\"https:\/\/www.prijedordanas.com\/?p=140148\",\"url\":\"https:\/\/www.prijedordanas.com\/?p=140148\",\"name\":\"Odlikovanja povodom Dana Republike Srpske za dvojicu Prijedor\u010dana: Medalja zasluga za narod policajcu, studentu Plaketa \\\"Amblem i zastava Republike Srpske\\\" - PrijedorDanas.com - Prijedorski gradski portal\",\"isPartOf\":{\"@id\":\"https:\/\/www.prijedordanas.com\/#website\"},\"datePublished\":\"2020-01-09T14:46:51+00:00\",\"dateModified\":\"2020-01-09T14:46:51+00:00\",\"breadcrumb\":{\"@id\":\"https:\/\/www.prijedordanas.com\/?p=140148#breadcrumb\"},\"inLanguage\":\"en-US\",\"potentialAction\":[{\"@type\":\"ReadAction\",\"target\":[\"https:\/\/www.prijedordanas.com\/?p=140148\"]}]},{\"@type\":\"BreadcrumbList\",\"@id\":\"https:\/\/www.prijedordanas.com\/?p=140148#breadcrumb\",\"itemListElement\":[{\"@type\":\"ListItem\",\"position\":1,\"name\":\"Home\",\"item\":\"https:\/\/www.prijedordanas.com\/\"},{\"@type\":\"ListItem\",\"position\":2,\"name\":\"Odlikovanja povodom Dana Republike Srpske za dvojicu Prijedor\u010dana: Medalja zasluga za narod policajcu, studentu Plaketa &#8220;Amblem i zastava Republike Srpske&#8221;\"}]},{\"@type\":\"WebSite\",\"@id\":\"https:\/\/www.prijedordanas.com\/#website\",\"url\":\"https:\/\/www.prijedordanas.com\/\",\"name\":\"PrijedorDanas.com - Prijedorski gradski portal\",\"description\":\"Portal o doga\u0111anjima u gradu Prijedoru\",\"publisher\":{\"@id\":\"https:\/\/www.prijedordanas.com\/#organization\"},\"potentialAction\":[{\"@type\":\"SearchAction\",\"target\":{\"@type\":\"EntryPoint\",\"urlTemplate\":\"https:\/\/www.prijedordanas.com\/?s={search_term_string}\"},\"query-input\":\"required name=search_term_string\"}],\"inLanguage\":\"en-US\"},{\"@type\":\"Organization\",\"@id\":\"https:\/\/www.prijedordanas.com\/#organization\",\"name\":\"PrijedorDanas.com\",\"url\":\"https:\/\/www.prijedordanas.com\/\",\"logo\":{\"@type\":\"ImageObject\",\"inLanguage\":\"en-US\",\"@id\":\"https:\/\/www.prijedordanas.com\/#\/schema\/logo\/image\/\",\"url\":\"http:\/\/www.prijedordanas.com\/wp-content\/uploads\/2021\/12\/logopng.png\",\"contentUrl\":\"http:\/\/www.prijedordanas.com\/wp-content\/uploads\/2021\/12\/logopng.png\",\"width\":1019,\"height\":776,\"caption\":\"PrijedorDanas.com\"},\"image\":{\"@id\":\"https:\/\/www.prijedordanas.com\/#\/schema\/logo\/image\/\"},\"sameAs\":[\"https:\/\/www.facebook.com\/PrijedorDanasCom\/\"]},{\"@type\":\"Person\",\"@id\":\"https:\/\/www.prijedordanas.com\/#\/schema\/person\/4e08ccf29b506ca916ff86d46bb700e6\",\"name\":\"admin\",\"image\":{\"@type\":\"ImageObject\",\"inLanguage\":\"en-US\",\"@id\":\"https:\/\/www.prijedordanas.com\/#\/schema\/person\/image\/\",\"url\":\"https:\/\/secure.gravatar.com\/avatar\/1d3fc949d550f0b53a5f0d51e06dfd79?s=96&d=mm&r=g\",\"contentUrl\":\"https:\/\/secure.gravatar.com\/avatar\/1d3fc949d550f0b53a5f0d51e06dfd79?s=96&d=mm&r=g\",\"caption\":\"admin\"},\"url\":\"https:\/\/www.prijedordanas.com\/?author=1\"}]}<\/script>\n<!-- \/ Yoast SEO plugin. -->","yoast_head_json":{"title":"Odlikovanja povodom Dana Republike Srpske za dvojicu Prijedor\u010dana: Medalja zasluga za narod policajcu, studentu Plaketa \"Amblem i zastava Republike Srpske\" - PrijedorDanas.com - Prijedorski gradski portal","robots":{"index":"index","follow":"follow","max-snippet":"max-snippet:-1","max-image-preview":"max-image-preview:large","max-video-preview":"max-video-preview:-1"},"canonical":"https:\/\/www.prijedordanas.com\/?p=140148","og_locale":"en_US","og_type":"article","og_title":"Odlikovanja povodom Dana Republike Srpske za dvojicu Prijedor\u010dana: Medalja zasluga za narod policajcu, studentu Plaketa \"Amblem i zastava Republike Srpske\" - PrijedorDanas.com - Prijedorski gradski portal","og_description":"U Palati Republike Srpske odr\u017eana je sve\u010danost povodom dodjele odlikovanja zaslu\u017enim institucijama i pojedincima. Odlikovanja je uru\u010dila predsjednica Srpske \u017deljka Cvijanovi\u0107. &#8211; Ovo je prilika da se zahvalimo isntitucija i [&hellip;]","og_url":"https:\/\/www.prijedordanas.com\/?p=140148","og_site_name":"PrijedorDanas.com - Prijedorski gradski portal","article_publisher":"https:\/\/www.facebook.com\/PrijedorDanasCom\/","article_published_time":"2020-01-09T14:46:51+00:00","og_image":[{"url":"https:\/\/www.prijedordanas.com\/wp-content\/uploads\/2020\/01\/blic-dan-rs-odlikovanja-stefan-jovic-300x225.jpg"}],"author":"admin","twitter_card":"summary_large_image","twitter_misc":{"Written by":"admin","Est. reading time":"5 minutes"},"schema":{"@context":"https:\/\/schema.org","@graph":[{"@type":"Article","@id":"https:\/\/www.prijedordanas.com\/?p=140148#article","isPartOf":{"@id":"https:\/\/www.prijedordanas.com\/?p=140148"},"author":{"name":"admin","@id":"https:\/\/www.prijedordanas.com\/#\/schema\/person\/4e08ccf29b506ca916ff86d46bb700e6"},"headline":"Odlikovanja povodom Dana Republike Srpske za dvojicu Prijedor\u010dana: Medalja zasluga za narod policajcu, studentu Plaketa &#8220;Amblem i zastava Republike Srpske&#8221;","datePublished":"2020-01-09T14:46:51+00:00","dateModified":"2020-01-09T14:46:51+00:00","mainEntityOfPage":{"@id":"https:\/\/www.prijedordanas.com\/?p=140148"},"wordCount":969,"publisher":{"@id":"https:\/\/www.prijedordanas.com\/#organization"},"keywords":["Dan Republike Srpske"],"articleSection":["Dru\u0161tvo"],"inLanguage":"en-US"},{"@type":"WebPage","@id":"https:\/\/www.prijedordanas.com\/?p=140148","url":"https:\/\/www.prijedordanas.com\/?p=140148","name":"Odlikovanja povodom Dana Republike Srpske za dvojicu Prijedor\u010dana: Medalja zasluga za narod policajcu, studentu Plaketa \"Amblem i zastava Republike Srpske\" - PrijedorDanas.com - Prijedorski gradski portal","isPartOf":{"@id":"https:\/\/www.prijedordanas.com\/#website"},"datePublished":"2020-01-09T14:46:51+00:00","dateModified":"2020-01-09T14:46:51+00:00","breadcrumb":{"@id":"https:\/\/www.prijedordanas.com\/?p=140148#breadcrumb"},"inLanguage":"en-US","potentialAction":[{"@type":"ReadAction","target":["https:\/\/www.prijedordanas.com\/?p=140148"]}]},{"@type":"BreadcrumbList","@id":"https:\/\/www.prijedordanas.com\/?p=140148#breadcrumb","itemListElement":[{"@type":"ListItem","position":1,"name":"Home","item":"https:\/\/www.prijedordanas.com\/"},{"@type":"ListItem","position":2,"name":"Odlikovanja povodom Dana Republike Srpske za dvojicu Prijedor\u010dana: Medalja zasluga za narod policajcu, studentu Plaketa &#8220;Amblem i zastava Republike Srpske&#8221;"}]},{"@type":"WebSite","@id":"https:\/\/www.prijedordanas.com\/#website","url":"https:\/\/www.prijedordanas.com\/","name":"PrijedorDanas.com - Prijedorski gradski portal","description":"Portal o doga\u0111anjima u gradu Prijedoru","publisher":{"@id":"https:\/\/www.prijedordanas.com\/#organization"},"potentialAction":[{"@type":"SearchAction","target":{"@type":"EntryPoint","urlTemplate":"https:\/\/www.prijedordanas.com\/?s={search_term_string}"},"query-input":"required name=search_term_string"}],"inLanguage":"en-US"},{"@type":"Organization","@id":"https:\/\/www.prijedordanas.com\/#organization","name":"PrijedorDanas.com","url":"https:\/\/www.prijedordanas.com\/","logo":{"@type":"ImageObject","inLanguage":"en-US","@id":"https:\/\/www.prijedordanas.com\/#\/schema\/logo\/image\/","url":"http:\/\/www.prijedordanas.com\/wp-content\/uploads\/2021\/12\/logopng.png","contentUrl":"http:\/\/www.prijedordanas.com\/wp-content\/uploads\/2021\/12\/logopng.png","width":1019,"height":776,"caption":"PrijedorDanas.com"},"image":{"@id":"https:\/\/www.prijedordanas.com\/#\/schema\/logo\/image\/"},"sameAs":["https:\/\/www.facebook.com\/PrijedorDanasCom\/"]},{"@type":"Person","@id":"https:\/\/www.prijedordanas.com\/#\/schema\/person\/4e08ccf29b506ca916ff86d46bb700e6","name":"admin","image":{"@type":"ImageObject","inLanguage":"en-US","@id":"https:\/\/www.prijedordanas.com\/#\/schema\/person\/image\/","url":"https:\/\/secure.gravatar.com\/avatar\/1d3fc949d550f0b53a5f0d51e06dfd79?s=96&d=mm&r=g","contentUrl":"https:\/\/secure.gravatar.com\/avatar\/1d3fc949d550f0b53a5f0d51e06dfd79?s=96&d=mm&r=g","caption":"admin"},"url":"https:\/\/www.prijedordanas.com\/?author=1"}]}},"_links":{"self":[{"href":"https:\/\/www.prijedordanas.com\/index.php?rest_route=\/wp\/v2\/posts\/140148"}],"collection":[{"href":"https:\/\/www.prijedordanas.com\/index.php?rest_route=\/wp\/v2\/posts"}],"about":[{"href":"https:\/\/www.prijedordanas.com\/index.php?rest_route=\/wp\/v2\/types\/post"}],"author":[{"embeddable":true,"href":"https:\/\/www.prijedordanas.com\/index.php?rest_route=\/wp\/v2\/users\/1"}],"replies":[{"embeddable":true,"href":"https:\/\/www.prijedordanas.com\/index.php?rest_route=%2Fwp%2Fv2%2Fcomments&post=140148"}],"version-history":[{"count":1,"href":"https:\/\/www.prijedordanas.com\/index.php?rest_route=\/wp\/v2\/posts\/140148\/revisions"}],"predecessor-version":[{"id":140150,"href":"https:\/\/www.prijedordanas.com\/index.php?rest_route=\/wp\/v2\/posts\/140148\/revisions\/140150"}],"wp:attachment":[{"href":"https:\/\/www.prijedordanas.com\/index.php?rest_route=%2Fwp%2Fv2%2Fmedia&parent=140148"}],"wp:term":[{"taxonomy":"category","embeddable":true,"href":"https:\/\/www.prijedordanas.com\/index.php?rest_route=%2Fwp%2Fv2%2Fcategories&post=140148"},{"taxonomy":"post_tag","embeddable":true,"href":"https:\/\/www.prijedordanas.com\/index.php?rest_route=%2Fwp%2Fv2%2Ftags&post=140148"}],"curies":[{"name":"wp","href":"https:\/\/api.w.org\/{rel}","templated":true}]}}