{"id":140013,"date":"2020-01-07T21:37:14","date_gmt":"2020-01-07T20:37:14","guid":{"rendered":"https:\/\/www.prijedordanas.com\/?p=140013"},"modified":"2020-01-07T21:37:14","modified_gmt":"2020-01-07T20:37:14","slug":"mnogobrojni-vjernici-na-bozicnoj-liturgiji-sirom-prijedorske-regije-video","status":"publish","type":"post","link":"https:\/\/www.prijedordanas.com\/?p=140013","title":{"rendered":"Mnogobrojni vjernici na bo\u017ei\u0107noj liturgiji \u0161irom prijedorske regije &#8211; VIDEO"},"content":{"rendered":"<p><a href=\"https:\/\/www.prijedordanas.com\/wp-content\/uploads\/2020\/01\/rtrs-bozic-2020.jpg\"><img loading=\"lazy\" decoding=\"async\" class=\"alignleft size-medium wp-image-140011\" src=\"https:\/\/www.prijedordanas.com\/wp-content\/uploads\/2020\/01\/rtrs-bozic-2020-300x223.jpg\" alt=\"\" width=\"300\" height=\"223\" srcset=\"https:\/\/www.prijedordanas.com\/wp-content\/uploads\/2020\/01\/rtrs-bozic-2020-300x223.jpg 300w, https:\/\/www.prijedordanas.com\/wp-content\/uploads\/2020\/01\/rtrs-bozic-2020.jpg 673w\" sizes=\"(max-width: 300px) 100vw, 300px\" \/><\/a>Najradosniji hri\u0161\u0107anski praznik, onako kako dolikuje, proslavili su i Prijedor\u010dani. Prvo ispovije\u0161\u0107u, prisustvom na liturgijama u brojnim prijedorskim hramovima, a nakon pri\u010de\u0161\u0107a i u svojim domovima.<\/p>\n<p>Dok vjernici ka\u017eu da je najva\u017enije ispo\u0161tovati tradiciju i obi\u010daje, iz prijedorskog Hrama Svete Trojice poslata je poruka mira, jedinstva i ljubavi.<\/p>\n<p>U prijedorskom Hramu Svete Trojice, na bo\u017ei\u0107noj liturgiji veliki broj vjernika. Prvo su do\u0161li da u Bo\u017eijoj ku\u0107i proslave dan Hristovog ro\u0111enja, a potom kako nala\u017eu tradicija i obi\u010daji, u svom domu.<\/p>\n<p>U prijedorskom centralnom hramu, Bo\u017ei\u0107 ve\u0107 dvije decenije do\u010dekuje i Srpsko pjeva\u010dko dru\u0161tvo Vila.<\/p>\n<p>&#8211; Pjevamo od pet sati ujutru sa na\u0161im vjernicima. U\u010destvujemo zajendo sa na\u0161im protom, a to radimo ve\u0107 20 godina i to je ono \u0161to nas \u010dini posebnim u ovom na\u0161em gradu Prijedoru &#8211; naveo je Aljo\u0161a Novakovi\u0107 dirigent Srpskog pjeva\u010dkog dru\u0161tva &#8220;Vila&#8221; Prijedor.<\/p>\n<p>Iz prijedorskog Hrama Svete Trojice, danas je poslata poruka mira, ljubavi, nade i jedinstva.<\/p>\n<p>&#8211; Najbolja poruka koja se mo\u017ee uputiti danas je poruka i pro\u0161losti i sada\u0161njosti i budu\u0107nosti, Mir Bo\u017eji Hristos se rodi &#8211; poru\u010dio je Mladen Majki\u0107 sve\u0161tenik iz Prijedora.<\/p>\n<p>Ba\u0161 kao i u gradu Prijedoru, Sveta liturgija slu\u017eena je i u svim hramovima u op\u0161tinama na podru\u010dju prijedorske regije.<\/p>\n<p>RTRS<\/p>\n<p><iframe loading=\"lazy\" title=\"Mnogobrojni vjernici na bo\u017ei\u0107noj liturgiji \u0161irom prijedorske regije\" width=\"500\" height=\"281\" src=\"https:\/\/www.youtube.com\/embed\/fHMLmmIaFZY?feature=oembed\" frameborder=\"0\" allow=\"accelerometer; autoplay; encrypted-media; gyroscope; picture-in-picture\" allowfullscreen><\/iframe><\/p>\n","protected":false},"excerpt":{"rendered":"<p>Najradosniji hri\u0161\u0107anski praznik, onako kako dolikuje, proslavili su i Prijedor\u010dani. Prvo ispovije\u0161\u0107u, prisustvom na liturgijama u brojnim prijedorskim hramovima, a nakon pri\u010de\u0161\u0107a i u svojim domovima. Dok vjernici ka\u017eu da [&hellip;]<\/p>\n","protected":false},"author":1,"featured_media":0,"comment_status":"closed","ping_status":"open","sticky":false,"template":"","format":"standard","meta":{"_monsterinsights_skip_tracking":false,"_monsterinsights_sitenote_active":false,"_monsterinsights_sitenote_note":"","_monsterinsights_sitenote_category":0,"footnotes":""},"categories":[4],"tags":[],"yoast_head":"<!-- This site is optimized with the Yoast SEO plugin v21.6 - https:\/\/yoast.com\/wordpress\/plugins\/seo\/ -->\n<title>Mnogobrojni vjernici na bo\u017ei\u0107noj liturgiji \u0161irom prijedorske regije - VIDEO - PrijedorDanas.com - Prijedorski gradski portal<\/title>\n<meta name=\"robots\" content=\"index, follow, max-snippet:-1, max-image-preview:large, max-video-preview:-1\" \/>\n<link rel=\"canonical\" href=\"https:\/\/www.prijedordanas.com\/?p=140013\" \/>\n<meta property=\"og:locale\" content=\"en_US\" \/>\n<meta property=\"og:type\" content=\"article\" \/>\n<meta property=\"og:title\" content=\"Mnogobrojni vjernici na bo\u017ei\u0107noj liturgiji \u0161irom prijedorske regije - VIDEO - PrijedorDanas.com - Prijedorski gradski portal\" \/>\n<meta property=\"og:description\" content=\"Najradosniji hri\u0161\u0107anski praznik, onako kako dolikuje, proslavili su i Prijedor\u010dani. Prvo ispovije\u0161\u0107u, prisustvom na liturgijama u brojnim prijedorskim hramovima, a nakon pri\u010de\u0161\u0107a i u svojim domovima. Dok vjernici ka\u017eu da [&hellip;]\" \/>\n<meta property=\"og:url\" content=\"https:\/\/www.prijedordanas.com\/?p=140013\" \/>\n<meta property=\"og:site_name\" content=\"PrijedorDanas.com - Prijedorski gradski portal\" \/>\n<meta property=\"article:publisher\" content=\"https:\/\/www.facebook.com\/PrijedorDanasCom\/\" \/>\n<meta property=\"article:published_time\" content=\"2020-01-07T20:37:14+00:00\" \/>\n<meta property=\"og:image\" content=\"https:\/\/www.prijedordanas.com\/wp-content\/uploads\/2020\/01\/rtrs-bozic-2020-300x223.jpg\" \/>\n<meta name=\"author\" content=\"admin\" \/>\n<meta name=\"twitter:card\" content=\"summary_large_image\" \/>\n<meta name=\"twitter:label1\" content=\"Written by\" \/>\n\t<meta name=\"twitter:data1\" content=\"admin\" \/>\n\t<meta name=\"twitter:label2\" content=\"Est. reading time\" \/>\n\t<meta name=\"twitter:data2\" content=\"1 minute\" \/>\n<script type=\"application\/ld+json\" class=\"yoast-schema-graph\">{\"@context\":\"https:\/\/schema.org\",\"@graph\":[{\"@type\":\"Article\",\"@id\":\"https:\/\/www.prijedordanas.com\/?p=140013#article\",\"isPartOf\":{\"@id\":\"https:\/\/www.prijedordanas.com\/?p=140013\"},\"author\":{\"name\":\"admin\",\"@id\":\"https:\/\/www.prijedordanas.com\/#\/schema\/person\/4e08ccf29b506ca916ff86d46bb700e6\"},\"headline\":\"Mnogobrojni vjernici na bo\u017ei\u0107noj liturgiji \u0161irom prijedorske regije &#8211; VIDEO\",\"datePublished\":\"2020-01-07T20:37:14+00:00\",\"dateModified\":\"2020-01-07T20:37:14+00:00\",\"mainEntityOfPage\":{\"@id\":\"https:\/\/www.prijedordanas.com\/?p=140013\"},\"wordCount\":255,\"publisher\":{\"@id\":\"https:\/\/www.prijedordanas.com\/#organization\"},\"articleSection\":[\"Dru\u0161tvo\"],\"inLanguage\":\"en-US\"},{\"@type\":\"WebPage\",\"@id\":\"https:\/\/www.prijedordanas.com\/?p=140013\",\"url\":\"https:\/\/www.prijedordanas.com\/?p=140013\",\"name\":\"Mnogobrojni vjernici na bo\u017ei\u0107noj liturgiji \u0161irom prijedorske regije - VIDEO - PrijedorDanas.com - Prijedorski gradski portal\",\"isPartOf\":{\"@id\":\"https:\/\/www.prijedordanas.com\/#website\"},\"datePublished\":\"2020-01-07T20:37:14+00:00\",\"dateModified\":\"2020-01-07T20:37:14+00:00\",\"breadcrumb\":{\"@id\":\"https:\/\/www.prijedordanas.com\/?p=140013#breadcrumb\"},\"inLanguage\":\"en-US\",\"potentialAction\":[{\"@type\":\"ReadAction\",\"target\":[\"https:\/\/www.prijedordanas.com\/?p=140013\"]}]},{\"@type\":\"BreadcrumbList\",\"@id\":\"https:\/\/www.prijedordanas.com\/?p=140013#breadcrumb\",\"itemListElement\":[{\"@type\":\"ListItem\",\"position\":1,\"name\":\"Home\",\"item\":\"https:\/\/www.prijedordanas.com\/\"},{\"@type\":\"ListItem\",\"position\":2,\"name\":\"Mnogobrojni vjernici na bo\u017ei\u0107noj liturgiji \u0161irom prijedorske regije &#8211; VIDEO\"}]},{\"@type\":\"WebSite\",\"@id\":\"https:\/\/www.prijedordanas.com\/#website\",\"url\":\"https:\/\/www.prijedordanas.com\/\",\"name\":\"PrijedorDanas.com - Prijedorski gradski portal\",\"description\":\"Portal o doga\u0111anjima u gradu Prijedoru\",\"publisher\":{\"@id\":\"https:\/\/www.prijedordanas.com\/#organization\"},\"potentialAction\":[{\"@type\":\"SearchAction\",\"target\":{\"@type\":\"EntryPoint\",\"urlTemplate\":\"https:\/\/www.prijedordanas.com\/?s={search_term_string}\"},\"query-input\":\"required name=search_term_string\"}],\"inLanguage\":\"en-US\"},{\"@type\":\"Organization\",\"@id\":\"https:\/\/www.prijedordanas.com\/#organization\",\"name\":\"PrijedorDanas.com\",\"url\":\"https:\/\/www.prijedordanas.com\/\",\"logo\":{\"@type\":\"ImageObject\",\"inLanguage\":\"en-US\",\"@id\":\"https:\/\/www.prijedordanas.com\/#\/schema\/logo\/image\/\",\"url\":\"http:\/\/www.prijedordanas.com\/wp-content\/uploads\/2021\/12\/logopng.png\",\"contentUrl\":\"http:\/\/www.prijedordanas.com\/wp-content\/uploads\/2021\/12\/logopng.png\",\"width\":1019,\"height\":776,\"caption\":\"PrijedorDanas.com\"},\"image\":{\"@id\":\"https:\/\/www.prijedordanas.com\/#\/schema\/logo\/image\/\"},\"sameAs\":[\"https:\/\/www.facebook.com\/PrijedorDanasCom\/\"]},{\"@type\":\"Person\",\"@id\":\"https:\/\/www.prijedordanas.com\/#\/schema\/person\/4e08ccf29b506ca916ff86d46bb700e6\",\"name\":\"admin\",\"image\":{\"@type\":\"ImageObject\",\"inLanguage\":\"en-US\",\"@id\":\"https:\/\/www.prijedordanas.com\/#\/schema\/person\/image\/\",\"url\":\"https:\/\/secure.gravatar.com\/avatar\/1d3fc949d550f0b53a5f0d51e06dfd79?s=96&d=mm&r=g\",\"contentUrl\":\"https:\/\/secure.gravatar.com\/avatar\/1d3fc949d550f0b53a5f0d51e06dfd79?s=96&d=mm&r=g\",\"caption\":\"admin\"},\"url\":\"https:\/\/www.prijedordanas.com\/?author=1\"}]}<\/script>\n<!-- \/ Yoast SEO plugin. -->","yoast_head_json":{"title":"Mnogobrojni vjernici na bo\u017ei\u0107noj liturgiji \u0161irom prijedorske regije - VIDEO - PrijedorDanas.com - Prijedorski gradski portal","robots":{"index":"index","follow":"follow","max-snippet":"max-snippet:-1","max-image-preview":"max-image-preview:large","max-video-preview":"max-video-preview:-1"},"canonical":"https:\/\/www.prijedordanas.com\/?p=140013","og_locale":"en_US","og_type":"article","og_title":"Mnogobrojni vjernici na bo\u017ei\u0107noj liturgiji \u0161irom prijedorske regije - VIDEO - PrijedorDanas.com - Prijedorski gradski portal","og_description":"Najradosniji hri\u0161\u0107anski praznik, onako kako dolikuje, proslavili su i Prijedor\u010dani. Prvo ispovije\u0161\u0107u, prisustvom na liturgijama u brojnim prijedorskim hramovima, a nakon pri\u010de\u0161\u0107a i u svojim domovima. Dok vjernici ka\u017eu da [&hellip;]","og_url":"https:\/\/www.prijedordanas.com\/?p=140013","og_site_name":"PrijedorDanas.com - Prijedorski gradski portal","article_publisher":"https:\/\/www.facebook.com\/PrijedorDanasCom\/","article_published_time":"2020-01-07T20:37:14+00:00","og_image":[{"url":"https:\/\/www.prijedordanas.com\/wp-content\/uploads\/2020\/01\/rtrs-bozic-2020-300x223.jpg"}],"author":"admin","twitter_card":"summary_large_image","twitter_misc":{"Written by":"admin","Est. reading time":"1 minute"},"schema":{"@context":"https:\/\/schema.org","@graph":[{"@type":"Article","@id":"https:\/\/www.prijedordanas.com\/?p=140013#article","isPartOf":{"@id":"https:\/\/www.prijedordanas.com\/?p=140013"},"author":{"name":"admin","@id":"https:\/\/www.prijedordanas.com\/#\/schema\/person\/4e08ccf29b506ca916ff86d46bb700e6"},"headline":"Mnogobrojni vjernici na bo\u017ei\u0107noj liturgiji \u0161irom prijedorske regije &#8211; VIDEO","datePublished":"2020-01-07T20:37:14+00:00","dateModified":"2020-01-07T20:37:14+00:00","mainEntityOfPage":{"@id":"https:\/\/www.prijedordanas.com\/?p=140013"},"wordCount":255,"publisher":{"@id":"https:\/\/www.prijedordanas.com\/#organization"},"articleSection":["Dru\u0161tvo"],"inLanguage":"en-US"},{"@type":"WebPage","@id":"https:\/\/www.prijedordanas.com\/?p=140013","url":"https:\/\/www.prijedordanas.com\/?p=140013","name":"Mnogobrojni vjernici na bo\u017ei\u0107noj liturgiji \u0161irom prijedorske regije - VIDEO - PrijedorDanas.com - Prijedorski gradski portal","isPartOf":{"@id":"https:\/\/www.prijedordanas.com\/#website"},"datePublished":"2020-01-07T20:37:14+00:00","dateModified":"2020-01-07T20:37:14+00:00","breadcrumb":{"@id":"https:\/\/www.prijedordanas.com\/?p=140013#breadcrumb"},"inLanguage":"en-US","potentialAction":[{"@type":"ReadAction","target":["https:\/\/www.prijedordanas.com\/?p=140013"]}]},{"@type":"BreadcrumbList","@id":"https:\/\/www.prijedordanas.com\/?p=140013#breadcrumb","itemListElement":[{"@type":"ListItem","position":1,"name":"Home","item":"https:\/\/www.prijedordanas.com\/"},{"@type":"ListItem","position":2,"name":"Mnogobrojni vjernici na bo\u017ei\u0107noj liturgiji \u0161irom prijedorske regije &#8211; VIDEO"}]},{"@type":"WebSite","@id":"https:\/\/www.prijedordanas.com\/#website","url":"https:\/\/www.prijedordanas.com\/","name":"PrijedorDanas.com - Prijedorski gradski portal","description":"Portal o doga\u0111anjima u gradu Prijedoru","publisher":{"@id":"https:\/\/www.prijedordanas.com\/#organization"},"potentialAction":[{"@type":"SearchAction","target":{"@type":"EntryPoint","urlTemplate":"https:\/\/www.prijedordanas.com\/?s={search_term_string}"},"query-input":"required name=search_term_string"}],"inLanguage":"en-US"},{"@type":"Organization","@id":"https:\/\/www.prijedordanas.com\/#organization","name":"PrijedorDanas.com","url":"https:\/\/www.prijedordanas.com\/","logo":{"@type":"ImageObject","inLanguage":"en-US","@id":"https:\/\/www.prijedordanas.com\/#\/schema\/logo\/image\/","url":"http:\/\/www.prijedordanas.com\/wp-content\/uploads\/2021\/12\/logopng.png","contentUrl":"http:\/\/www.prijedordanas.com\/wp-content\/uploads\/2021\/12\/logopng.png","width":1019,"height":776,"caption":"PrijedorDanas.com"},"image":{"@id":"https:\/\/www.prijedordanas.com\/#\/schema\/logo\/image\/"},"sameAs":["https:\/\/www.facebook.com\/PrijedorDanasCom\/"]},{"@type":"Person","@id":"https:\/\/www.prijedordanas.com\/#\/schema\/person\/4e08ccf29b506ca916ff86d46bb700e6","name":"admin","image":{"@type":"ImageObject","inLanguage":"en-US","@id":"https:\/\/www.prijedordanas.com\/#\/schema\/person\/image\/","url":"https:\/\/secure.gravatar.com\/avatar\/1d3fc949d550f0b53a5f0d51e06dfd79?s=96&d=mm&r=g","contentUrl":"https:\/\/secure.gravatar.com\/avatar\/1d3fc949d550f0b53a5f0d51e06dfd79?s=96&d=mm&r=g","caption":"admin"},"url":"https:\/\/www.prijedordanas.com\/?author=1"}]}},"_links":{"self":[{"href":"https:\/\/www.prijedordanas.com\/index.php?rest_route=\/wp\/v2\/posts\/140013"}],"collection":[{"href":"https:\/\/www.prijedordanas.com\/index.php?rest_route=\/wp\/v2\/posts"}],"about":[{"href":"https:\/\/www.prijedordanas.com\/index.php?rest_route=\/wp\/v2\/types\/post"}],"author":[{"embeddable":true,"href":"https:\/\/www.prijedordanas.com\/index.php?rest_route=\/wp\/v2\/users\/1"}],"replies":[{"embeddable":true,"href":"https:\/\/www.prijedordanas.com\/index.php?rest_route=%2Fwp%2Fv2%2Fcomments&post=140013"}],"version-history":[{"count":2,"href":"https:\/\/www.prijedordanas.com\/index.php?rest_route=\/wp\/v2\/posts\/140013\/revisions"}],"predecessor-version":[{"id":140015,"href":"https:\/\/www.prijedordanas.com\/index.php?rest_route=\/wp\/v2\/posts\/140013\/revisions\/140015"}],"wp:attachment":[{"href":"https:\/\/www.prijedordanas.com\/index.php?rest_route=%2Fwp%2Fv2%2Fmedia&parent=140013"}],"wp:term":[{"taxonomy":"category","embeddable":true,"href":"https:\/\/www.prijedordanas.com\/index.php?rest_route=%2Fwp%2Fv2%2Fcategories&post=140013"},{"taxonomy":"post_tag","embeddable":true,"href":"https:\/\/www.prijedordanas.com\/index.php?rest_route=%2Fwp%2Fv2%2Ftags&post=140013"}],"curies":[{"name":"wp","href":"https:\/\/api.w.org\/{rel}","templated":true}]}}