{"id":139925,"date":"2020-01-06T12:17:40","date_gmt":"2020-01-06T11:17:40","guid":{"rendered":"https:\/\/www.prijedordanas.com\/?p=139925"},"modified":"2020-01-06T12:22:16","modified_gmt":"2020-01-06T11:22:16","slug":"badnji-dan-u-prijedoru-gradonacelnik-dakovic-dan-u-kojem-je-dusa-mirna-i-u-kojem-se-mire-zavadeni-foto","status":"publish","type":"post","link":"https:\/\/www.prijedordanas.com\/?p=139925","title":{"rendered":"Badnji dan u Prijedoru-Gradona\u010delnik \u0110akovi\u0107: Dan u kojem je du\u0161a mirna i u kojem se mire zava\u0111eni &#8211; FOTO"},"content":{"rendered":"<p><a href=\"https:\/\/www.prijedordanas.com\/wp-content\/uploads\/2020\/01\/badnjak-urije-2020-1.jpg\"><img loading=\"lazy\" decoding=\"async\" class=\"alignleft size-medium wp-image-139926\" src=\"https:\/\/www.prijedordanas.com\/wp-content\/uploads\/2020\/01\/badnjak-urije-2020-1-300x222.jpg\" alt=\"\" width=\"300\" height=\"222\" srcset=\"https:\/\/www.prijedordanas.com\/wp-content\/uploads\/2020\/01\/badnjak-urije-2020-1-300x222.jpg 300w, https:\/\/www.prijedordanas.com\/wp-content\/uploads\/2020\/01\/badnjak-urije-2020-1.jpg 675w\" sizes=\"(max-width: 300px) 100vw, 300px\" \/><\/a>Prijedor\u010dani radosno do\u010dekuju Badnji dan &#8211; dan u kojem je du\u0161a mirna i kada se mire zava\u0111eni, rekao je danas gradona\u010delnik Milenko \u0110akovi\u0107.<\/p>\n<p>\u0110akovi\u0107 je poru\u010dio da je Bo\u017ei\u0107 najradosniji hri\u0161\u0107anski praznik koji grad Prijedor tradicionalno obilje\u017eava u slavu ro\u0111enja Bogomladenca.<\/p>\n<p>&#8220;Gra\u0111ani Prijedora radosno do\u010dekuju taj dan i svake godine ispra\u0107aju badnjake i nala\u017eu ih ispred crkava&#8221;, rekao je \u0110akovi\u0107 novinarima u prijedorskom naselju Urije, gdje je prisustvovao do\u010deku badnjaka.<\/p>\n<p>Predsjednik crkvene op\u0161tine Urije Dra\u0161ko Vuji\u0107 rekao je da se mje\u0161tani svake godine okupljaju na ovaj dan, do\u010dekuju\u0107i ga sa pjesmom.<\/p>\n<p><a href=\"https:\/\/www.prijedordanas.com\/wp-content\/uploads\/2020\/01\/badnjak-urije-2020-2.jpg\"><img loading=\"lazy\" decoding=\"async\" class=\"alignleft size-medium wp-image-139927\" src=\"https:\/\/www.prijedordanas.com\/wp-content\/uploads\/2020\/01\/badnjak-urije-2020-2-300x222.jpg\" alt=\"\" width=\"300\" height=\"222\" srcset=\"https:\/\/www.prijedordanas.com\/wp-content\/uploads\/2020\/01\/badnjak-urije-2020-2-300x222.jpg 300w, https:\/\/www.prijedordanas.com\/wp-content\/uploads\/2020\/01\/badnjak-urije-2020-2.jpg 675w\" sizes=\"(max-width: 300px) 100vw, 300px\" \/><\/a>&#8220;Badnjak ima ustaljenu mar\u0161rutu &#8211; obi\u0111e \u010ditavu parohiju, a ove godine \u0107e nas na 10 mjesta crkvene op\u0161tine Urije do\u010dekati na\u0161i sugra\u0111ani i dje\u010dica. Veseli\u0107emo se i pijuka\u0107emo, te \u0107emo badnjak u 16.00 \u010dasova ispred Crkve Svetog proroka Ilije osve\u0161tati i nalo\u017eiti&#8221;, najavio je Vuji\u0107.<\/p>\n<p>\u010cast da bude kum badnjaka ove godine pripala je Danku Kragulju.<\/p>\n<p>&#8220;Posjekli smo ga na Kozari rano jutros. Sve proti\u010de u veselju u prazni\u010dnoj atmosferi&#8221;, rekao je Kragulj.<\/p>\n<p>Gradona\u010delnik Prijedora Milenko \u0110akovi\u0107 prisustvova\u0107e i do\u010deku centralnog badnjaka na Malom trgu u 14.00 \u010dasova, najavljeno je iz Gradske uprave.<\/p>\n<p>Kolona uz centralni badnjak kre\u0107e se od Orlova\u010de, preko Palan\u010di\u0161ta, kraj crvenog solitera, preko naselja Pe\u0107ani i Ra\u0161kovac do Malog trga, a za 15.20 \u010dasova najavljeno je nalaganje badnjaka pred Crkvom Svete Trojice.<\/p>\n<p>Udru\u017eenje za o\u010duvanje tradicije Prijedor, prijedorsko Kolo srpskih sestara i Srpska pravoslavna crkvena op\u0161tina Prijedor organizuju pijukanje za djecu, koje \u0107e biti uprili\u010deno ispred ove crkve nakon paljenja badnjaka i kratke slu\u017ebe.<\/p>\n<p>SRNA<\/p>\n<p><a href=\"https:\/\/www.prijedordanas.com\/wp-content\/uploads\/2020\/01\/badnjak-urije-2020-4.jpg\"><img loading=\"lazy\" decoding=\"async\" class=\"alignleft size-medium wp-image-139929\" src=\"https:\/\/www.prijedordanas.com\/wp-content\/uploads\/2020\/01\/badnjak-urije-2020-4-300x200.jpg\" alt=\"\" width=\"300\" height=\"200\" srcset=\"https:\/\/www.prijedordanas.com\/wp-content\/uploads\/2020\/01\/badnjak-urije-2020-4-300x200.jpg 300w, https:\/\/www.prijedordanas.com\/wp-content\/uploads\/2020\/01\/badnjak-urije-2020-4-480x320.jpg 480w, https:\/\/www.prijedordanas.com\/wp-content\/uploads\/2020\/01\/badnjak-urije-2020-4.jpg 600w\" sizes=\"(max-width: 300px) 100vw, 300px\" \/><\/a> <a href=\"https:\/\/www.prijedordanas.com\/wp-content\/uploads\/2020\/01\/badnjak-urije-2020-5.jpg\"><img loading=\"lazy\" decoding=\"async\" class=\"alignleft size-medium wp-image-139930\" src=\"https:\/\/www.prijedordanas.com\/wp-content\/uploads\/2020\/01\/badnjak-urije-2020-5-300x200.jpg\" alt=\"\" width=\"300\" height=\"200\" srcset=\"https:\/\/www.prijedordanas.com\/wp-content\/uploads\/2020\/01\/badnjak-urije-2020-5-300x200.jpg 300w, https:\/\/www.prijedordanas.com\/wp-content\/uploads\/2020\/01\/badnjak-urije-2020-5-480x320.jpg 480w, https:\/\/www.prijedordanas.com\/wp-content\/uploads\/2020\/01\/badnjak-urije-2020-5.jpg 600w\" sizes=\"(max-width: 300px) 100vw, 300px\" \/><\/a> <a href=\"https:\/\/www.prijedordanas.com\/wp-content\/uploads\/2020\/01\/badnjak-urije-2020-6.jpg\"><img loading=\"lazy\" decoding=\"async\" class=\"alignleft size-medium wp-image-139931\" src=\"https:\/\/www.prijedordanas.com\/wp-content\/uploads\/2020\/01\/badnjak-urije-2020-6-300x200.jpg\" alt=\"\" width=\"300\" height=\"200\" srcset=\"https:\/\/www.prijedordanas.com\/wp-content\/uploads\/2020\/01\/badnjak-urije-2020-6-300x200.jpg 300w, https:\/\/www.prijedordanas.com\/wp-content\/uploads\/2020\/01\/badnjak-urije-2020-6-480x320.jpg 480w, https:\/\/www.prijedordanas.com\/wp-content\/uploads\/2020\/01\/badnjak-urije-2020-6.jpg 600w\" sizes=\"(max-width: 300px) 100vw, 300px\" \/><\/a> <a href=\"https:\/\/www.prijedordanas.com\/wp-content\/uploads\/2020\/01\/badnjak-urije-2020-7.jpg\"><img loading=\"lazy\" decoding=\"async\" class=\"alignleft size-medium wp-image-139932\" src=\"https:\/\/www.prijedordanas.com\/wp-content\/uploads\/2020\/01\/badnjak-urije-2020-7-300x200.jpg\" alt=\"\" width=\"300\" height=\"200\" srcset=\"https:\/\/www.prijedordanas.com\/wp-content\/uploads\/2020\/01\/badnjak-urije-2020-7-300x200.jpg 300w, https:\/\/www.prijedordanas.com\/wp-content\/uploads\/2020\/01\/badnjak-urije-2020-7-480x320.jpg 480w, https:\/\/www.prijedordanas.com\/wp-content\/uploads\/2020\/01\/badnjak-urije-2020-7.jpg 600w\" sizes=\"(max-width: 300px) 100vw, 300px\" \/><\/a> <a href=\"https:\/\/www.prijedordanas.com\/wp-content\/uploads\/2020\/01\/badnjak-urije-2020-8.jpg\"><img loading=\"lazy\" decoding=\"async\" class=\"alignleft size-medium wp-image-139933\" src=\"https:\/\/www.prijedordanas.com\/wp-content\/uploads\/2020\/01\/badnjak-urije-2020-8-300x200.jpg\" alt=\"\" width=\"300\" height=\"200\" srcset=\"https:\/\/www.prijedordanas.com\/wp-content\/uploads\/2020\/01\/badnjak-urije-2020-8-300x200.jpg 300w, https:\/\/www.prijedordanas.com\/wp-content\/uploads\/2020\/01\/badnjak-urije-2020-8-480x320.jpg 480w, https:\/\/www.prijedordanas.com\/wp-content\/uploads\/2020\/01\/badnjak-urije-2020-8.jpg 600w\" sizes=\"(max-width: 300px) 100vw, 300px\" \/><\/a> <a href=\"https:\/\/www.prijedordanas.com\/wp-content\/uploads\/2020\/01\/badnjak-urije-2020-3.jpg\"><img loading=\"lazy\" decoding=\"async\" class=\"alignleft size-medium wp-image-139928\" src=\"https:\/\/www.prijedordanas.com\/wp-content\/uploads\/2020\/01\/badnjak-urije-2020-3-300x222.jpg\" alt=\"\" width=\"300\" height=\"222\" srcset=\"https:\/\/www.prijedordanas.com\/wp-content\/uploads\/2020\/01\/badnjak-urije-2020-3-300x222.jpg 300w, https:\/\/www.prijedordanas.com\/wp-content\/uploads\/2020\/01\/badnjak-urije-2020-3.jpg 675w\" sizes=\"(max-width: 300px) 100vw, 300px\" \/><\/a><\/p>\n","protected":false},"excerpt":{"rendered":"<p>Prijedor\u010dani radosno do\u010dekuju Badnji dan &#8211; dan u kojem je du\u0161a mirna i kada se mire zava\u0111eni, rekao je danas gradona\u010delnik Milenko \u0110akovi\u0107. \u0110akovi\u0107 je poru\u010dio da je Bo\u017ei\u0107 najradosniji [&hellip;]<\/p>\n","protected":false},"author":1,"featured_media":0,"comment_status":"closed","ping_status":"open","sticky":false,"template":"","format":"standard","meta":{"_monsterinsights_skip_tracking":false,"_monsterinsights_sitenote_active":false,"_monsterinsights_sitenote_note":"","_monsterinsights_sitenote_category":0,"footnotes":""},"categories":[4],"tags":[6449,9211],"yoast_head":"<!-- This site is optimized with the Yoast SEO plugin v21.6 - https:\/\/yoast.com\/wordpress\/plugins\/seo\/ -->\n<title>Badnji dan u Prijedoru-Gradona\u010delnik \u0110akovi\u0107: Dan u kojem je du\u0161a mirna i u kojem se mire zava\u0111eni - FOTO - PrijedorDanas.com - Prijedorski gradski portal<\/title>\n<meta name=\"robots\" content=\"index, follow, max-snippet:-1, max-image-preview:large, max-video-preview:-1\" \/>\n<link rel=\"canonical\" href=\"https:\/\/www.prijedordanas.com\/?p=139925\" \/>\n<meta property=\"og:locale\" content=\"en_US\" \/>\n<meta property=\"og:type\" content=\"article\" \/>\n<meta property=\"og:title\" content=\"Badnji dan u Prijedoru-Gradona\u010delnik \u0110akovi\u0107: Dan u kojem je du\u0161a mirna i u kojem se mire zava\u0111eni - FOTO - PrijedorDanas.com - Prijedorski gradski portal\" \/>\n<meta property=\"og:description\" content=\"Prijedor\u010dani radosno do\u010dekuju Badnji dan &#8211; dan u kojem je du\u0161a mirna i kada se mire zava\u0111eni, rekao je danas gradona\u010delnik Milenko \u0110akovi\u0107. \u0110akovi\u0107 je poru\u010dio da je Bo\u017ei\u0107 najradosniji [&hellip;]\" \/>\n<meta property=\"og:url\" content=\"https:\/\/www.prijedordanas.com\/?p=139925\" \/>\n<meta property=\"og:site_name\" content=\"PrijedorDanas.com - Prijedorski gradski portal\" \/>\n<meta property=\"article:publisher\" content=\"https:\/\/www.facebook.com\/PrijedorDanasCom\/\" \/>\n<meta property=\"article:published_time\" content=\"2020-01-06T11:17:40+00:00\" \/>\n<meta property=\"article:modified_time\" content=\"2020-01-06T11:22:16+00:00\" \/>\n<meta property=\"og:image\" content=\"https:\/\/www.prijedordanas.com\/wp-content\/uploads\/2020\/01\/badnjak-urije-2020-1-300x222.jpg\" \/>\n<meta name=\"author\" content=\"admin\" \/>\n<meta name=\"twitter:card\" content=\"summary_large_image\" \/>\n<meta name=\"twitter:label1\" content=\"Written by\" \/>\n\t<meta name=\"twitter:data1\" content=\"admin\" \/>\n\t<meta name=\"twitter:label2\" content=\"Est. reading time\" \/>\n\t<meta name=\"twitter:data2\" content=\"1 minute\" \/>\n<script type=\"application\/ld+json\" class=\"yoast-schema-graph\">{\"@context\":\"https:\/\/schema.org\",\"@graph\":[{\"@type\":\"Article\",\"@id\":\"https:\/\/www.prijedordanas.com\/?p=139925#article\",\"isPartOf\":{\"@id\":\"https:\/\/www.prijedordanas.com\/?p=139925\"},\"author\":{\"name\":\"admin\",\"@id\":\"https:\/\/www.prijedordanas.com\/#\/schema\/person\/4e08ccf29b506ca916ff86d46bb700e6\"},\"headline\":\"Badnji dan u Prijedoru-Gradona\u010delnik \u0110akovi\u0107: Dan u kojem je du\u0161a mirna i u kojem se mire zava\u0111eni &#8211; FOTO\",\"datePublished\":\"2020-01-06T11:17:40+00:00\",\"dateModified\":\"2020-01-06T11:22:16+00:00\",\"mainEntityOfPage\":{\"@id\":\"https:\/\/www.prijedordanas.com\/?p=139925\"},\"wordCount\":315,\"publisher\":{\"@id\":\"https:\/\/www.prijedordanas.com\/#organization\"},\"keywords\":[\"badnji dan\",\"gradona\u010delnik Milenko \u0110akovi\u0107\"],\"articleSection\":[\"Dru\u0161tvo\"],\"inLanguage\":\"en-US\"},{\"@type\":\"WebPage\",\"@id\":\"https:\/\/www.prijedordanas.com\/?p=139925\",\"url\":\"https:\/\/www.prijedordanas.com\/?p=139925\",\"name\":\"Badnji dan u Prijedoru-Gradona\u010delnik \u0110akovi\u0107: Dan u kojem je du\u0161a mirna i u kojem se mire zava\u0111eni - FOTO - PrijedorDanas.com - Prijedorski gradski portal\",\"isPartOf\":{\"@id\":\"https:\/\/www.prijedordanas.com\/#website\"},\"datePublished\":\"2020-01-06T11:17:40+00:00\",\"dateModified\":\"2020-01-06T11:22:16+00:00\",\"breadcrumb\":{\"@id\":\"https:\/\/www.prijedordanas.com\/?p=139925#breadcrumb\"},\"inLanguage\":\"en-US\",\"potentialAction\":[{\"@type\":\"ReadAction\",\"target\":[\"https:\/\/www.prijedordanas.com\/?p=139925\"]}]},{\"@type\":\"BreadcrumbList\",\"@id\":\"https:\/\/www.prijedordanas.com\/?p=139925#breadcrumb\",\"itemListElement\":[{\"@type\":\"ListItem\",\"position\":1,\"name\":\"Home\",\"item\":\"https:\/\/www.prijedordanas.com\/\"},{\"@type\":\"ListItem\",\"position\":2,\"name\":\"Badnji dan u Prijedoru-Gradona\u010delnik \u0110akovi\u0107: Dan u kojem je du\u0161a mirna i u kojem se mire zava\u0111eni &#8211; FOTO\"}]},{\"@type\":\"WebSite\",\"@id\":\"https:\/\/www.prijedordanas.com\/#website\",\"url\":\"https:\/\/www.prijedordanas.com\/\",\"name\":\"PrijedorDanas.com - Prijedorski gradski portal\",\"description\":\"Portal o doga\u0111anjima u gradu Prijedoru\",\"publisher\":{\"@id\":\"https:\/\/www.prijedordanas.com\/#organization\"},\"potentialAction\":[{\"@type\":\"SearchAction\",\"target\":{\"@type\":\"EntryPoint\",\"urlTemplate\":\"https:\/\/www.prijedordanas.com\/?s={search_term_string}\"},\"query-input\":\"required name=search_term_string\"}],\"inLanguage\":\"en-US\"},{\"@type\":\"Organization\",\"@id\":\"https:\/\/www.prijedordanas.com\/#organization\",\"name\":\"PrijedorDanas.com\",\"url\":\"https:\/\/www.prijedordanas.com\/\",\"logo\":{\"@type\":\"ImageObject\",\"inLanguage\":\"en-US\",\"@id\":\"https:\/\/www.prijedordanas.com\/#\/schema\/logo\/image\/\",\"url\":\"http:\/\/www.prijedordanas.com\/wp-content\/uploads\/2021\/12\/logopng.png\",\"contentUrl\":\"http:\/\/www.prijedordanas.com\/wp-content\/uploads\/2021\/12\/logopng.png\",\"width\":1019,\"height\":776,\"caption\":\"PrijedorDanas.com\"},\"image\":{\"@id\":\"https:\/\/www.prijedordanas.com\/#\/schema\/logo\/image\/\"},\"sameAs\":[\"https:\/\/www.facebook.com\/PrijedorDanasCom\/\"]},{\"@type\":\"Person\",\"@id\":\"https:\/\/www.prijedordanas.com\/#\/schema\/person\/4e08ccf29b506ca916ff86d46bb700e6\",\"name\":\"admin\",\"image\":{\"@type\":\"ImageObject\",\"inLanguage\":\"en-US\",\"@id\":\"https:\/\/www.prijedordanas.com\/#\/schema\/person\/image\/\",\"url\":\"https:\/\/secure.gravatar.com\/avatar\/1d3fc949d550f0b53a5f0d51e06dfd79?s=96&d=mm&r=g\",\"contentUrl\":\"https:\/\/secure.gravatar.com\/avatar\/1d3fc949d550f0b53a5f0d51e06dfd79?s=96&d=mm&r=g\",\"caption\":\"admin\"},\"url\":\"https:\/\/www.prijedordanas.com\/?author=1\"}]}<\/script>\n<!-- \/ Yoast SEO plugin. -->","yoast_head_json":{"title":"Badnji dan u Prijedoru-Gradona\u010delnik \u0110akovi\u0107: Dan u kojem je du\u0161a mirna i u kojem se mire zava\u0111eni - FOTO - PrijedorDanas.com - Prijedorski gradski portal","robots":{"index":"index","follow":"follow","max-snippet":"max-snippet:-1","max-image-preview":"max-image-preview:large","max-video-preview":"max-video-preview:-1"},"canonical":"https:\/\/www.prijedordanas.com\/?p=139925","og_locale":"en_US","og_type":"article","og_title":"Badnji dan u Prijedoru-Gradona\u010delnik \u0110akovi\u0107: Dan u kojem je du\u0161a mirna i u kojem se mire zava\u0111eni - FOTO - PrijedorDanas.com - Prijedorski gradski portal","og_description":"Prijedor\u010dani radosno do\u010dekuju Badnji dan &#8211; dan u kojem je du\u0161a mirna i kada se mire zava\u0111eni, rekao je danas gradona\u010delnik Milenko \u0110akovi\u0107. \u0110akovi\u0107 je poru\u010dio da je Bo\u017ei\u0107 najradosniji [&hellip;]","og_url":"https:\/\/www.prijedordanas.com\/?p=139925","og_site_name":"PrijedorDanas.com - Prijedorski gradski portal","article_publisher":"https:\/\/www.facebook.com\/PrijedorDanasCom\/","article_published_time":"2020-01-06T11:17:40+00:00","article_modified_time":"2020-01-06T11:22:16+00:00","og_image":[{"url":"https:\/\/www.prijedordanas.com\/wp-content\/uploads\/2020\/01\/badnjak-urije-2020-1-300x222.jpg"}],"author":"admin","twitter_card":"summary_large_image","twitter_misc":{"Written by":"admin","Est. reading time":"1 minute"},"schema":{"@context":"https:\/\/schema.org","@graph":[{"@type":"Article","@id":"https:\/\/www.prijedordanas.com\/?p=139925#article","isPartOf":{"@id":"https:\/\/www.prijedordanas.com\/?p=139925"},"author":{"name":"admin","@id":"https:\/\/www.prijedordanas.com\/#\/schema\/person\/4e08ccf29b506ca916ff86d46bb700e6"},"headline":"Badnji dan u Prijedoru-Gradona\u010delnik \u0110akovi\u0107: Dan u kojem je du\u0161a mirna i u kojem se mire zava\u0111eni &#8211; FOTO","datePublished":"2020-01-06T11:17:40+00:00","dateModified":"2020-01-06T11:22:16+00:00","mainEntityOfPage":{"@id":"https:\/\/www.prijedordanas.com\/?p=139925"},"wordCount":315,"publisher":{"@id":"https:\/\/www.prijedordanas.com\/#organization"},"keywords":["badnji dan","gradona\u010delnik Milenko \u0110akovi\u0107"],"articleSection":["Dru\u0161tvo"],"inLanguage":"en-US"},{"@type":"WebPage","@id":"https:\/\/www.prijedordanas.com\/?p=139925","url":"https:\/\/www.prijedordanas.com\/?p=139925","name":"Badnji dan u Prijedoru-Gradona\u010delnik \u0110akovi\u0107: Dan u kojem je du\u0161a mirna i u kojem se mire zava\u0111eni - FOTO - PrijedorDanas.com - Prijedorski gradski portal","isPartOf":{"@id":"https:\/\/www.prijedordanas.com\/#website"},"datePublished":"2020-01-06T11:17:40+00:00","dateModified":"2020-01-06T11:22:16+00:00","breadcrumb":{"@id":"https:\/\/www.prijedordanas.com\/?p=139925#breadcrumb"},"inLanguage":"en-US","potentialAction":[{"@type":"ReadAction","target":["https:\/\/www.prijedordanas.com\/?p=139925"]}]},{"@type":"BreadcrumbList","@id":"https:\/\/www.prijedordanas.com\/?p=139925#breadcrumb","itemListElement":[{"@type":"ListItem","position":1,"name":"Home","item":"https:\/\/www.prijedordanas.com\/"},{"@type":"ListItem","position":2,"name":"Badnji dan u Prijedoru-Gradona\u010delnik \u0110akovi\u0107: Dan u kojem je du\u0161a mirna i u kojem se mire zava\u0111eni &#8211; FOTO"}]},{"@type":"WebSite","@id":"https:\/\/www.prijedordanas.com\/#website","url":"https:\/\/www.prijedordanas.com\/","name":"PrijedorDanas.com - Prijedorski gradski portal","description":"Portal o doga\u0111anjima u gradu Prijedoru","publisher":{"@id":"https:\/\/www.prijedordanas.com\/#organization"},"potentialAction":[{"@type":"SearchAction","target":{"@type":"EntryPoint","urlTemplate":"https:\/\/www.prijedordanas.com\/?s={search_term_string}"},"query-input":"required name=search_term_string"}],"inLanguage":"en-US"},{"@type":"Organization","@id":"https:\/\/www.prijedordanas.com\/#organization","name":"PrijedorDanas.com","url":"https:\/\/www.prijedordanas.com\/","logo":{"@type":"ImageObject","inLanguage":"en-US","@id":"https:\/\/www.prijedordanas.com\/#\/schema\/logo\/image\/","url":"http:\/\/www.prijedordanas.com\/wp-content\/uploads\/2021\/12\/logopng.png","contentUrl":"http:\/\/www.prijedordanas.com\/wp-content\/uploads\/2021\/12\/logopng.png","width":1019,"height":776,"caption":"PrijedorDanas.com"},"image":{"@id":"https:\/\/www.prijedordanas.com\/#\/schema\/logo\/image\/"},"sameAs":["https:\/\/www.facebook.com\/PrijedorDanasCom\/"]},{"@type":"Person","@id":"https:\/\/www.prijedordanas.com\/#\/schema\/person\/4e08ccf29b506ca916ff86d46bb700e6","name":"admin","image":{"@type":"ImageObject","inLanguage":"en-US","@id":"https:\/\/www.prijedordanas.com\/#\/schema\/person\/image\/","url":"https:\/\/secure.gravatar.com\/avatar\/1d3fc949d550f0b53a5f0d51e06dfd79?s=96&d=mm&r=g","contentUrl":"https:\/\/secure.gravatar.com\/avatar\/1d3fc949d550f0b53a5f0d51e06dfd79?s=96&d=mm&r=g","caption":"admin"},"url":"https:\/\/www.prijedordanas.com\/?author=1"}]}},"_links":{"self":[{"href":"https:\/\/www.prijedordanas.com\/index.php?rest_route=\/wp\/v2\/posts\/139925"}],"collection":[{"href":"https:\/\/www.prijedordanas.com\/index.php?rest_route=\/wp\/v2\/posts"}],"about":[{"href":"https:\/\/www.prijedordanas.com\/index.php?rest_route=\/wp\/v2\/types\/post"}],"author":[{"embeddable":true,"href":"https:\/\/www.prijedordanas.com\/index.php?rest_route=\/wp\/v2\/users\/1"}],"replies":[{"embeddable":true,"href":"https:\/\/www.prijedordanas.com\/index.php?rest_route=%2Fwp%2Fv2%2Fcomments&post=139925"}],"version-history":[{"count":3,"href":"https:\/\/www.prijedordanas.com\/index.php?rest_route=\/wp\/v2\/posts\/139925\/revisions"}],"predecessor-version":[{"id":139936,"href":"https:\/\/www.prijedordanas.com\/index.php?rest_route=\/wp\/v2\/posts\/139925\/revisions\/139936"}],"wp:attachment":[{"href":"https:\/\/www.prijedordanas.com\/index.php?rest_route=%2Fwp%2Fv2%2Fmedia&parent=139925"}],"wp:term":[{"taxonomy":"category","embeddable":true,"href":"https:\/\/www.prijedordanas.com\/index.php?rest_route=%2Fwp%2Fv2%2Fcategories&post=139925"},{"taxonomy":"post_tag","embeddable":true,"href":"https:\/\/www.prijedordanas.com\/index.php?rest_route=%2Fwp%2Fv2%2Ftags&post=139925"}],"curies":[{"name":"wp","href":"https:\/\/api.w.org\/{rel}","templated":true}]}}