{"id":139847,"date":"2020-01-05T13:07:59","date_gmt":"2020-01-05T12:07:59","guid":{"rendered":"https:\/\/www.prijedordanas.com\/?p=139847"},"modified":"2020-01-05T13:27:54","modified_gmt":"2020-01-05T12:27:54","slug":"bozicna-carolija-u-prijedoru-tradicionalna-prodaja-badnjaka-i-dekoracija-gradani-pokazali-kreativnost-foto","status":"publish","type":"post","link":"https:\/\/www.prijedordanas.com\/?p=139847","title":{"rendered":"Bo\u017ei\u0107na \u010darolija u Prijedoru: Tradicionalna prodaja badnjaka i dekoracija, gra\u0111ani pokazali kreativnost &#8211; FOTO"},"content":{"rendered":"<p><a href=\"https:\/\/www.prijedordanas.com\/wp-content\/uploads\/2020\/01\/blic-badnjaci-1.jpg\"><img loading=\"lazy\" decoding=\"async\" class=\"alignleft size-medium wp-image-139848\" src=\"https:\/\/www.prijedordanas.com\/wp-content\/uploads\/2020\/01\/blic-badnjaci-1-300x225.jpg\" alt=\"\" width=\"300\" height=\"225\" srcset=\"https:\/\/www.prijedordanas.com\/wp-content\/uploads\/2020\/01\/blic-badnjaci-1-300x225.jpg 300w, https:\/\/www.prijedordanas.com\/wp-content\/uploads\/2020\/01\/blic-badnjaci-1-640x480.jpg 640w, https:\/\/www.prijedordanas.com\/wp-content\/uploads\/2020\/01\/blic-badnjaci-1.jpg 667w\" sizes=\"(max-width: 300px) 100vw, 300px\" \/><\/a>U glavnoj gradskoj ulici u Prijedoru je po\u010dela tradicionalna prodaja Bozi\u0107nih aran\u017emana i badnjaka.<\/p>\n<p>Tako bo\u017ei\u0107ne dekoracije ko\u0161taju od tri do 10 KM, dok se drvo badnjaka mo\u017ee kupiti za pet KM.<\/p>\n<p>Na 20 \u0161tandova izlo\u017eeni su razni badnjaci, dok i sami prodavci ka\u017eu da su neke od kolega pokazale pravu umjetnost u izradi Bo\u017ei\u0107nih dekoracija.<\/p>\n<p>Tako je i Snje\u017eana Bursa\u0107 iz Prijedora izradila badnjake na jedinstven na\u010din.<\/p>\n<p><a href=\"https:\/\/www.prijedordanas.com\/wp-content\/uploads\/2020\/01\/blic-badnjaci-6.jpg\"><img loading=\"lazy\" decoding=\"async\" class=\"alignleft size-medium wp-image-139849\" src=\"https:\/\/www.prijedordanas.com\/wp-content\/uploads\/2020\/01\/blic-badnjaci-6-300x225.jpg\" alt=\"\" width=\"300\" height=\"225\" srcset=\"https:\/\/www.prijedordanas.com\/wp-content\/uploads\/2020\/01\/blic-badnjaci-6-300x225.jpg 300w, https:\/\/www.prijedordanas.com\/wp-content\/uploads\/2020\/01\/blic-badnjaci-6-640x480.jpg 640w, https:\/\/www.prijedordanas.com\/wp-content\/uploads\/2020\/01\/blic-badnjaci-6.jpg 667w\" sizes=\"(max-width: 300px) 100vw, 300px\" \/><\/a>\u2013 Podloge sam pravila od tri dijela drveta koje sam zakucala ekserom jedne za druge, a pored tradicionalne p\u0161enice za ukras sam koristila i novogodi\u0161nje kugle, jabuke, \u0161i\u0161arke, krzno ili krpene lutke \u2013 pri\u010da ona i dodaje da je cijena ovih badnjaka od pet do 10 KM.<\/p>\n<p>Na jednom od susjednih \u0161tandova badnjake je izlo\u017eio i student politikologije Du\u0161ko \u0160ipka (26). Ina\u010de on ima i najjeftinije badnjake koji ko\u0161taju tri KM, dok su oni sa pletenim gran\u010dicama pet KM.<\/p>\n<p>\u0160ipka za Srpskainfo ka\u017ee da na ovaj na\u010din njegova porodica ne\u0161to zaradi, ali ve\u0107i im je u\u017eitak \u0161to provode zajedno vrijeme.<\/p>\n<p><a href=\"https:\/\/www.prijedordanas.com\/wp-content\/uploads\/2020\/01\/blic-badnjaci-2.jpg\"><img loading=\"lazy\" decoding=\"async\" class=\"alignleft size-medium wp-image-139850\" src=\"https:\/\/www.prijedordanas.com\/wp-content\/uploads\/2020\/01\/blic-badnjaci-2-300x225.jpg\" alt=\"\" width=\"300\" height=\"225\" srcset=\"https:\/\/www.prijedordanas.com\/wp-content\/uploads\/2020\/01\/blic-badnjaci-2-300x225.jpg 300w, https:\/\/www.prijedordanas.com\/wp-content\/uploads\/2020\/01\/blic-badnjaci-2.jpg 600w\" sizes=\"(max-width: 300px) 100vw, 300px\" \/><\/a>\u2013 Pravili smo badnjake i pro\u0161le godine i sve smo ih prodali pa smo bukvalno samo jedan sebi ostavili u 12 sati za Badnji dan i oti\u0161li ku\u0107i. Zato smo odlu\u010dili da to ponovimo i ove godine, ali nama je ovo jedinstvena prilika da se okupimo i dru\u017eimo tata, mama, sestra i ja jer smo svi na razli\u010ditim mjestima tokom godine. Tako da se okupimo uo\u010di Bo\u017ei\u0107a, pravimo tri dana badnjake i onda ih prodajemo \u2013 pri\u010da \u0160ipka i dodaje da mu je jo\u0161 ostalo par ispita do diplome.<\/p>\n<p>Navodi da njegova porodica \u017eivi u gradu ali da po materijal za badnjake odlaze u rodnu Jutrogo\u0161tu. Neizostavni dio Bo\u017ei\u0107ne prodaje su i crkveni kalendari te zastave koje ko\u0161taju od tri do 30 KM.<\/p>\n<p>Ina\u010de, badnjaci i dekoracije se prodaju na brojnim lokacijama u Prijedoru. Ima i onih koji su ih izlo\u017eili ispred tr\u017enih centara u kojima je danas veliki broj kupaca.<\/p>\n<p>EuroBlic-srpskainfo.com<\/p>\n<p><a href=\"https:\/\/www.prijedordanas.com\/wp-content\/uploads\/2020\/01\/blic-badnjaci-3.jpg\"><img loading=\"lazy\" decoding=\"async\" class=\"alignleft size-medium wp-image-139851\" src=\"https:\/\/www.prijedordanas.com\/wp-content\/uploads\/2020\/01\/blic-badnjaci-3-300x225.jpg\" alt=\"\" width=\"300\" height=\"225\" srcset=\"https:\/\/www.prijedordanas.com\/wp-content\/uploads\/2020\/01\/blic-badnjaci-3-300x225.jpg 300w, https:\/\/www.prijedordanas.com\/wp-content\/uploads\/2020\/01\/blic-badnjaci-3.jpg 600w\" sizes=\"(max-width: 300px) 100vw, 300px\" \/><\/a> <a href=\"https:\/\/www.prijedordanas.com\/wp-content\/uploads\/2020\/01\/blic-badnjaci-4.jpg\"><img loading=\"lazy\" decoding=\"async\" class=\"alignleft size-medium wp-image-139852\" src=\"https:\/\/www.prijedordanas.com\/wp-content\/uploads\/2020\/01\/blic-badnjaci-4-300x225.jpg\" alt=\"\" width=\"300\" height=\"225\" srcset=\"https:\/\/www.prijedordanas.com\/wp-content\/uploads\/2020\/01\/blic-badnjaci-4-300x225.jpg 300w, https:\/\/www.prijedordanas.com\/wp-content\/uploads\/2020\/01\/blic-badnjaci-4.jpg 600w\" sizes=\"(max-width: 300px) 100vw, 300px\" \/><\/a> <a href=\"https:\/\/www.prijedordanas.com\/wp-content\/uploads\/2020\/01\/blic-badnjaci-5.jpg\"><img loading=\"lazy\" decoding=\"async\" class=\"alignleft size-medium wp-image-139853\" src=\"https:\/\/www.prijedordanas.com\/wp-content\/uploads\/2020\/01\/blic-badnjaci-5-300x225.jpg\" alt=\"\" width=\"300\" height=\"225\" srcset=\"https:\/\/www.prijedordanas.com\/wp-content\/uploads\/2020\/01\/blic-badnjaci-5-300x225.jpg 300w, https:\/\/www.prijedordanas.com\/wp-content\/uploads\/2020\/01\/blic-badnjaci-5.jpg 600w\" sizes=\"(max-width: 300px) 100vw, 300px\" \/><\/a> <a href=\"https:\/\/www.prijedordanas.com\/wp-content\/uploads\/2020\/01\/blic-badnjaci-7.jpg\"><img loading=\"lazy\" decoding=\"async\" src=\"https:\/\/www.prijedordanas.com\/wp-content\/uploads\/2020\/01\/blic-badnjaci-7-300x225.jpg\" alt=\"\" width=\"300\" height=\"225\" class=\"alignleft size-medium wp-image-139860\" srcset=\"https:\/\/www.prijedordanas.com\/wp-content\/uploads\/2020\/01\/blic-badnjaci-7-300x225.jpg 300w, https:\/\/www.prijedordanas.com\/wp-content\/uploads\/2020\/01\/blic-badnjaci-7.jpg 600w\" sizes=\"(max-width: 300px) 100vw, 300px\" \/><\/a><\/p>\n","protected":false},"excerpt":{"rendered":"<p>U glavnoj gradskoj ulici u Prijedoru je po\u010dela tradicionalna prodaja Bozi\u0107nih aran\u017emana i badnjaka. Tako bo\u017ei\u0107ne dekoracije ko\u0161taju od tri do 10 KM, dok se drvo badnjaka mo\u017ee kupiti za [&hellip;]<\/p>\n","protected":false},"author":1,"featured_media":0,"comment_status":"closed","ping_status":"open","sticky":false,"template":"","format":"standard","meta":{"_monsterinsights_skip_tracking":false,"_monsterinsights_sitenote_active":false,"_monsterinsights_sitenote_note":"","_monsterinsights_sitenote_category":0,"footnotes":""},"categories":[3],"tags":[2885],"yoast_head":"<!-- This site is optimized with the Yoast SEO plugin v21.6 - https:\/\/yoast.com\/wordpress\/plugins\/seo\/ -->\n<title>Bo\u017ei\u0107na \u010darolija u Prijedoru: Tradicionalna prodaja badnjaka i dekoracija, gra\u0111ani pokazali kreativnost - FOTO - PrijedorDanas.com - Prijedorski gradski portal<\/title>\n<meta name=\"robots\" content=\"index, follow, max-snippet:-1, max-image-preview:large, max-video-preview:-1\" \/>\n<link rel=\"canonical\" href=\"https:\/\/www.prijedordanas.com\/?p=139847\" \/>\n<meta property=\"og:locale\" content=\"en_US\" \/>\n<meta property=\"og:type\" content=\"article\" \/>\n<meta property=\"og:title\" content=\"Bo\u017ei\u0107na \u010darolija u Prijedoru: Tradicionalna prodaja badnjaka i dekoracija, gra\u0111ani pokazali kreativnost - FOTO - PrijedorDanas.com - Prijedorski gradski portal\" \/>\n<meta property=\"og:description\" content=\"U glavnoj gradskoj ulici u Prijedoru je po\u010dela tradicionalna prodaja Bozi\u0107nih aran\u017emana i badnjaka. Tako bo\u017ei\u0107ne dekoracije ko\u0161taju od tri do 10 KM, dok se drvo badnjaka mo\u017ee kupiti za [&hellip;]\" \/>\n<meta property=\"og:url\" content=\"https:\/\/www.prijedordanas.com\/?p=139847\" \/>\n<meta property=\"og:site_name\" content=\"PrijedorDanas.com - Prijedorski gradski portal\" \/>\n<meta property=\"article:publisher\" content=\"https:\/\/www.facebook.com\/PrijedorDanasCom\/\" \/>\n<meta property=\"article:published_time\" content=\"2020-01-05T12:07:59+00:00\" \/>\n<meta property=\"article:modified_time\" content=\"2020-01-05T12:27:54+00:00\" \/>\n<meta property=\"og:image\" content=\"https:\/\/www.prijedordanas.com\/wp-content\/uploads\/2020\/01\/blic-badnjaci-1-300x225.jpg\" \/>\n<meta name=\"author\" content=\"admin\" \/>\n<meta name=\"twitter:card\" content=\"summary_large_image\" \/>\n<meta name=\"twitter:label1\" content=\"Written by\" \/>\n\t<meta name=\"twitter:data1\" content=\"admin\" \/>\n\t<meta name=\"twitter:label2\" content=\"Est. reading time\" \/>\n\t<meta name=\"twitter:data2\" content=\"2 minutes\" \/>\n<script type=\"application\/ld+json\" class=\"yoast-schema-graph\">{\"@context\":\"https:\/\/schema.org\",\"@graph\":[{\"@type\":\"Article\",\"@id\":\"https:\/\/www.prijedordanas.com\/?p=139847#article\",\"isPartOf\":{\"@id\":\"https:\/\/www.prijedordanas.com\/?p=139847\"},\"author\":{\"name\":\"admin\",\"@id\":\"https:\/\/www.prijedordanas.com\/#\/schema\/person\/4e08ccf29b506ca916ff86d46bb700e6\"},\"headline\":\"Bo\u017ei\u0107na \u010darolija u Prijedoru: Tradicionalna prodaja badnjaka i dekoracija, gra\u0111ani pokazali kreativnost &#8211; FOTO\",\"datePublished\":\"2020-01-05T12:07:59+00:00\",\"dateModified\":\"2020-01-05T12:27:54+00:00\",\"mainEntityOfPage\":{\"@id\":\"https:\/\/www.prijedordanas.com\/?p=139847\"},\"wordCount\":372,\"publisher\":{\"@id\":\"https:\/\/www.prijedordanas.com\/#organization\"},\"keywords\":[\"Bo\u017ei\u0107\"],\"articleSection\":[\"\u017divot\"],\"inLanguage\":\"en-US\"},{\"@type\":\"WebPage\",\"@id\":\"https:\/\/www.prijedordanas.com\/?p=139847\",\"url\":\"https:\/\/www.prijedordanas.com\/?p=139847\",\"name\":\"Bo\u017ei\u0107na \u010darolija u Prijedoru: Tradicionalna prodaja badnjaka i dekoracija, gra\u0111ani pokazali kreativnost - FOTO - PrijedorDanas.com - Prijedorski gradski portal\",\"isPartOf\":{\"@id\":\"https:\/\/www.prijedordanas.com\/#website\"},\"datePublished\":\"2020-01-05T12:07:59+00:00\",\"dateModified\":\"2020-01-05T12:27:54+00:00\",\"breadcrumb\":{\"@id\":\"https:\/\/www.prijedordanas.com\/?p=139847#breadcrumb\"},\"inLanguage\":\"en-US\",\"potentialAction\":[{\"@type\":\"ReadAction\",\"target\":[\"https:\/\/www.prijedordanas.com\/?p=139847\"]}]},{\"@type\":\"BreadcrumbList\",\"@id\":\"https:\/\/www.prijedordanas.com\/?p=139847#breadcrumb\",\"itemListElement\":[{\"@type\":\"ListItem\",\"position\":1,\"name\":\"Home\",\"item\":\"https:\/\/www.prijedordanas.com\/\"},{\"@type\":\"ListItem\",\"position\":2,\"name\":\"Bo\u017ei\u0107na \u010darolija u Prijedoru: Tradicionalna prodaja badnjaka i dekoracija, gra\u0111ani pokazali kreativnost &#8211; FOTO\"}]},{\"@type\":\"WebSite\",\"@id\":\"https:\/\/www.prijedordanas.com\/#website\",\"url\":\"https:\/\/www.prijedordanas.com\/\",\"name\":\"PrijedorDanas.com - Prijedorski gradski portal\",\"description\":\"Portal o doga\u0111anjima u gradu Prijedoru\",\"publisher\":{\"@id\":\"https:\/\/www.prijedordanas.com\/#organization\"},\"potentialAction\":[{\"@type\":\"SearchAction\",\"target\":{\"@type\":\"EntryPoint\",\"urlTemplate\":\"https:\/\/www.prijedordanas.com\/?s={search_term_string}\"},\"query-input\":\"required name=search_term_string\"}],\"inLanguage\":\"en-US\"},{\"@type\":\"Organization\",\"@id\":\"https:\/\/www.prijedordanas.com\/#organization\",\"name\":\"PrijedorDanas.com\",\"url\":\"https:\/\/www.prijedordanas.com\/\",\"logo\":{\"@type\":\"ImageObject\",\"inLanguage\":\"en-US\",\"@id\":\"https:\/\/www.prijedordanas.com\/#\/schema\/logo\/image\/\",\"url\":\"http:\/\/www.prijedordanas.com\/wp-content\/uploads\/2021\/12\/logopng.png\",\"contentUrl\":\"http:\/\/www.prijedordanas.com\/wp-content\/uploads\/2021\/12\/logopng.png\",\"width\":1019,\"height\":776,\"caption\":\"PrijedorDanas.com\"},\"image\":{\"@id\":\"https:\/\/www.prijedordanas.com\/#\/schema\/logo\/image\/\"},\"sameAs\":[\"https:\/\/www.facebook.com\/PrijedorDanasCom\/\"]},{\"@type\":\"Person\",\"@id\":\"https:\/\/www.prijedordanas.com\/#\/schema\/person\/4e08ccf29b506ca916ff86d46bb700e6\",\"name\":\"admin\",\"image\":{\"@type\":\"ImageObject\",\"inLanguage\":\"en-US\",\"@id\":\"https:\/\/www.prijedordanas.com\/#\/schema\/person\/image\/\",\"url\":\"https:\/\/secure.gravatar.com\/avatar\/1d3fc949d550f0b53a5f0d51e06dfd79?s=96&d=mm&r=g\",\"contentUrl\":\"https:\/\/secure.gravatar.com\/avatar\/1d3fc949d550f0b53a5f0d51e06dfd79?s=96&d=mm&r=g\",\"caption\":\"admin\"},\"url\":\"https:\/\/www.prijedordanas.com\/?author=1\"}]}<\/script>\n<!-- \/ Yoast SEO plugin. -->","yoast_head_json":{"title":"Bo\u017ei\u0107na \u010darolija u Prijedoru: Tradicionalna prodaja badnjaka i dekoracija, gra\u0111ani pokazali kreativnost - FOTO - PrijedorDanas.com - Prijedorski gradski portal","robots":{"index":"index","follow":"follow","max-snippet":"max-snippet:-1","max-image-preview":"max-image-preview:large","max-video-preview":"max-video-preview:-1"},"canonical":"https:\/\/www.prijedordanas.com\/?p=139847","og_locale":"en_US","og_type":"article","og_title":"Bo\u017ei\u0107na \u010darolija u Prijedoru: Tradicionalna prodaja badnjaka i dekoracija, gra\u0111ani pokazali kreativnost - FOTO - PrijedorDanas.com - Prijedorski gradski portal","og_description":"U glavnoj gradskoj ulici u Prijedoru je po\u010dela tradicionalna prodaja Bozi\u0107nih aran\u017emana i badnjaka. Tako bo\u017ei\u0107ne dekoracije ko\u0161taju od tri do 10 KM, dok se drvo badnjaka mo\u017ee kupiti za [&hellip;]","og_url":"https:\/\/www.prijedordanas.com\/?p=139847","og_site_name":"PrijedorDanas.com - Prijedorski gradski portal","article_publisher":"https:\/\/www.facebook.com\/PrijedorDanasCom\/","article_published_time":"2020-01-05T12:07:59+00:00","article_modified_time":"2020-01-05T12:27:54+00:00","og_image":[{"url":"https:\/\/www.prijedordanas.com\/wp-content\/uploads\/2020\/01\/blic-badnjaci-1-300x225.jpg"}],"author":"admin","twitter_card":"summary_large_image","twitter_misc":{"Written by":"admin","Est. reading time":"2 minutes"},"schema":{"@context":"https:\/\/schema.org","@graph":[{"@type":"Article","@id":"https:\/\/www.prijedordanas.com\/?p=139847#article","isPartOf":{"@id":"https:\/\/www.prijedordanas.com\/?p=139847"},"author":{"name":"admin","@id":"https:\/\/www.prijedordanas.com\/#\/schema\/person\/4e08ccf29b506ca916ff86d46bb700e6"},"headline":"Bo\u017ei\u0107na \u010darolija u Prijedoru: Tradicionalna prodaja badnjaka i dekoracija, gra\u0111ani pokazali kreativnost &#8211; FOTO","datePublished":"2020-01-05T12:07:59+00:00","dateModified":"2020-01-05T12:27:54+00:00","mainEntityOfPage":{"@id":"https:\/\/www.prijedordanas.com\/?p=139847"},"wordCount":372,"publisher":{"@id":"https:\/\/www.prijedordanas.com\/#organization"},"keywords":["Bo\u017ei\u0107"],"articleSection":["\u017divot"],"inLanguage":"en-US"},{"@type":"WebPage","@id":"https:\/\/www.prijedordanas.com\/?p=139847","url":"https:\/\/www.prijedordanas.com\/?p=139847","name":"Bo\u017ei\u0107na \u010darolija u Prijedoru: Tradicionalna prodaja badnjaka i dekoracija, gra\u0111ani pokazali kreativnost - FOTO - PrijedorDanas.com - Prijedorski gradski portal","isPartOf":{"@id":"https:\/\/www.prijedordanas.com\/#website"},"datePublished":"2020-01-05T12:07:59+00:00","dateModified":"2020-01-05T12:27:54+00:00","breadcrumb":{"@id":"https:\/\/www.prijedordanas.com\/?p=139847#breadcrumb"},"inLanguage":"en-US","potentialAction":[{"@type":"ReadAction","target":["https:\/\/www.prijedordanas.com\/?p=139847"]}]},{"@type":"BreadcrumbList","@id":"https:\/\/www.prijedordanas.com\/?p=139847#breadcrumb","itemListElement":[{"@type":"ListItem","position":1,"name":"Home","item":"https:\/\/www.prijedordanas.com\/"},{"@type":"ListItem","position":2,"name":"Bo\u017ei\u0107na \u010darolija u Prijedoru: Tradicionalna prodaja badnjaka i dekoracija, gra\u0111ani pokazali kreativnost &#8211; FOTO"}]},{"@type":"WebSite","@id":"https:\/\/www.prijedordanas.com\/#website","url":"https:\/\/www.prijedordanas.com\/","name":"PrijedorDanas.com - Prijedorski gradski portal","description":"Portal o doga\u0111anjima u gradu Prijedoru","publisher":{"@id":"https:\/\/www.prijedordanas.com\/#organization"},"potentialAction":[{"@type":"SearchAction","target":{"@type":"EntryPoint","urlTemplate":"https:\/\/www.prijedordanas.com\/?s={search_term_string}"},"query-input":"required name=search_term_string"}],"inLanguage":"en-US"},{"@type":"Organization","@id":"https:\/\/www.prijedordanas.com\/#organization","name":"PrijedorDanas.com","url":"https:\/\/www.prijedordanas.com\/","logo":{"@type":"ImageObject","inLanguage":"en-US","@id":"https:\/\/www.prijedordanas.com\/#\/schema\/logo\/image\/","url":"http:\/\/www.prijedordanas.com\/wp-content\/uploads\/2021\/12\/logopng.png","contentUrl":"http:\/\/www.prijedordanas.com\/wp-content\/uploads\/2021\/12\/logopng.png","width":1019,"height":776,"caption":"PrijedorDanas.com"},"image":{"@id":"https:\/\/www.prijedordanas.com\/#\/schema\/logo\/image\/"},"sameAs":["https:\/\/www.facebook.com\/PrijedorDanasCom\/"]},{"@type":"Person","@id":"https:\/\/www.prijedordanas.com\/#\/schema\/person\/4e08ccf29b506ca916ff86d46bb700e6","name":"admin","image":{"@type":"ImageObject","inLanguage":"en-US","@id":"https:\/\/www.prijedordanas.com\/#\/schema\/person\/image\/","url":"https:\/\/secure.gravatar.com\/avatar\/1d3fc949d550f0b53a5f0d51e06dfd79?s=96&d=mm&r=g","contentUrl":"https:\/\/secure.gravatar.com\/avatar\/1d3fc949d550f0b53a5f0d51e06dfd79?s=96&d=mm&r=g","caption":"admin"},"url":"https:\/\/www.prijedordanas.com\/?author=1"}]}},"_links":{"self":[{"href":"https:\/\/www.prijedordanas.com\/index.php?rest_route=\/wp\/v2\/posts\/139847"}],"collection":[{"href":"https:\/\/www.prijedordanas.com\/index.php?rest_route=\/wp\/v2\/posts"}],"about":[{"href":"https:\/\/www.prijedordanas.com\/index.php?rest_route=\/wp\/v2\/types\/post"}],"author":[{"embeddable":true,"href":"https:\/\/www.prijedordanas.com\/index.php?rest_route=\/wp\/v2\/users\/1"}],"replies":[{"embeddable":true,"href":"https:\/\/www.prijedordanas.com\/index.php?rest_route=%2Fwp%2Fv2%2Fcomments&post=139847"}],"version-history":[{"count":3,"href":"https:\/\/www.prijedordanas.com\/index.php?rest_route=\/wp\/v2\/posts\/139847\/revisions"}],"predecessor-version":[{"id":139863,"href":"https:\/\/www.prijedordanas.com\/index.php?rest_route=\/wp\/v2\/posts\/139847\/revisions\/139863"}],"wp:attachment":[{"href":"https:\/\/www.prijedordanas.com\/index.php?rest_route=%2Fwp%2Fv2%2Fmedia&parent=139847"}],"wp:term":[{"taxonomy":"category","embeddable":true,"href":"https:\/\/www.prijedordanas.com\/index.php?rest_route=%2Fwp%2Fv2%2Fcategories&post=139847"},{"taxonomy":"post_tag","embeddable":true,"href":"https:\/\/www.prijedordanas.com\/index.php?rest_route=%2Fwp%2Fv2%2Ftags&post=139847"}],"curies":[{"name":"wp","href":"https:\/\/api.w.org\/{rel}","templated":true}]}}