{"id":139474,"date":"2019-12-30T15:04:29","date_gmt":"2019-12-30T14:04:29","guid":{"rendered":"https:\/\/www.prijedordanas.com\/?p=139474"},"modified":"2019-12-30T15:04:29","modified_gmt":"2019-12-30T14:04:29","slug":"prijedorski-malisani-docekali-novu-2020-godinu-foto","status":"publish","type":"post","link":"https:\/\/www.prijedordanas.com\/?p=139474","title":{"rendered":"Prijedorski mali\u0161ani do\u010dekali Novu 2020. godinu &#8211; FOTO"},"content":{"rendered":"<p><a href=\"https:\/\/www.prijedordanas.com\/wp-content\/uploads\/2019\/12\/djecija-nova-2020-godina-1.jpg\"><img loading=\"lazy\" decoding=\"async\" src=\"https:\/\/www.prijedordanas.com\/wp-content\/uploads\/2019\/12\/djecija-nova-2020-godina-1-300x217.jpg\" alt=\"\" width=\"300\" height=\"217\" class=\"alignleft size-medium wp-image-139475\" srcset=\"https:\/\/www.prijedordanas.com\/wp-content\/uploads\/2019\/12\/djecija-nova-2020-godina-1-300x217.jpg 300w, https:\/\/www.prijedordanas.com\/wp-content\/uploads\/2019\/12\/djecija-nova-2020-godina-1.jpg 690w\" sizes=\"(max-width: 300px) 100vw, 300px\" \/><\/a>Najmla\u0111i Prijedor\u010dani su u\u010de\u0161\u0107em u programu koji je organizovala Gradska uprava Prijedor pod nazivom&#8221;Novogodi\u0161nja \u017eurka&#8221; obilje\u017eili po\u010detak Nove 2020.godine.<\/p>\n<p>U programu ovog tradicionalnog do\u010deka najmla\u0111ih Prijedor\u010dana u\u010destvovali su u\u010denici gradskih osnovnih \u0161kola, pobjednici Dje\u010dijeg festivala &#8220;Novogodi\u0161nje karaoke&#8221; i Dje\u010dijeg vrti\u0107a &#8220;Radost&#8221;.<\/p>\n<p>Gradona\u010delnik Milenko \u0110akovi\u0107 je okupljenim mali\u0161anima uputio \u010destitke sa najljep\u0161im \u017eeljama u Novoj godini.<\/p>\n<p>&#8220;Svoj djeci na\u0161eg grada \u017eelim sre\u0107nu nastupaju\u0107u godinu i veselo i bezbri\u017eno djetinjstvo. Onim starijim \u017eelim puno uspjeha u \u0161koli, da slu\u0161aju svoje roditelje i da zdravo rastu ovdje u gradu Prijedoru. Po\u0161tovani sugra\u0111ani svima vama \u017eelim sve najbolje u 2020.godini i da sa na\u0161om djecom budemo veseli, da se radujemo novoj godini i svemu lijepom \u0161to ona nosi&#8221;, poru\u010dio je \u0110akovi\u0107.<\/p>\n<p>Mali\u0161anima koji se prisustvovali ovom do\u010deku na malom gradskom trgu podijeljeni su paketi\u0107i koje je pripremila Gradska uprava Prijedor uz podr\u0161ku prijatelja do\u010deka Fabrike keksa &#8220;Mira&#8221;.<\/p>\n<p>www.prijedorgrad.org<\/p>\n<p><a href=\"https:\/\/www.prijedordanas.com\/wp-content\/uploads\/2019\/12\/djecija-nova-2020-godina-2.jpg\"><img loading=\"lazy\" decoding=\"async\" src=\"https:\/\/www.prijedordanas.com\/wp-content\/uploads\/2019\/12\/djecija-nova-2020-godina-2-300x217.jpg\" alt=\"\" width=\"300\" height=\"217\" class=\"alignleft size-medium wp-image-139476\" srcset=\"https:\/\/www.prijedordanas.com\/wp-content\/uploads\/2019\/12\/djecija-nova-2020-godina-2-300x217.jpg 300w, https:\/\/www.prijedordanas.com\/wp-content\/uploads\/2019\/12\/djecija-nova-2020-godina-2.jpg 690w\" sizes=\"(max-width: 300px) 100vw, 300px\" \/><\/a> <a href=\"https:\/\/www.prijedordanas.com\/wp-content\/uploads\/2019\/12\/djecija-nova-2020-godina-3.jpg\"><img loading=\"lazy\" decoding=\"async\" src=\"https:\/\/www.prijedordanas.com\/wp-content\/uploads\/2019\/12\/djecija-nova-2020-godina-3-300x217.jpg\" alt=\"\" width=\"300\" height=\"217\" class=\"alignleft size-medium wp-image-139477\" srcset=\"https:\/\/www.prijedordanas.com\/wp-content\/uploads\/2019\/12\/djecija-nova-2020-godina-3-300x217.jpg 300w, https:\/\/www.prijedordanas.com\/wp-content\/uploads\/2019\/12\/djecija-nova-2020-godina-3.jpg 690w\" sizes=\"(max-width: 300px) 100vw, 300px\" \/><\/a> <a href=\"https:\/\/www.prijedordanas.com\/wp-content\/uploads\/2019\/12\/djecija-nova-2020-godina-4.jpg\"><img loading=\"lazy\" decoding=\"async\" src=\"https:\/\/www.prijedordanas.com\/wp-content\/uploads\/2019\/12\/djecija-nova-2020-godina-4-300x217.jpg\" alt=\"\" width=\"300\" height=\"217\" class=\"alignleft size-medium wp-image-139478\" srcset=\"https:\/\/www.prijedordanas.com\/wp-content\/uploads\/2019\/12\/djecija-nova-2020-godina-4-300x217.jpg 300w, https:\/\/www.prijedordanas.com\/wp-content\/uploads\/2019\/12\/djecija-nova-2020-godina-4.jpg 690w\" sizes=\"(max-width: 300px) 100vw, 300px\" \/><\/a> <a href=\"https:\/\/www.prijedordanas.com\/wp-content\/uploads\/2019\/12\/djecija-nova-2020-godina-5.jpg\"><img loading=\"lazy\" decoding=\"async\" src=\"https:\/\/www.prijedordanas.com\/wp-content\/uploads\/2019\/12\/djecija-nova-2020-godina-5-300x217.jpg\" alt=\"\" width=\"300\" height=\"217\" class=\"alignleft size-medium wp-image-139479\" srcset=\"https:\/\/www.prijedordanas.com\/wp-content\/uploads\/2019\/12\/djecija-nova-2020-godina-5-300x217.jpg 300w, https:\/\/www.prijedordanas.com\/wp-content\/uploads\/2019\/12\/djecija-nova-2020-godina-5.jpg 690w\" sizes=\"(max-width: 300px) 100vw, 300px\" \/><\/a> <a href=\"https:\/\/www.prijedordanas.com\/wp-content\/uploads\/2019\/12\/djecija-nova-2020-godina-6.jpg\"><img loading=\"lazy\" decoding=\"async\" src=\"https:\/\/www.prijedordanas.com\/wp-content\/uploads\/2019\/12\/djecija-nova-2020-godina-6-300x200.jpg\" alt=\"\" width=\"300\" height=\"200\" class=\"alignleft size-medium wp-image-139480\" srcset=\"https:\/\/www.prijedordanas.com\/wp-content\/uploads\/2019\/12\/djecija-nova-2020-godina-6-300x200.jpg 300w, https:\/\/www.prijedordanas.com\/wp-content\/uploads\/2019\/12\/djecija-nova-2020-godina-6-480x320.jpg 480w, https:\/\/www.prijedordanas.com\/wp-content\/uploads\/2019\/12\/djecija-nova-2020-godina-6.jpg 600w\" sizes=\"(max-width: 300px) 100vw, 300px\" \/><\/a> <a href=\"https:\/\/www.prijedordanas.com\/wp-content\/uploads\/2019\/12\/djecija-nova-2020-godina-7.jpg\"><img loading=\"lazy\" decoding=\"async\" src=\"https:\/\/www.prijedordanas.com\/wp-content\/uploads\/2019\/12\/djecija-nova-2020-godina-7-300x200.jpg\" alt=\"\" width=\"300\" height=\"200\" class=\"alignleft size-medium wp-image-139481\" srcset=\"https:\/\/www.prijedordanas.com\/wp-content\/uploads\/2019\/12\/djecija-nova-2020-godina-7-300x200.jpg 300w, https:\/\/www.prijedordanas.com\/wp-content\/uploads\/2019\/12\/djecija-nova-2020-godina-7-480x320.jpg 480w, https:\/\/www.prijedordanas.com\/wp-content\/uploads\/2019\/12\/djecija-nova-2020-godina-7.jpg 600w\" sizes=\"(max-width: 300px) 100vw, 300px\" \/><\/a> <a href=\"https:\/\/www.prijedordanas.com\/wp-content\/uploads\/2019\/12\/djecija-nova-2020-godina-8.jpg\"><img loading=\"lazy\" decoding=\"async\" src=\"https:\/\/www.prijedordanas.com\/wp-content\/uploads\/2019\/12\/djecija-nova-2020-godina-8-300x200.jpg\" alt=\"\" width=\"300\" height=\"200\" class=\"alignleft size-medium wp-image-139482\" srcset=\"https:\/\/www.prijedordanas.com\/wp-content\/uploads\/2019\/12\/djecija-nova-2020-godina-8-300x200.jpg 300w, https:\/\/www.prijedordanas.com\/wp-content\/uploads\/2019\/12\/djecija-nova-2020-godina-8-480x320.jpg 480w, https:\/\/www.prijedordanas.com\/wp-content\/uploads\/2019\/12\/djecija-nova-2020-godina-8.jpg 600w\" sizes=\"(max-width: 300px) 100vw, 300px\" \/><\/a> <a href=\"https:\/\/www.prijedordanas.com\/wp-content\/uploads\/2019\/12\/djecija-nova-2020-godina-9.jpg\"><img loading=\"lazy\" decoding=\"async\" src=\"https:\/\/www.prijedordanas.com\/wp-content\/uploads\/2019\/12\/djecija-nova-2020-godina-9-300x200.jpg\" alt=\"\" width=\"300\" height=\"200\" class=\"alignleft size-medium wp-image-139483\" srcset=\"https:\/\/www.prijedordanas.com\/wp-content\/uploads\/2019\/12\/djecija-nova-2020-godina-9-300x200.jpg 300w, https:\/\/www.prijedordanas.com\/wp-content\/uploads\/2019\/12\/djecija-nova-2020-godina-9-480x320.jpg 480w, https:\/\/www.prijedordanas.com\/wp-content\/uploads\/2019\/12\/djecija-nova-2020-godina-9.jpg 600w\" sizes=\"(max-width: 300px) 100vw, 300px\" \/><\/a> <a href=\"https:\/\/www.prijedordanas.com\/wp-content\/uploads\/2019\/12\/djecija-nova-2020-godina-10.jpg\"><img loading=\"lazy\" decoding=\"async\" src=\"https:\/\/www.prijedordanas.com\/wp-content\/uploads\/2019\/12\/djecija-nova-2020-godina-10-300x200.jpg\" alt=\"\" width=\"300\" height=\"200\" class=\"alignleft size-medium wp-image-139484\" srcset=\"https:\/\/www.prijedordanas.com\/wp-content\/uploads\/2019\/12\/djecija-nova-2020-godina-10-300x200.jpg 300w, https:\/\/www.prijedordanas.com\/wp-content\/uploads\/2019\/12\/djecija-nova-2020-godina-10-480x320.jpg 480w, https:\/\/www.prijedordanas.com\/wp-content\/uploads\/2019\/12\/djecija-nova-2020-godina-10.jpg 600w\" sizes=\"(max-width: 300px) 100vw, 300px\" \/><\/a> <a href=\"https:\/\/www.prijedordanas.com\/wp-content\/uploads\/2019\/12\/djecija-nova-2020-godina-11.jpg\"><img loading=\"lazy\" decoding=\"async\" src=\"https:\/\/www.prijedordanas.com\/wp-content\/uploads\/2019\/12\/djecija-nova-2020-godina-11-300x200.jpg\" alt=\"\" width=\"300\" height=\"200\" class=\"alignleft size-medium wp-image-139485\" srcset=\"https:\/\/www.prijedordanas.com\/wp-content\/uploads\/2019\/12\/djecija-nova-2020-godina-11-300x200.jpg 300w, https:\/\/www.prijedordanas.com\/wp-content\/uploads\/2019\/12\/djecija-nova-2020-godina-11-480x320.jpg 480w, https:\/\/www.prijedordanas.com\/wp-content\/uploads\/2019\/12\/djecija-nova-2020-godina-11.jpg 600w\" sizes=\"(max-width: 300px) 100vw, 300px\" \/><\/a> <a href=\"https:\/\/www.prijedordanas.com\/wp-content\/uploads\/2019\/12\/djecija-nova-2020-godina-12.jpg\"><img loading=\"lazy\" decoding=\"async\" src=\"https:\/\/www.prijedordanas.com\/wp-content\/uploads\/2019\/12\/djecija-nova-2020-godina-12-300x200.jpg\" alt=\"\" width=\"300\" height=\"200\" class=\"alignleft size-medium wp-image-139486\" srcset=\"https:\/\/www.prijedordanas.com\/wp-content\/uploads\/2019\/12\/djecija-nova-2020-godina-12-300x200.jpg 300w, https:\/\/www.prijedordanas.com\/wp-content\/uploads\/2019\/12\/djecija-nova-2020-godina-12-480x320.jpg 480w, https:\/\/www.prijedordanas.com\/wp-content\/uploads\/2019\/12\/djecija-nova-2020-godina-12.jpg 600w\" sizes=\"(max-width: 300px) 100vw, 300px\" \/><\/a> <a href=\"https:\/\/www.prijedordanas.com\/wp-content\/uploads\/2019\/12\/djecija-nova-2020-godina-13.jpg\"><img loading=\"lazy\" decoding=\"async\" src=\"https:\/\/www.prijedordanas.com\/wp-content\/uploads\/2019\/12\/djecija-nova-2020-godina-13-300x200.jpg\" alt=\"\" width=\"300\" height=\"200\" class=\"alignleft size-medium wp-image-139487\" srcset=\"https:\/\/www.prijedordanas.com\/wp-content\/uploads\/2019\/12\/djecija-nova-2020-godina-13-300x200.jpg 300w, https:\/\/www.prijedordanas.com\/wp-content\/uploads\/2019\/12\/djecija-nova-2020-godina-13-480x320.jpg 480w, https:\/\/www.prijedordanas.com\/wp-content\/uploads\/2019\/12\/djecija-nova-2020-godina-13.jpg 600w\" sizes=\"(max-width: 300px) 100vw, 300px\" \/><\/a> <a href=\"https:\/\/www.prijedordanas.com\/wp-content\/uploads\/2019\/12\/djecija-nova-2020-godina-14.jpg\"><img loading=\"lazy\" decoding=\"async\" src=\"https:\/\/www.prijedordanas.com\/wp-content\/uploads\/2019\/12\/djecija-nova-2020-godina-14-300x200.jpg\" alt=\"\" width=\"300\" height=\"200\" class=\"alignleft size-medium wp-image-139488\" srcset=\"https:\/\/www.prijedordanas.com\/wp-content\/uploads\/2019\/12\/djecija-nova-2020-godina-14-300x200.jpg 300w, https:\/\/www.prijedordanas.com\/wp-content\/uploads\/2019\/12\/djecija-nova-2020-godina-14-480x320.jpg 480w, https:\/\/www.prijedordanas.com\/wp-content\/uploads\/2019\/12\/djecija-nova-2020-godina-14.jpg 600w\" sizes=\"(max-width: 300px) 100vw, 300px\" \/><\/a> <a href=\"https:\/\/www.prijedordanas.com\/wp-content\/uploads\/2019\/12\/djecija-nova-2020-godina-15.jpg\"><img loading=\"lazy\" decoding=\"async\" src=\"https:\/\/www.prijedordanas.com\/wp-content\/uploads\/2019\/12\/djecija-nova-2020-godina-15-300x200.jpg\" alt=\"\" width=\"300\" height=\"200\" class=\"alignleft size-medium wp-image-139489\" srcset=\"https:\/\/www.prijedordanas.com\/wp-content\/uploads\/2019\/12\/djecija-nova-2020-godina-15-300x200.jpg 300w, https:\/\/www.prijedordanas.com\/wp-content\/uploads\/2019\/12\/djecija-nova-2020-godina-15-480x320.jpg 480w, https:\/\/www.prijedordanas.com\/wp-content\/uploads\/2019\/12\/djecija-nova-2020-godina-15.jpg 600w\" sizes=\"(max-width: 300px) 100vw, 300px\" \/><\/a> <a href=\"https:\/\/www.prijedordanas.com\/wp-content\/uploads\/2019\/12\/djecija-nova-2020-godina-16.jpg\"><img loading=\"lazy\" decoding=\"async\" src=\"https:\/\/www.prijedordanas.com\/wp-content\/uploads\/2019\/12\/djecija-nova-2020-godina-16-300x200.jpg\" alt=\"\" width=\"300\" height=\"200\" class=\"alignleft size-medium wp-image-139491\" srcset=\"https:\/\/www.prijedordanas.com\/wp-content\/uploads\/2019\/12\/djecija-nova-2020-godina-16-300x200.jpg 300w, https:\/\/www.prijedordanas.com\/wp-content\/uploads\/2019\/12\/djecija-nova-2020-godina-16-480x320.jpg 480w, https:\/\/www.prijedordanas.com\/wp-content\/uploads\/2019\/12\/djecija-nova-2020-godina-16.jpg 600w\" sizes=\"(max-width: 300px) 100vw, 300px\" \/><\/a> <a href=\"https:\/\/www.prijedordanas.com\/wp-content\/uploads\/2019\/12\/djecija-nova-2020-godina-17.jpg\"><img loading=\"lazy\" decoding=\"async\" src=\"https:\/\/www.prijedordanas.com\/wp-content\/uploads\/2019\/12\/djecija-nova-2020-godina-17-300x200.jpg\" alt=\"\" width=\"300\" height=\"200\" class=\"alignleft size-medium wp-image-139492\" srcset=\"https:\/\/www.prijedordanas.com\/wp-content\/uploads\/2019\/12\/djecija-nova-2020-godina-17-300x200.jpg 300w, https:\/\/www.prijedordanas.com\/wp-content\/uploads\/2019\/12\/djecija-nova-2020-godina-17-480x320.jpg 480w, https:\/\/www.prijedordanas.com\/wp-content\/uploads\/2019\/12\/djecija-nova-2020-godina-17.jpg 600w\" sizes=\"(max-width: 300px) 100vw, 300px\" \/><\/a> <a href=\"https:\/\/www.prijedordanas.com\/wp-content\/uploads\/2019\/12\/djecija-nova-2020-godina-18.jpg\"><img loading=\"lazy\" decoding=\"async\" src=\"https:\/\/www.prijedordanas.com\/wp-content\/uploads\/2019\/12\/djecija-nova-2020-godina-18-300x200.jpg\" alt=\"\" width=\"300\" height=\"200\" class=\"alignleft size-medium wp-image-139493\" srcset=\"https:\/\/www.prijedordanas.com\/wp-content\/uploads\/2019\/12\/djecija-nova-2020-godina-18-300x200.jpg 300w, https:\/\/www.prijedordanas.com\/wp-content\/uploads\/2019\/12\/djecija-nova-2020-godina-18-480x320.jpg 480w, https:\/\/www.prijedordanas.com\/wp-content\/uploads\/2019\/12\/djecija-nova-2020-godina-18.jpg 600w\" sizes=\"(max-width: 300px) 100vw, 300px\" \/><\/a> <a href=\"https:\/\/www.prijedordanas.com\/wp-content\/uploads\/2019\/12\/djecija-nova-2020-godina-19.jpg\"><img loading=\"lazy\" decoding=\"async\" src=\"https:\/\/www.prijedordanas.com\/wp-content\/uploads\/2019\/12\/djecija-nova-2020-godina-19-300x200.jpg\" alt=\"\" width=\"300\" height=\"200\" class=\"alignleft size-medium wp-image-139494\" srcset=\"https:\/\/www.prijedordanas.com\/wp-content\/uploads\/2019\/12\/djecija-nova-2020-godina-19-300x200.jpg 300w, https:\/\/www.prijedordanas.com\/wp-content\/uploads\/2019\/12\/djecija-nova-2020-godina-19-480x320.jpg 480w, https:\/\/www.prijedordanas.com\/wp-content\/uploads\/2019\/12\/djecija-nova-2020-godina-19.jpg 600w\" sizes=\"(max-width: 300px) 100vw, 300px\" \/><\/a> <a href=\"https:\/\/www.prijedordanas.com\/wp-content\/uploads\/2019\/12\/djecija-nova-2020-godina-20.jpg\"><img loading=\"lazy\" decoding=\"async\" src=\"https:\/\/www.prijedordanas.com\/wp-content\/uploads\/2019\/12\/djecija-nova-2020-godina-20-300x200.jpg\" alt=\"\" width=\"300\" height=\"200\" class=\"alignleft size-medium wp-image-139495\" srcset=\"https:\/\/www.prijedordanas.com\/wp-content\/uploads\/2019\/12\/djecija-nova-2020-godina-20-300x200.jpg 300w, https:\/\/www.prijedordanas.com\/wp-content\/uploads\/2019\/12\/djecija-nova-2020-godina-20-480x320.jpg 480w, https:\/\/www.prijedordanas.com\/wp-content\/uploads\/2019\/12\/djecija-nova-2020-godina-20.jpg 600w\" sizes=\"(max-width: 300px) 100vw, 300px\" \/><\/a> <a href=\"https:\/\/www.prijedordanas.com\/wp-content\/uploads\/2019\/12\/djecija-nova-2020-godina-21.jpg\"><img loading=\"lazy\" decoding=\"async\" src=\"https:\/\/www.prijedordanas.com\/wp-content\/uploads\/2019\/12\/djecija-nova-2020-godina-21-300x200.jpg\" alt=\"\" width=\"300\" height=\"200\" class=\"alignleft size-medium wp-image-139496\" srcset=\"https:\/\/www.prijedordanas.com\/wp-content\/uploads\/2019\/12\/djecija-nova-2020-godina-21-300x200.jpg 300w, https:\/\/www.prijedordanas.com\/wp-content\/uploads\/2019\/12\/djecija-nova-2020-godina-21-480x320.jpg 480w, https:\/\/www.prijedordanas.com\/wp-content\/uploads\/2019\/12\/djecija-nova-2020-godina-21.jpg 600w\" sizes=\"(max-width: 300px) 100vw, 300px\" \/><\/a> <a href=\"https:\/\/www.prijedordanas.com\/wp-content\/uploads\/2019\/12\/djecija-nova-2020-godina-22.jpg\"><img loading=\"lazy\" decoding=\"async\" src=\"https:\/\/www.prijedordanas.com\/wp-content\/uploads\/2019\/12\/djecija-nova-2020-godina-22-300x200.jpg\" alt=\"\" width=\"300\" height=\"200\" class=\"alignleft size-medium wp-image-139497\" srcset=\"https:\/\/www.prijedordanas.com\/wp-content\/uploads\/2019\/12\/djecija-nova-2020-godina-22-300x200.jpg 300w, https:\/\/www.prijedordanas.com\/wp-content\/uploads\/2019\/12\/djecija-nova-2020-godina-22-480x320.jpg 480w, https:\/\/www.prijedordanas.com\/wp-content\/uploads\/2019\/12\/djecija-nova-2020-godina-22.jpg 600w\" sizes=\"(max-width: 300px) 100vw, 300px\" \/><\/a> <a href=\"https:\/\/www.prijedordanas.com\/wp-content\/uploads\/2019\/12\/djecija-nova-2020-godina-23.jpg\"><img loading=\"lazy\" decoding=\"async\" src=\"https:\/\/www.prijedordanas.com\/wp-content\/uploads\/2019\/12\/djecija-nova-2020-godina-23-300x200.jpg\" alt=\"\" width=\"300\" height=\"200\" class=\"alignleft size-medium wp-image-139498\" srcset=\"https:\/\/www.prijedordanas.com\/wp-content\/uploads\/2019\/12\/djecija-nova-2020-godina-23-300x200.jpg 300w, https:\/\/www.prijedordanas.com\/wp-content\/uploads\/2019\/12\/djecija-nova-2020-godina-23-480x320.jpg 480w, https:\/\/www.prijedordanas.com\/wp-content\/uploads\/2019\/12\/djecija-nova-2020-godina-23.jpg 600w\" sizes=\"(max-width: 300px) 100vw, 300px\" \/><\/a> <a href=\"https:\/\/www.prijedordanas.com\/wp-content\/uploads\/2019\/12\/djecija-nova-2020-godina-24.jpg\"><img loading=\"lazy\" decoding=\"async\" src=\"https:\/\/www.prijedordanas.com\/wp-content\/uploads\/2019\/12\/djecija-nova-2020-godina-24-300x200.jpg\" alt=\"\" width=\"300\" height=\"200\" class=\"alignleft size-medium wp-image-139499\" srcset=\"https:\/\/www.prijedordanas.com\/wp-content\/uploads\/2019\/12\/djecija-nova-2020-godina-24-300x200.jpg 300w, https:\/\/www.prijedordanas.com\/wp-content\/uploads\/2019\/12\/djecija-nova-2020-godina-24-480x320.jpg 480w, https:\/\/www.prijedordanas.com\/wp-content\/uploads\/2019\/12\/djecija-nova-2020-godina-24.jpg 600w\" sizes=\"(max-width: 300px) 100vw, 300px\" \/><\/a><\/p>\n","protected":false},"excerpt":{"rendered":"<p>Najmla\u0111i Prijedor\u010dani su u\u010de\u0161\u0107em u programu koji je organizovala Gradska uprava Prijedor pod nazivom&#8221;Novogodi\u0161nja \u017eurka&#8221; obilje\u017eili po\u010detak Nove 2020.godine. U programu ovog tradicionalnog do\u010deka najmla\u0111ih Prijedor\u010dana u\u010destvovali su u\u010denici gradskih [&hellip;]<\/p>\n","protected":false},"author":1,"featured_media":0,"comment_status":"closed","ping_status":"open","sticky":false,"template":"","format":"standard","meta":{"_monsterinsights_skip_tracking":false,"_monsterinsights_sitenote_active":false,"_monsterinsights_sitenote_note":"","_monsterinsights_sitenote_category":0,"footnotes":""},"categories":[4,7515],"tags":[6374],"yoast_head":"<!-- This site is optimized with the Yoast SEO plugin v21.6 - https:\/\/yoast.com\/wordpress\/plugins\/seo\/ -->\n<title>Prijedorski mali\u0161ani do\u010dekali Novu 2020. godinu - FOTO - PrijedorDanas.com - Prijedorski gradski portal<\/title>\n<meta name=\"robots\" content=\"index, follow, max-snippet:-1, max-image-preview:large, max-video-preview:-1\" \/>\n<link rel=\"canonical\" href=\"https:\/\/www.prijedordanas.com\/?p=139474\" \/>\n<meta property=\"og:locale\" content=\"en_US\" \/>\n<meta property=\"og:type\" content=\"article\" \/>\n<meta property=\"og:title\" content=\"Prijedorski mali\u0161ani do\u010dekali Novu 2020. godinu - FOTO - PrijedorDanas.com - Prijedorski gradski portal\" \/>\n<meta property=\"og:description\" content=\"Najmla\u0111i Prijedor\u010dani su u\u010de\u0161\u0107em u programu koji je organizovala Gradska uprava Prijedor pod nazivom&#8221;Novogodi\u0161nja \u017eurka&#8221; obilje\u017eili po\u010detak Nove 2020.godine. U programu ovog tradicionalnog do\u010deka najmla\u0111ih Prijedor\u010dana u\u010destvovali su u\u010denici gradskih [&hellip;]\" \/>\n<meta property=\"og:url\" content=\"https:\/\/www.prijedordanas.com\/?p=139474\" \/>\n<meta property=\"og:site_name\" content=\"PrijedorDanas.com - Prijedorski gradski portal\" \/>\n<meta property=\"article:publisher\" content=\"https:\/\/www.facebook.com\/PrijedorDanasCom\/\" \/>\n<meta property=\"article:published_time\" content=\"2019-12-30T14:04:29+00:00\" \/>\n<meta property=\"og:image\" content=\"https:\/\/www.prijedordanas.com\/wp-content\/uploads\/2019\/12\/djecija-nova-2020-godina-1-300x217.jpg\" \/>\n<meta name=\"author\" content=\"admin\" \/>\n<meta name=\"twitter:card\" content=\"summary_large_image\" \/>\n<meta name=\"twitter:label1\" content=\"Written by\" \/>\n\t<meta name=\"twitter:data1\" content=\"admin\" \/>\n\t<meta name=\"twitter:label2\" content=\"Est. reading time\" \/>\n\t<meta name=\"twitter:data2\" content=\"1 minute\" \/>\n<script type=\"application\/ld+json\" class=\"yoast-schema-graph\">{\"@context\":\"https:\/\/schema.org\",\"@graph\":[{\"@type\":\"Article\",\"@id\":\"https:\/\/www.prijedordanas.com\/?p=139474#article\",\"isPartOf\":{\"@id\":\"https:\/\/www.prijedordanas.com\/?p=139474\"},\"author\":{\"name\":\"admin\",\"@id\":\"https:\/\/www.prijedordanas.com\/#\/schema\/person\/4e08ccf29b506ca916ff86d46bb700e6\"},\"headline\":\"Prijedorski mali\u0161ani do\u010dekali Novu 2020. godinu &#8211; FOTO\",\"datePublished\":\"2019-12-30T14:04:29+00:00\",\"dateModified\":\"2019-12-30T14:04:29+00:00\",\"mainEntityOfPage\":{\"@id\":\"https:\/\/www.prijedordanas.com\/?p=139474\"},\"wordCount\":189,\"publisher\":{\"@id\":\"https:\/\/www.prijedordanas.com\/#organization\"},\"keywords\":[\"dje\u010dija Nova godina\"],\"articleSection\":[\"Dru\u0161tvo\",\"Foto dana\"],\"inLanguage\":\"en-US\"},{\"@type\":\"WebPage\",\"@id\":\"https:\/\/www.prijedordanas.com\/?p=139474\",\"url\":\"https:\/\/www.prijedordanas.com\/?p=139474\",\"name\":\"Prijedorski mali\u0161ani do\u010dekali Novu 2020. godinu - FOTO - PrijedorDanas.com - Prijedorski gradski portal\",\"isPartOf\":{\"@id\":\"https:\/\/www.prijedordanas.com\/#website\"},\"datePublished\":\"2019-12-30T14:04:29+00:00\",\"dateModified\":\"2019-12-30T14:04:29+00:00\",\"breadcrumb\":{\"@id\":\"https:\/\/www.prijedordanas.com\/?p=139474#breadcrumb\"},\"inLanguage\":\"en-US\",\"potentialAction\":[{\"@type\":\"ReadAction\",\"target\":[\"https:\/\/www.prijedordanas.com\/?p=139474\"]}]},{\"@type\":\"BreadcrumbList\",\"@id\":\"https:\/\/www.prijedordanas.com\/?p=139474#breadcrumb\",\"itemListElement\":[{\"@type\":\"ListItem\",\"position\":1,\"name\":\"Home\",\"item\":\"https:\/\/www.prijedordanas.com\/\"},{\"@type\":\"ListItem\",\"position\":2,\"name\":\"Prijedorski mali\u0161ani do\u010dekali Novu 2020. godinu &#8211; FOTO\"}]},{\"@type\":\"WebSite\",\"@id\":\"https:\/\/www.prijedordanas.com\/#website\",\"url\":\"https:\/\/www.prijedordanas.com\/\",\"name\":\"PrijedorDanas.com - Prijedorski gradski portal\",\"description\":\"Portal o doga\u0111anjima u gradu Prijedoru\",\"publisher\":{\"@id\":\"https:\/\/www.prijedordanas.com\/#organization\"},\"potentialAction\":[{\"@type\":\"SearchAction\",\"target\":{\"@type\":\"EntryPoint\",\"urlTemplate\":\"https:\/\/www.prijedordanas.com\/?s={search_term_string}\"},\"query-input\":\"required name=search_term_string\"}],\"inLanguage\":\"en-US\"},{\"@type\":\"Organization\",\"@id\":\"https:\/\/www.prijedordanas.com\/#organization\",\"name\":\"PrijedorDanas.com\",\"url\":\"https:\/\/www.prijedordanas.com\/\",\"logo\":{\"@type\":\"ImageObject\",\"inLanguage\":\"en-US\",\"@id\":\"https:\/\/www.prijedordanas.com\/#\/schema\/logo\/image\/\",\"url\":\"http:\/\/www.prijedordanas.com\/wp-content\/uploads\/2021\/12\/logopng.png\",\"contentUrl\":\"http:\/\/www.prijedordanas.com\/wp-content\/uploads\/2021\/12\/logopng.png\",\"width\":1019,\"height\":776,\"caption\":\"PrijedorDanas.com\"},\"image\":{\"@id\":\"https:\/\/www.prijedordanas.com\/#\/schema\/logo\/image\/\"},\"sameAs\":[\"https:\/\/www.facebook.com\/PrijedorDanasCom\/\"]},{\"@type\":\"Person\",\"@id\":\"https:\/\/www.prijedordanas.com\/#\/schema\/person\/4e08ccf29b506ca916ff86d46bb700e6\",\"name\":\"admin\",\"image\":{\"@type\":\"ImageObject\",\"inLanguage\":\"en-US\",\"@id\":\"https:\/\/www.prijedordanas.com\/#\/schema\/person\/image\/\",\"url\":\"https:\/\/secure.gravatar.com\/avatar\/1d3fc949d550f0b53a5f0d51e06dfd79?s=96&d=mm&r=g\",\"contentUrl\":\"https:\/\/secure.gravatar.com\/avatar\/1d3fc949d550f0b53a5f0d51e06dfd79?s=96&d=mm&r=g\",\"caption\":\"admin\"},\"url\":\"https:\/\/www.prijedordanas.com\/?author=1\"}]}<\/script>\n<!-- \/ Yoast SEO plugin. -->","yoast_head_json":{"title":"Prijedorski mali\u0161ani do\u010dekali Novu 2020. godinu - FOTO - PrijedorDanas.com - Prijedorski gradski portal","robots":{"index":"index","follow":"follow","max-snippet":"max-snippet:-1","max-image-preview":"max-image-preview:large","max-video-preview":"max-video-preview:-1"},"canonical":"https:\/\/www.prijedordanas.com\/?p=139474","og_locale":"en_US","og_type":"article","og_title":"Prijedorski mali\u0161ani do\u010dekali Novu 2020. godinu - FOTO - PrijedorDanas.com - Prijedorski gradski portal","og_description":"Najmla\u0111i Prijedor\u010dani su u\u010de\u0161\u0107em u programu koji je organizovala Gradska uprava Prijedor pod nazivom&#8221;Novogodi\u0161nja \u017eurka&#8221; obilje\u017eili po\u010detak Nove 2020.godine. U programu ovog tradicionalnog do\u010deka najmla\u0111ih Prijedor\u010dana u\u010destvovali su u\u010denici gradskih [&hellip;]","og_url":"https:\/\/www.prijedordanas.com\/?p=139474","og_site_name":"PrijedorDanas.com - Prijedorski gradski portal","article_publisher":"https:\/\/www.facebook.com\/PrijedorDanasCom\/","article_published_time":"2019-12-30T14:04:29+00:00","og_image":[{"url":"https:\/\/www.prijedordanas.com\/wp-content\/uploads\/2019\/12\/djecija-nova-2020-godina-1-300x217.jpg"}],"author":"admin","twitter_card":"summary_large_image","twitter_misc":{"Written by":"admin","Est. reading time":"1 minute"},"schema":{"@context":"https:\/\/schema.org","@graph":[{"@type":"Article","@id":"https:\/\/www.prijedordanas.com\/?p=139474#article","isPartOf":{"@id":"https:\/\/www.prijedordanas.com\/?p=139474"},"author":{"name":"admin","@id":"https:\/\/www.prijedordanas.com\/#\/schema\/person\/4e08ccf29b506ca916ff86d46bb700e6"},"headline":"Prijedorski mali\u0161ani do\u010dekali Novu 2020. godinu &#8211; FOTO","datePublished":"2019-12-30T14:04:29+00:00","dateModified":"2019-12-30T14:04:29+00:00","mainEntityOfPage":{"@id":"https:\/\/www.prijedordanas.com\/?p=139474"},"wordCount":189,"publisher":{"@id":"https:\/\/www.prijedordanas.com\/#organization"},"keywords":["dje\u010dija Nova godina"],"articleSection":["Dru\u0161tvo","Foto dana"],"inLanguage":"en-US"},{"@type":"WebPage","@id":"https:\/\/www.prijedordanas.com\/?p=139474","url":"https:\/\/www.prijedordanas.com\/?p=139474","name":"Prijedorski mali\u0161ani do\u010dekali Novu 2020. godinu - FOTO - PrijedorDanas.com - Prijedorski gradski portal","isPartOf":{"@id":"https:\/\/www.prijedordanas.com\/#website"},"datePublished":"2019-12-30T14:04:29+00:00","dateModified":"2019-12-30T14:04:29+00:00","breadcrumb":{"@id":"https:\/\/www.prijedordanas.com\/?p=139474#breadcrumb"},"inLanguage":"en-US","potentialAction":[{"@type":"ReadAction","target":["https:\/\/www.prijedordanas.com\/?p=139474"]}]},{"@type":"BreadcrumbList","@id":"https:\/\/www.prijedordanas.com\/?p=139474#breadcrumb","itemListElement":[{"@type":"ListItem","position":1,"name":"Home","item":"https:\/\/www.prijedordanas.com\/"},{"@type":"ListItem","position":2,"name":"Prijedorski mali\u0161ani do\u010dekali Novu 2020. godinu &#8211; FOTO"}]},{"@type":"WebSite","@id":"https:\/\/www.prijedordanas.com\/#website","url":"https:\/\/www.prijedordanas.com\/","name":"PrijedorDanas.com - Prijedorski gradski portal","description":"Portal o doga\u0111anjima u gradu Prijedoru","publisher":{"@id":"https:\/\/www.prijedordanas.com\/#organization"},"potentialAction":[{"@type":"SearchAction","target":{"@type":"EntryPoint","urlTemplate":"https:\/\/www.prijedordanas.com\/?s={search_term_string}"},"query-input":"required name=search_term_string"}],"inLanguage":"en-US"},{"@type":"Organization","@id":"https:\/\/www.prijedordanas.com\/#organization","name":"PrijedorDanas.com","url":"https:\/\/www.prijedordanas.com\/","logo":{"@type":"ImageObject","inLanguage":"en-US","@id":"https:\/\/www.prijedordanas.com\/#\/schema\/logo\/image\/","url":"http:\/\/www.prijedordanas.com\/wp-content\/uploads\/2021\/12\/logopng.png","contentUrl":"http:\/\/www.prijedordanas.com\/wp-content\/uploads\/2021\/12\/logopng.png","width":1019,"height":776,"caption":"PrijedorDanas.com"},"image":{"@id":"https:\/\/www.prijedordanas.com\/#\/schema\/logo\/image\/"},"sameAs":["https:\/\/www.facebook.com\/PrijedorDanasCom\/"]},{"@type":"Person","@id":"https:\/\/www.prijedordanas.com\/#\/schema\/person\/4e08ccf29b506ca916ff86d46bb700e6","name":"admin","image":{"@type":"ImageObject","inLanguage":"en-US","@id":"https:\/\/www.prijedordanas.com\/#\/schema\/person\/image\/","url":"https:\/\/secure.gravatar.com\/avatar\/1d3fc949d550f0b53a5f0d51e06dfd79?s=96&d=mm&r=g","contentUrl":"https:\/\/secure.gravatar.com\/avatar\/1d3fc949d550f0b53a5f0d51e06dfd79?s=96&d=mm&r=g","caption":"admin"},"url":"https:\/\/www.prijedordanas.com\/?author=1"}]}},"_links":{"self":[{"href":"https:\/\/www.prijedordanas.com\/index.php?rest_route=\/wp\/v2\/posts\/139474"}],"collection":[{"href":"https:\/\/www.prijedordanas.com\/index.php?rest_route=\/wp\/v2\/posts"}],"about":[{"href":"https:\/\/www.prijedordanas.com\/index.php?rest_route=\/wp\/v2\/types\/post"}],"author":[{"embeddable":true,"href":"https:\/\/www.prijedordanas.com\/index.php?rest_route=\/wp\/v2\/users\/1"}],"replies":[{"embeddable":true,"href":"https:\/\/www.prijedordanas.com\/index.php?rest_route=%2Fwp%2Fv2%2Fcomments&post=139474"}],"version-history":[{"count":1,"href":"https:\/\/www.prijedordanas.com\/index.php?rest_route=\/wp\/v2\/posts\/139474\/revisions"}],"predecessor-version":[{"id":139500,"href":"https:\/\/www.prijedordanas.com\/index.php?rest_route=\/wp\/v2\/posts\/139474\/revisions\/139500"}],"wp:attachment":[{"href":"https:\/\/www.prijedordanas.com\/index.php?rest_route=%2Fwp%2Fv2%2Fmedia&parent=139474"}],"wp:term":[{"taxonomy":"category","embeddable":true,"href":"https:\/\/www.prijedordanas.com\/index.php?rest_route=%2Fwp%2Fv2%2Fcategories&post=139474"},{"taxonomy":"post_tag","embeddable":true,"href":"https:\/\/www.prijedordanas.com\/index.php?rest_route=%2Fwp%2Fv2%2Ftags&post=139474"}],"curies":[{"name":"wp","href":"https:\/\/api.w.org\/{rel}","templated":true}]}}