{"id":139277,"date":"2019-12-28T09:07:20","date_gmt":"2019-12-28T08:07:20","guid":{"rendered":"https:\/\/www.prijedordanas.com\/?p=139277"},"modified":"2019-12-28T09:07:20","modified_gmt":"2019-12-28T08:07:20","slug":"petarde-salju-u-bolnicu-i-zatvor","status":"publish","type":"post","link":"https:\/\/www.prijedordanas.com\/?p=139277","title":{"rendered":"Petarde \u0161alju u bolnicu i zatvor"},"content":{"rendered":"<p><a href=\"https:\/\/www.prijedordanas.com\/wp-content\/uploads\/2019\/12\/nezavisne-petarde.jpg\"><img loading=\"lazy\" decoding=\"async\" src=\"https:\/\/www.prijedordanas.com\/wp-content\/uploads\/2019\/12\/nezavisne-petarde-300x222.jpg\" alt=\"\" width=\"300\" height=\"222\" class=\"alignleft size-medium wp-image-139299\" srcset=\"https:\/\/www.prijedordanas.com\/wp-content\/uploads\/2019\/12\/nezavisne-petarde-300x222.jpg 300w, https:\/\/www.prijedordanas.com\/wp-content\/uploads\/2019\/12\/nezavisne-petarde.jpg 675w\" sizes=\"(max-width: 300px) 100vw, 300px\" \/><\/a>Iako zakonodavstvom u RS nije direktno tretirana upotreba pirotehnike, nestru\u010dno bacanje petardi mo\u017ee odvesti i u zatvor u slu\u010dajevima kada to, recimo, naru\u0161i tu\u0111e zdravlje ili o\u0161teti imovinu.<\/p>\n<p>Primjera radi, u Krivi\u010dnom zakoniku RS je navedeno da \u0107e onaj ko uni\u0161ti, o\u0161teti ili u\u010dini neupotrebljivom tu\u0111u stvar biti ka\u017enjen nov\u010danom kaznom ili kaznom zatvora do dvije godine.<\/p>\n<p>Iz MUP-a saznajemo da je pro\u0161le godine tokom praznika zbog upotrebe pirotehnike u RS troje povrije\u0111eno, od \u010dega dvoje djece, dok iz Ombudsmana za djecu navode da je upotreba pirotehni\u010dkih sredstava, posebno petardi, uobi\u010dajen dio novogodi\u0161nje proslave, te da se \u010desto doga\u0111aju nesre\u0107e, a naj\u010de\u0161\u0107e stradaju upravo najmla\u0111i, odnosno djeca.<\/p>\n<p>&#8220;Pirotehni\u010dka sredstva nisu bezazlena razonoda, niti sredstva za zabavu, ve\u0107 opasna sredstva koja mogu izazvati te\u0161ke tjelesne povrede onoga ko ih koristi ili nekoga iz okoline&#8221;, ka\u017ee Dragica Radovi\u0107, ombudsman za djecu RS. Prema njenim rije\u010dima, svake godine sve ve\u0107i broj djece strada od upotrebe pirotehni\u010dkih sredstava, a obaveza odraslih je da reaguju preventivno i da edukuju najmla\u0111e o opasnostima koje im prijete.<\/p>\n<p>MUP RS je po\u010deo akciju &#8220;Petarde nisu igra\u010dke&#8221;, koja \u0107e trajati do 15. januara idu\u0107e godine, a \u010diji je cilj da gra\u0111ani predstoje\u0107e praznike obilje\u017ee u bezbjednom okru\u017eenju, na miran i dostojanstven na\u010din.<\/p>\n<p>&#8220;Vlasnici prodavnica koji imaju zakonsko ovla\u0161\u0107enje da prodaju pirotehni\u010dka sredstva bi\u0107e upozoreni da se ta trgovina mo\u017ee odvijati samo u skladu sa va\u017ee\u0107im zakonskim propisima&#8221;, navode iz MUP-a RS.<\/p>\n<p>Vesna Pa\u010dariz, portparol PU Prijedor, ka\u017ee da \u0107e njihovi pripadnici, zajedno sa nadle\u017enim inspekcijskim organima, imati poja\u010dane aktivnosti na spre\u010davanju neovla\u0161tene prodaje pirotehni\u010dkih sredstava. I Uprava policije MUP-a Tuzlanskog kantona je dodatno intenzivirala policijske aktivnosti koje se preduzimaju shodno vjerskim i novogodi\u0161njim praznicima.<\/p>\n<p>&#8220;Ko na javnom mjestu posjeduje, ustupa, prodaje, kupuje ili nudi petarde i druga pirotehni\u010dka sredstva bez odobrenja nadle\u017enog organa &#8211; bi\u0107e ka\u017enjen od 100 do 1.000 KM. Ko na javnom mjestu ili iz stana puca iz oru\u017eja, pali rakete, petarde ili sli\u010dan eksplozivni ili zapaljivi materijal bez odobrenja nadle\u017enog organa, bi\u0107e ka\u017enjen nov\u010danom kaznom od 150 do 1.500 KM&#8221;, naveli su iz MUP-a TK.<\/p>\n<p>Ina\u010de, Srbija je nedavno drasti\u010dno poo\u0161trila kaznenu politiku koja se odnosi na upotrebu pirotehnike. Ko upotrebom petardi naru\u0161ava javni red i mir i ugro\u017eava bezbjednost gra\u0111ana bi\u0107e ka\u017enjen nov\u010dano ili radom u javnom interesu od 40 do 120 sati. Ako to uradi u grupi od tri osobe ili vi\u0161e, zaprije\u0107ena je kazna zatvora od 30 do 60 dana.<\/p>\n<p>Nezavisne novine<\/p>\n","protected":false},"excerpt":{"rendered":"<p>Iako zakonodavstvom u RS nije direktno tretirana upotreba pirotehnike, nestru\u010dno bacanje petardi mo\u017ee odvesti i u zatvor u slu\u010dajevima kada to, recimo, naru\u0161i tu\u0111e zdravlje ili o\u0161teti imovinu. Primjera radi, [&hellip;]<\/p>\n","protected":false},"author":1,"featured_media":0,"comment_status":"closed","ping_status":"open","sticky":false,"template":"","format":"standard","meta":{"_monsterinsights_skip_tracking":false,"_monsterinsights_sitenote_active":false,"_monsterinsights_sitenote_note":"","_monsterinsights_sitenote_category":0,"footnotes":""},"categories":[8],"tags":[],"yoast_head":"<!-- This site is optimized with the Yoast SEO plugin v21.6 - https:\/\/yoast.com\/wordpress\/plugins\/seo\/ -->\n<title>Petarde \u0161alju u bolnicu i zatvor - PrijedorDanas.com - Prijedorski gradski portal<\/title>\n<meta name=\"robots\" content=\"index, follow, max-snippet:-1, max-image-preview:large, max-video-preview:-1\" \/>\n<link rel=\"canonical\" href=\"https:\/\/www.prijedordanas.com\/?p=139277\" \/>\n<meta property=\"og:locale\" content=\"en_US\" \/>\n<meta property=\"og:type\" content=\"article\" \/>\n<meta property=\"og:title\" content=\"Petarde \u0161alju u bolnicu i zatvor - PrijedorDanas.com - Prijedorski gradski portal\" \/>\n<meta property=\"og:description\" content=\"Iako zakonodavstvom u RS nije direktno tretirana upotreba pirotehnike, nestru\u010dno bacanje petardi mo\u017ee odvesti i u zatvor u slu\u010dajevima kada to, recimo, naru\u0161i tu\u0111e zdravlje ili o\u0161teti imovinu. Primjera radi, [&hellip;]\" \/>\n<meta property=\"og:url\" content=\"https:\/\/www.prijedordanas.com\/?p=139277\" \/>\n<meta property=\"og:site_name\" content=\"PrijedorDanas.com - Prijedorski gradski portal\" \/>\n<meta property=\"article:publisher\" content=\"https:\/\/www.facebook.com\/PrijedorDanasCom\/\" \/>\n<meta property=\"article:published_time\" content=\"2019-12-28T08:07:20+00:00\" \/>\n<meta property=\"og:image\" content=\"https:\/\/www.prijedordanas.com\/wp-content\/uploads\/2019\/12\/nezavisne-petarde-300x222.jpg\" \/>\n<meta name=\"author\" content=\"admin\" \/>\n<meta name=\"twitter:card\" content=\"summary_large_image\" \/>\n<meta name=\"twitter:label1\" content=\"Written by\" \/>\n\t<meta name=\"twitter:data1\" content=\"admin\" \/>\n\t<meta name=\"twitter:label2\" content=\"Est. reading time\" \/>\n\t<meta name=\"twitter:data2\" content=\"2 minutes\" \/>\n<script type=\"application\/ld+json\" class=\"yoast-schema-graph\">{\"@context\":\"https:\/\/schema.org\",\"@graph\":[{\"@type\":\"Article\",\"@id\":\"https:\/\/www.prijedordanas.com\/?p=139277#article\",\"isPartOf\":{\"@id\":\"https:\/\/www.prijedordanas.com\/?p=139277\"},\"author\":{\"name\":\"admin\",\"@id\":\"https:\/\/www.prijedordanas.com\/#\/schema\/person\/4e08ccf29b506ca916ff86d46bb700e6\"},\"headline\":\"Petarde \u0161alju u bolnicu i zatvor\",\"datePublished\":\"2019-12-28T08:07:20+00:00\",\"dateModified\":\"2019-12-28T08:07:20+00:00\",\"mainEntityOfPage\":{\"@id\":\"https:\/\/www.prijedordanas.com\/?p=139277\"},\"wordCount\":469,\"publisher\":{\"@id\":\"https:\/\/www.prijedordanas.com\/#organization\"},\"articleSection\":[\"Svakodnevno\"],\"inLanguage\":\"en-US\"},{\"@type\":\"WebPage\",\"@id\":\"https:\/\/www.prijedordanas.com\/?p=139277\",\"url\":\"https:\/\/www.prijedordanas.com\/?p=139277\",\"name\":\"Petarde \u0161alju u bolnicu i zatvor - PrijedorDanas.com - Prijedorski gradski portal\",\"isPartOf\":{\"@id\":\"https:\/\/www.prijedordanas.com\/#website\"},\"datePublished\":\"2019-12-28T08:07:20+00:00\",\"dateModified\":\"2019-12-28T08:07:20+00:00\",\"breadcrumb\":{\"@id\":\"https:\/\/www.prijedordanas.com\/?p=139277#breadcrumb\"},\"inLanguage\":\"en-US\",\"potentialAction\":[{\"@type\":\"ReadAction\",\"target\":[\"https:\/\/www.prijedordanas.com\/?p=139277\"]}]},{\"@type\":\"BreadcrumbList\",\"@id\":\"https:\/\/www.prijedordanas.com\/?p=139277#breadcrumb\",\"itemListElement\":[{\"@type\":\"ListItem\",\"position\":1,\"name\":\"Home\",\"item\":\"https:\/\/www.prijedordanas.com\/\"},{\"@type\":\"ListItem\",\"position\":2,\"name\":\"Petarde \u0161alju u bolnicu i zatvor\"}]},{\"@type\":\"WebSite\",\"@id\":\"https:\/\/www.prijedordanas.com\/#website\",\"url\":\"https:\/\/www.prijedordanas.com\/\",\"name\":\"PrijedorDanas.com - Prijedorski gradski portal\",\"description\":\"Portal o doga\u0111anjima u gradu Prijedoru\",\"publisher\":{\"@id\":\"https:\/\/www.prijedordanas.com\/#organization\"},\"potentialAction\":[{\"@type\":\"SearchAction\",\"target\":{\"@type\":\"EntryPoint\",\"urlTemplate\":\"https:\/\/www.prijedordanas.com\/?s={search_term_string}\"},\"query-input\":\"required name=search_term_string\"}],\"inLanguage\":\"en-US\"},{\"@type\":\"Organization\",\"@id\":\"https:\/\/www.prijedordanas.com\/#organization\",\"name\":\"PrijedorDanas.com\",\"url\":\"https:\/\/www.prijedordanas.com\/\",\"logo\":{\"@type\":\"ImageObject\",\"inLanguage\":\"en-US\",\"@id\":\"https:\/\/www.prijedordanas.com\/#\/schema\/logo\/image\/\",\"url\":\"http:\/\/www.prijedordanas.com\/wp-content\/uploads\/2021\/12\/logopng.png\",\"contentUrl\":\"http:\/\/www.prijedordanas.com\/wp-content\/uploads\/2021\/12\/logopng.png\",\"width\":1019,\"height\":776,\"caption\":\"PrijedorDanas.com\"},\"image\":{\"@id\":\"https:\/\/www.prijedordanas.com\/#\/schema\/logo\/image\/\"},\"sameAs\":[\"https:\/\/www.facebook.com\/PrijedorDanasCom\/\"]},{\"@type\":\"Person\",\"@id\":\"https:\/\/www.prijedordanas.com\/#\/schema\/person\/4e08ccf29b506ca916ff86d46bb700e6\",\"name\":\"admin\",\"image\":{\"@type\":\"ImageObject\",\"inLanguage\":\"en-US\",\"@id\":\"https:\/\/www.prijedordanas.com\/#\/schema\/person\/image\/\",\"url\":\"https:\/\/secure.gravatar.com\/avatar\/1d3fc949d550f0b53a5f0d51e06dfd79?s=96&d=mm&r=g\",\"contentUrl\":\"https:\/\/secure.gravatar.com\/avatar\/1d3fc949d550f0b53a5f0d51e06dfd79?s=96&d=mm&r=g\",\"caption\":\"admin\"},\"url\":\"https:\/\/www.prijedordanas.com\/?author=1\"}]}<\/script>\n<!-- \/ Yoast SEO plugin. -->","yoast_head_json":{"title":"Petarde \u0161alju u bolnicu i zatvor - PrijedorDanas.com - Prijedorski gradski portal","robots":{"index":"index","follow":"follow","max-snippet":"max-snippet:-1","max-image-preview":"max-image-preview:large","max-video-preview":"max-video-preview:-1"},"canonical":"https:\/\/www.prijedordanas.com\/?p=139277","og_locale":"en_US","og_type":"article","og_title":"Petarde \u0161alju u bolnicu i zatvor - PrijedorDanas.com - Prijedorski gradski portal","og_description":"Iako zakonodavstvom u RS nije direktno tretirana upotreba pirotehnike, nestru\u010dno bacanje petardi mo\u017ee odvesti i u zatvor u slu\u010dajevima kada to, recimo, naru\u0161i tu\u0111e zdravlje ili o\u0161teti imovinu. Primjera radi, [&hellip;]","og_url":"https:\/\/www.prijedordanas.com\/?p=139277","og_site_name":"PrijedorDanas.com - Prijedorski gradski portal","article_publisher":"https:\/\/www.facebook.com\/PrijedorDanasCom\/","article_published_time":"2019-12-28T08:07:20+00:00","og_image":[{"url":"https:\/\/www.prijedordanas.com\/wp-content\/uploads\/2019\/12\/nezavisne-petarde-300x222.jpg"}],"author":"admin","twitter_card":"summary_large_image","twitter_misc":{"Written by":"admin","Est. reading time":"2 minutes"},"schema":{"@context":"https:\/\/schema.org","@graph":[{"@type":"Article","@id":"https:\/\/www.prijedordanas.com\/?p=139277#article","isPartOf":{"@id":"https:\/\/www.prijedordanas.com\/?p=139277"},"author":{"name":"admin","@id":"https:\/\/www.prijedordanas.com\/#\/schema\/person\/4e08ccf29b506ca916ff86d46bb700e6"},"headline":"Petarde \u0161alju u bolnicu i zatvor","datePublished":"2019-12-28T08:07:20+00:00","dateModified":"2019-12-28T08:07:20+00:00","mainEntityOfPage":{"@id":"https:\/\/www.prijedordanas.com\/?p=139277"},"wordCount":469,"publisher":{"@id":"https:\/\/www.prijedordanas.com\/#organization"},"articleSection":["Svakodnevno"],"inLanguage":"en-US"},{"@type":"WebPage","@id":"https:\/\/www.prijedordanas.com\/?p=139277","url":"https:\/\/www.prijedordanas.com\/?p=139277","name":"Petarde \u0161alju u bolnicu i zatvor - PrijedorDanas.com - Prijedorski gradski portal","isPartOf":{"@id":"https:\/\/www.prijedordanas.com\/#website"},"datePublished":"2019-12-28T08:07:20+00:00","dateModified":"2019-12-28T08:07:20+00:00","breadcrumb":{"@id":"https:\/\/www.prijedordanas.com\/?p=139277#breadcrumb"},"inLanguage":"en-US","potentialAction":[{"@type":"ReadAction","target":["https:\/\/www.prijedordanas.com\/?p=139277"]}]},{"@type":"BreadcrumbList","@id":"https:\/\/www.prijedordanas.com\/?p=139277#breadcrumb","itemListElement":[{"@type":"ListItem","position":1,"name":"Home","item":"https:\/\/www.prijedordanas.com\/"},{"@type":"ListItem","position":2,"name":"Petarde \u0161alju u bolnicu i zatvor"}]},{"@type":"WebSite","@id":"https:\/\/www.prijedordanas.com\/#website","url":"https:\/\/www.prijedordanas.com\/","name":"PrijedorDanas.com - Prijedorski gradski portal","description":"Portal o doga\u0111anjima u gradu Prijedoru","publisher":{"@id":"https:\/\/www.prijedordanas.com\/#organization"},"potentialAction":[{"@type":"SearchAction","target":{"@type":"EntryPoint","urlTemplate":"https:\/\/www.prijedordanas.com\/?s={search_term_string}"},"query-input":"required name=search_term_string"}],"inLanguage":"en-US"},{"@type":"Organization","@id":"https:\/\/www.prijedordanas.com\/#organization","name":"PrijedorDanas.com","url":"https:\/\/www.prijedordanas.com\/","logo":{"@type":"ImageObject","inLanguage":"en-US","@id":"https:\/\/www.prijedordanas.com\/#\/schema\/logo\/image\/","url":"http:\/\/www.prijedordanas.com\/wp-content\/uploads\/2021\/12\/logopng.png","contentUrl":"http:\/\/www.prijedordanas.com\/wp-content\/uploads\/2021\/12\/logopng.png","width":1019,"height":776,"caption":"PrijedorDanas.com"},"image":{"@id":"https:\/\/www.prijedordanas.com\/#\/schema\/logo\/image\/"},"sameAs":["https:\/\/www.facebook.com\/PrijedorDanasCom\/"]},{"@type":"Person","@id":"https:\/\/www.prijedordanas.com\/#\/schema\/person\/4e08ccf29b506ca916ff86d46bb700e6","name":"admin","image":{"@type":"ImageObject","inLanguage":"en-US","@id":"https:\/\/www.prijedordanas.com\/#\/schema\/person\/image\/","url":"https:\/\/secure.gravatar.com\/avatar\/1d3fc949d550f0b53a5f0d51e06dfd79?s=96&d=mm&r=g","contentUrl":"https:\/\/secure.gravatar.com\/avatar\/1d3fc949d550f0b53a5f0d51e06dfd79?s=96&d=mm&r=g","caption":"admin"},"url":"https:\/\/www.prijedordanas.com\/?author=1"}]}},"_links":{"self":[{"href":"https:\/\/www.prijedordanas.com\/index.php?rest_route=\/wp\/v2\/posts\/139277"}],"collection":[{"href":"https:\/\/www.prijedordanas.com\/index.php?rest_route=\/wp\/v2\/posts"}],"about":[{"href":"https:\/\/www.prijedordanas.com\/index.php?rest_route=\/wp\/v2\/types\/post"}],"author":[{"embeddable":true,"href":"https:\/\/www.prijedordanas.com\/index.php?rest_route=\/wp\/v2\/users\/1"}],"replies":[{"embeddable":true,"href":"https:\/\/www.prijedordanas.com\/index.php?rest_route=%2Fwp%2Fv2%2Fcomments&post=139277"}],"version-history":[{"count":2,"href":"https:\/\/www.prijedordanas.com\/index.php?rest_route=\/wp\/v2\/posts\/139277\/revisions"}],"predecessor-version":[{"id":139300,"href":"https:\/\/www.prijedordanas.com\/index.php?rest_route=\/wp\/v2\/posts\/139277\/revisions\/139300"}],"wp:attachment":[{"href":"https:\/\/www.prijedordanas.com\/index.php?rest_route=%2Fwp%2Fv2%2Fmedia&parent=139277"}],"wp:term":[{"taxonomy":"category","embeddable":true,"href":"https:\/\/www.prijedordanas.com\/index.php?rest_route=%2Fwp%2Fv2%2Fcategories&post=139277"},{"taxonomy":"post_tag","embeddable":true,"href":"https:\/\/www.prijedordanas.com\/index.php?rest_route=%2Fwp%2Fv2%2Ftags&post=139277"}],"curies":[{"name":"wp","href":"https:\/\/api.w.org\/{rel}","templated":true}]}}