{"id":139247,"date":"2019-12-27T01:08:38","date_gmt":"2019-12-27T00:08:38","guid":{"rendered":"https:\/\/www.prijedordanas.com\/?p=139247"},"modified":"2019-12-27T01:11:36","modified_gmt":"2019-12-27T00:11:36","slug":"mladi-prijedorcanin-izgubio-zivotnu-bitku-preminuo-mladen-paukovic-pauk","status":"publish","type":"post","link":"https:\/\/www.prijedordanas.com\/?p=139247","title":{"rendered":"Mladi Prijedor\u010danin izgubio \u017eivotnu bitku: Preminuo Mladen Paukovi\u0107 Pauk"},"content":{"rendered":"<p><a href=\"https:\/\/www.prijedordanas.com\/wp-content\/uploads\/2019\/12\/preminuo-mladen-paukovic.jpg\"><img loading=\"lazy\" decoding=\"async\" class=\"alignleft size-medium wp-image-139249\" src=\"https:\/\/www.prijedordanas.com\/wp-content\/uploads\/2019\/12\/preminuo-mladen-paukovic-300x226.jpg\" alt=\"\" width=\"300\" height=\"226\" srcset=\"https:\/\/www.prijedordanas.com\/wp-content\/uploads\/2019\/12\/preminuo-mladen-paukovic-300x226.jpg 300w, https:\/\/www.prijedordanas.com\/wp-content\/uploads\/2019\/12\/preminuo-mladen-paukovic-640x480.jpg 640w, https:\/\/www.prijedordanas.com\/wp-content\/uploads\/2019\/12\/preminuo-mladen-paukovic.jpg 663w\" sizes=\"(max-width: 300px) 100vw, 300px\" \/><\/a>Dvadesetdevetogodi\u0161nji Prijedor\u010danin Mladen Paukovi\u0107 Pauk izgubio je na\u017ealost najva\u017eniju bitku.<\/p>\n<p>Kako saznajemo, na\u0161 sugra\u0111anin koji je bolovao od bulozne epidermolize, rijetkog ko\u017enog oboljenja, posljednjih mjesec dana nalazio se u prijedorskoj bolnici &#8220;Dr Mladen Stojanovi\u0107&#8221; gdje je preminuo u \u010detvrtak uve\u010de.<\/p>\n<p>Bolest ko\u017ee sa kojom se Pauk hrabro borio od ro\u0111enja, i zbog koje nije mogao da priu\u0161ti \u010dak ni obi\u010dni stisak ruke, niti zagrljaj, pro\u0161irila se ove godine na grlo.<\/p>\n<p>Uz pomo\u0107 brojnih Prijedor\u010dana koji su prikupljali sredstva za njegovo lije\u010denje, Mladen je poku\u0161avao da do\u0111e do podno\u0161ljivijih uslova za \u017eivot pa je u toj potrazi odlazio u Istanbul i Rim, ali na\u017ealost, bezuspje\u0161no.<\/p>\n<p>Iako ga je zdravstveno stanje sputavalo u skoro svemu, Mladen se nije predavao.<\/p>\n<p><a href=\"https:\/\/www.prijedordanas.com\/wp-content\/uploads\/2016\/12\/anadolija-mladen-paukovic-1.jpg\"><img loading=\"lazy\" decoding=\"async\" src=\"https:\/\/www.prijedordanas.com\/wp-content\/uploads\/2016\/12\/anadolija-mladen-paukovic-1-300x222.jpg\" alt=\"\" width=\"300\" height=\"222\" class=\"alignleft size-medium wp-image-68574\" srcset=\"https:\/\/www.prijedordanas.com\/wp-content\/uploads\/2016\/12\/anadolija-mladen-paukovic-1-300x222.jpg 300w, https:\/\/www.prijedordanas.com\/wp-content\/uploads\/2016\/12\/anadolija-mladen-paukovic-1-100x74.jpg 100w, https:\/\/www.prijedordanas.com\/wp-content\/uploads\/2016\/12\/anadolija-mladen-paukovic-1.jpg 675w\" sizes=\"(max-width: 300px) 100vw, 300px\" \/><\/a>Zavr\u0161io je Visoku \u0161kolu za ekonomiju i informatiku u Prijedoru, smjer poslovna informatika, a uz pomo\u0107 Fonda za rehabilitaciju i zapo\u0161ljavanje lica sa invaliditetom prije tri godine se zaposlio u jednoj igraonici u na\u0161em gradu.<\/p>\n<p>Nedavno je hospitalizovan jer mu je su\u017eenje grla do\u0161lo do ta\u010dke da nije mogao da guta.<\/p>\n<p>Uprkos borbi i \u017eelji za oporavkom, Mladenovo krhko tijelo nije izdr\u017ealo u najva\u017enijoj borbi, onoj za vlastiti \u017eivot.<\/p>\n<p>-Dragi prijatelji, tu\u017enim srcem javljamo da je na\u0161 Mla\u0111o izgubio najve\u0107u \u017eivotnu bitku. Do samog kraja je bio pravi borac. Roditelji se zahvaljuju na pomo\u0107i i podr\u0161ci i mole da se sve humanitarne akcije zaustave navedeno je ve\u010deras na Mladenovom Facebook profilu.<\/p>\n<p>Kako saznajemo, sahrana Mladena Paukovi\u0107a Pauka obavi\u0107e se u subotu.<\/p>\n<p>Tekst i foto &#8211; Aleksandar Drakuli\u0107 &#8211; <a href=\"https:\/\/www.prijedordanas.com\" target=\"_blank\" rel=\"noopener noreferrer\">www.prijedordanas.com<\/a><\/p>\n","protected":false},"excerpt":{"rendered":"<p>Dvadesetdevetogodi\u0161nji Prijedor\u010danin Mladen Paukovi\u0107 Pauk izgubio je na\u017ealost najva\u017eniju bitku. Kako saznajemo, na\u0161 sugra\u0111anin koji je bolovao od bulozne epidermolize, rijetkog ko\u017enog oboljenja, posljednjih mjesec dana nalazio se u prijedorskoj [&hellip;]<\/p>\n","protected":false},"author":1,"featured_media":0,"comment_status":"closed","ping_status":"open","sticky":false,"template":"","format":"standard","meta":{"_monsterinsights_skip_tracking":false,"_monsterinsights_sitenote_active":false,"_monsterinsights_sitenote_note":"","_monsterinsights_sitenote_category":0,"footnotes":""},"categories":[4],"tags":[6937],"yoast_head":"<!-- This site is optimized with the Yoast SEO plugin v21.6 - https:\/\/yoast.com\/wordpress\/plugins\/seo\/ -->\n<title>Mladi Prijedor\u010danin izgubio \u017eivotnu bitku: Preminuo Mladen Paukovi\u0107 Pauk - PrijedorDanas.com - Prijedorski gradski portal<\/title>\n<meta name=\"robots\" content=\"index, follow, max-snippet:-1, max-image-preview:large, max-video-preview:-1\" \/>\n<link rel=\"canonical\" href=\"https:\/\/www.prijedordanas.com\/?p=139247\" \/>\n<meta property=\"og:locale\" content=\"en_US\" \/>\n<meta property=\"og:type\" content=\"article\" \/>\n<meta property=\"og:title\" content=\"Mladi Prijedor\u010danin izgubio \u017eivotnu bitku: Preminuo Mladen Paukovi\u0107 Pauk - PrijedorDanas.com - Prijedorski gradski portal\" \/>\n<meta property=\"og:description\" content=\"Dvadesetdevetogodi\u0161nji Prijedor\u010danin Mladen Paukovi\u0107 Pauk izgubio je na\u017ealost najva\u017eniju bitku. Kako saznajemo, na\u0161 sugra\u0111anin koji je bolovao od bulozne epidermolize, rijetkog ko\u017enog oboljenja, posljednjih mjesec dana nalazio se u prijedorskoj [&hellip;]\" \/>\n<meta property=\"og:url\" content=\"https:\/\/www.prijedordanas.com\/?p=139247\" \/>\n<meta property=\"og:site_name\" content=\"PrijedorDanas.com - Prijedorski gradski portal\" \/>\n<meta property=\"article:publisher\" content=\"https:\/\/www.facebook.com\/PrijedorDanasCom\/\" \/>\n<meta property=\"article:published_time\" content=\"2019-12-27T00:08:38+00:00\" \/>\n<meta property=\"article:modified_time\" content=\"2019-12-27T00:11:36+00:00\" \/>\n<meta property=\"og:image\" content=\"https:\/\/www.prijedordanas.com\/wp-content\/uploads\/2019\/12\/preminuo-mladen-paukovic-300x226.jpg\" \/>\n<meta name=\"author\" content=\"admin\" \/>\n<meta name=\"twitter:card\" content=\"summary_large_image\" \/>\n<meta name=\"twitter:label1\" content=\"Written by\" \/>\n\t<meta name=\"twitter:data1\" content=\"admin\" \/>\n\t<meta name=\"twitter:label2\" content=\"Est. reading time\" \/>\n\t<meta name=\"twitter:data2\" content=\"1 minute\" \/>\n<script type=\"application\/ld+json\" class=\"yoast-schema-graph\">{\"@context\":\"https:\/\/schema.org\",\"@graph\":[{\"@type\":\"Article\",\"@id\":\"https:\/\/www.prijedordanas.com\/?p=139247#article\",\"isPartOf\":{\"@id\":\"https:\/\/www.prijedordanas.com\/?p=139247\"},\"author\":{\"name\":\"admin\",\"@id\":\"https:\/\/www.prijedordanas.com\/#\/schema\/person\/4e08ccf29b506ca916ff86d46bb700e6\"},\"headline\":\"Mladi Prijedor\u010danin izgubio \u017eivotnu bitku: Preminuo Mladen Paukovi\u0107 Pauk\",\"datePublished\":\"2019-12-27T00:08:38+00:00\",\"dateModified\":\"2019-12-27T00:11:36+00:00\",\"mainEntityOfPage\":{\"@id\":\"https:\/\/www.prijedordanas.com\/?p=139247\"},\"wordCount\":293,\"publisher\":{\"@id\":\"https:\/\/www.prijedordanas.com\/#organization\"},\"keywords\":[\"Mladen Paukovi\u0107\"],\"articleSection\":[\"Dru\u0161tvo\"],\"inLanguage\":\"en-US\"},{\"@type\":\"WebPage\",\"@id\":\"https:\/\/www.prijedordanas.com\/?p=139247\",\"url\":\"https:\/\/www.prijedordanas.com\/?p=139247\",\"name\":\"Mladi Prijedor\u010danin izgubio \u017eivotnu bitku: Preminuo Mladen Paukovi\u0107 Pauk - PrijedorDanas.com - Prijedorski gradski portal\",\"isPartOf\":{\"@id\":\"https:\/\/www.prijedordanas.com\/#website\"},\"datePublished\":\"2019-12-27T00:08:38+00:00\",\"dateModified\":\"2019-12-27T00:11:36+00:00\",\"breadcrumb\":{\"@id\":\"https:\/\/www.prijedordanas.com\/?p=139247#breadcrumb\"},\"inLanguage\":\"en-US\",\"potentialAction\":[{\"@type\":\"ReadAction\",\"target\":[\"https:\/\/www.prijedordanas.com\/?p=139247\"]}]},{\"@type\":\"BreadcrumbList\",\"@id\":\"https:\/\/www.prijedordanas.com\/?p=139247#breadcrumb\",\"itemListElement\":[{\"@type\":\"ListItem\",\"position\":1,\"name\":\"Home\",\"item\":\"https:\/\/www.prijedordanas.com\/\"},{\"@type\":\"ListItem\",\"position\":2,\"name\":\"Mladi Prijedor\u010danin izgubio \u017eivotnu bitku: Preminuo Mladen Paukovi\u0107 Pauk\"}]},{\"@type\":\"WebSite\",\"@id\":\"https:\/\/www.prijedordanas.com\/#website\",\"url\":\"https:\/\/www.prijedordanas.com\/\",\"name\":\"PrijedorDanas.com - Prijedorski gradski portal\",\"description\":\"Portal o doga\u0111anjima u gradu Prijedoru\",\"publisher\":{\"@id\":\"https:\/\/www.prijedordanas.com\/#organization\"},\"potentialAction\":[{\"@type\":\"SearchAction\",\"target\":{\"@type\":\"EntryPoint\",\"urlTemplate\":\"https:\/\/www.prijedordanas.com\/?s={search_term_string}\"},\"query-input\":\"required name=search_term_string\"}],\"inLanguage\":\"en-US\"},{\"@type\":\"Organization\",\"@id\":\"https:\/\/www.prijedordanas.com\/#organization\",\"name\":\"PrijedorDanas.com\",\"url\":\"https:\/\/www.prijedordanas.com\/\",\"logo\":{\"@type\":\"ImageObject\",\"inLanguage\":\"en-US\",\"@id\":\"https:\/\/www.prijedordanas.com\/#\/schema\/logo\/image\/\",\"url\":\"http:\/\/www.prijedordanas.com\/wp-content\/uploads\/2021\/12\/logopng.png\",\"contentUrl\":\"http:\/\/www.prijedordanas.com\/wp-content\/uploads\/2021\/12\/logopng.png\",\"width\":1019,\"height\":776,\"caption\":\"PrijedorDanas.com\"},\"image\":{\"@id\":\"https:\/\/www.prijedordanas.com\/#\/schema\/logo\/image\/\"},\"sameAs\":[\"https:\/\/www.facebook.com\/PrijedorDanasCom\/\"]},{\"@type\":\"Person\",\"@id\":\"https:\/\/www.prijedordanas.com\/#\/schema\/person\/4e08ccf29b506ca916ff86d46bb700e6\",\"name\":\"admin\",\"image\":{\"@type\":\"ImageObject\",\"inLanguage\":\"en-US\",\"@id\":\"https:\/\/www.prijedordanas.com\/#\/schema\/person\/image\/\",\"url\":\"https:\/\/secure.gravatar.com\/avatar\/1d3fc949d550f0b53a5f0d51e06dfd79?s=96&d=mm&r=g\",\"contentUrl\":\"https:\/\/secure.gravatar.com\/avatar\/1d3fc949d550f0b53a5f0d51e06dfd79?s=96&d=mm&r=g\",\"caption\":\"admin\"},\"url\":\"https:\/\/www.prijedordanas.com\/?author=1\"}]}<\/script>\n<!-- \/ Yoast SEO plugin. -->","yoast_head_json":{"title":"Mladi Prijedor\u010danin izgubio \u017eivotnu bitku: Preminuo Mladen Paukovi\u0107 Pauk - PrijedorDanas.com - Prijedorski gradski portal","robots":{"index":"index","follow":"follow","max-snippet":"max-snippet:-1","max-image-preview":"max-image-preview:large","max-video-preview":"max-video-preview:-1"},"canonical":"https:\/\/www.prijedordanas.com\/?p=139247","og_locale":"en_US","og_type":"article","og_title":"Mladi Prijedor\u010danin izgubio \u017eivotnu bitku: Preminuo Mladen Paukovi\u0107 Pauk - PrijedorDanas.com - Prijedorski gradski portal","og_description":"Dvadesetdevetogodi\u0161nji Prijedor\u010danin Mladen Paukovi\u0107 Pauk izgubio je na\u017ealost najva\u017eniju bitku. Kako saznajemo, na\u0161 sugra\u0111anin koji je bolovao od bulozne epidermolize, rijetkog ko\u017enog oboljenja, posljednjih mjesec dana nalazio se u prijedorskoj [&hellip;]","og_url":"https:\/\/www.prijedordanas.com\/?p=139247","og_site_name":"PrijedorDanas.com - Prijedorski gradski portal","article_publisher":"https:\/\/www.facebook.com\/PrijedorDanasCom\/","article_published_time":"2019-12-27T00:08:38+00:00","article_modified_time":"2019-12-27T00:11:36+00:00","og_image":[{"url":"https:\/\/www.prijedordanas.com\/wp-content\/uploads\/2019\/12\/preminuo-mladen-paukovic-300x226.jpg"}],"author":"admin","twitter_card":"summary_large_image","twitter_misc":{"Written by":"admin","Est. reading time":"1 minute"},"schema":{"@context":"https:\/\/schema.org","@graph":[{"@type":"Article","@id":"https:\/\/www.prijedordanas.com\/?p=139247#article","isPartOf":{"@id":"https:\/\/www.prijedordanas.com\/?p=139247"},"author":{"name":"admin","@id":"https:\/\/www.prijedordanas.com\/#\/schema\/person\/4e08ccf29b506ca916ff86d46bb700e6"},"headline":"Mladi Prijedor\u010danin izgubio \u017eivotnu bitku: Preminuo Mladen Paukovi\u0107 Pauk","datePublished":"2019-12-27T00:08:38+00:00","dateModified":"2019-12-27T00:11:36+00:00","mainEntityOfPage":{"@id":"https:\/\/www.prijedordanas.com\/?p=139247"},"wordCount":293,"publisher":{"@id":"https:\/\/www.prijedordanas.com\/#organization"},"keywords":["Mladen Paukovi\u0107"],"articleSection":["Dru\u0161tvo"],"inLanguage":"en-US"},{"@type":"WebPage","@id":"https:\/\/www.prijedordanas.com\/?p=139247","url":"https:\/\/www.prijedordanas.com\/?p=139247","name":"Mladi Prijedor\u010danin izgubio \u017eivotnu bitku: Preminuo Mladen Paukovi\u0107 Pauk - PrijedorDanas.com - Prijedorski gradski portal","isPartOf":{"@id":"https:\/\/www.prijedordanas.com\/#website"},"datePublished":"2019-12-27T00:08:38+00:00","dateModified":"2019-12-27T00:11:36+00:00","breadcrumb":{"@id":"https:\/\/www.prijedordanas.com\/?p=139247#breadcrumb"},"inLanguage":"en-US","potentialAction":[{"@type":"ReadAction","target":["https:\/\/www.prijedordanas.com\/?p=139247"]}]},{"@type":"BreadcrumbList","@id":"https:\/\/www.prijedordanas.com\/?p=139247#breadcrumb","itemListElement":[{"@type":"ListItem","position":1,"name":"Home","item":"https:\/\/www.prijedordanas.com\/"},{"@type":"ListItem","position":2,"name":"Mladi Prijedor\u010danin izgubio \u017eivotnu bitku: Preminuo Mladen Paukovi\u0107 Pauk"}]},{"@type":"WebSite","@id":"https:\/\/www.prijedordanas.com\/#website","url":"https:\/\/www.prijedordanas.com\/","name":"PrijedorDanas.com - Prijedorski gradski portal","description":"Portal o doga\u0111anjima u gradu Prijedoru","publisher":{"@id":"https:\/\/www.prijedordanas.com\/#organization"},"potentialAction":[{"@type":"SearchAction","target":{"@type":"EntryPoint","urlTemplate":"https:\/\/www.prijedordanas.com\/?s={search_term_string}"},"query-input":"required name=search_term_string"}],"inLanguage":"en-US"},{"@type":"Organization","@id":"https:\/\/www.prijedordanas.com\/#organization","name":"PrijedorDanas.com","url":"https:\/\/www.prijedordanas.com\/","logo":{"@type":"ImageObject","inLanguage":"en-US","@id":"https:\/\/www.prijedordanas.com\/#\/schema\/logo\/image\/","url":"http:\/\/www.prijedordanas.com\/wp-content\/uploads\/2021\/12\/logopng.png","contentUrl":"http:\/\/www.prijedordanas.com\/wp-content\/uploads\/2021\/12\/logopng.png","width":1019,"height":776,"caption":"PrijedorDanas.com"},"image":{"@id":"https:\/\/www.prijedordanas.com\/#\/schema\/logo\/image\/"},"sameAs":["https:\/\/www.facebook.com\/PrijedorDanasCom\/"]},{"@type":"Person","@id":"https:\/\/www.prijedordanas.com\/#\/schema\/person\/4e08ccf29b506ca916ff86d46bb700e6","name":"admin","image":{"@type":"ImageObject","inLanguage":"en-US","@id":"https:\/\/www.prijedordanas.com\/#\/schema\/person\/image\/","url":"https:\/\/secure.gravatar.com\/avatar\/1d3fc949d550f0b53a5f0d51e06dfd79?s=96&d=mm&r=g","contentUrl":"https:\/\/secure.gravatar.com\/avatar\/1d3fc949d550f0b53a5f0d51e06dfd79?s=96&d=mm&r=g","caption":"admin"},"url":"https:\/\/www.prijedordanas.com\/?author=1"}]}},"_links":{"self":[{"href":"https:\/\/www.prijedordanas.com\/index.php?rest_route=\/wp\/v2\/posts\/139247"}],"collection":[{"href":"https:\/\/www.prijedordanas.com\/index.php?rest_route=\/wp\/v2\/posts"}],"about":[{"href":"https:\/\/www.prijedordanas.com\/index.php?rest_route=\/wp\/v2\/types\/post"}],"author":[{"embeddable":true,"href":"https:\/\/www.prijedordanas.com\/index.php?rest_route=\/wp\/v2\/users\/1"}],"replies":[{"embeddable":true,"href":"https:\/\/www.prijedordanas.com\/index.php?rest_route=%2Fwp%2Fv2%2Fcomments&post=139247"}],"version-history":[{"count":3,"href":"https:\/\/www.prijedordanas.com\/index.php?rest_route=\/wp\/v2\/posts\/139247\/revisions"}],"predecessor-version":[{"id":139252,"href":"https:\/\/www.prijedordanas.com\/index.php?rest_route=\/wp\/v2\/posts\/139247\/revisions\/139252"}],"wp:attachment":[{"href":"https:\/\/www.prijedordanas.com\/index.php?rest_route=%2Fwp%2Fv2%2Fmedia&parent=139247"}],"wp:term":[{"taxonomy":"category","embeddable":true,"href":"https:\/\/www.prijedordanas.com\/index.php?rest_route=%2Fwp%2Fv2%2Fcategories&post=139247"},{"taxonomy":"post_tag","embeddable":true,"href":"https:\/\/www.prijedordanas.com\/index.php?rest_route=%2Fwp%2Fv2%2Ftags&post=139247"}],"curies":[{"name":"wp","href":"https:\/\/api.w.org\/{rel}","templated":true}]}}