{"id":139243,"date":"2019-12-29T13:41:53","date_gmt":"2019-12-29T12:41:53","guid":{"rendered":"https:\/\/www.prijedordanas.com\/?p=139243"},"modified":"2019-12-29T13:41:53","modified_gmt":"2019-12-29T12:41:53","slug":"novogodisnji-prijem-gradonacelnika-dakovica-za-predstavnike-mjesnih-zajednica-foto","status":"publish","type":"post","link":"https:\/\/www.prijedordanas.com\/?p=139243","title":{"rendered":"Novogodi\u0161nji prijem gradona\u010delnika \u0110akovi\u0107a za predstavnike mjesnih zajednica &#8211; FOTO"},"content":{"rendered":"<p><a href=\"https:\/\/www.prijedordanas.com\/wp-content\/uploads\/2019\/12\/gradonacelnik-prijem-mjesne-zajednice-1.jpg\"><img loading=\"lazy\" decoding=\"async\" src=\"https:\/\/www.prijedordanas.com\/wp-content\/uploads\/2019\/12\/gradonacelnik-prijem-mjesne-zajednice-1-300x217.jpg\" alt=\"\" width=\"300\" height=\"217\" class=\"alignleft size-medium wp-image-139398\" srcset=\"https:\/\/www.prijedordanas.com\/wp-content\/uploads\/2019\/12\/gradonacelnik-prijem-mjesne-zajednice-1-300x217.jpg 300w, https:\/\/www.prijedordanas.com\/wp-content\/uploads\/2019\/12\/gradonacelnik-prijem-mjesne-zajednice-1.jpg 690w\" sizes=\"(max-width: 300px) 100vw, 300px\" \/><\/a>Gradona\u010delnik Prijedora Milenko \u0110akovi\u0107 ocijenio je da je ova godina generalno bila jako turbulentna u mnogim doga\u0111ajima i da su se zajedni\u010dkim trudom savladavale posljedice i poplava i svih doga\u0111anja koja su pratila mjesne zajednice.<\/p>\n<p>&#8220;Ono \u0161to su nam najve\u0107i problemi bili oko ve\u0107ine krupnih projekata u mjesnim zajednicama jesu \u017ealbeni postupci, a time i gubitak dragocjenog vremena dok se ne do\u0111e do izvo\u0111a\u010da radova&#8221;, rekao je \u0110akovi\u0107 novinarima u Prijedoru nakon prijema za predstavnike ovda\u0161njih savjeta mjesnih zajednica.<\/p>\n<p>\u0160ef Odsjeka za mjesne zajednice grada Prijedora Milan Glamo\u010danin ocijenio je da je ove godine u\u010dinjen pozitivan pomak u radu mjesnih zajednica gdje je dobra organizacija napravila dobar most izme\u0111u Gradske uprave i mjesnih zajednica.<\/p>\n<p>&#8220;Odsjek je tu za stru\u010dnu pomo\u0107, prikupljanje podataka, pripremu projekata i proslje\u0111ivanje inicijativa organima grada na odlu\u010divanje. Bilo je infrastrukturnih, ali i projekata podizanja op\u0161teg standarda gra\u0111ana, ure\u0111ivanja prostora i za\u0161tite \u017eivotne sredine, a sve to imalo je podr\u0161ku grada&#8221;, naveo je Glamo\u010danin.<\/p>\n<p>www.prijedorgrad.org<\/p>\n<p><a href=\"https:\/\/www.prijedordanas.com\/wp-content\/uploads\/2019\/12\/gradonacelnik-prijem-mjesne-zajednice-2.jpg\"><img loading=\"lazy\" decoding=\"async\" src=\"https:\/\/www.prijedordanas.com\/wp-content\/uploads\/2019\/12\/gradonacelnik-prijem-mjesne-zajednice-2-300x200.jpg\" alt=\"\" width=\"300\" height=\"200\" class=\"alignleft size-medium wp-image-139399\" srcset=\"https:\/\/www.prijedordanas.com\/wp-content\/uploads\/2019\/12\/gradonacelnik-prijem-mjesne-zajednice-2-300x200.jpg 300w, https:\/\/www.prijedordanas.com\/wp-content\/uploads\/2019\/12\/gradonacelnik-prijem-mjesne-zajednice-2-480x320.jpg 480w, https:\/\/www.prijedordanas.com\/wp-content\/uploads\/2019\/12\/gradonacelnik-prijem-mjesne-zajednice-2.jpg 600w\" sizes=\"(max-width: 300px) 100vw, 300px\" \/><\/a> <a href=\"https:\/\/www.prijedordanas.com\/wp-content\/uploads\/2019\/12\/gradonacelnik-prijem-mjesne-zajednice-3.jpg\"><img loading=\"lazy\" decoding=\"async\" src=\"https:\/\/www.prijedordanas.com\/wp-content\/uploads\/2019\/12\/gradonacelnik-prijem-mjesne-zajednice-3-300x200.jpg\" alt=\"\" width=\"300\" height=\"200\" class=\"alignleft size-medium wp-image-139400\" srcset=\"https:\/\/www.prijedordanas.com\/wp-content\/uploads\/2019\/12\/gradonacelnik-prijem-mjesne-zajednice-3-300x200.jpg 300w, https:\/\/www.prijedordanas.com\/wp-content\/uploads\/2019\/12\/gradonacelnik-prijem-mjesne-zajednice-3-480x320.jpg 480w, https:\/\/www.prijedordanas.com\/wp-content\/uploads\/2019\/12\/gradonacelnik-prijem-mjesne-zajednice-3.jpg 600w\" sizes=\"(max-width: 300px) 100vw, 300px\" \/><\/a> <a href=\"https:\/\/www.prijedordanas.com\/wp-content\/uploads\/2019\/12\/gradonacelnik-prijem-mjesne-zajednice-4.jpg\"><img loading=\"lazy\" decoding=\"async\" src=\"https:\/\/www.prijedordanas.com\/wp-content\/uploads\/2019\/12\/gradonacelnik-prijem-mjesne-zajednice-4-300x200.jpg\" alt=\"\" width=\"300\" height=\"200\" class=\"alignleft size-medium wp-image-139401\" srcset=\"https:\/\/www.prijedordanas.com\/wp-content\/uploads\/2019\/12\/gradonacelnik-prijem-mjesne-zajednice-4-300x200.jpg 300w, https:\/\/www.prijedordanas.com\/wp-content\/uploads\/2019\/12\/gradonacelnik-prijem-mjesne-zajednice-4-480x320.jpg 480w, https:\/\/www.prijedordanas.com\/wp-content\/uploads\/2019\/12\/gradonacelnik-prijem-mjesne-zajednice-4.jpg 600w\" sizes=\"(max-width: 300px) 100vw, 300px\" \/><\/a> <a href=\"https:\/\/www.prijedordanas.com\/wp-content\/uploads\/2019\/12\/gradonacelnik-prijem-mjesne-zajednice-5.jpg\"><img loading=\"lazy\" decoding=\"async\" src=\"https:\/\/www.prijedordanas.com\/wp-content\/uploads\/2019\/12\/gradonacelnik-prijem-mjesne-zajednice-5-300x200.jpg\" alt=\"\" width=\"300\" height=\"200\" class=\"alignleft size-medium wp-image-139402\" srcset=\"https:\/\/www.prijedordanas.com\/wp-content\/uploads\/2019\/12\/gradonacelnik-prijem-mjesne-zajednice-5-300x200.jpg 300w, https:\/\/www.prijedordanas.com\/wp-content\/uploads\/2019\/12\/gradonacelnik-prijem-mjesne-zajednice-5-480x320.jpg 480w, https:\/\/www.prijedordanas.com\/wp-content\/uploads\/2019\/12\/gradonacelnik-prijem-mjesne-zajednice-5.jpg 600w\" sizes=\"(max-width: 300px) 100vw, 300px\" \/><\/a> <a href=\"https:\/\/www.prijedordanas.com\/wp-content\/uploads\/2019\/12\/gradonacelnik-prijem-mjesne-zajednice-6.jpg\"><img loading=\"lazy\" decoding=\"async\" src=\"https:\/\/www.prijedordanas.com\/wp-content\/uploads\/2019\/12\/gradonacelnik-prijem-mjesne-zajednice-6-300x200.jpg\" alt=\"\" width=\"300\" height=\"200\" class=\"alignleft size-medium wp-image-139403\" srcset=\"https:\/\/www.prijedordanas.com\/wp-content\/uploads\/2019\/12\/gradonacelnik-prijem-mjesne-zajednice-6-300x200.jpg 300w, https:\/\/www.prijedordanas.com\/wp-content\/uploads\/2019\/12\/gradonacelnik-prijem-mjesne-zajednice-6-480x320.jpg 480w, https:\/\/www.prijedordanas.com\/wp-content\/uploads\/2019\/12\/gradonacelnik-prijem-mjesne-zajednice-6.jpg 600w\" sizes=\"(max-width: 300px) 100vw, 300px\" \/><\/a> <a href=\"https:\/\/www.prijedordanas.com\/wp-content\/uploads\/2019\/12\/gradonacelnik-prijem-mjesne-zajednice-7.jpg\"><img loading=\"lazy\" decoding=\"async\" src=\"https:\/\/www.prijedordanas.com\/wp-content\/uploads\/2019\/12\/gradonacelnik-prijem-mjesne-zajednice-7-300x200.jpg\" alt=\"\" width=\"300\" height=\"200\" class=\"alignleft size-medium wp-image-139404\" srcset=\"https:\/\/www.prijedordanas.com\/wp-content\/uploads\/2019\/12\/gradonacelnik-prijem-mjesne-zajednice-7-300x200.jpg 300w, https:\/\/www.prijedordanas.com\/wp-content\/uploads\/2019\/12\/gradonacelnik-prijem-mjesne-zajednice-7-480x320.jpg 480w, https:\/\/www.prijedordanas.com\/wp-content\/uploads\/2019\/12\/gradonacelnik-prijem-mjesne-zajednice-7.jpg 600w\" sizes=\"(max-width: 300px) 100vw, 300px\" \/><\/a><\/p>\n","protected":false},"excerpt":{"rendered":"<p>Gradona\u010delnik Prijedora Milenko \u0110akovi\u0107 ocijenio je da je ova godina generalno bila jako turbulentna u mnogim doga\u0111ajima i da su se zajedni\u010dkim trudom savladavale posljedice i poplava i svih doga\u0111anja [&hellip;]<\/p>\n","protected":false},"author":1,"featured_media":0,"comment_status":"closed","ping_status":"open","sticky":false,"template":"","format":"standard","meta":{"_monsterinsights_skip_tracking":false,"_monsterinsights_sitenote_active":false,"_monsterinsights_sitenote_note":"","_monsterinsights_sitenote_category":0,"footnotes":""},"categories":[8],"tags":[6313],"yoast_head":"<!-- This site is optimized with the Yoast SEO plugin v21.6 - https:\/\/yoast.com\/wordpress\/plugins\/seo\/ -->\n<title>Novogodi\u0161nji prijem gradona\u010delnika \u0110akovi\u0107a za predstavnike mjesnih zajednica - FOTO - PrijedorDanas.com - Prijedorski gradski portal<\/title>\n<meta name=\"robots\" content=\"index, follow, max-snippet:-1, max-image-preview:large, max-video-preview:-1\" \/>\n<link rel=\"canonical\" href=\"https:\/\/www.prijedordanas.com\/?p=139243\" \/>\n<meta property=\"og:locale\" content=\"en_US\" \/>\n<meta property=\"og:type\" content=\"article\" \/>\n<meta property=\"og:title\" content=\"Novogodi\u0161nji prijem gradona\u010delnika \u0110akovi\u0107a za predstavnike mjesnih zajednica - FOTO - PrijedorDanas.com - Prijedorski gradski portal\" \/>\n<meta property=\"og:description\" content=\"Gradona\u010delnik Prijedora Milenko \u0110akovi\u0107 ocijenio je da je ova godina generalno bila jako turbulentna u mnogim doga\u0111ajima i da su se zajedni\u010dkim trudom savladavale posljedice i poplava i svih doga\u0111anja [&hellip;]\" \/>\n<meta property=\"og:url\" content=\"https:\/\/www.prijedordanas.com\/?p=139243\" \/>\n<meta property=\"og:site_name\" content=\"PrijedorDanas.com - Prijedorski gradski portal\" \/>\n<meta property=\"article:publisher\" content=\"https:\/\/www.facebook.com\/PrijedorDanasCom\/\" \/>\n<meta property=\"article:published_time\" content=\"2019-12-29T12:41:53+00:00\" \/>\n<meta property=\"og:image\" content=\"https:\/\/www.prijedordanas.com\/wp-content\/uploads\/2019\/12\/gradonacelnik-prijem-mjesne-zajednice-1-300x217.jpg\" \/>\n<meta name=\"author\" content=\"admin\" \/>\n<meta name=\"twitter:card\" content=\"summary_large_image\" \/>\n<meta name=\"twitter:label1\" content=\"Written by\" \/>\n\t<meta name=\"twitter:data1\" content=\"admin\" \/>\n\t<meta name=\"twitter:label2\" content=\"Est. reading time\" \/>\n\t<meta name=\"twitter:data2\" content=\"1 minute\" \/>\n<script type=\"application\/ld+json\" class=\"yoast-schema-graph\">{\"@context\":\"https:\/\/schema.org\",\"@graph\":[{\"@type\":\"Article\",\"@id\":\"https:\/\/www.prijedordanas.com\/?p=139243#article\",\"isPartOf\":{\"@id\":\"https:\/\/www.prijedordanas.com\/?p=139243\"},\"author\":{\"name\":\"admin\",\"@id\":\"https:\/\/www.prijedordanas.com\/#\/schema\/person\/4e08ccf29b506ca916ff86d46bb700e6\"},\"headline\":\"Novogodi\u0161nji prijem gradona\u010delnika \u0110akovi\u0107a za predstavnike mjesnih zajednica &#8211; FOTO\",\"datePublished\":\"2019-12-29T12:41:53+00:00\",\"dateModified\":\"2019-12-29T12:41:53+00:00\",\"mainEntityOfPage\":{\"@id\":\"https:\/\/www.prijedordanas.com\/?p=139243\"},\"wordCount\":195,\"publisher\":{\"@id\":\"https:\/\/www.prijedordanas.com\/#organization\"},\"keywords\":[\"novogodi\u0161nji prijem\"],\"articleSection\":[\"Svakodnevno\"],\"inLanguage\":\"en-US\"},{\"@type\":\"WebPage\",\"@id\":\"https:\/\/www.prijedordanas.com\/?p=139243\",\"url\":\"https:\/\/www.prijedordanas.com\/?p=139243\",\"name\":\"Novogodi\u0161nji prijem gradona\u010delnika \u0110akovi\u0107a za predstavnike mjesnih zajednica - FOTO - PrijedorDanas.com - Prijedorski gradski portal\",\"isPartOf\":{\"@id\":\"https:\/\/www.prijedordanas.com\/#website\"},\"datePublished\":\"2019-12-29T12:41:53+00:00\",\"dateModified\":\"2019-12-29T12:41:53+00:00\",\"breadcrumb\":{\"@id\":\"https:\/\/www.prijedordanas.com\/?p=139243#breadcrumb\"},\"inLanguage\":\"en-US\",\"potentialAction\":[{\"@type\":\"ReadAction\",\"target\":[\"https:\/\/www.prijedordanas.com\/?p=139243\"]}]},{\"@type\":\"BreadcrumbList\",\"@id\":\"https:\/\/www.prijedordanas.com\/?p=139243#breadcrumb\",\"itemListElement\":[{\"@type\":\"ListItem\",\"position\":1,\"name\":\"Home\",\"item\":\"https:\/\/www.prijedordanas.com\/\"},{\"@type\":\"ListItem\",\"position\":2,\"name\":\"Novogodi\u0161nji prijem gradona\u010delnika \u0110akovi\u0107a za predstavnike mjesnih zajednica &#8211; FOTO\"}]},{\"@type\":\"WebSite\",\"@id\":\"https:\/\/www.prijedordanas.com\/#website\",\"url\":\"https:\/\/www.prijedordanas.com\/\",\"name\":\"PrijedorDanas.com - Prijedorski gradski portal\",\"description\":\"Portal o doga\u0111anjima u gradu Prijedoru\",\"publisher\":{\"@id\":\"https:\/\/www.prijedordanas.com\/#organization\"},\"potentialAction\":[{\"@type\":\"SearchAction\",\"target\":{\"@type\":\"EntryPoint\",\"urlTemplate\":\"https:\/\/www.prijedordanas.com\/?s={search_term_string}\"},\"query-input\":\"required name=search_term_string\"}],\"inLanguage\":\"en-US\"},{\"@type\":\"Organization\",\"@id\":\"https:\/\/www.prijedordanas.com\/#organization\",\"name\":\"PrijedorDanas.com\",\"url\":\"https:\/\/www.prijedordanas.com\/\",\"logo\":{\"@type\":\"ImageObject\",\"inLanguage\":\"en-US\",\"@id\":\"https:\/\/www.prijedordanas.com\/#\/schema\/logo\/image\/\",\"url\":\"http:\/\/www.prijedordanas.com\/wp-content\/uploads\/2021\/12\/logopng.png\",\"contentUrl\":\"http:\/\/www.prijedordanas.com\/wp-content\/uploads\/2021\/12\/logopng.png\",\"width\":1019,\"height\":776,\"caption\":\"PrijedorDanas.com\"},\"image\":{\"@id\":\"https:\/\/www.prijedordanas.com\/#\/schema\/logo\/image\/\"},\"sameAs\":[\"https:\/\/www.facebook.com\/PrijedorDanasCom\/\"]},{\"@type\":\"Person\",\"@id\":\"https:\/\/www.prijedordanas.com\/#\/schema\/person\/4e08ccf29b506ca916ff86d46bb700e6\",\"name\":\"admin\",\"image\":{\"@type\":\"ImageObject\",\"inLanguage\":\"en-US\",\"@id\":\"https:\/\/www.prijedordanas.com\/#\/schema\/person\/image\/\",\"url\":\"https:\/\/secure.gravatar.com\/avatar\/1d3fc949d550f0b53a5f0d51e06dfd79?s=96&d=mm&r=g\",\"contentUrl\":\"https:\/\/secure.gravatar.com\/avatar\/1d3fc949d550f0b53a5f0d51e06dfd79?s=96&d=mm&r=g\",\"caption\":\"admin\"},\"url\":\"https:\/\/www.prijedordanas.com\/?author=1\"}]}<\/script>\n<!-- \/ Yoast SEO plugin. -->","yoast_head_json":{"title":"Novogodi\u0161nji prijem gradona\u010delnika \u0110akovi\u0107a za predstavnike mjesnih zajednica - FOTO - PrijedorDanas.com - Prijedorski gradski portal","robots":{"index":"index","follow":"follow","max-snippet":"max-snippet:-1","max-image-preview":"max-image-preview:large","max-video-preview":"max-video-preview:-1"},"canonical":"https:\/\/www.prijedordanas.com\/?p=139243","og_locale":"en_US","og_type":"article","og_title":"Novogodi\u0161nji prijem gradona\u010delnika \u0110akovi\u0107a za predstavnike mjesnih zajednica - FOTO - PrijedorDanas.com - Prijedorski gradski portal","og_description":"Gradona\u010delnik Prijedora Milenko \u0110akovi\u0107 ocijenio je da je ova godina generalno bila jako turbulentna u mnogim doga\u0111ajima i da su se zajedni\u010dkim trudom savladavale posljedice i poplava i svih doga\u0111anja [&hellip;]","og_url":"https:\/\/www.prijedordanas.com\/?p=139243","og_site_name":"PrijedorDanas.com - Prijedorski gradski portal","article_publisher":"https:\/\/www.facebook.com\/PrijedorDanasCom\/","article_published_time":"2019-12-29T12:41:53+00:00","og_image":[{"url":"https:\/\/www.prijedordanas.com\/wp-content\/uploads\/2019\/12\/gradonacelnik-prijem-mjesne-zajednice-1-300x217.jpg"}],"author":"admin","twitter_card":"summary_large_image","twitter_misc":{"Written by":"admin","Est. reading time":"1 minute"},"schema":{"@context":"https:\/\/schema.org","@graph":[{"@type":"Article","@id":"https:\/\/www.prijedordanas.com\/?p=139243#article","isPartOf":{"@id":"https:\/\/www.prijedordanas.com\/?p=139243"},"author":{"name":"admin","@id":"https:\/\/www.prijedordanas.com\/#\/schema\/person\/4e08ccf29b506ca916ff86d46bb700e6"},"headline":"Novogodi\u0161nji prijem gradona\u010delnika \u0110akovi\u0107a za predstavnike mjesnih zajednica &#8211; FOTO","datePublished":"2019-12-29T12:41:53+00:00","dateModified":"2019-12-29T12:41:53+00:00","mainEntityOfPage":{"@id":"https:\/\/www.prijedordanas.com\/?p=139243"},"wordCount":195,"publisher":{"@id":"https:\/\/www.prijedordanas.com\/#organization"},"keywords":["novogodi\u0161nji prijem"],"articleSection":["Svakodnevno"],"inLanguage":"en-US"},{"@type":"WebPage","@id":"https:\/\/www.prijedordanas.com\/?p=139243","url":"https:\/\/www.prijedordanas.com\/?p=139243","name":"Novogodi\u0161nji prijem gradona\u010delnika \u0110akovi\u0107a za predstavnike mjesnih zajednica - FOTO - PrijedorDanas.com - Prijedorski gradski portal","isPartOf":{"@id":"https:\/\/www.prijedordanas.com\/#website"},"datePublished":"2019-12-29T12:41:53+00:00","dateModified":"2019-12-29T12:41:53+00:00","breadcrumb":{"@id":"https:\/\/www.prijedordanas.com\/?p=139243#breadcrumb"},"inLanguage":"en-US","potentialAction":[{"@type":"ReadAction","target":["https:\/\/www.prijedordanas.com\/?p=139243"]}]},{"@type":"BreadcrumbList","@id":"https:\/\/www.prijedordanas.com\/?p=139243#breadcrumb","itemListElement":[{"@type":"ListItem","position":1,"name":"Home","item":"https:\/\/www.prijedordanas.com\/"},{"@type":"ListItem","position":2,"name":"Novogodi\u0161nji prijem gradona\u010delnika \u0110akovi\u0107a za predstavnike mjesnih zajednica &#8211; FOTO"}]},{"@type":"WebSite","@id":"https:\/\/www.prijedordanas.com\/#website","url":"https:\/\/www.prijedordanas.com\/","name":"PrijedorDanas.com - Prijedorski gradski portal","description":"Portal o doga\u0111anjima u gradu Prijedoru","publisher":{"@id":"https:\/\/www.prijedordanas.com\/#organization"},"potentialAction":[{"@type":"SearchAction","target":{"@type":"EntryPoint","urlTemplate":"https:\/\/www.prijedordanas.com\/?s={search_term_string}"},"query-input":"required name=search_term_string"}],"inLanguage":"en-US"},{"@type":"Organization","@id":"https:\/\/www.prijedordanas.com\/#organization","name":"PrijedorDanas.com","url":"https:\/\/www.prijedordanas.com\/","logo":{"@type":"ImageObject","inLanguage":"en-US","@id":"https:\/\/www.prijedordanas.com\/#\/schema\/logo\/image\/","url":"http:\/\/www.prijedordanas.com\/wp-content\/uploads\/2021\/12\/logopng.png","contentUrl":"http:\/\/www.prijedordanas.com\/wp-content\/uploads\/2021\/12\/logopng.png","width":1019,"height":776,"caption":"PrijedorDanas.com"},"image":{"@id":"https:\/\/www.prijedordanas.com\/#\/schema\/logo\/image\/"},"sameAs":["https:\/\/www.facebook.com\/PrijedorDanasCom\/"]},{"@type":"Person","@id":"https:\/\/www.prijedordanas.com\/#\/schema\/person\/4e08ccf29b506ca916ff86d46bb700e6","name":"admin","image":{"@type":"ImageObject","inLanguage":"en-US","@id":"https:\/\/www.prijedordanas.com\/#\/schema\/person\/image\/","url":"https:\/\/secure.gravatar.com\/avatar\/1d3fc949d550f0b53a5f0d51e06dfd79?s=96&d=mm&r=g","contentUrl":"https:\/\/secure.gravatar.com\/avatar\/1d3fc949d550f0b53a5f0d51e06dfd79?s=96&d=mm&r=g","caption":"admin"},"url":"https:\/\/www.prijedordanas.com\/?author=1"}]}},"_links":{"self":[{"href":"https:\/\/www.prijedordanas.com\/index.php?rest_route=\/wp\/v2\/posts\/139243"}],"collection":[{"href":"https:\/\/www.prijedordanas.com\/index.php?rest_route=\/wp\/v2\/posts"}],"about":[{"href":"https:\/\/www.prijedordanas.com\/index.php?rest_route=\/wp\/v2\/types\/post"}],"author":[{"embeddable":true,"href":"https:\/\/www.prijedordanas.com\/index.php?rest_route=\/wp\/v2\/users\/1"}],"replies":[{"embeddable":true,"href":"https:\/\/www.prijedordanas.com\/index.php?rest_route=%2Fwp%2Fv2%2Fcomments&post=139243"}],"version-history":[{"count":2,"href":"https:\/\/www.prijedordanas.com\/index.php?rest_route=\/wp\/v2\/posts\/139243\/revisions"}],"predecessor-version":[{"id":139405,"href":"https:\/\/www.prijedordanas.com\/index.php?rest_route=\/wp\/v2\/posts\/139243\/revisions\/139405"}],"wp:attachment":[{"href":"https:\/\/www.prijedordanas.com\/index.php?rest_route=%2Fwp%2Fv2%2Fmedia&parent=139243"}],"wp:term":[{"taxonomy":"category","embeddable":true,"href":"https:\/\/www.prijedordanas.com\/index.php?rest_route=%2Fwp%2Fv2%2Fcategories&post=139243"},{"taxonomy":"post_tag","embeddable":true,"href":"https:\/\/www.prijedordanas.com\/index.php?rest_route=%2Fwp%2Fv2%2Ftags&post=139243"}],"curies":[{"name":"wp","href":"https:\/\/api.w.org\/{rel}","templated":true}]}}