{"id":139178,"date":"2019-12-25T21:29:51","date_gmt":"2019-12-25T20:29:51","guid":{"rendered":"https:\/\/www.prijedordanas.com\/?p=139178"},"modified":"2019-12-25T21:29:51","modified_gmt":"2019-12-25T20:29:51","slug":"gradonacelnik-dakovic-obisao-gradiliste-vatrogasnog-doma-u-kozarcu-foto","status":"publish","type":"post","link":"https:\/\/www.prijedordanas.com\/?p=139178","title":{"rendered":"Gradona\u010delnik \u0110akovi\u0107 obi\u0161ao gradili\u0161te Vatrogasnog doma u Kozarcu &#8211; FOTO"},"content":{"rendered":"<p><a href=\"https:\/\/www.prijedordanas.com\/wp-content\/uploads\/2019\/12\/djakovic-vatrogasni-dom-kozarac-obilazak-1.jpg\"><img loading=\"lazy\" decoding=\"async\" class=\"alignleft size-medium wp-image-139180\" src=\"https:\/\/www.prijedordanas.com\/wp-content\/uploads\/2019\/12\/djakovic-vatrogasni-dom-kozarac-obilazak-1-300x222.jpg\" alt=\"\" width=\"300\" height=\"222\" srcset=\"https:\/\/www.prijedordanas.com\/wp-content\/uploads\/2019\/12\/djakovic-vatrogasni-dom-kozarac-obilazak-1-300x222.jpg 300w, https:\/\/www.prijedordanas.com\/wp-content\/uploads\/2019\/12\/djakovic-vatrogasni-dom-kozarac-obilazak-1.jpg 675w\" sizes=\"(max-width: 300px) 100vw, 300px\" \/><\/a>Gradona\u010delnik Prijedora Milenko \u0110akovi\u0107 je danas obi\u0161ao radove na izgradnji novog vatrogasnog doma u Kozarcu.<\/p>\n<p>Rije\u010d je o objektu koji se gradi za potrebe tamo\u0161njeg Dobrovoljnog vatrogasnog dru\u0161tva , koje je jedno od dva najstarija takva dru\u0161tva na prostoru biv\u0161e dr\u017eave Jugoslavije.<\/p>\n<p>&#8220;Ovo je Dru\u0161tvo opremljeno kvalitetnom opremom i ljudstvom , ali do sada nisu imali svoj prostor da odlo\u017ee tehniku koja se ne upotrebljava , kao i prostorije za brojne aktivnosti \u010dlanstva&#8221;, istakao je \u0110akovi\u0107.<\/p>\n<p>On je dodao da je do sada u izgradnju objekta ulo\u017eeno oko 180.000 KM i da su sredstva investirali, pored Ministarstva za izbjegla i raseljena lica Federacije BiH, gra\u0111ani i dijaspora.<\/p>\n<p><a href=\"https:\/\/www.prijedordanas.com\/wp-content\/uploads\/2019\/12\/djakovic-vatrogasni-dom-kozarac-obilazak-2.jpg\"><img loading=\"lazy\" decoding=\"async\" class=\"alignleft size-medium wp-image-139181\" src=\"https:\/\/www.prijedordanas.com\/wp-content\/uploads\/2019\/12\/djakovic-vatrogasni-dom-kozarac-obilazak-2-300x222.jpg\" alt=\"\" width=\"300\" height=\"222\" srcset=\"https:\/\/www.prijedordanas.com\/wp-content\/uploads\/2019\/12\/djakovic-vatrogasni-dom-kozarac-obilazak-2-300x222.jpg 300w, https:\/\/www.prijedordanas.com\/wp-content\/uploads\/2019\/12\/djakovic-vatrogasni-dom-kozarac-obilazak-2.jpg 675w\" sizes=\"(max-width: 300px) 100vw, 300px\" \/><\/a>&#8220;Sada se priklju\u010dio i grad Prijedor sa 100.000 KM za dalju izgradnju Vatrogasnog doma i o\u010dekujemo da \u0107e ve\u0107 u idu\u0107oj godini ovaj dom biti u punoj funkciji. Ovo je jedan lijep primjer saradnje u realizaciji jednog zna\u010dajnog projekta i za vatrogasce i za gra\u0111ane sa ovog podru\u010dja &#8220;, rekao je \u0110akovi\u0107.<\/p>\n<p>Odbornik Mesud Trnjanin je istakao da su vatrogasci raznim donacijama mje\u0161tana koji rade u inostranstvu dobili kvalitetnu opremu.<\/p>\n<p>&#8220;To je opredijelilo mje\u0161tane Kozarca da se dobrovoljno priklju\u010de ovom vatrogasnom dru\u0161tvu , da se obu\u010de i ono \u0161to je bilo najkriti\u010dnije bio je prostor gdje bi mogli kvalitetno spakovati tu svoju opremu i gdje bi mogli biti u pripravnosti, djelovati i raditi&#8221;, rekao je Trnjanin.<\/p>\n<p><a href=\"https:\/\/www.prijedordanas.com\/wp-content\/uploads\/2019\/12\/djakovic-vatrogasni-dom-kozarac-obilazak-6.jpg\"><img loading=\"lazy\" decoding=\"async\" src=\"https:\/\/www.prijedordanas.com\/wp-content\/uploads\/2019\/12\/djakovic-vatrogasni-dom-kozarac-obilazak-6-300x200.jpg\" alt=\"\" width=\"300\" height=\"200\" class=\"alignleft size-medium wp-image-139186\" srcset=\"https:\/\/www.prijedordanas.com\/wp-content\/uploads\/2019\/12\/djakovic-vatrogasni-dom-kozarac-obilazak-6-300x200.jpg 300w, https:\/\/www.prijedordanas.com\/wp-content\/uploads\/2019\/12\/djakovic-vatrogasni-dom-kozarac-obilazak-6-480x320.jpg 480w, https:\/\/www.prijedordanas.com\/wp-content\/uploads\/2019\/12\/djakovic-vatrogasni-dom-kozarac-obilazak-6.jpg 600w\" sizes=\"(max-width: 300px) 100vw, 300px\" \/><\/a>On je dodao da je pokrenuta velika akcija da se ovaj centar uskoro i zavr\u0161i i da je Skup\u0161tina grada Prijedora rebalansom bud\u017eeta za ovu godinu obezbijedila 100.000 KM.<\/p>\n<p>&#8220;Zahvalni smo gradona\u010delniku i odbornicima koji se podr\u017eali ideju odbornika sa ovog podru\u010dja da se nastavi i zavr\u0161i ovaj projekat, a posebno jer je odlukom o usvajanju novog bud\u017eeta predvi\u0111eno dodatnih 100.000 KM za 2020.godinu i mislimo da je ovo \u0161to je preba\u010deno i \u0161to je planirano bi\u0107e dovoljno da se ova oprema smjesti i da vatrogasci nastave svoje aktivnosti&#8221;, rekao je Trnjanin.<\/p>\n<p>Komandir jedinice Dobrovoljnog vatrogasnog dru\u0161tva Kozarac Mustafa Fazli\u0107 je potvrdio da je za 77 pripadnika ove jedinice prva misao-vatrogasni dom.<\/p>\n<p>&#8220;To \u0107e biti mjesto gdje se smje\u0161ta vatrogasna oprema i obu\u010dava ljudstvo koje se psihi\u010dki i fizi\u010dki treba pripremiti za ono \u0161to ih \u010deka u eventualnoj intervenciji&#8221;, rekao je Fazli\u0107.<\/p>\n<p>www.prijedorgrad.org<\/p>\n<p><a href=\"https:\/\/www.prijedordanas.com\/wp-content\/uploads\/2019\/12\/djakovic-vatrogasni-dom-kozarac-obilazak-3.jpg\"><img loading=\"lazy\" decoding=\"async\" src=\"https:\/\/www.prijedordanas.com\/wp-content\/uploads\/2019\/12\/djakovic-vatrogasni-dom-kozarac-obilazak-3-300x222.jpg\" alt=\"\" width=\"300\" height=\"222\" class=\"alignleft size-medium wp-image-139182\" srcset=\"https:\/\/www.prijedordanas.com\/wp-content\/uploads\/2019\/12\/djakovic-vatrogasni-dom-kozarac-obilazak-3-300x222.jpg 300w, https:\/\/www.prijedordanas.com\/wp-content\/uploads\/2019\/12\/djakovic-vatrogasni-dom-kozarac-obilazak-3.jpg 675w\" sizes=\"(max-width: 300px) 100vw, 300px\" \/><\/a> <a href=\"https:\/\/www.prijedordanas.com\/wp-content\/uploads\/2019\/12\/djakovic-vatrogasni-dom-kozarac-obilazak-4.jpg\"><img loading=\"lazy\" decoding=\"async\" src=\"https:\/\/www.prijedordanas.com\/wp-content\/uploads\/2019\/12\/djakovic-vatrogasni-dom-kozarac-obilazak-4-300x222.jpg\" alt=\"\" width=\"300\" height=\"222\" class=\"alignleft size-medium wp-image-139183\" srcset=\"https:\/\/www.prijedordanas.com\/wp-content\/uploads\/2019\/12\/djakovic-vatrogasni-dom-kozarac-obilazak-4-300x222.jpg 300w, https:\/\/www.prijedordanas.com\/wp-content\/uploads\/2019\/12\/djakovic-vatrogasni-dom-kozarac-obilazak-4.jpg 675w\" sizes=\"(max-width: 300px) 100vw, 300px\" \/><\/a> <a href=\"https:\/\/www.prijedordanas.com\/wp-content\/uploads\/2019\/12\/djakovic-vatrogasni-dom-kozarac-obilazak-5.jpg\"><img loading=\"lazy\" decoding=\"async\" src=\"https:\/\/www.prijedordanas.com\/wp-content\/uploads\/2019\/12\/djakovic-vatrogasni-dom-kozarac-obilazak-5-300x200.jpg\" alt=\"\" width=\"300\" height=\"200\" class=\"alignleft size-medium wp-image-139184\" srcset=\"https:\/\/www.prijedordanas.com\/wp-content\/uploads\/2019\/12\/djakovic-vatrogasni-dom-kozarac-obilazak-5-300x200.jpg 300w, https:\/\/www.prijedordanas.com\/wp-content\/uploads\/2019\/12\/djakovic-vatrogasni-dom-kozarac-obilazak-5-480x320.jpg 480w, https:\/\/www.prijedordanas.com\/wp-content\/uploads\/2019\/12\/djakovic-vatrogasni-dom-kozarac-obilazak-5.jpg 600w\" sizes=\"(max-width: 300px) 100vw, 300px\" \/><\/a> <a href=\"https:\/\/www.prijedordanas.com\/wp-content\/uploads\/2019\/12\/djakovic-vatrogasni-dom-kozarac-obilazak-7.jpg\"><img loading=\"lazy\" decoding=\"async\" src=\"https:\/\/www.prijedordanas.com\/wp-content\/uploads\/2019\/12\/djakovic-vatrogasni-dom-kozarac-obilazak-7-300x200.jpg\" alt=\"\" width=\"300\" height=\"200\" class=\"alignleft size-medium wp-image-139185\" srcset=\"https:\/\/www.prijedordanas.com\/wp-content\/uploads\/2019\/12\/djakovic-vatrogasni-dom-kozarac-obilazak-7-300x200.jpg 300w, https:\/\/www.prijedordanas.com\/wp-content\/uploads\/2019\/12\/djakovic-vatrogasni-dom-kozarac-obilazak-7-480x320.jpg 480w, https:\/\/www.prijedordanas.com\/wp-content\/uploads\/2019\/12\/djakovic-vatrogasni-dom-kozarac-obilazak-7.jpg 600w\" sizes=\"(max-width: 300px) 100vw, 300px\" \/><\/a> <a href=\"https:\/\/www.prijedordanas.com\/wp-content\/uploads\/2019\/12\/djakovic-vatrogasni-dom-kozarac-obilazak-8.jpg\"><img loading=\"lazy\" decoding=\"async\" src=\"https:\/\/www.prijedordanas.com\/wp-content\/uploads\/2019\/12\/djakovic-vatrogasni-dom-kozarac-obilazak-8-300x200.jpg\" alt=\"\" width=\"300\" height=\"200\" class=\"alignleft size-medium wp-image-139187\" srcset=\"https:\/\/www.prijedordanas.com\/wp-content\/uploads\/2019\/12\/djakovic-vatrogasni-dom-kozarac-obilazak-8-300x200.jpg 300w, https:\/\/www.prijedordanas.com\/wp-content\/uploads\/2019\/12\/djakovic-vatrogasni-dom-kozarac-obilazak-8-480x320.jpg 480w, https:\/\/www.prijedordanas.com\/wp-content\/uploads\/2019\/12\/djakovic-vatrogasni-dom-kozarac-obilazak-8.jpg 600w\" sizes=\"(max-width: 300px) 100vw, 300px\" \/><\/a> <a href=\"https:\/\/www.prijedordanas.com\/wp-content\/uploads\/2019\/12\/djakovic-vatrogasni-dom-kozarac-obilazak-9.jpg\"><img loading=\"lazy\" decoding=\"async\" src=\"https:\/\/www.prijedordanas.com\/wp-content\/uploads\/2019\/12\/djakovic-vatrogasni-dom-kozarac-obilazak-9-300x200.jpg\" alt=\"\" width=\"300\" height=\"200\" class=\"alignleft size-medium wp-image-139188\" srcset=\"https:\/\/www.prijedordanas.com\/wp-content\/uploads\/2019\/12\/djakovic-vatrogasni-dom-kozarac-obilazak-9-300x200.jpg 300w, https:\/\/www.prijedordanas.com\/wp-content\/uploads\/2019\/12\/djakovic-vatrogasni-dom-kozarac-obilazak-9-480x320.jpg 480w, https:\/\/www.prijedordanas.com\/wp-content\/uploads\/2019\/12\/djakovic-vatrogasni-dom-kozarac-obilazak-9.jpg 600w\" sizes=\"(max-width: 300px) 100vw, 300px\" \/><\/a> <a href=\"https:\/\/www.prijedordanas.com\/wp-content\/uploads\/2019\/12\/djakovic-vatrogasni-dom-kozarac-obilazak-10.jpg\"><img loading=\"lazy\" decoding=\"async\" src=\"https:\/\/www.prijedordanas.com\/wp-content\/uploads\/2019\/12\/djakovic-vatrogasni-dom-kozarac-obilazak-10-300x200.jpg\" alt=\"\" width=\"300\" height=\"200\" class=\"alignleft size-medium wp-image-139189\" srcset=\"https:\/\/www.prijedordanas.com\/wp-content\/uploads\/2019\/12\/djakovic-vatrogasni-dom-kozarac-obilazak-10-300x200.jpg 300w, https:\/\/www.prijedordanas.com\/wp-content\/uploads\/2019\/12\/djakovic-vatrogasni-dom-kozarac-obilazak-10-480x320.jpg 480w, https:\/\/www.prijedordanas.com\/wp-content\/uploads\/2019\/12\/djakovic-vatrogasni-dom-kozarac-obilazak-10.jpg 600w\" sizes=\"(max-width: 300px) 100vw, 300px\" \/><\/a><\/p>\n","protected":false},"excerpt":{"rendered":"<p>Gradona\u010delnik Prijedora Milenko \u0110akovi\u0107 je danas obi\u0161ao radove na izgradnji novog vatrogasnog doma u Kozarcu. Rije\u010d je o objektu koji se gradi za potrebe tamo\u0161njeg Dobrovoljnog vatrogasnog dru\u0161tva , koje [&hellip;]<\/p>\n","protected":false},"author":1,"featured_media":0,"comment_status":"closed","ping_status":"open","sticky":false,"template":"","format":"standard","meta":{"_monsterinsights_skip_tracking":false,"_monsterinsights_sitenote_active":false,"_monsterinsights_sitenote_note":"","_monsterinsights_sitenote_category":0,"footnotes":""},"categories":[4],"tags":[9211,11031],"yoast_head":"<!-- This site is optimized with the Yoast SEO plugin v21.6 - https:\/\/yoast.com\/wordpress\/plugins\/seo\/ -->\n<title>Gradona\u010delnik \u0110akovi\u0107 obi\u0161ao gradili\u0161te Vatrogasnog doma u Kozarcu - FOTO - PrijedorDanas.com - Prijedorski gradski portal<\/title>\n<meta name=\"robots\" content=\"index, follow, max-snippet:-1, max-image-preview:large, max-video-preview:-1\" \/>\n<link rel=\"canonical\" href=\"https:\/\/www.prijedordanas.com\/?p=139178\" \/>\n<meta property=\"og:locale\" content=\"en_US\" \/>\n<meta property=\"og:type\" content=\"article\" \/>\n<meta property=\"og:title\" content=\"Gradona\u010delnik \u0110akovi\u0107 obi\u0161ao gradili\u0161te Vatrogasnog doma u Kozarcu - FOTO - PrijedorDanas.com - Prijedorski gradski portal\" \/>\n<meta property=\"og:description\" content=\"Gradona\u010delnik Prijedora Milenko \u0110akovi\u0107 je danas obi\u0161ao radove na izgradnji novog vatrogasnog doma u Kozarcu. Rije\u010d je o objektu koji se gradi za potrebe tamo\u0161njeg Dobrovoljnog vatrogasnog dru\u0161tva , koje [&hellip;]\" \/>\n<meta property=\"og:url\" content=\"https:\/\/www.prijedordanas.com\/?p=139178\" \/>\n<meta property=\"og:site_name\" content=\"PrijedorDanas.com - Prijedorski gradski portal\" \/>\n<meta property=\"article:publisher\" content=\"https:\/\/www.facebook.com\/PrijedorDanasCom\/\" \/>\n<meta property=\"article:published_time\" content=\"2019-12-25T20:29:51+00:00\" \/>\n<meta property=\"og:image\" content=\"https:\/\/www.prijedordanas.com\/wp-content\/uploads\/2019\/12\/djakovic-vatrogasni-dom-kozarac-obilazak-1-300x222.jpg\" \/>\n<meta name=\"author\" content=\"admin\" \/>\n<meta name=\"twitter:card\" content=\"summary_large_image\" \/>\n<meta name=\"twitter:label1\" content=\"Written by\" \/>\n\t<meta name=\"twitter:data1\" content=\"admin\" \/>\n\t<meta name=\"twitter:label2\" content=\"Est. reading time\" \/>\n\t<meta name=\"twitter:data2\" content=\"2 minutes\" \/>\n<script type=\"application\/ld+json\" class=\"yoast-schema-graph\">{\"@context\":\"https:\/\/schema.org\",\"@graph\":[{\"@type\":\"Article\",\"@id\":\"https:\/\/www.prijedordanas.com\/?p=139178#article\",\"isPartOf\":{\"@id\":\"https:\/\/www.prijedordanas.com\/?p=139178\"},\"author\":{\"name\":\"admin\",\"@id\":\"https:\/\/www.prijedordanas.com\/#\/schema\/person\/4e08ccf29b506ca916ff86d46bb700e6\"},\"headline\":\"Gradona\u010delnik \u0110akovi\u0107 obi\u0161ao gradili\u0161te Vatrogasnog doma u Kozarcu &#8211; FOTO\",\"datePublished\":\"2019-12-25T20:29:51+00:00\",\"dateModified\":\"2019-12-25T20:29:51+00:00\",\"mainEntityOfPage\":{\"@id\":\"https:\/\/www.prijedordanas.com\/?p=139178\"},\"wordCount\":410,\"publisher\":{\"@id\":\"https:\/\/www.prijedordanas.com\/#organization\"},\"keywords\":[\"gradona\u010delnik Milenko \u0110akovi\u0107\",\"Vatrogasni dom Kozarac\"],\"articleSection\":[\"Dru\u0161tvo\"],\"inLanguage\":\"en-US\"},{\"@type\":\"WebPage\",\"@id\":\"https:\/\/www.prijedordanas.com\/?p=139178\",\"url\":\"https:\/\/www.prijedordanas.com\/?p=139178\",\"name\":\"Gradona\u010delnik \u0110akovi\u0107 obi\u0161ao gradili\u0161te Vatrogasnog doma u Kozarcu - FOTO - PrijedorDanas.com - Prijedorski gradski portal\",\"isPartOf\":{\"@id\":\"https:\/\/www.prijedordanas.com\/#website\"},\"datePublished\":\"2019-12-25T20:29:51+00:00\",\"dateModified\":\"2019-12-25T20:29:51+00:00\",\"breadcrumb\":{\"@id\":\"https:\/\/www.prijedordanas.com\/?p=139178#breadcrumb\"},\"inLanguage\":\"en-US\",\"potentialAction\":[{\"@type\":\"ReadAction\",\"target\":[\"https:\/\/www.prijedordanas.com\/?p=139178\"]}]},{\"@type\":\"BreadcrumbList\",\"@id\":\"https:\/\/www.prijedordanas.com\/?p=139178#breadcrumb\",\"itemListElement\":[{\"@type\":\"ListItem\",\"position\":1,\"name\":\"Home\",\"item\":\"https:\/\/www.prijedordanas.com\/\"},{\"@type\":\"ListItem\",\"position\":2,\"name\":\"Gradona\u010delnik \u0110akovi\u0107 obi\u0161ao gradili\u0161te Vatrogasnog doma u Kozarcu &#8211; FOTO\"}]},{\"@type\":\"WebSite\",\"@id\":\"https:\/\/www.prijedordanas.com\/#website\",\"url\":\"https:\/\/www.prijedordanas.com\/\",\"name\":\"PrijedorDanas.com - Prijedorski gradski portal\",\"description\":\"Portal o doga\u0111anjima u gradu Prijedoru\",\"publisher\":{\"@id\":\"https:\/\/www.prijedordanas.com\/#organization\"},\"potentialAction\":[{\"@type\":\"SearchAction\",\"target\":{\"@type\":\"EntryPoint\",\"urlTemplate\":\"https:\/\/www.prijedordanas.com\/?s={search_term_string}\"},\"query-input\":\"required name=search_term_string\"}],\"inLanguage\":\"en-US\"},{\"@type\":\"Organization\",\"@id\":\"https:\/\/www.prijedordanas.com\/#organization\",\"name\":\"PrijedorDanas.com\",\"url\":\"https:\/\/www.prijedordanas.com\/\",\"logo\":{\"@type\":\"ImageObject\",\"inLanguage\":\"en-US\",\"@id\":\"https:\/\/www.prijedordanas.com\/#\/schema\/logo\/image\/\",\"url\":\"http:\/\/www.prijedordanas.com\/wp-content\/uploads\/2021\/12\/logopng.png\",\"contentUrl\":\"http:\/\/www.prijedordanas.com\/wp-content\/uploads\/2021\/12\/logopng.png\",\"width\":1019,\"height\":776,\"caption\":\"PrijedorDanas.com\"},\"image\":{\"@id\":\"https:\/\/www.prijedordanas.com\/#\/schema\/logo\/image\/\"},\"sameAs\":[\"https:\/\/www.facebook.com\/PrijedorDanasCom\/\"]},{\"@type\":\"Person\",\"@id\":\"https:\/\/www.prijedordanas.com\/#\/schema\/person\/4e08ccf29b506ca916ff86d46bb700e6\",\"name\":\"admin\",\"image\":{\"@type\":\"ImageObject\",\"inLanguage\":\"en-US\",\"@id\":\"https:\/\/www.prijedordanas.com\/#\/schema\/person\/image\/\",\"url\":\"https:\/\/secure.gravatar.com\/avatar\/1d3fc949d550f0b53a5f0d51e06dfd79?s=96&d=mm&r=g\",\"contentUrl\":\"https:\/\/secure.gravatar.com\/avatar\/1d3fc949d550f0b53a5f0d51e06dfd79?s=96&d=mm&r=g\",\"caption\":\"admin\"},\"url\":\"https:\/\/www.prijedordanas.com\/?author=1\"}]}<\/script>\n<!-- \/ Yoast SEO plugin. -->","yoast_head_json":{"title":"Gradona\u010delnik \u0110akovi\u0107 obi\u0161ao gradili\u0161te Vatrogasnog doma u Kozarcu - FOTO - PrijedorDanas.com - Prijedorski gradski portal","robots":{"index":"index","follow":"follow","max-snippet":"max-snippet:-1","max-image-preview":"max-image-preview:large","max-video-preview":"max-video-preview:-1"},"canonical":"https:\/\/www.prijedordanas.com\/?p=139178","og_locale":"en_US","og_type":"article","og_title":"Gradona\u010delnik \u0110akovi\u0107 obi\u0161ao gradili\u0161te Vatrogasnog doma u Kozarcu - FOTO - PrijedorDanas.com - Prijedorski gradski portal","og_description":"Gradona\u010delnik Prijedora Milenko \u0110akovi\u0107 je danas obi\u0161ao radove na izgradnji novog vatrogasnog doma u Kozarcu. Rije\u010d je o objektu koji se gradi za potrebe tamo\u0161njeg Dobrovoljnog vatrogasnog dru\u0161tva , koje [&hellip;]","og_url":"https:\/\/www.prijedordanas.com\/?p=139178","og_site_name":"PrijedorDanas.com - Prijedorski gradski portal","article_publisher":"https:\/\/www.facebook.com\/PrijedorDanasCom\/","article_published_time":"2019-12-25T20:29:51+00:00","og_image":[{"url":"https:\/\/www.prijedordanas.com\/wp-content\/uploads\/2019\/12\/djakovic-vatrogasni-dom-kozarac-obilazak-1-300x222.jpg"}],"author":"admin","twitter_card":"summary_large_image","twitter_misc":{"Written by":"admin","Est. reading time":"2 minutes"},"schema":{"@context":"https:\/\/schema.org","@graph":[{"@type":"Article","@id":"https:\/\/www.prijedordanas.com\/?p=139178#article","isPartOf":{"@id":"https:\/\/www.prijedordanas.com\/?p=139178"},"author":{"name":"admin","@id":"https:\/\/www.prijedordanas.com\/#\/schema\/person\/4e08ccf29b506ca916ff86d46bb700e6"},"headline":"Gradona\u010delnik \u0110akovi\u0107 obi\u0161ao gradili\u0161te Vatrogasnog doma u Kozarcu &#8211; FOTO","datePublished":"2019-12-25T20:29:51+00:00","dateModified":"2019-12-25T20:29:51+00:00","mainEntityOfPage":{"@id":"https:\/\/www.prijedordanas.com\/?p=139178"},"wordCount":410,"publisher":{"@id":"https:\/\/www.prijedordanas.com\/#organization"},"keywords":["gradona\u010delnik Milenko \u0110akovi\u0107","Vatrogasni dom Kozarac"],"articleSection":["Dru\u0161tvo"],"inLanguage":"en-US"},{"@type":"WebPage","@id":"https:\/\/www.prijedordanas.com\/?p=139178","url":"https:\/\/www.prijedordanas.com\/?p=139178","name":"Gradona\u010delnik \u0110akovi\u0107 obi\u0161ao gradili\u0161te Vatrogasnog doma u Kozarcu - FOTO - PrijedorDanas.com - Prijedorski gradski portal","isPartOf":{"@id":"https:\/\/www.prijedordanas.com\/#website"},"datePublished":"2019-12-25T20:29:51+00:00","dateModified":"2019-12-25T20:29:51+00:00","breadcrumb":{"@id":"https:\/\/www.prijedordanas.com\/?p=139178#breadcrumb"},"inLanguage":"en-US","potentialAction":[{"@type":"ReadAction","target":["https:\/\/www.prijedordanas.com\/?p=139178"]}]},{"@type":"BreadcrumbList","@id":"https:\/\/www.prijedordanas.com\/?p=139178#breadcrumb","itemListElement":[{"@type":"ListItem","position":1,"name":"Home","item":"https:\/\/www.prijedordanas.com\/"},{"@type":"ListItem","position":2,"name":"Gradona\u010delnik \u0110akovi\u0107 obi\u0161ao gradili\u0161te Vatrogasnog doma u Kozarcu &#8211; FOTO"}]},{"@type":"WebSite","@id":"https:\/\/www.prijedordanas.com\/#website","url":"https:\/\/www.prijedordanas.com\/","name":"PrijedorDanas.com - Prijedorski gradski portal","description":"Portal o doga\u0111anjima u gradu Prijedoru","publisher":{"@id":"https:\/\/www.prijedordanas.com\/#organization"},"potentialAction":[{"@type":"SearchAction","target":{"@type":"EntryPoint","urlTemplate":"https:\/\/www.prijedordanas.com\/?s={search_term_string}"},"query-input":"required name=search_term_string"}],"inLanguage":"en-US"},{"@type":"Organization","@id":"https:\/\/www.prijedordanas.com\/#organization","name":"PrijedorDanas.com","url":"https:\/\/www.prijedordanas.com\/","logo":{"@type":"ImageObject","inLanguage":"en-US","@id":"https:\/\/www.prijedordanas.com\/#\/schema\/logo\/image\/","url":"http:\/\/www.prijedordanas.com\/wp-content\/uploads\/2021\/12\/logopng.png","contentUrl":"http:\/\/www.prijedordanas.com\/wp-content\/uploads\/2021\/12\/logopng.png","width":1019,"height":776,"caption":"PrijedorDanas.com"},"image":{"@id":"https:\/\/www.prijedordanas.com\/#\/schema\/logo\/image\/"},"sameAs":["https:\/\/www.facebook.com\/PrijedorDanasCom\/"]},{"@type":"Person","@id":"https:\/\/www.prijedordanas.com\/#\/schema\/person\/4e08ccf29b506ca916ff86d46bb700e6","name":"admin","image":{"@type":"ImageObject","inLanguage":"en-US","@id":"https:\/\/www.prijedordanas.com\/#\/schema\/person\/image\/","url":"https:\/\/secure.gravatar.com\/avatar\/1d3fc949d550f0b53a5f0d51e06dfd79?s=96&d=mm&r=g","contentUrl":"https:\/\/secure.gravatar.com\/avatar\/1d3fc949d550f0b53a5f0d51e06dfd79?s=96&d=mm&r=g","caption":"admin"},"url":"https:\/\/www.prijedordanas.com\/?author=1"}]}},"_links":{"self":[{"href":"https:\/\/www.prijedordanas.com\/index.php?rest_route=\/wp\/v2\/posts\/139178"}],"collection":[{"href":"https:\/\/www.prijedordanas.com\/index.php?rest_route=\/wp\/v2\/posts"}],"about":[{"href":"https:\/\/www.prijedordanas.com\/index.php?rest_route=\/wp\/v2\/types\/post"}],"author":[{"embeddable":true,"href":"https:\/\/www.prijedordanas.com\/index.php?rest_route=\/wp\/v2\/users\/1"}],"replies":[{"embeddable":true,"href":"https:\/\/www.prijedordanas.com\/index.php?rest_route=%2Fwp%2Fv2%2Fcomments&post=139178"}],"version-history":[{"count":2,"href":"https:\/\/www.prijedordanas.com\/index.php?rest_route=\/wp\/v2\/posts\/139178\/revisions"}],"predecessor-version":[{"id":139190,"href":"https:\/\/www.prijedordanas.com\/index.php?rest_route=\/wp\/v2\/posts\/139178\/revisions\/139190"}],"wp:attachment":[{"href":"https:\/\/www.prijedordanas.com\/index.php?rest_route=%2Fwp%2Fv2%2Fmedia&parent=139178"}],"wp:term":[{"taxonomy":"category","embeddable":true,"href":"https:\/\/www.prijedordanas.com\/index.php?rest_route=%2Fwp%2Fv2%2Fcategories&post=139178"},{"taxonomy":"post_tag","embeddable":true,"href":"https:\/\/www.prijedordanas.com\/index.php?rest_route=%2Fwp%2Fv2%2Ftags&post=139178"}],"curies":[{"name":"wp","href":"https:\/\/api.w.org\/{rel}","templated":true}]}}