{"id":139098,"date":"2019-12-24T20:44:30","date_gmt":"2019-12-24T19:44:30","guid":{"rendered":"https:\/\/www.prijedordanas.com\/?p=139098"},"modified":"2019-12-24T20:44:30","modified_gmt":"2019-12-24T19:44:30","slug":"hrabri-i-humani-urucene-zahvalnice-najboljim-policajcima-srpske-medu-kojima-je-i-jedan-prijedorcanin-foto","status":"publish","type":"post","link":"https:\/\/www.prijedordanas.com\/?p=139098","title":{"rendered":"Hrabri i humani: Uru\u010dene zahvalnice najboljim policajcima Srpske me\u0111u kojima je i jedan Prijedor\u010danin &#8211; FOTO"},"content":{"rendered":"<p><a href=\"https:\/\/www.prijedordanas.com\/wp-content\/uploads\/2019\/12\/mup-rs-zahvalnice-hrabri-policajci-1.jpg\"><img loading=\"lazy\" decoding=\"async\" class=\"alignleft size-medium wp-image-139100\" src=\"https:\/\/www.prijedordanas.com\/wp-content\/uploads\/2019\/12\/mup-rs-zahvalnice-hrabri-policajci-1-273x300.jpg\" alt=\"\" width=\"273\" height=\"300\" srcset=\"https:\/\/www.prijedordanas.com\/wp-content\/uploads\/2019\/12\/mup-rs-zahvalnice-hrabri-policajci-1-273x300.jpg 273w, https:\/\/www.prijedordanas.com\/wp-content\/uploads\/2019\/12\/mup-rs-zahvalnice-hrabri-policajci-1.jpg 545w\" sizes=\"(max-width: 273px) 100vw, 273px\" \/><\/a>Ministar unutra\u0161njih poslova Republike Srpske Dragan Luka\u010d uru\u010dio je zahvalnice policijskim slu\u017ebenicima koji su u ovoj godini iskazali zavidan stepen profesionalnosti, humanosti i hrabrosti u obavljanju du\u017enosti.<\/p>\n<p>Ovo je nastavak prakse da na kraju svake kalendarske godine odaju zahvalnost policajcima koji su hrabro\u0161\u0107u i svojim djelima pokazali da \u010dasno nose policijsku uniformu.<\/p>\n<p>Dobro Skakavac jedan je od osam pripadnika iz Isto\u010dnog Sarajeva koji su dobili priznanje za hrabrost nagra\u0111eni. Zajedno sa kolegama spasio je dva djeteta iz zgrade koju je zahvatio po\u017ear. Ponosan je, ka\u017ee, \u0161to su uspjeli na vrijeme reagovati i sprije\u010diti tragediju.<\/p>\n<p>&#8211; Iskazali smo se kao tim i svako je dao doprinos. Drago mi je da smo uspjeli spasiti djecu, da nije bilo \u017ertava i da smo na kraju lokalizovali po\u017ear. Kada smo shvatili da su u stanu djeca, zaklju\u010dili smo da ne mo\u017eemo \u010dekati vatrogasce. Upali smo u stan, izvukli djecu, a potom zapo\u010deli ga\u0161enje po\u017eara. U toj akciji smo kolega Mirza Kahrovi\u0107 i ja povrije\u0111eni, ali povrede su ni\u0161ta u odnosu na sa\u010duvane mlade \u017eivote &#8211; naglasio je Skakavac.<\/p>\n<p>Za hrabrost priznanje je dobio i policajac PU Prijedor \u0408ure Komljen, koji je slobode li\u0161io ubicu svog kolege Sla\u0111anka Tubina.<\/p>\n<p><a href=\"https:\/\/www.prijedordanas.com\/wp-content\/uploads\/2019\/12\/mup-rs-zahvalnice-hrabri-policajci-2.jpg\"><img loading=\"lazy\" decoding=\"async\" src=\"https:\/\/www.prijedordanas.com\/wp-content\/uploads\/2019\/12\/mup-rs-zahvalnice-hrabri-policajci-2-300x225.jpg\" alt=\"\" width=\"300\" height=\"225\" class=\"alignleft size-medium wp-image-139101\" srcset=\"https:\/\/www.prijedordanas.com\/wp-content\/uploads\/2019\/12\/mup-rs-zahvalnice-hrabri-policajci-2-300x225.jpg 300w, https:\/\/www.prijedordanas.com\/wp-content\/uploads\/2019\/12\/mup-rs-zahvalnice-hrabri-policajci-2-640x480.jpg 640w, https:\/\/www.prijedordanas.com\/wp-content\/uploads\/2019\/12\/mup-rs-zahvalnice-hrabri-policajci-2.jpg 667w\" sizes=\"(max-width: 300px) 100vw, 300px\" \/><\/a>&#8211; Odmah sam oti\u0161ao u sobu, uzeo pi\u0161tolj, sjeo u svoj automobil i usput zovnuo komandira da javi Hitnoj pomo\u0107i da krene za mnom. Izme\u0111u ku\u0107a sam uo\u010dio Marka \u0160abi\u0107a sa pu\u0161kom u ruci. Naredio sam mu da odlo\u017ei oru\u017eje, a potom ga uhapsio i predao ga patroli koja je stigla kao poja\u010danje. Uku\u0107ani su ranjenog Tubina iznijeli iz ku\u0107e u slu\u017ebeno vozilo koje je stiglo. U me\u0111uvremenu je stigla i Hitna pomo\u0107 u koju smo prebacili kolegu Tubina, ali on, na\u017ealost, nije pre\u017eivio &#8211; prisjetio se Komljen.<\/p>\n<p>Ministar unutra\u0161njih poslova Republike Srpske istakao je da su ovi pripadnici pokazali ljudsku veli\u010dinu i da su ponos MUP-a Srpske.<\/p>\n<p>&#8211; Spasavali su tu\u0111e \u017eivote ljudi koje nikada nisu upoznali rizikuju\u0107i svoje \u017eivote, ulazili su u vodu i spasavali te ljude &#8211; dodao je Luka\u010d.<\/p>\n<p>Svi policaji ponosni su \u0161to su bili u mogu\u0107nosti da pomognu ljudima u nevolji. Svoj posao \u0107e, ka\u017eu i dalje savjesno i \u010dasno obavljati.<\/p>\n<p>RTRS<\/p>\n<p><a href=\"https:\/\/www.prijedordanas.com\/wp-content\/uploads\/2019\/12\/mup-rs-zahvalnice-hrabri-policajci-3.jpg\"><img loading=\"lazy\" decoding=\"async\" src=\"https:\/\/www.prijedordanas.com\/wp-content\/uploads\/2019\/12\/mup-rs-zahvalnice-hrabri-policajci-3-300x199.jpg\" alt=\"\" width=\"300\" height=\"199\" class=\"alignleft size-medium wp-image-139102\" srcset=\"https:\/\/www.prijedordanas.com\/wp-content\/uploads\/2019\/12\/mup-rs-zahvalnice-hrabri-policajci-3-300x199.jpg 300w, https:\/\/www.prijedordanas.com\/wp-content\/uploads\/2019\/12\/mup-rs-zahvalnice-hrabri-policajci-3-480x320.jpg 480w, https:\/\/www.prijedordanas.com\/wp-content\/uploads\/2019\/12\/mup-rs-zahvalnice-hrabri-policajci-3.jpg 600w\" sizes=\"(max-width: 300px) 100vw, 300px\" \/><\/a><\/p>\n","protected":false},"excerpt":{"rendered":"<p>Ministar unutra\u0161njih poslova Republike Srpske Dragan Luka\u010d uru\u010dio je zahvalnice policijskim slu\u017ebenicima koji su u ovoj godini iskazali zavidan stepen profesionalnosti, humanosti i hrabrosti u obavljanju du\u017enosti. Ovo je nastavak [&hellip;]<\/p>\n","protected":false},"author":1,"featured_media":0,"comment_status":"closed","ping_status":"open","sticky":false,"template":"","format":"standard","meta":{"_monsterinsights_skip_tracking":false,"_monsterinsights_sitenote_active":false,"_monsterinsights_sitenote_note":"","_monsterinsights_sitenote_category":0,"footnotes":""},"categories":[3],"tags":[4551,4009],"yoast_head":"<!-- This site is optimized with the Yoast SEO plugin v21.6 - https:\/\/yoast.com\/wordpress\/plugins\/seo\/ -->\n<title>Hrabri i humani: Uru\u010dene zahvalnice najboljim policajcima Srpske me\u0111u kojima je i jedan Prijedor\u010danin - FOTO - PrijedorDanas.com - Prijedorski gradski portal<\/title>\n<meta name=\"robots\" content=\"index, follow, max-snippet:-1, max-image-preview:large, max-video-preview:-1\" \/>\n<link rel=\"canonical\" href=\"https:\/\/www.prijedordanas.com\/?p=139098\" \/>\n<meta property=\"og:locale\" content=\"en_US\" \/>\n<meta property=\"og:type\" content=\"article\" \/>\n<meta property=\"og:title\" content=\"Hrabri i humani: Uru\u010dene zahvalnice najboljim policajcima Srpske me\u0111u kojima je i jedan Prijedor\u010danin - FOTO - PrijedorDanas.com - Prijedorski gradski portal\" \/>\n<meta property=\"og:description\" content=\"Ministar unutra\u0161njih poslova Republike Srpske Dragan Luka\u010d uru\u010dio je zahvalnice policijskim slu\u017ebenicima koji su u ovoj godini iskazali zavidan stepen profesionalnosti, humanosti i hrabrosti u obavljanju du\u017enosti. Ovo je nastavak [&hellip;]\" \/>\n<meta property=\"og:url\" content=\"https:\/\/www.prijedordanas.com\/?p=139098\" \/>\n<meta property=\"og:site_name\" content=\"PrijedorDanas.com - Prijedorski gradski portal\" \/>\n<meta property=\"article:publisher\" content=\"https:\/\/www.facebook.com\/PrijedorDanasCom\/\" \/>\n<meta property=\"article:published_time\" content=\"2019-12-24T19:44:30+00:00\" \/>\n<meta property=\"og:image\" content=\"https:\/\/www.prijedordanas.com\/wp-content\/uploads\/2019\/12\/mup-rs-zahvalnice-hrabri-policajci-1-273x300.jpg\" \/>\n<meta name=\"author\" content=\"admin\" \/>\n<meta name=\"twitter:card\" content=\"summary_large_image\" \/>\n<meta name=\"twitter:label1\" content=\"Written by\" \/>\n\t<meta name=\"twitter:data1\" content=\"admin\" \/>\n\t<meta name=\"twitter:label2\" content=\"Est. reading time\" \/>\n\t<meta name=\"twitter:data2\" content=\"2 minutes\" \/>\n<script type=\"application\/ld+json\" class=\"yoast-schema-graph\">{\"@context\":\"https:\/\/schema.org\",\"@graph\":[{\"@type\":\"Article\",\"@id\":\"https:\/\/www.prijedordanas.com\/?p=139098#article\",\"isPartOf\":{\"@id\":\"https:\/\/www.prijedordanas.com\/?p=139098\"},\"author\":{\"name\":\"admin\",\"@id\":\"https:\/\/www.prijedordanas.com\/#\/schema\/person\/4e08ccf29b506ca916ff86d46bb700e6\"},\"headline\":\"Hrabri i humani: Uru\u010dene zahvalnice najboljim policajcima Srpske me\u0111u kojima je i jedan Prijedor\u010danin &#8211; FOTO\",\"datePublished\":\"2019-12-24T19:44:30+00:00\",\"dateModified\":\"2019-12-24T19:44:30+00:00\",\"mainEntityOfPage\":{\"@id\":\"https:\/\/www.prijedordanas.com\/?p=139098\"},\"wordCount\":415,\"publisher\":{\"@id\":\"https:\/\/www.prijedordanas.com\/#organization\"},\"keywords\":[\"hrabrost\",\"policajci\"],\"articleSection\":[\"\u017divot\"],\"inLanguage\":\"en-US\"},{\"@type\":\"WebPage\",\"@id\":\"https:\/\/www.prijedordanas.com\/?p=139098\",\"url\":\"https:\/\/www.prijedordanas.com\/?p=139098\",\"name\":\"Hrabri i humani: Uru\u010dene zahvalnice najboljim policajcima Srpske me\u0111u kojima je i jedan Prijedor\u010danin - FOTO - PrijedorDanas.com - Prijedorski gradski portal\",\"isPartOf\":{\"@id\":\"https:\/\/www.prijedordanas.com\/#website\"},\"datePublished\":\"2019-12-24T19:44:30+00:00\",\"dateModified\":\"2019-12-24T19:44:30+00:00\",\"breadcrumb\":{\"@id\":\"https:\/\/www.prijedordanas.com\/?p=139098#breadcrumb\"},\"inLanguage\":\"en-US\",\"potentialAction\":[{\"@type\":\"ReadAction\",\"target\":[\"https:\/\/www.prijedordanas.com\/?p=139098\"]}]},{\"@type\":\"BreadcrumbList\",\"@id\":\"https:\/\/www.prijedordanas.com\/?p=139098#breadcrumb\",\"itemListElement\":[{\"@type\":\"ListItem\",\"position\":1,\"name\":\"Home\",\"item\":\"https:\/\/www.prijedordanas.com\/\"},{\"@type\":\"ListItem\",\"position\":2,\"name\":\"Hrabri i humani: Uru\u010dene zahvalnice najboljim policajcima Srpske me\u0111u kojima je i jedan Prijedor\u010danin &#8211; FOTO\"}]},{\"@type\":\"WebSite\",\"@id\":\"https:\/\/www.prijedordanas.com\/#website\",\"url\":\"https:\/\/www.prijedordanas.com\/\",\"name\":\"PrijedorDanas.com - Prijedorski gradski portal\",\"description\":\"Portal o doga\u0111anjima u gradu Prijedoru\",\"publisher\":{\"@id\":\"https:\/\/www.prijedordanas.com\/#organization\"},\"potentialAction\":[{\"@type\":\"SearchAction\",\"target\":{\"@type\":\"EntryPoint\",\"urlTemplate\":\"https:\/\/www.prijedordanas.com\/?s={search_term_string}\"},\"query-input\":\"required name=search_term_string\"}],\"inLanguage\":\"en-US\"},{\"@type\":\"Organization\",\"@id\":\"https:\/\/www.prijedordanas.com\/#organization\",\"name\":\"PrijedorDanas.com\",\"url\":\"https:\/\/www.prijedordanas.com\/\",\"logo\":{\"@type\":\"ImageObject\",\"inLanguage\":\"en-US\",\"@id\":\"https:\/\/www.prijedordanas.com\/#\/schema\/logo\/image\/\",\"url\":\"http:\/\/www.prijedordanas.com\/wp-content\/uploads\/2021\/12\/logopng.png\",\"contentUrl\":\"http:\/\/www.prijedordanas.com\/wp-content\/uploads\/2021\/12\/logopng.png\",\"width\":1019,\"height\":776,\"caption\":\"PrijedorDanas.com\"},\"image\":{\"@id\":\"https:\/\/www.prijedordanas.com\/#\/schema\/logo\/image\/\"},\"sameAs\":[\"https:\/\/www.facebook.com\/PrijedorDanasCom\/\"]},{\"@type\":\"Person\",\"@id\":\"https:\/\/www.prijedordanas.com\/#\/schema\/person\/4e08ccf29b506ca916ff86d46bb700e6\",\"name\":\"admin\",\"image\":{\"@type\":\"ImageObject\",\"inLanguage\":\"en-US\",\"@id\":\"https:\/\/www.prijedordanas.com\/#\/schema\/person\/image\/\",\"url\":\"https:\/\/secure.gravatar.com\/avatar\/1d3fc949d550f0b53a5f0d51e06dfd79?s=96&d=mm&r=g\",\"contentUrl\":\"https:\/\/secure.gravatar.com\/avatar\/1d3fc949d550f0b53a5f0d51e06dfd79?s=96&d=mm&r=g\",\"caption\":\"admin\"},\"url\":\"https:\/\/www.prijedordanas.com\/?author=1\"}]}<\/script>\n<!-- \/ Yoast SEO plugin. -->","yoast_head_json":{"title":"Hrabri i humani: Uru\u010dene zahvalnice najboljim policajcima Srpske me\u0111u kojima je i jedan Prijedor\u010danin - FOTO - PrijedorDanas.com - Prijedorski gradski portal","robots":{"index":"index","follow":"follow","max-snippet":"max-snippet:-1","max-image-preview":"max-image-preview:large","max-video-preview":"max-video-preview:-1"},"canonical":"https:\/\/www.prijedordanas.com\/?p=139098","og_locale":"en_US","og_type":"article","og_title":"Hrabri i humani: Uru\u010dene zahvalnice najboljim policajcima Srpske me\u0111u kojima je i jedan Prijedor\u010danin - FOTO - PrijedorDanas.com - Prijedorski gradski portal","og_description":"Ministar unutra\u0161njih poslova Republike Srpske Dragan Luka\u010d uru\u010dio je zahvalnice policijskim slu\u017ebenicima koji su u ovoj godini iskazali zavidan stepen profesionalnosti, humanosti i hrabrosti u obavljanju du\u017enosti. Ovo je nastavak [&hellip;]","og_url":"https:\/\/www.prijedordanas.com\/?p=139098","og_site_name":"PrijedorDanas.com - Prijedorski gradski portal","article_publisher":"https:\/\/www.facebook.com\/PrijedorDanasCom\/","article_published_time":"2019-12-24T19:44:30+00:00","og_image":[{"url":"https:\/\/www.prijedordanas.com\/wp-content\/uploads\/2019\/12\/mup-rs-zahvalnice-hrabri-policajci-1-273x300.jpg"}],"author":"admin","twitter_card":"summary_large_image","twitter_misc":{"Written by":"admin","Est. reading time":"2 minutes"},"schema":{"@context":"https:\/\/schema.org","@graph":[{"@type":"Article","@id":"https:\/\/www.prijedordanas.com\/?p=139098#article","isPartOf":{"@id":"https:\/\/www.prijedordanas.com\/?p=139098"},"author":{"name":"admin","@id":"https:\/\/www.prijedordanas.com\/#\/schema\/person\/4e08ccf29b506ca916ff86d46bb700e6"},"headline":"Hrabri i humani: Uru\u010dene zahvalnice najboljim policajcima Srpske me\u0111u kojima je i jedan Prijedor\u010danin &#8211; FOTO","datePublished":"2019-12-24T19:44:30+00:00","dateModified":"2019-12-24T19:44:30+00:00","mainEntityOfPage":{"@id":"https:\/\/www.prijedordanas.com\/?p=139098"},"wordCount":415,"publisher":{"@id":"https:\/\/www.prijedordanas.com\/#organization"},"keywords":["hrabrost","policajci"],"articleSection":["\u017divot"],"inLanguage":"en-US"},{"@type":"WebPage","@id":"https:\/\/www.prijedordanas.com\/?p=139098","url":"https:\/\/www.prijedordanas.com\/?p=139098","name":"Hrabri i humani: Uru\u010dene zahvalnice najboljim policajcima Srpske me\u0111u kojima je i jedan Prijedor\u010danin - FOTO - PrijedorDanas.com - Prijedorski gradski portal","isPartOf":{"@id":"https:\/\/www.prijedordanas.com\/#website"},"datePublished":"2019-12-24T19:44:30+00:00","dateModified":"2019-12-24T19:44:30+00:00","breadcrumb":{"@id":"https:\/\/www.prijedordanas.com\/?p=139098#breadcrumb"},"inLanguage":"en-US","potentialAction":[{"@type":"ReadAction","target":["https:\/\/www.prijedordanas.com\/?p=139098"]}]},{"@type":"BreadcrumbList","@id":"https:\/\/www.prijedordanas.com\/?p=139098#breadcrumb","itemListElement":[{"@type":"ListItem","position":1,"name":"Home","item":"https:\/\/www.prijedordanas.com\/"},{"@type":"ListItem","position":2,"name":"Hrabri i humani: Uru\u010dene zahvalnice najboljim policajcima Srpske me\u0111u kojima je i jedan Prijedor\u010danin &#8211; FOTO"}]},{"@type":"WebSite","@id":"https:\/\/www.prijedordanas.com\/#website","url":"https:\/\/www.prijedordanas.com\/","name":"PrijedorDanas.com - Prijedorski gradski portal","description":"Portal o doga\u0111anjima u gradu Prijedoru","publisher":{"@id":"https:\/\/www.prijedordanas.com\/#organization"},"potentialAction":[{"@type":"SearchAction","target":{"@type":"EntryPoint","urlTemplate":"https:\/\/www.prijedordanas.com\/?s={search_term_string}"},"query-input":"required name=search_term_string"}],"inLanguage":"en-US"},{"@type":"Organization","@id":"https:\/\/www.prijedordanas.com\/#organization","name":"PrijedorDanas.com","url":"https:\/\/www.prijedordanas.com\/","logo":{"@type":"ImageObject","inLanguage":"en-US","@id":"https:\/\/www.prijedordanas.com\/#\/schema\/logo\/image\/","url":"http:\/\/www.prijedordanas.com\/wp-content\/uploads\/2021\/12\/logopng.png","contentUrl":"http:\/\/www.prijedordanas.com\/wp-content\/uploads\/2021\/12\/logopng.png","width":1019,"height":776,"caption":"PrijedorDanas.com"},"image":{"@id":"https:\/\/www.prijedordanas.com\/#\/schema\/logo\/image\/"},"sameAs":["https:\/\/www.facebook.com\/PrijedorDanasCom\/"]},{"@type":"Person","@id":"https:\/\/www.prijedordanas.com\/#\/schema\/person\/4e08ccf29b506ca916ff86d46bb700e6","name":"admin","image":{"@type":"ImageObject","inLanguage":"en-US","@id":"https:\/\/www.prijedordanas.com\/#\/schema\/person\/image\/","url":"https:\/\/secure.gravatar.com\/avatar\/1d3fc949d550f0b53a5f0d51e06dfd79?s=96&d=mm&r=g","contentUrl":"https:\/\/secure.gravatar.com\/avatar\/1d3fc949d550f0b53a5f0d51e06dfd79?s=96&d=mm&r=g","caption":"admin"},"url":"https:\/\/www.prijedordanas.com\/?author=1"}]}},"_links":{"self":[{"href":"https:\/\/www.prijedordanas.com\/index.php?rest_route=\/wp\/v2\/posts\/139098"}],"collection":[{"href":"https:\/\/www.prijedordanas.com\/index.php?rest_route=\/wp\/v2\/posts"}],"about":[{"href":"https:\/\/www.prijedordanas.com\/index.php?rest_route=\/wp\/v2\/types\/post"}],"author":[{"embeddable":true,"href":"https:\/\/www.prijedordanas.com\/index.php?rest_route=\/wp\/v2\/users\/1"}],"replies":[{"embeddable":true,"href":"https:\/\/www.prijedordanas.com\/index.php?rest_route=%2Fwp%2Fv2%2Fcomments&post=139098"}],"version-history":[{"count":1,"href":"https:\/\/www.prijedordanas.com\/index.php?rest_route=\/wp\/v2\/posts\/139098\/revisions"}],"predecessor-version":[{"id":139103,"href":"https:\/\/www.prijedordanas.com\/index.php?rest_route=\/wp\/v2\/posts\/139098\/revisions\/139103"}],"wp:attachment":[{"href":"https:\/\/www.prijedordanas.com\/index.php?rest_route=%2Fwp%2Fv2%2Fmedia&parent=139098"}],"wp:term":[{"taxonomy":"category","embeddable":true,"href":"https:\/\/www.prijedordanas.com\/index.php?rest_route=%2Fwp%2Fv2%2Fcategories&post=139098"},{"taxonomy":"post_tag","embeddable":true,"href":"https:\/\/www.prijedordanas.com\/index.php?rest_route=%2Fwp%2Fv2%2Ftags&post=139098"}],"curies":[{"name":"wp","href":"https:\/\/api.w.org\/{rel}","templated":true}]}}