{"id":138849,"date":"2019-12-20T10:47:38","date_gmt":"2019-12-20T09:47:38","guid":{"rendered":"https:\/\/www.prijedordanas.com\/?p=138849"},"modified":"2019-12-20T10:47:38","modified_gmt":"2019-12-20T09:47:38","slug":"koliko-se-muslimana-borilo-za-srpsku-video","status":"publish","type":"post","link":"https:\/\/www.prijedordanas.com\/?p=138849","title":{"rendered":"Koliko se muslimana borilo za Srpsku? &#8211; VIDEO"},"content":{"rendered":"<p><a href=\"https:\/\/www.prijedordanas.com\/wp-content\/uploads\/2019\/12\/rtrs-vrs-muslimani-bosnjaci-1.jpg\"><img loading=\"lazy\" decoding=\"async\" class=\"alignleft size-medium wp-image-138850\" src=\"https:\/\/www.prijedordanas.com\/wp-content\/uploads\/2019\/12\/rtrs-vrs-muslimani-bosnjaci-1-300x217.jpg\" alt=\"\" width=\"300\" height=\"217\" srcset=\"https:\/\/www.prijedordanas.com\/wp-content\/uploads\/2019\/12\/rtrs-vrs-muslimani-bosnjaci-1-300x217.jpg 300w, https:\/\/www.prijedordanas.com\/wp-content\/uploads\/2019\/12\/rtrs-vrs-muslimani-bosnjaci-1.jpg 690w\" sizes=\"(max-width: 300px) 100vw, 300px\" \/><\/a>Danas se malo govori u u\u010de\u0161\u0107u i broju Bo\u0161njaka, Hrvata i ostalih koji nisu srpske nacionalnosti, u Vojsci Republike Srpske, a bilo ih je u iznena\u0111uju\u0107e velikom broju.<\/p>\n<p>Njihov motiv da se dobrovoljno svrstaju u redove Vojske Republike Srpske uglavnom je bio da ostanu i sa\u010duvaju svoja ognji\u0161ta.<\/p>\n<p>Me\u0111utim, rijetki o tome \u017eele da javno govore, do\u017eivljavaju neugodnosti od sunarodnika upravo zbog pripadnosti srpskoj vojsci.<\/p>\n<p>Istovremeno, propagandna ma\u0161inerija u Federaciji ne propu\u0161ta priliku da maksimalno promovi\u0161e u\u010de\u0161\u0107e pojedinih Srba u redovima tzv. ARBiH \u017eele\u0107i da joj pripi\u0161u multinacionalni karakter.<\/p>\n<p>Sabahudin Kajdi\u0107 bio je pripadnik 43. motorizovane prijedorske brigade Vojske Republike Srpske.<\/p>\n<p>Otad\u017ebinski rat proveo je na rati\u0161tu.<\/p>\n<p>Ne \u017eali jer je Republika Srpska njegova domovina.<\/p>\n<p>RTRS<\/p>\n<div style=\"width: 640px;\" class=\"wp-video\"><!--[if lt IE 9]><script>document.createElement('video');<\/script><![endif]-->\n<video class=\"wp-video-shortcode\" id=\"video-138849-1\" width=\"640\" height=\"360\" preload=\"metadata\" controls=\"controls\"><source type=\"video\/mp4\" src=\"https:\/\/arh1.rtrs.tv\/arhiva\/2019\/12\/19\/19_12_2019_pehat_xtxvb_live_7TF.mp4?_=1\" \/><a href=\"https:\/\/arh1.rtrs.tv\/arhiva\/2019\/12\/19\/19_12_2019_pehat_xtxvb_live_7TF.mp4\">https:\/\/arh1.rtrs.tv\/arhiva\/2019\/12\/19\/19_12_2019_pehat_xtxvb_live_7TF.mp4<\/a><\/video><\/div>\n<p><a href=\"https:\/\/www.prijedordanas.com\/wp-content\/uploads\/2019\/12\/rtrs-vrs-muslimani-bosnjaci-2.jpg\"><img loading=\"lazy\" decoding=\"async\" src=\"https:\/\/www.prijedordanas.com\/wp-content\/uploads\/2019\/12\/rtrs-vrs-muslimani-bosnjaci-2-300x233.jpg\" alt=\"\" width=\"300\" height=\"233\" class=\"alignleft size-medium wp-image-138851\" srcset=\"https:\/\/www.prijedordanas.com\/wp-content\/uploads\/2019\/12\/rtrs-vrs-muslimani-bosnjaci-2-300x233.jpg 300w, https:\/\/www.prijedordanas.com\/wp-content\/uploads\/2019\/12\/rtrs-vrs-muslimani-bosnjaci-2.jpg 645w\" sizes=\"(max-width: 300px) 100vw, 300px\" \/><\/a><\/p>\n","protected":false},"excerpt":{"rendered":"<p>Danas se malo govori u u\u010de\u0161\u0107u i broju Bo\u0161njaka, Hrvata i ostalih koji nisu srpske nacionalnosti, u Vojsci Republike Srpske, a bilo ih je u iznena\u0111uju\u0107e velikom broju. Njihov motiv [&hellip;]<\/p>\n","protected":false},"author":1,"featured_media":0,"comment_status":"closed","ping_status":"open","sticky":false,"template":"","format":"standard","meta":{"_monsterinsights_skip_tracking":false,"_monsterinsights_sitenote_active":false,"_monsterinsights_sitenote_note":"","_monsterinsights_sitenote_category":0,"footnotes":""},"categories":[3],"tags":[11020],"yoast_head":"<!-- This site is optimized with the Yoast SEO plugin v21.6 - https:\/\/yoast.com\/wordpress\/plugins\/seo\/ -->\n<title>Koliko se muslimana borilo za Srpsku? - VIDEO - PrijedorDanas.com - Prijedorski gradski portal<\/title>\n<meta name=\"robots\" content=\"index, follow, max-snippet:-1, max-image-preview:large, max-video-preview:-1\" \/>\n<link rel=\"canonical\" href=\"https:\/\/www.prijedordanas.com\/?p=138849\" \/>\n<meta property=\"og:locale\" content=\"en_US\" \/>\n<meta property=\"og:type\" content=\"article\" \/>\n<meta property=\"og:title\" content=\"Koliko se muslimana borilo za Srpsku? - VIDEO - PrijedorDanas.com - Prijedorski gradski portal\" \/>\n<meta property=\"og:description\" content=\"Danas se malo govori u u\u010de\u0161\u0107u i broju Bo\u0161njaka, Hrvata i ostalih koji nisu srpske nacionalnosti, u Vojsci Republike Srpske, a bilo ih je u iznena\u0111uju\u0107e velikom broju. Njihov motiv [&hellip;]\" \/>\n<meta property=\"og:url\" content=\"https:\/\/www.prijedordanas.com\/?p=138849\" \/>\n<meta property=\"og:site_name\" content=\"PrijedorDanas.com - Prijedorski gradski portal\" \/>\n<meta property=\"article:publisher\" content=\"https:\/\/www.facebook.com\/PrijedorDanasCom\/\" \/>\n<meta property=\"article:published_time\" content=\"2019-12-20T09:47:38+00:00\" \/>\n<meta property=\"og:image\" content=\"https:\/\/www.prijedordanas.com\/wp-content\/uploads\/2019\/12\/rtrs-vrs-muslimani-bosnjaci-1-300x217.jpg\" \/>\n<meta name=\"author\" content=\"admin\" \/>\n<meta name=\"twitter:card\" content=\"summary_large_image\" \/>\n<meta name=\"twitter:label1\" content=\"Written by\" \/>\n\t<meta name=\"twitter:data1\" content=\"admin\" \/>\n\t<meta name=\"twitter:label2\" content=\"Est. reading time\" \/>\n\t<meta name=\"twitter:data2\" content=\"1 minute\" \/>\n<script type=\"application\/ld+json\" class=\"yoast-schema-graph\">{\"@context\":\"https:\/\/schema.org\",\"@graph\":[{\"@type\":\"Article\",\"@id\":\"https:\/\/www.prijedordanas.com\/?p=138849#article\",\"isPartOf\":{\"@id\":\"https:\/\/www.prijedordanas.com\/?p=138849\"},\"author\":{\"name\":\"admin\",\"@id\":\"https:\/\/www.prijedordanas.com\/#\/schema\/person\/4e08ccf29b506ca916ff86d46bb700e6\"},\"headline\":\"Koliko se muslimana borilo za Srpsku? &#8211; VIDEO\",\"datePublished\":\"2019-12-20T09:47:38+00:00\",\"dateModified\":\"2019-12-20T09:47:38+00:00\",\"mainEntityOfPage\":{\"@id\":\"https:\/\/www.prijedordanas.com\/?p=138849\"},\"wordCount\":151,\"publisher\":{\"@id\":\"https:\/\/www.prijedordanas.com\/#organization\"},\"keywords\":[\"Vojska Republike Srpske\"],\"articleSection\":[\"\u017divot\"],\"inLanguage\":\"en-US\"},{\"@type\":\"WebPage\",\"@id\":\"https:\/\/www.prijedordanas.com\/?p=138849\",\"url\":\"https:\/\/www.prijedordanas.com\/?p=138849\",\"name\":\"Koliko se muslimana borilo za Srpsku? - VIDEO - PrijedorDanas.com - Prijedorski gradski portal\",\"isPartOf\":{\"@id\":\"https:\/\/www.prijedordanas.com\/#website\"},\"datePublished\":\"2019-12-20T09:47:38+00:00\",\"dateModified\":\"2019-12-20T09:47:38+00:00\",\"breadcrumb\":{\"@id\":\"https:\/\/www.prijedordanas.com\/?p=138849#breadcrumb\"},\"inLanguage\":\"en-US\",\"potentialAction\":[{\"@type\":\"ReadAction\",\"target\":[\"https:\/\/www.prijedordanas.com\/?p=138849\"]}]},{\"@type\":\"BreadcrumbList\",\"@id\":\"https:\/\/www.prijedordanas.com\/?p=138849#breadcrumb\",\"itemListElement\":[{\"@type\":\"ListItem\",\"position\":1,\"name\":\"Home\",\"item\":\"https:\/\/www.prijedordanas.com\/\"},{\"@type\":\"ListItem\",\"position\":2,\"name\":\"Koliko se muslimana borilo za Srpsku? &#8211; VIDEO\"}]},{\"@type\":\"WebSite\",\"@id\":\"https:\/\/www.prijedordanas.com\/#website\",\"url\":\"https:\/\/www.prijedordanas.com\/\",\"name\":\"PrijedorDanas.com - Prijedorski gradski portal\",\"description\":\"Portal o doga\u0111anjima u gradu Prijedoru\",\"publisher\":{\"@id\":\"https:\/\/www.prijedordanas.com\/#organization\"},\"potentialAction\":[{\"@type\":\"SearchAction\",\"target\":{\"@type\":\"EntryPoint\",\"urlTemplate\":\"https:\/\/www.prijedordanas.com\/?s={search_term_string}\"},\"query-input\":\"required name=search_term_string\"}],\"inLanguage\":\"en-US\"},{\"@type\":\"Organization\",\"@id\":\"https:\/\/www.prijedordanas.com\/#organization\",\"name\":\"PrijedorDanas.com\",\"url\":\"https:\/\/www.prijedordanas.com\/\",\"logo\":{\"@type\":\"ImageObject\",\"inLanguage\":\"en-US\",\"@id\":\"https:\/\/www.prijedordanas.com\/#\/schema\/logo\/image\/\",\"url\":\"http:\/\/www.prijedordanas.com\/wp-content\/uploads\/2021\/12\/logopng.png\",\"contentUrl\":\"http:\/\/www.prijedordanas.com\/wp-content\/uploads\/2021\/12\/logopng.png\",\"width\":1019,\"height\":776,\"caption\":\"PrijedorDanas.com\"},\"image\":{\"@id\":\"https:\/\/www.prijedordanas.com\/#\/schema\/logo\/image\/\"},\"sameAs\":[\"https:\/\/www.facebook.com\/PrijedorDanasCom\/\"]},{\"@type\":\"Person\",\"@id\":\"https:\/\/www.prijedordanas.com\/#\/schema\/person\/4e08ccf29b506ca916ff86d46bb700e6\",\"name\":\"admin\",\"image\":{\"@type\":\"ImageObject\",\"inLanguage\":\"en-US\",\"@id\":\"https:\/\/www.prijedordanas.com\/#\/schema\/person\/image\/\",\"url\":\"https:\/\/secure.gravatar.com\/avatar\/1d3fc949d550f0b53a5f0d51e06dfd79?s=96&d=mm&r=g\",\"contentUrl\":\"https:\/\/secure.gravatar.com\/avatar\/1d3fc949d550f0b53a5f0d51e06dfd79?s=96&d=mm&r=g\",\"caption\":\"admin\"},\"url\":\"https:\/\/www.prijedordanas.com\/?author=1\"}]}<\/script>\n<!-- \/ Yoast SEO plugin. -->","yoast_head_json":{"title":"Koliko se muslimana borilo za Srpsku? - VIDEO - PrijedorDanas.com - Prijedorski gradski portal","robots":{"index":"index","follow":"follow","max-snippet":"max-snippet:-1","max-image-preview":"max-image-preview:large","max-video-preview":"max-video-preview:-1"},"canonical":"https:\/\/www.prijedordanas.com\/?p=138849","og_locale":"en_US","og_type":"article","og_title":"Koliko se muslimana borilo za Srpsku? - VIDEO - PrijedorDanas.com - Prijedorski gradski portal","og_description":"Danas se malo govori u u\u010de\u0161\u0107u i broju Bo\u0161njaka, Hrvata i ostalih koji nisu srpske nacionalnosti, u Vojsci Republike Srpske, a bilo ih je u iznena\u0111uju\u0107e velikom broju. Njihov motiv [&hellip;]","og_url":"https:\/\/www.prijedordanas.com\/?p=138849","og_site_name":"PrijedorDanas.com - Prijedorski gradski portal","article_publisher":"https:\/\/www.facebook.com\/PrijedorDanasCom\/","article_published_time":"2019-12-20T09:47:38+00:00","og_image":[{"url":"https:\/\/www.prijedordanas.com\/wp-content\/uploads\/2019\/12\/rtrs-vrs-muslimani-bosnjaci-1-300x217.jpg"}],"author":"admin","twitter_card":"summary_large_image","twitter_misc":{"Written by":"admin","Est. reading time":"1 minute"},"schema":{"@context":"https:\/\/schema.org","@graph":[{"@type":"Article","@id":"https:\/\/www.prijedordanas.com\/?p=138849#article","isPartOf":{"@id":"https:\/\/www.prijedordanas.com\/?p=138849"},"author":{"name":"admin","@id":"https:\/\/www.prijedordanas.com\/#\/schema\/person\/4e08ccf29b506ca916ff86d46bb700e6"},"headline":"Koliko se muslimana borilo za Srpsku? &#8211; VIDEO","datePublished":"2019-12-20T09:47:38+00:00","dateModified":"2019-12-20T09:47:38+00:00","mainEntityOfPage":{"@id":"https:\/\/www.prijedordanas.com\/?p=138849"},"wordCount":151,"publisher":{"@id":"https:\/\/www.prijedordanas.com\/#organization"},"keywords":["Vojska Republike Srpske"],"articleSection":["\u017divot"],"inLanguage":"en-US"},{"@type":"WebPage","@id":"https:\/\/www.prijedordanas.com\/?p=138849","url":"https:\/\/www.prijedordanas.com\/?p=138849","name":"Koliko se muslimana borilo za Srpsku? - VIDEO - PrijedorDanas.com - Prijedorski gradski portal","isPartOf":{"@id":"https:\/\/www.prijedordanas.com\/#website"},"datePublished":"2019-12-20T09:47:38+00:00","dateModified":"2019-12-20T09:47:38+00:00","breadcrumb":{"@id":"https:\/\/www.prijedordanas.com\/?p=138849#breadcrumb"},"inLanguage":"en-US","potentialAction":[{"@type":"ReadAction","target":["https:\/\/www.prijedordanas.com\/?p=138849"]}]},{"@type":"BreadcrumbList","@id":"https:\/\/www.prijedordanas.com\/?p=138849#breadcrumb","itemListElement":[{"@type":"ListItem","position":1,"name":"Home","item":"https:\/\/www.prijedordanas.com\/"},{"@type":"ListItem","position":2,"name":"Koliko se muslimana borilo za Srpsku? &#8211; VIDEO"}]},{"@type":"WebSite","@id":"https:\/\/www.prijedordanas.com\/#website","url":"https:\/\/www.prijedordanas.com\/","name":"PrijedorDanas.com - Prijedorski gradski portal","description":"Portal o doga\u0111anjima u gradu Prijedoru","publisher":{"@id":"https:\/\/www.prijedordanas.com\/#organization"},"potentialAction":[{"@type":"SearchAction","target":{"@type":"EntryPoint","urlTemplate":"https:\/\/www.prijedordanas.com\/?s={search_term_string}"},"query-input":"required name=search_term_string"}],"inLanguage":"en-US"},{"@type":"Organization","@id":"https:\/\/www.prijedordanas.com\/#organization","name":"PrijedorDanas.com","url":"https:\/\/www.prijedordanas.com\/","logo":{"@type":"ImageObject","inLanguage":"en-US","@id":"https:\/\/www.prijedordanas.com\/#\/schema\/logo\/image\/","url":"http:\/\/www.prijedordanas.com\/wp-content\/uploads\/2021\/12\/logopng.png","contentUrl":"http:\/\/www.prijedordanas.com\/wp-content\/uploads\/2021\/12\/logopng.png","width":1019,"height":776,"caption":"PrijedorDanas.com"},"image":{"@id":"https:\/\/www.prijedordanas.com\/#\/schema\/logo\/image\/"},"sameAs":["https:\/\/www.facebook.com\/PrijedorDanasCom\/"]},{"@type":"Person","@id":"https:\/\/www.prijedordanas.com\/#\/schema\/person\/4e08ccf29b506ca916ff86d46bb700e6","name":"admin","image":{"@type":"ImageObject","inLanguage":"en-US","@id":"https:\/\/www.prijedordanas.com\/#\/schema\/person\/image\/","url":"https:\/\/secure.gravatar.com\/avatar\/1d3fc949d550f0b53a5f0d51e06dfd79?s=96&d=mm&r=g","contentUrl":"https:\/\/secure.gravatar.com\/avatar\/1d3fc949d550f0b53a5f0d51e06dfd79?s=96&d=mm&r=g","caption":"admin"},"url":"https:\/\/www.prijedordanas.com\/?author=1"}]}},"_links":{"self":[{"href":"https:\/\/www.prijedordanas.com\/index.php?rest_route=\/wp\/v2\/posts\/138849"}],"collection":[{"href":"https:\/\/www.prijedordanas.com\/index.php?rest_route=\/wp\/v2\/posts"}],"about":[{"href":"https:\/\/www.prijedordanas.com\/index.php?rest_route=\/wp\/v2\/types\/post"}],"author":[{"embeddable":true,"href":"https:\/\/www.prijedordanas.com\/index.php?rest_route=\/wp\/v2\/users\/1"}],"replies":[{"embeddable":true,"href":"https:\/\/www.prijedordanas.com\/index.php?rest_route=%2Fwp%2Fv2%2Fcomments&post=138849"}],"version-history":[{"count":1,"href":"https:\/\/www.prijedordanas.com\/index.php?rest_route=\/wp\/v2\/posts\/138849\/revisions"}],"predecessor-version":[{"id":138852,"href":"https:\/\/www.prijedordanas.com\/index.php?rest_route=\/wp\/v2\/posts\/138849\/revisions\/138852"}],"wp:attachment":[{"href":"https:\/\/www.prijedordanas.com\/index.php?rest_route=%2Fwp%2Fv2%2Fmedia&parent=138849"}],"wp:term":[{"taxonomy":"category","embeddable":true,"href":"https:\/\/www.prijedordanas.com\/index.php?rest_route=%2Fwp%2Fv2%2Fcategories&post=138849"},{"taxonomy":"post_tag","embeddable":true,"href":"https:\/\/www.prijedordanas.com\/index.php?rest_route=%2Fwp%2Fv2%2Ftags&post=138849"}],"curies":[{"name":"wp","href":"https:\/\/api.w.org\/{rel}","templated":true}]}}