{"id":138553,"date":"2019-12-15T21:08:34","date_gmt":"2019-12-15T20:08:34","guid":{"rendered":"https:\/\/www.prijedordanas.com\/?p=138553"},"modified":"2019-12-15T21:08:34","modified_gmt":"2019-12-15T20:08:34","slug":"prijedor-modno-scenski-performans-jedan-zivot-a-stotinu-prica-izazvao-buru-emocija-u-publici-foto","status":"publish","type":"post","link":"https:\/\/www.prijedordanas.com\/?p=138553","title":{"rendered":"Prijedor: Modno scenski performans &#8220;Jedan \u017eivot a stotinu pri\u010da&#8221; izazvao buru emocija u publici &#8211; FOTO"},"content":{"rendered":"<p><a href=\"https:\/\/www.prijedordanas.com\/wp-content\/uploads\/2019\/12\/jedan-zivot-a-stotinu-prica-1.jpg\"><img loading=\"lazy\" decoding=\"async\" class=\"alignleft size-medium wp-image-138556\" src=\"https:\/\/www.prijedordanas.com\/wp-content\/uploads\/2019\/12\/jedan-zivot-a-stotinu-prica-1-300x217.jpg\" alt=\"\" width=\"300\" height=\"217\" srcset=\"https:\/\/www.prijedordanas.com\/wp-content\/uploads\/2019\/12\/jedan-zivot-a-stotinu-prica-1-300x217.jpg 300w, https:\/\/www.prijedordanas.com\/wp-content\/uploads\/2019\/12\/jedan-zivot-a-stotinu-prica-1.jpg 690w\" sizes=\"(max-width: 300px) 100vw, 300px\" \/><\/a>Modno scenski performans &#8220;Jedan \u017eivot a stotinu pri\u010da&#8221; izazvao je danas buru emocija me\u0111u publikom prisutnom u sali prijedorskog kina &#8220;Kozara.<\/p>\n<p>Autorka teksta, koreografija, organizatorka Jelena Govedarica odr\u017eala je svoj 60. autorski projekat.<\/p>\n<p>Smjenjivale su se suze, aplauzi, radost na licima, kako posjetilaca tako i u\u010desnika.<\/p>\n<p>-Ovaj projekat sa djecom ometenom u razvoju gdje kroz gluma\u010dki scenario prepri\u010davam \u017eivot majke i djeteta ometenog u razvoju izazvao je toliko emocija da sam pod velikim utiskom. Pri\u010da je ulogom glumice Mirele Predojevi\u0107 i moje malenkosti gradirana od samog saznanja da se dobija dijete ometeno u razvoju, do pogleda okoline, odnosa ljekara, sredine prema majci i djetetu. Veoma emotivna i potresna pri\u010da u kojoj je donosena pri\u010da iz 30 autenti\u010dnih iskustava i intervjua koje sam obavila sa porodicama djece ometene u razvoju. \u010cinjenica je da nije lako i da treba puno unutra\u0161nje snage da jedna \u017eena pretvori svoju neda\u0107u u \u017eivotnu inspiraciju i herojsku pri\u010du &#8211; ka\u017ee Govedarica.<\/p>\n<p><a href=\"https:\/\/www.prijedordanas.com\/wp-content\/uploads\/2019\/12\/jedan-zivot-a-stotinu-prica-2.jpg\"><img loading=\"lazy\" decoding=\"async\" class=\"alignleft size-medium wp-image-138557\" src=\"https:\/\/www.prijedordanas.com\/wp-content\/uploads\/2019\/12\/jedan-zivot-a-stotinu-prica-2-300x217.jpg\" alt=\"\" width=\"300\" height=\"217\" srcset=\"https:\/\/www.prijedordanas.com\/wp-content\/uploads\/2019\/12\/jedan-zivot-a-stotinu-prica-2-300x217.jpg 300w, https:\/\/www.prijedordanas.com\/wp-content\/uploads\/2019\/12\/jedan-zivot-a-stotinu-prica-2.jpg 690w\" sizes=\"(max-width: 300px) 100vw, 300px\" \/><\/a>Ona dodaje da se odlu\u010dila da oca predstavi kao nekoga ko je bezuslovna podr\u0161ka i ljubav za majku i dete ali i scenarijom pobila \u010dinjenicu da se \u017eena uvijek krivi \u0161to je rodila takvo dijete.<\/p>\n<p>-U ovom scenariju, ona je za svog mu\u017ea heroina. Na\u017ealost, kroz iskustva koja sam \u010dula, obi\u010dno su pri\u010de bile druga\u010dije, gdje su mu\u0161karci ti koji napu\u0161taju takav brak i tra\u017ee zonu komfora. Vesna Beri\u0107 kojoj sam posvetila performans bila je vidno potresena, ali iskreno plakala sam i ja, u\u0161la sam u njen lik maksimalno. Veoma su potresne scene kad Jelena, o kojoj smo pri\u010dali u predstavi, gubi bitku za \u017eivot. Presretna sam. Ve\u010deras sam \u010dula 100 puta &#8220;Jelena hvala ti, volim te&#8221;, od djece koju smo nagradili poklonima &#8211; istakla je Govedarica.<\/p>\n<p>Osim &#8220;Models by Jelena Govedarica&#8221;, u projektu su akteri djeca ometena u razvoju Udru\u017eenja &#8220;Neven&#8221; iz Priejdora, njih 12 koji skupa imaju preko 90 dijagnoza.<\/p>\n<p><a href=\"https:\/\/www.prijedordanas.com\/wp-content\/uploads\/2019\/12\/jedan-zivot-a-stotinu-prica-3.jpg\"><img loading=\"lazy\" decoding=\"async\" class=\"alignleft size-medium wp-image-138558\" src=\"https:\/\/www.prijedordanas.com\/wp-content\/uploads\/2019\/12\/jedan-zivot-a-stotinu-prica-3-300x200.jpg\" alt=\"\" width=\"300\" height=\"200\" srcset=\"https:\/\/www.prijedordanas.com\/wp-content\/uploads\/2019\/12\/jedan-zivot-a-stotinu-prica-3-300x200.jpg 300w, https:\/\/www.prijedordanas.com\/wp-content\/uploads\/2019\/12\/jedan-zivot-a-stotinu-prica-3-480x320.jpg 480w, https:\/\/www.prijedordanas.com\/wp-content\/uploads\/2019\/12\/jedan-zivot-a-stotinu-prica-3.jpg 600w\" sizes=\"(max-width: 300px) 100vw, 300px\" \/><\/a>-Oni kroz koreografiju prezentuju svoje emocije, talente i potrebe koje posjeduju kako pojedina\u010dno tako i kolektivno. Ovo je bila tromese\u010dna psiholo\u0161ka radionica za njih gdje su iznijeli gluma\u010dke uloge na zavidnom nivou i maksimalno prihvatili projekat. Radili smo posve\u0107eno svake subote po dba sata i uspjeli uvje\u017ebati performans koji djeluje nestvarno &#8211; naglasila je autorka.<\/p>\n<p>Vidno dirnuta svime \u0161to je vidjela u Priejdoru, dizajnerka Belma Deliba\u0161i\u0107 iz Kaknja se zahvalila na pozivu organizatorki i predstavila kolekciju &#8220;Odva\u017ena \u017eena&#8221; dok je Tina Gegi\u0107 iz Novog Sada predstavila &#8220;Glamur Las Vegasa&#8221;.<\/p>\n<p>Glumica Mirela Predojevi\u0107 poru\u010dila je djeci iz &#8220;Nevena&#8221; da su oni od sada njeni drugari i izjavila da je ovo divan na\u010din ukazivanja na inkluziju u praksi.<\/p>\n<p>Jelena Govedarica se na kraju zahvalila Gradu Prijedoru na podr\u0161ci, Salonu &#8220;Lady Di&#8221;, Slasti\u010darni &#8220;Minja&#8221;, Hotelu &#8220;Staccato&#8221;, motelu &#8220;Le Pont&#8221;, Butiku &#8220;Look&#8221;, Miki Maus bendu te Domu za stara lica &#8220;Zlatni Lug&#8221; Derventa.<\/p>\n<p>Priredio &#8211; <a href=\"https:\/\/www.prijedordanas.com\" target=\"_blank\" rel=\"noopener noreferrer\">www.prijedordanas.com<\/a><\/p>\n<p><a href=\"https:\/\/www.prijedordanas.com\/wp-content\/uploads\/2019\/12\/jedan-zivot-a-stotinu-prica-5.jpg\"><img loading=\"lazy\" decoding=\"async\" class=\"alignleft size-medium wp-image-138559\" src=\"https:\/\/www.prijedordanas.com\/wp-content\/uploads\/2019\/12\/jedan-zivot-a-stotinu-prica-5-300x200.jpg\" alt=\"\" width=\"300\" height=\"200\" srcset=\"https:\/\/www.prijedordanas.com\/wp-content\/uploads\/2019\/12\/jedan-zivot-a-stotinu-prica-5-300x200.jpg 300w, https:\/\/www.prijedordanas.com\/wp-content\/uploads\/2019\/12\/jedan-zivot-a-stotinu-prica-5-480x320.jpg 480w, https:\/\/www.prijedordanas.com\/wp-content\/uploads\/2019\/12\/jedan-zivot-a-stotinu-prica-5.jpg 600w\" sizes=\"(max-width: 300px) 100vw, 300px\" \/><\/a> <a href=\"https:\/\/www.prijedordanas.com\/wp-content\/uploads\/2019\/12\/jedan-zivot-a-stotinu-prica-7.jpg\"><img loading=\"lazy\" decoding=\"async\" class=\"alignleft size-medium wp-image-138560\" src=\"https:\/\/www.prijedordanas.com\/wp-content\/uploads\/2019\/12\/jedan-zivot-a-stotinu-prica-7-300x200.jpg\" alt=\"\" width=\"300\" height=\"200\" srcset=\"https:\/\/www.prijedordanas.com\/wp-content\/uploads\/2019\/12\/jedan-zivot-a-stotinu-prica-7-300x200.jpg 300w, https:\/\/www.prijedordanas.com\/wp-content\/uploads\/2019\/12\/jedan-zivot-a-stotinu-prica-7-480x320.jpg 480w, https:\/\/www.prijedordanas.com\/wp-content\/uploads\/2019\/12\/jedan-zivot-a-stotinu-prica-7.jpg 600w\" sizes=\"(max-width: 300px) 100vw, 300px\" \/><\/a> <a href=\"https:\/\/www.prijedordanas.com\/wp-content\/uploads\/2019\/12\/jedan-zivot-a-stotinu-prica-6.jpg\"><img loading=\"lazy\" decoding=\"async\" class=\"alignleft size-medium wp-image-138561\" src=\"https:\/\/www.prijedordanas.com\/wp-content\/uploads\/2019\/12\/jedan-zivot-a-stotinu-prica-6-300x200.jpg\" alt=\"\" width=\"300\" height=\"200\" srcset=\"https:\/\/www.prijedordanas.com\/wp-content\/uploads\/2019\/12\/jedan-zivot-a-stotinu-prica-6-300x200.jpg 300w, https:\/\/www.prijedordanas.com\/wp-content\/uploads\/2019\/12\/jedan-zivot-a-stotinu-prica-6-480x320.jpg 480w, https:\/\/www.prijedordanas.com\/wp-content\/uploads\/2019\/12\/jedan-zivot-a-stotinu-prica-6.jpg 600w\" sizes=\"(max-width: 300px) 100vw, 300px\" \/><\/a> <a href=\"https:\/\/www.prijedordanas.com\/wp-content\/uploads\/2019\/12\/jedan-zivot-a-stotinu-prica-4.jpg\"><img loading=\"lazy\" decoding=\"async\" class=\"alignleft size-medium wp-image-138562\" src=\"https:\/\/www.prijedordanas.com\/wp-content\/uploads\/2019\/12\/jedan-zivot-a-stotinu-prica-4-300x200.jpg\" alt=\"\" width=\"300\" height=\"200\" srcset=\"https:\/\/www.prijedordanas.com\/wp-content\/uploads\/2019\/12\/jedan-zivot-a-stotinu-prica-4-300x200.jpg 300w, https:\/\/www.prijedordanas.com\/wp-content\/uploads\/2019\/12\/jedan-zivot-a-stotinu-prica-4-480x320.jpg 480w, https:\/\/www.prijedordanas.com\/wp-content\/uploads\/2019\/12\/jedan-zivot-a-stotinu-prica-4.jpg 600w\" sizes=\"(max-width: 300px) 100vw, 300px\" \/><\/a> <a href=\"https:\/\/www.prijedordanas.com\/wp-content\/uploads\/2019\/12\/jedan-zivot-a-stotinu-prica-8.jpg\"><img loading=\"lazy\" decoding=\"async\" class=\"alignleft size-medium wp-image-138563\" src=\"https:\/\/www.prijedordanas.com\/wp-content\/uploads\/2019\/12\/jedan-zivot-a-stotinu-prica-8-300x200.jpg\" alt=\"\" width=\"300\" height=\"200\" srcset=\"https:\/\/www.prijedordanas.com\/wp-content\/uploads\/2019\/12\/jedan-zivot-a-stotinu-prica-8-300x200.jpg 300w, https:\/\/www.prijedordanas.com\/wp-content\/uploads\/2019\/12\/jedan-zivot-a-stotinu-prica-8-480x320.jpg 480w, https:\/\/www.prijedordanas.com\/wp-content\/uploads\/2019\/12\/jedan-zivot-a-stotinu-prica-8.jpg 600w\" sizes=\"(max-width: 300px) 100vw, 300px\" \/><\/a> <a href=\"https:\/\/www.prijedordanas.com\/wp-content\/uploads\/2019\/12\/jedan-zivot-a-stotinu-prica-9.jpg\"><img loading=\"lazy\" decoding=\"async\" class=\"alignleft size-medium wp-image-138564\" src=\"https:\/\/www.prijedordanas.com\/wp-content\/uploads\/2019\/12\/jedan-zivot-a-stotinu-prica-9-300x200.jpg\" alt=\"\" width=\"300\" height=\"200\" srcset=\"https:\/\/www.prijedordanas.com\/wp-content\/uploads\/2019\/12\/jedan-zivot-a-stotinu-prica-9-300x200.jpg 300w, https:\/\/www.prijedordanas.com\/wp-content\/uploads\/2019\/12\/jedan-zivot-a-stotinu-prica-9-480x320.jpg 480w, https:\/\/www.prijedordanas.com\/wp-content\/uploads\/2019\/12\/jedan-zivot-a-stotinu-prica-9.jpg 600w\" sizes=\"(max-width: 300px) 100vw, 300px\" \/><\/a> <a href=\"https:\/\/www.prijedordanas.com\/wp-content\/uploads\/2019\/12\/jedan-zivot-a-stotinu-prica-14.jpg\"><img loading=\"lazy\" decoding=\"async\" class=\"alignleft size-medium wp-image-138565\" src=\"https:\/\/www.prijedordanas.com\/wp-content\/uploads\/2019\/12\/jedan-zivot-a-stotinu-prica-14-300x200.jpg\" alt=\"\" width=\"300\" height=\"200\" srcset=\"https:\/\/www.prijedordanas.com\/wp-content\/uploads\/2019\/12\/jedan-zivot-a-stotinu-prica-14-300x200.jpg 300w, https:\/\/www.prijedordanas.com\/wp-content\/uploads\/2019\/12\/jedan-zivot-a-stotinu-prica-14-480x320.jpg 480w, https:\/\/www.prijedordanas.com\/wp-content\/uploads\/2019\/12\/jedan-zivot-a-stotinu-prica-14.jpg 600w\" sizes=\"(max-width: 300px) 100vw, 300px\" \/><\/a> <a href=\"https:\/\/www.prijedordanas.com\/wp-content\/uploads\/2019\/12\/jedan-zivot-a-stotinu-prica-11.jpg\"><img loading=\"lazy\" decoding=\"async\" class=\"alignleft size-medium wp-image-138566\" src=\"https:\/\/www.prijedordanas.com\/wp-content\/uploads\/2019\/12\/jedan-zivot-a-stotinu-prica-11-300x200.jpg\" alt=\"\" width=\"300\" height=\"200\" srcset=\"https:\/\/www.prijedordanas.com\/wp-content\/uploads\/2019\/12\/jedan-zivot-a-stotinu-prica-11-300x200.jpg 300w, https:\/\/www.prijedordanas.com\/wp-content\/uploads\/2019\/12\/jedan-zivot-a-stotinu-prica-11-480x320.jpg 480w, https:\/\/www.prijedordanas.com\/wp-content\/uploads\/2019\/12\/jedan-zivot-a-stotinu-prica-11.jpg 600w\" sizes=\"(max-width: 300px) 100vw, 300px\" \/><\/a> <a href=\"https:\/\/www.prijedordanas.com\/wp-content\/uploads\/2019\/12\/jedan-zivot-a-stotinu-prica-10.jpg\"><img loading=\"lazy\" decoding=\"async\" class=\"alignleft size-medium wp-image-138567\" src=\"https:\/\/www.prijedordanas.com\/wp-content\/uploads\/2019\/12\/jedan-zivot-a-stotinu-prica-10-300x200.jpg\" alt=\"\" width=\"300\" height=\"200\" srcset=\"https:\/\/www.prijedordanas.com\/wp-content\/uploads\/2019\/12\/jedan-zivot-a-stotinu-prica-10-300x200.jpg 300w, https:\/\/www.prijedordanas.com\/wp-content\/uploads\/2019\/12\/jedan-zivot-a-stotinu-prica-10-480x320.jpg 480w, https:\/\/www.prijedordanas.com\/wp-content\/uploads\/2019\/12\/jedan-zivot-a-stotinu-prica-10.jpg 600w\" sizes=\"(max-width: 300px) 100vw, 300px\" \/><\/a> <a href=\"https:\/\/www.prijedordanas.com\/wp-content\/uploads\/2019\/12\/jedan-zivot-a-stotinu-prica-12.jpg\"><img loading=\"lazy\" decoding=\"async\" class=\"alignleft size-medium wp-image-138568\" src=\"https:\/\/www.prijedordanas.com\/wp-content\/uploads\/2019\/12\/jedan-zivot-a-stotinu-prica-12-300x200.jpg\" alt=\"\" width=\"300\" height=\"200\" srcset=\"https:\/\/www.prijedordanas.com\/wp-content\/uploads\/2019\/12\/jedan-zivot-a-stotinu-prica-12-300x200.jpg 300w, https:\/\/www.prijedordanas.com\/wp-content\/uploads\/2019\/12\/jedan-zivot-a-stotinu-prica-12-480x320.jpg 480w, https:\/\/www.prijedordanas.com\/wp-content\/uploads\/2019\/12\/jedan-zivot-a-stotinu-prica-12.jpg 600w\" sizes=\"(max-width: 300px) 100vw, 300px\" \/><\/a> <a href=\"https:\/\/www.prijedordanas.com\/wp-content\/uploads\/2019\/12\/jedan-zivot-a-stotinu-prica-13.jpg\"><img loading=\"lazy\" decoding=\"async\" class=\"alignleft size-medium wp-image-138569\" src=\"https:\/\/www.prijedordanas.com\/wp-content\/uploads\/2019\/12\/jedan-zivot-a-stotinu-prica-13-300x200.jpg\" alt=\"\" width=\"300\" height=\"200\" srcset=\"https:\/\/www.prijedordanas.com\/wp-content\/uploads\/2019\/12\/jedan-zivot-a-stotinu-prica-13-300x200.jpg 300w, https:\/\/www.prijedordanas.com\/wp-content\/uploads\/2019\/12\/jedan-zivot-a-stotinu-prica-13-480x320.jpg 480w, https:\/\/www.prijedordanas.com\/wp-content\/uploads\/2019\/12\/jedan-zivot-a-stotinu-prica-13.jpg 600w\" sizes=\"(max-width: 300px) 100vw, 300px\" \/><\/a> <a href=\"https:\/\/www.prijedordanas.com\/wp-content\/uploads\/2019\/12\/jedan-zivot-a-stotinu-prica-15.jpg\"><img loading=\"lazy\" decoding=\"async\" class=\"alignleft size-medium wp-image-138570\" src=\"https:\/\/www.prijedordanas.com\/wp-content\/uploads\/2019\/12\/jedan-zivot-a-stotinu-prica-15-300x200.jpg\" alt=\"\" width=\"300\" height=\"200\" srcset=\"https:\/\/www.prijedordanas.com\/wp-content\/uploads\/2019\/12\/jedan-zivot-a-stotinu-prica-15-300x200.jpg 300w, https:\/\/www.prijedordanas.com\/wp-content\/uploads\/2019\/12\/jedan-zivot-a-stotinu-prica-15-480x320.jpg 480w, https:\/\/www.prijedordanas.com\/wp-content\/uploads\/2019\/12\/jedan-zivot-a-stotinu-prica-15.jpg 600w\" sizes=\"(max-width: 300px) 100vw, 300px\" \/><\/a> <a href=\"https:\/\/www.prijedordanas.com\/wp-content\/uploads\/2019\/12\/jedan-zivot-a-stotinu-prica-17.jpg\"><img loading=\"lazy\" decoding=\"async\" src=\"https:\/\/www.prijedordanas.com\/wp-content\/uploads\/2019\/12\/jedan-zivot-a-stotinu-prica-17-200x300.jpg\" alt=\"\" width=\"200\" height=\"300\" class=\"alignleft size-medium wp-image-138571\" srcset=\"https:\/\/www.prijedordanas.com\/wp-content\/uploads\/2019\/12\/jedan-zivot-a-stotinu-prica-17-200x300.jpg 200w, https:\/\/www.prijedordanas.com\/wp-content\/uploads\/2019\/12\/jedan-zivot-a-stotinu-prica-17.jpg 400w\" sizes=\"(max-width: 200px) 100vw, 200px\" \/><\/a> <a href=\"https:\/\/www.prijedordanas.com\/wp-content\/uploads\/2019\/12\/jedan-zivot-a-stotinu-prica-16.jpg\"><img loading=\"lazy\" decoding=\"async\" src=\"https:\/\/www.prijedordanas.com\/wp-content\/uploads\/2019\/12\/jedan-zivot-a-stotinu-prica-16-300x200.jpg\" alt=\"\" width=\"300\" height=\"200\" class=\"alignleft size-medium wp-image-138572\" srcset=\"https:\/\/www.prijedordanas.com\/wp-content\/uploads\/2019\/12\/jedan-zivot-a-stotinu-prica-16-300x200.jpg 300w, https:\/\/www.prijedordanas.com\/wp-content\/uploads\/2019\/12\/jedan-zivot-a-stotinu-prica-16-480x320.jpg 480w, https:\/\/www.prijedordanas.com\/wp-content\/uploads\/2019\/12\/jedan-zivot-a-stotinu-prica-16.jpg 600w\" sizes=\"(max-width: 300px) 100vw, 300px\" \/><\/a><\/p>\n","protected":false},"excerpt":{"rendered":"<p>Modno scenski performans &#8220;Jedan \u017eivot a stotinu pri\u010da&#8221; izazvao je danas buru emocija me\u0111u publikom prisutnom u sali prijedorskog kina &#8220;Kozara. Autorka teksta, koreografija, organizatorka Jelena Govedarica odr\u017eala je svoj [&hellip;]<\/p>\n","protected":false},"author":1,"featured_media":0,"comment_status":"closed","ping_status":"open","sticky":false,"template":"","format":"standard","meta":{"_monsterinsights_skip_tracking":false,"_monsterinsights_sitenote_active":false,"_monsterinsights_sitenote_note":"","_monsterinsights_sitenote_category":0,"footnotes":""},"categories":[4,7515],"tags":[11011,831],"yoast_head":"<!-- This site is optimized with the Yoast SEO plugin v21.6 - https:\/\/yoast.com\/wordpress\/plugins\/seo\/ -->\n<title>Prijedor: Modno scenski performans &quot;Jedan \u017eivot a stotinu pri\u010da&quot; izazvao buru emocija u publici - FOTO - PrijedorDanas.com - Prijedorski gradski portal<\/title>\n<meta name=\"robots\" content=\"index, follow, max-snippet:-1, max-image-preview:large, max-video-preview:-1\" \/>\n<link rel=\"canonical\" href=\"https:\/\/www.prijedordanas.com\/?p=138553\" \/>\n<meta property=\"og:locale\" content=\"en_US\" \/>\n<meta property=\"og:type\" content=\"article\" \/>\n<meta property=\"og:title\" content=\"Prijedor: Modno scenski performans &quot;Jedan \u017eivot a stotinu pri\u010da&quot; izazvao buru emocija u publici - FOTO - PrijedorDanas.com - Prijedorski gradski portal\" \/>\n<meta property=\"og:description\" content=\"Modno scenski performans &#8220;Jedan \u017eivot a stotinu pri\u010da&#8221; izazvao je danas buru emocija me\u0111u publikom prisutnom u sali prijedorskog kina &#8220;Kozara. Autorka teksta, koreografija, organizatorka Jelena Govedarica odr\u017eala je svoj [&hellip;]\" \/>\n<meta property=\"og:url\" content=\"https:\/\/www.prijedordanas.com\/?p=138553\" \/>\n<meta property=\"og:site_name\" content=\"PrijedorDanas.com - Prijedorski gradski portal\" \/>\n<meta property=\"article:publisher\" content=\"https:\/\/www.facebook.com\/PrijedorDanasCom\/\" \/>\n<meta property=\"article:published_time\" content=\"2019-12-15T20:08:34+00:00\" \/>\n<meta property=\"og:image\" content=\"https:\/\/www.prijedordanas.com\/wp-content\/uploads\/2019\/12\/jedan-zivot-a-stotinu-prica-1-300x217.jpg\" \/>\n<meta name=\"author\" content=\"admin\" \/>\n<meta name=\"twitter:card\" content=\"summary_large_image\" \/>\n<meta name=\"twitter:label1\" content=\"Written by\" \/>\n\t<meta name=\"twitter:data1\" content=\"admin\" \/>\n\t<meta name=\"twitter:label2\" content=\"Est. reading time\" \/>\n\t<meta name=\"twitter:data2\" content=\"2 minutes\" \/>\n<script type=\"application\/ld+json\" class=\"yoast-schema-graph\">{\"@context\":\"https:\/\/schema.org\",\"@graph\":[{\"@type\":\"Article\",\"@id\":\"https:\/\/www.prijedordanas.com\/?p=138553#article\",\"isPartOf\":{\"@id\":\"https:\/\/www.prijedordanas.com\/?p=138553\"},\"author\":{\"name\":\"admin\",\"@id\":\"https:\/\/www.prijedordanas.com\/#\/schema\/person\/4e08ccf29b506ca916ff86d46bb700e6\"},\"headline\":\"Prijedor: Modno scenski performans &#8220;Jedan \u017eivot a stotinu pri\u010da&#8221; izazvao buru emocija u publici &#8211; FOTO\",\"datePublished\":\"2019-12-15T20:08:34+00:00\",\"dateModified\":\"2019-12-15T20:08:34+00:00\",\"mainEntityOfPage\":{\"@id\":\"https:\/\/www.prijedordanas.com\/?p=138553\"},\"wordCount\":513,\"publisher\":{\"@id\":\"https:\/\/www.prijedordanas.com\/#organization\"},\"keywords\":[\"Jedan \u017eivot a stotinu pri\u010da\",\"Jelena Govedarica\"],\"articleSection\":[\"Dru\u0161tvo\",\"Foto dana\"],\"inLanguage\":\"en-US\"},{\"@type\":\"WebPage\",\"@id\":\"https:\/\/www.prijedordanas.com\/?p=138553\",\"url\":\"https:\/\/www.prijedordanas.com\/?p=138553\",\"name\":\"Prijedor: Modno scenski performans \\\"Jedan \u017eivot a stotinu pri\u010da\\\" izazvao buru emocija u publici - FOTO - PrijedorDanas.com - Prijedorski gradski portal\",\"isPartOf\":{\"@id\":\"https:\/\/www.prijedordanas.com\/#website\"},\"datePublished\":\"2019-12-15T20:08:34+00:00\",\"dateModified\":\"2019-12-15T20:08:34+00:00\",\"breadcrumb\":{\"@id\":\"https:\/\/www.prijedordanas.com\/?p=138553#breadcrumb\"},\"inLanguage\":\"en-US\",\"potentialAction\":[{\"@type\":\"ReadAction\",\"target\":[\"https:\/\/www.prijedordanas.com\/?p=138553\"]}]},{\"@type\":\"BreadcrumbList\",\"@id\":\"https:\/\/www.prijedordanas.com\/?p=138553#breadcrumb\",\"itemListElement\":[{\"@type\":\"ListItem\",\"position\":1,\"name\":\"Home\",\"item\":\"https:\/\/www.prijedordanas.com\/\"},{\"@type\":\"ListItem\",\"position\":2,\"name\":\"Prijedor: Modno scenski performans &#8220;Jedan \u017eivot a stotinu pri\u010da&#8221; izazvao buru emocija u publici &#8211; FOTO\"}]},{\"@type\":\"WebSite\",\"@id\":\"https:\/\/www.prijedordanas.com\/#website\",\"url\":\"https:\/\/www.prijedordanas.com\/\",\"name\":\"PrijedorDanas.com - Prijedorski gradski portal\",\"description\":\"Portal o doga\u0111anjima u gradu Prijedoru\",\"publisher\":{\"@id\":\"https:\/\/www.prijedordanas.com\/#organization\"},\"potentialAction\":[{\"@type\":\"SearchAction\",\"target\":{\"@type\":\"EntryPoint\",\"urlTemplate\":\"https:\/\/www.prijedordanas.com\/?s={search_term_string}\"},\"query-input\":\"required name=search_term_string\"}],\"inLanguage\":\"en-US\"},{\"@type\":\"Organization\",\"@id\":\"https:\/\/www.prijedordanas.com\/#organization\",\"name\":\"PrijedorDanas.com\",\"url\":\"https:\/\/www.prijedordanas.com\/\",\"logo\":{\"@type\":\"ImageObject\",\"inLanguage\":\"en-US\",\"@id\":\"https:\/\/www.prijedordanas.com\/#\/schema\/logo\/image\/\",\"url\":\"http:\/\/www.prijedordanas.com\/wp-content\/uploads\/2021\/12\/logopng.png\",\"contentUrl\":\"http:\/\/www.prijedordanas.com\/wp-content\/uploads\/2021\/12\/logopng.png\",\"width\":1019,\"height\":776,\"caption\":\"PrijedorDanas.com\"},\"image\":{\"@id\":\"https:\/\/www.prijedordanas.com\/#\/schema\/logo\/image\/\"},\"sameAs\":[\"https:\/\/www.facebook.com\/PrijedorDanasCom\/\"]},{\"@type\":\"Person\",\"@id\":\"https:\/\/www.prijedordanas.com\/#\/schema\/person\/4e08ccf29b506ca916ff86d46bb700e6\",\"name\":\"admin\",\"image\":{\"@type\":\"ImageObject\",\"inLanguage\":\"en-US\",\"@id\":\"https:\/\/www.prijedordanas.com\/#\/schema\/person\/image\/\",\"url\":\"https:\/\/secure.gravatar.com\/avatar\/1d3fc949d550f0b53a5f0d51e06dfd79?s=96&d=mm&r=g\",\"contentUrl\":\"https:\/\/secure.gravatar.com\/avatar\/1d3fc949d550f0b53a5f0d51e06dfd79?s=96&d=mm&r=g\",\"caption\":\"admin\"},\"url\":\"https:\/\/www.prijedordanas.com\/?author=1\"}]}<\/script>\n<!-- \/ Yoast SEO plugin. -->","yoast_head_json":{"title":"Prijedor: Modno scenski performans \"Jedan \u017eivot a stotinu pri\u010da\" izazvao buru emocija u publici - FOTO - PrijedorDanas.com - Prijedorski gradski portal","robots":{"index":"index","follow":"follow","max-snippet":"max-snippet:-1","max-image-preview":"max-image-preview:large","max-video-preview":"max-video-preview:-1"},"canonical":"https:\/\/www.prijedordanas.com\/?p=138553","og_locale":"en_US","og_type":"article","og_title":"Prijedor: Modno scenski performans \"Jedan \u017eivot a stotinu pri\u010da\" izazvao buru emocija u publici - FOTO - PrijedorDanas.com - Prijedorski gradski portal","og_description":"Modno scenski performans &#8220;Jedan \u017eivot a stotinu pri\u010da&#8221; izazvao je danas buru emocija me\u0111u publikom prisutnom u sali prijedorskog kina &#8220;Kozara. Autorka teksta, koreografija, organizatorka Jelena Govedarica odr\u017eala je svoj [&hellip;]","og_url":"https:\/\/www.prijedordanas.com\/?p=138553","og_site_name":"PrijedorDanas.com - Prijedorski gradski portal","article_publisher":"https:\/\/www.facebook.com\/PrijedorDanasCom\/","article_published_time":"2019-12-15T20:08:34+00:00","og_image":[{"url":"https:\/\/www.prijedordanas.com\/wp-content\/uploads\/2019\/12\/jedan-zivot-a-stotinu-prica-1-300x217.jpg"}],"author":"admin","twitter_card":"summary_large_image","twitter_misc":{"Written by":"admin","Est. reading time":"2 minutes"},"schema":{"@context":"https:\/\/schema.org","@graph":[{"@type":"Article","@id":"https:\/\/www.prijedordanas.com\/?p=138553#article","isPartOf":{"@id":"https:\/\/www.prijedordanas.com\/?p=138553"},"author":{"name":"admin","@id":"https:\/\/www.prijedordanas.com\/#\/schema\/person\/4e08ccf29b506ca916ff86d46bb700e6"},"headline":"Prijedor: Modno scenski performans &#8220;Jedan \u017eivot a stotinu pri\u010da&#8221; izazvao buru emocija u publici &#8211; FOTO","datePublished":"2019-12-15T20:08:34+00:00","dateModified":"2019-12-15T20:08:34+00:00","mainEntityOfPage":{"@id":"https:\/\/www.prijedordanas.com\/?p=138553"},"wordCount":513,"publisher":{"@id":"https:\/\/www.prijedordanas.com\/#organization"},"keywords":["Jedan \u017eivot a stotinu pri\u010da","Jelena Govedarica"],"articleSection":["Dru\u0161tvo","Foto dana"],"inLanguage":"en-US"},{"@type":"WebPage","@id":"https:\/\/www.prijedordanas.com\/?p=138553","url":"https:\/\/www.prijedordanas.com\/?p=138553","name":"Prijedor: Modno scenski performans \"Jedan \u017eivot a stotinu pri\u010da\" izazvao buru emocija u publici - FOTO - PrijedorDanas.com - Prijedorski gradski portal","isPartOf":{"@id":"https:\/\/www.prijedordanas.com\/#website"},"datePublished":"2019-12-15T20:08:34+00:00","dateModified":"2019-12-15T20:08:34+00:00","breadcrumb":{"@id":"https:\/\/www.prijedordanas.com\/?p=138553#breadcrumb"},"inLanguage":"en-US","potentialAction":[{"@type":"ReadAction","target":["https:\/\/www.prijedordanas.com\/?p=138553"]}]},{"@type":"BreadcrumbList","@id":"https:\/\/www.prijedordanas.com\/?p=138553#breadcrumb","itemListElement":[{"@type":"ListItem","position":1,"name":"Home","item":"https:\/\/www.prijedordanas.com\/"},{"@type":"ListItem","position":2,"name":"Prijedor: Modno scenski performans &#8220;Jedan \u017eivot a stotinu pri\u010da&#8221; izazvao buru emocija u publici &#8211; FOTO"}]},{"@type":"WebSite","@id":"https:\/\/www.prijedordanas.com\/#website","url":"https:\/\/www.prijedordanas.com\/","name":"PrijedorDanas.com - Prijedorski gradski portal","description":"Portal o doga\u0111anjima u gradu Prijedoru","publisher":{"@id":"https:\/\/www.prijedordanas.com\/#organization"},"potentialAction":[{"@type":"SearchAction","target":{"@type":"EntryPoint","urlTemplate":"https:\/\/www.prijedordanas.com\/?s={search_term_string}"},"query-input":"required name=search_term_string"}],"inLanguage":"en-US"},{"@type":"Organization","@id":"https:\/\/www.prijedordanas.com\/#organization","name":"PrijedorDanas.com","url":"https:\/\/www.prijedordanas.com\/","logo":{"@type":"ImageObject","inLanguage":"en-US","@id":"https:\/\/www.prijedordanas.com\/#\/schema\/logo\/image\/","url":"http:\/\/www.prijedordanas.com\/wp-content\/uploads\/2021\/12\/logopng.png","contentUrl":"http:\/\/www.prijedordanas.com\/wp-content\/uploads\/2021\/12\/logopng.png","width":1019,"height":776,"caption":"PrijedorDanas.com"},"image":{"@id":"https:\/\/www.prijedordanas.com\/#\/schema\/logo\/image\/"},"sameAs":["https:\/\/www.facebook.com\/PrijedorDanasCom\/"]},{"@type":"Person","@id":"https:\/\/www.prijedordanas.com\/#\/schema\/person\/4e08ccf29b506ca916ff86d46bb700e6","name":"admin","image":{"@type":"ImageObject","inLanguage":"en-US","@id":"https:\/\/www.prijedordanas.com\/#\/schema\/person\/image\/","url":"https:\/\/secure.gravatar.com\/avatar\/1d3fc949d550f0b53a5f0d51e06dfd79?s=96&d=mm&r=g","contentUrl":"https:\/\/secure.gravatar.com\/avatar\/1d3fc949d550f0b53a5f0d51e06dfd79?s=96&d=mm&r=g","caption":"admin"},"url":"https:\/\/www.prijedordanas.com\/?author=1"}]}},"_links":{"self":[{"href":"https:\/\/www.prijedordanas.com\/index.php?rest_route=\/wp\/v2\/posts\/138553"}],"collection":[{"href":"https:\/\/www.prijedordanas.com\/index.php?rest_route=\/wp\/v2\/posts"}],"about":[{"href":"https:\/\/www.prijedordanas.com\/index.php?rest_route=\/wp\/v2\/types\/post"}],"author":[{"embeddable":true,"href":"https:\/\/www.prijedordanas.com\/index.php?rest_route=\/wp\/v2\/users\/1"}],"replies":[{"embeddable":true,"href":"https:\/\/www.prijedordanas.com\/index.php?rest_route=%2Fwp%2Fv2%2Fcomments&post=138553"}],"version-history":[{"count":2,"href":"https:\/\/www.prijedordanas.com\/index.php?rest_route=\/wp\/v2\/posts\/138553\/revisions"}],"predecessor-version":[{"id":138573,"href":"https:\/\/www.prijedordanas.com\/index.php?rest_route=\/wp\/v2\/posts\/138553\/revisions\/138573"}],"wp:attachment":[{"href":"https:\/\/www.prijedordanas.com\/index.php?rest_route=%2Fwp%2Fv2%2Fmedia&parent=138553"}],"wp:term":[{"taxonomy":"category","embeddable":true,"href":"https:\/\/www.prijedordanas.com\/index.php?rest_route=%2Fwp%2Fv2%2Fcategories&post=138553"},{"taxonomy":"post_tag","embeddable":true,"href":"https:\/\/www.prijedordanas.com\/index.php?rest_route=%2Fwp%2Fv2%2Ftags&post=138553"}],"curies":[{"name":"wp","href":"https:\/\/api.w.org\/{rel}","templated":true}]}}