{"id":138365,"date":"2019-12-12T11:27:45","date_gmt":"2019-12-12T10:27:45","guid":{"rendered":"https:\/\/www.prijedordanas.com\/?p=138365"},"modified":"2019-12-12T11:27:45","modified_gmt":"2019-12-12T10:27:45","slug":"pu-prijedor-pronaden-vozac-koji-se-udaljio-sa-lica-mjesta-saobracajne-nezgode-u-kojoj-je-pjesak-smrtno-stradao","status":"publish","type":"post","link":"https:\/\/www.prijedordanas.com\/?p=138365","title":{"rendered":"PU Prijedor: Prona\u0111en voza\u010d koji se udaljio sa lica mjesta saobra\u0107ajne nezgode u kojoj je pje\u0161ak smrtno stradao"},"content":{"rendered":"<p><a href=\"https:\/\/www.prijedordanas.com\/wp-content\/uploads\/2019\/12\/pu-prijedor-pres-decembar-2019.jpg\"><img loading=\"lazy\" decoding=\"async\" src=\"https:\/\/www.prijedordanas.com\/wp-content\/uploads\/2019\/12\/pu-prijedor-pres-decembar-2019-300x235.jpg\" alt=\"\" width=\"300\" height=\"235\" class=\"alignleft size-medium wp-image-138366\" srcset=\"https:\/\/www.prijedordanas.com\/wp-content\/uploads\/2019\/12\/pu-prijedor-pres-decembar-2019-300x235.jpg 300w, https:\/\/www.prijedordanas.com\/wp-content\/uploads\/2019\/12\/pu-prijedor-pres-decembar-2019.jpg 637w\" sizes=\"(max-width: 300px) 100vw, 300px\" \/><\/a>Na redovnoj konferenciji za novinare koja je danas, 12.12.2019. godine, odr\u017eana u Policijskoj upravi Prijedor rezultate radaza mjesec novembar teku\u0107e godine prezentovali su na\u010delnik Policijske uprave Prijedor Sretoja Vujanovi\u0107, na\u010delnik Sektora kriminalisti\u010dke policije Goran Mikanovi\u0107 i na\u010delnik Sektora policije Mario Mila\u0161in.<\/p>\n<p>U uvodnom obra\u0107anju na\u010delnik Vujanovi\u0107 je naveo da je na operativnom podru\u010dju Policijske uprave Prijedor odr\u017eano zadovoljavaju\u0107estanje bezbjednosti.<\/p>\n<p>Procenat rasvijetljenosti krivi\u010dnih djela po nepoznatom izvr\u0161iocu iznosi 63% dok ukupna rasvijetljenost iznosi 82%.<\/p>\n<p>Ovom prilikom je rekao da su u mjesecu novembru evidentirana 83 krivi\u010dna djela ili za 9% vi\u0161e u odnosu na isti period prethodne godine. Iz oblasti imovinskih delikata evidentirano je 51 krivi\u010dno djelo ili za 50% vi\u0161e a pove\u0107an je broj izvr\u0161enih krivi\u010dnih djela te\u0161ka kra\u0111a i kra\u0111a. Tako\u0111e je naveo da je u ovoj oblasti do\u0161lo do pove\u0107anja procenta rasvjetljenosti ovih krivi\u010dnih djela u odnosu na uporedni period prethodne godine.<\/p>\n<p>Tokom proteklog mjeseca ukupno su evidentirana i kontrolisana 53 migranta  a koji su zate\u010deni na podru\u010dju grada Prijedora, Kozarske Dubice i Kostajnice.<\/p>\n<p>U oblasti bezbjednosti saobra\u0107aja evidentirano je pove\u0107anje broja saobra\u0107ajnih nezgoda. Ovom prilikom je naveo da je u novembru na podru\u010dju Kozarske Dubice evidentirana jedna saobra\u0107ajna nezgoda sa smrtno stradalim licem. U ovoj saobra\u0107ajnoj nezgodi pje\u0161ak je zadobio te\u0161ke tjelesne povrede usljed kojih je preminuo dok se voza\u010d udaljio sa lica mjesta. Istog dana na osnovu operativnog rada, policijski slu\u017ebenici identifikovali su i li\u0161ili slobode voza\u010da koji je u\u010destvovao u saobra\u0107ajnoj nezgodi, nakon \u010dega se vozilom udaljio sa lica mjesta nepru\u017eaju\u0107i pomo\u0107 povrije\u0111enom licu.           <\/p>\n<p>Imaju\u0107i u vidu da su predstoje\u0107i novogodi\u0161nji i bo\u017ei\u0107ni praznici period kada se mo\u017ee o\u010dekivati poja\u010dana upotreba pirotehni\u010dkih sredstava i nezakonita upotreba oru\u017eja, ova Uprava, organizuje niz aktivnosti koje prvenstveno imaju za cilj podizanje dru\u0161tvene svijesti o opasnostima i posljedicama upotrebe pirotehni\u010dkih sredstava i nezakonite upotrebe vatrenog oru\u017eja.<\/p>\n<p>Ovom prilikom apelovao je na gra\u0111ane da se iz bezbjednosnih razloga tokom predstoje\u0107ih praznika suzdr\u017ee od nezakonite upotrebe vatrenog oru\u017eja i pirotehni\u010dkih sredstava kao i upotrebe alkohola prilikom u\u010destovanja u saobra\u0107aju ili boravka na javnim mjestima, kako ne bi ugrozili sebe i druge ili se doveli u situaciju da alkohol bude uzrok sukoba ili drugih ne\u017eeljenih posljedica.<\/p>\n<p>Na\u010delnik Mikanovi\u0107 je naveo da je novembru evidentirano 71 krivi\u010dno djelo iz oblasti op\u0161teg kriminaliteta, \u0161est privrednog kriminaliteta, \u010detiri iz oblasti zloupotrebe opojnih droga, te dvakrivi\u010dna djela iz oblasti bezbjednosti saobra\u0107aja.<\/p>\n<p>Od ukupnog broja evidentiranih KD 41 je po\u010dinjeno od strane nepoznatog izvr\u0161ioca, a rasvjetljeno ih je 26. Nadle\u017enom tu\u017eila\u0161tvu  podnesen je 81 izvje\u0161taj protiv 64 lica, od kojih su 26 povratnici u vr\u0161enju krivi\u010dnih djela a evidentiran je i jedan maloljetni izvr\u0161ilac. Iz oblasti op\u0161teg kriminaliteta 41 KD je po\u010dinjeno od strane nepoznatog po\u010dinioca. Iz oblasti imovinskih delikat najve\u0107i dio odnosi na kra\u0111e  18, te\u0161ke kra\u0111e 14 i prevare osam. Kra\u0111a i te\u0161kih kra\u0111a je evidentirano za 13 vi\u0161e u odnosu na isti period pro\u0161le godine ali je ovaj trend pove\u0107anja pratio i odgovaraju\u0107i  procenat rasvjetljenosti ovih KD po NN izvr\u0161iocu od 62,5 %.<\/p>\n<p>Iz oblasti privrednog kriminaliteta evidentirano je \u0161est KD a pri\u010dinjena materijalna \u0161teta nastala izvr\u0161enjem ovih djela iznosi oko 47.000 KM dok protivpravno ste\u010dena imovinska korist iznosi oko 90.000 KM.<\/p>\n<p>U izvje\u0161tajnom periodu iz oblasti zloupotrebe opojnih droga nadle\u017enom tu\u017eila\u0161tvu su podnesena \u010detiri  izvje\u0161taja o po\u010dinjenim KD a  nadle\u017enom sudu su podnesena dva zahtjeva za pokretanje prekr\u0161ajnog postupka protiv lica koja su po\u010dinila prekr\u0161aje iz ove oblasti.<\/p>\n<p>Na\u010delnik Mila\u0161in je naveo da je tokom novembra, ukupno evidentirana 24 naru\u0161avanja javnog reda i mira i 34 prekr\u0161aja iz ove oblasti.    <\/p>\n<p>Po strukturi prekr\u0161aja najvi\u0161e prekr\u0161aja je po\u010dinjeno tu\u010dom i fizi\u010dkim napadom, \u0161to predstavalja oko 30% od ukupnog broja  prekr\u0161aja JRiM. Prijavljen je jedan maloljetnik kao po\u010dinilac prekr\u0161aja, dok je broj povratnika u vr\u0161enju prekr\u0161aja smanjen za 17 %.<\/p>\n<p>Nije bilo naru\u0161avanja javnog reda i mira u ve\u0107em obimu a stanje u ovoj oblasti ocijenio je kao stabino.<\/p>\n<p>Evidentirane su 94 saobra\u0107ajne nezgode od \u010dega jedna saobra\u0107ajna nezgoda u kojoj je smrtno stradao pje\u0161ak.<\/p>\n<p>U oblasti bezbjednosti saobra\u0107aja u mjesecu novembru 2019. godine,  ukupno je evidentirano 2619 prekr\u0161aja ili 30% vi\u0161e u odnosu na uporedni period. Iz saobra\u0107aja je isklju\u010deno 98 vozila kao i 333 voza\u010da od kojih najve\u0107i broj (286) zbog upravljanja pod uticajem alkohola. <\/p>\n<p>PU Prijedor<\/p>\n","protected":false},"excerpt":{"rendered":"<p>Na redovnoj konferenciji za novinare koja je danas, 12.12.2019. godine, odr\u017eana u Policijskoj upravi Prijedor rezultate radaza mjesec novembar teku\u0107e godine prezentovali su na\u010delnik Policijske uprave Prijedor Sretoja Vujanovi\u0107, na\u010delnik [&hellip;]<\/p>\n","protected":false},"author":1,"featured_media":0,"comment_status":"closed","ping_status":"open","sticky":false,"template":"","format":"standard","meta":{"_monsterinsights_skip_tracking":false,"_monsterinsights_sitenote_active":false,"_monsterinsights_sitenote_note":"","_monsterinsights_sitenote_category":0,"footnotes":""},"categories":[5],"tags":[9834],"yoast_head":"<!-- This site is optimized with the Yoast SEO plugin v21.6 - https:\/\/yoast.com\/wordpress\/plugins\/seo\/ -->\n<title>PU Prijedor: Prona\u0111en voza\u010d koji se udaljio sa lica mjesta saobra\u0107ajne nezgode u kojoj je pje\u0161ak smrtno stradao - PrijedorDanas.com - Prijedorski gradski portal<\/title>\n<meta name=\"robots\" content=\"index, follow, max-snippet:-1, max-image-preview:large, max-video-preview:-1\" \/>\n<link rel=\"canonical\" href=\"https:\/\/www.prijedordanas.com\/?p=138365\" \/>\n<meta property=\"og:locale\" content=\"en_US\" \/>\n<meta property=\"og:type\" content=\"article\" \/>\n<meta property=\"og:title\" content=\"PU Prijedor: Prona\u0111en voza\u010d koji se udaljio sa lica mjesta saobra\u0107ajne nezgode u kojoj je pje\u0161ak smrtno stradao - PrijedorDanas.com - Prijedorski gradski portal\" \/>\n<meta property=\"og:description\" content=\"Na redovnoj konferenciji za novinare koja je danas, 12.12.2019. godine, odr\u017eana u Policijskoj upravi Prijedor rezultate radaza mjesec novembar teku\u0107e godine prezentovali su na\u010delnik Policijske uprave Prijedor Sretoja Vujanovi\u0107, na\u010delnik [&hellip;]\" \/>\n<meta property=\"og:url\" content=\"https:\/\/www.prijedordanas.com\/?p=138365\" \/>\n<meta property=\"og:site_name\" content=\"PrijedorDanas.com - Prijedorski gradski portal\" \/>\n<meta property=\"article:publisher\" content=\"https:\/\/www.facebook.com\/PrijedorDanasCom\/\" \/>\n<meta property=\"article:published_time\" content=\"2019-12-12T10:27:45+00:00\" \/>\n<meta property=\"og:image\" content=\"https:\/\/www.prijedordanas.com\/wp-content\/uploads\/2019\/12\/pu-prijedor-pres-decembar-2019-300x235.jpg\" \/>\n<meta name=\"author\" content=\"admin\" \/>\n<meta name=\"twitter:card\" content=\"summary_large_image\" \/>\n<meta name=\"twitter:label1\" content=\"Written by\" \/>\n\t<meta name=\"twitter:data1\" content=\"admin\" \/>\n\t<meta name=\"twitter:label2\" content=\"Est. reading time\" \/>\n\t<meta name=\"twitter:data2\" content=\"4 minutes\" \/>\n<script type=\"application\/ld+json\" class=\"yoast-schema-graph\">{\"@context\":\"https:\/\/schema.org\",\"@graph\":[{\"@type\":\"Article\",\"@id\":\"https:\/\/www.prijedordanas.com\/?p=138365#article\",\"isPartOf\":{\"@id\":\"https:\/\/www.prijedordanas.com\/?p=138365\"},\"author\":{\"name\":\"admin\",\"@id\":\"https:\/\/www.prijedordanas.com\/#\/schema\/person\/4e08ccf29b506ca916ff86d46bb700e6\"},\"headline\":\"PU Prijedor: Prona\u0111en voza\u010d koji se udaljio sa lica mjesta saobra\u0107ajne nezgode u kojoj je pje\u0161ak smrtno stradao\",\"datePublished\":\"2019-12-12T10:27:45+00:00\",\"dateModified\":\"2019-12-12T10:27:45+00:00\",\"mainEntityOfPage\":{\"@id\":\"https:\/\/www.prijedordanas.com\/?p=138365\"},\"wordCount\":817,\"publisher\":{\"@id\":\"https:\/\/www.prijedordanas.com\/#organization\"},\"keywords\":[\"PU Prijedor\"],\"articleSection\":[\"Hronika\"],\"inLanguage\":\"en-US\"},{\"@type\":\"WebPage\",\"@id\":\"https:\/\/www.prijedordanas.com\/?p=138365\",\"url\":\"https:\/\/www.prijedordanas.com\/?p=138365\",\"name\":\"PU Prijedor: Prona\u0111en voza\u010d koji se udaljio sa lica mjesta saobra\u0107ajne nezgode u kojoj je pje\u0161ak smrtno stradao - PrijedorDanas.com - Prijedorski gradski portal\",\"isPartOf\":{\"@id\":\"https:\/\/www.prijedordanas.com\/#website\"},\"datePublished\":\"2019-12-12T10:27:45+00:00\",\"dateModified\":\"2019-12-12T10:27:45+00:00\",\"breadcrumb\":{\"@id\":\"https:\/\/www.prijedordanas.com\/?p=138365#breadcrumb\"},\"inLanguage\":\"en-US\",\"potentialAction\":[{\"@type\":\"ReadAction\",\"target\":[\"https:\/\/www.prijedordanas.com\/?p=138365\"]}]},{\"@type\":\"BreadcrumbList\",\"@id\":\"https:\/\/www.prijedordanas.com\/?p=138365#breadcrumb\",\"itemListElement\":[{\"@type\":\"ListItem\",\"position\":1,\"name\":\"Home\",\"item\":\"https:\/\/www.prijedordanas.com\/\"},{\"@type\":\"ListItem\",\"position\":2,\"name\":\"PU Prijedor: Prona\u0111en voza\u010d koji se udaljio sa lica mjesta saobra\u0107ajne nezgode u kojoj je pje\u0161ak smrtno stradao\"}]},{\"@type\":\"WebSite\",\"@id\":\"https:\/\/www.prijedordanas.com\/#website\",\"url\":\"https:\/\/www.prijedordanas.com\/\",\"name\":\"PrijedorDanas.com - Prijedorski gradski portal\",\"description\":\"Portal o doga\u0111anjima u gradu Prijedoru\",\"publisher\":{\"@id\":\"https:\/\/www.prijedordanas.com\/#organization\"},\"potentialAction\":[{\"@type\":\"SearchAction\",\"target\":{\"@type\":\"EntryPoint\",\"urlTemplate\":\"https:\/\/www.prijedordanas.com\/?s={search_term_string}\"},\"query-input\":\"required name=search_term_string\"}],\"inLanguage\":\"en-US\"},{\"@type\":\"Organization\",\"@id\":\"https:\/\/www.prijedordanas.com\/#organization\",\"name\":\"PrijedorDanas.com\",\"url\":\"https:\/\/www.prijedordanas.com\/\",\"logo\":{\"@type\":\"ImageObject\",\"inLanguage\":\"en-US\",\"@id\":\"https:\/\/www.prijedordanas.com\/#\/schema\/logo\/image\/\",\"url\":\"http:\/\/www.prijedordanas.com\/wp-content\/uploads\/2021\/12\/logopng.png\",\"contentUrl\":\"http:\/\/www.prijedordanas.com\/wp-content\/uploads\/2021\/12\/logopng.png\",\"width\":1019,\"height\":776,\"caption\":\"PrijedorDanas.com\"},\"image\":{\"@id\":\"https:\/\/www.prijedordanas.com\/#\/schema\/logo\/image\/\"},\"sameAs\":[\"https:\/\/www.facebook.com\/PrijedorDanasCom\/\"]},{\"@type\":\"Person\",\"@id\":\"https:\/\/www.prijedordanas.com\/#\/schema\/person\/4e08ccf29b506ca916ff86d46bb700e6\",\"name\":\"admin\",\"image\":{\"@type\":\"ImageObject\",\"inLanguage\":\"en-US\",\"@id\":\"https:\/\/www.prijedordanas.com\/#\/schema\/person\/image\/\",\"url\":\"https:\/\/secure.gravatar.com\/avatar\/1d3fc949d550f0b53a5f0d51e06dfd79?s=96&d=mm&r=g\",\"contentUrl\":\"https:\/\/secure.gravatar.com\/avatar\/1d3fc949d550f0b53a5f0d51e06dfd79?s=96&d=mm&r=g\",\"caption\":\"admin\"},\"url\":\"https:\/\/www.prijedordanas.com\/?author=1\"}]}<\/script>\n<!-- \/ Yoast SEO plugin. -->","yoast_head_json":{"title":"PU Prijedor: Prona\u0111en voza\u010d koji se udaljio sa lica mjesta saobra\u0107ajne nezgode u kojoj je pje\u0161ak smrtno stradao - PrijedorDanas.com - Prijedorski gradski portal","robots":{"index":"index","follow":"follow","max-snippet":"max-snippet:-1","max-image-preview":"max-image-preview:large","max-video-preview":"max-video-preview:-1"},"canonical":"https:\/\/www.prijedordanas.com\/?p=138365","og_locale":"en_US","og_type":"article","og_title":"PU Prijedor: Prona\u0111en voza\u010d koji se udaljio sa lica mjesta saobra\u0107ajne nezgode u kojoj je pje\u0161ak smrtno stradao - PrijedorDanas.com - Prijedorski gradski portal","og_description":"Na redovnoj konferenciji za novinare koja je danas, 12.12.2019. godine, odr\u017eana u Policijskoj upravi Prijedor rezultate radaza mjesec novembar teku\u0107e godine prezentovali su na\u010delnik Policijske uprave Prijedor Sretoja Vujanovi\u0107, na\u010delnik [&hellip;]","og_url":"https:\/\/www.prijedordanas.com\/?p=138365","og_site_name":"PrijedorDanas.com - Prijedorski gradski portal","article_publisher":"https:\/\/www.facebook.com\/PrijedorDanasCom\/","article_published_time":"2019-12-12T10:27:45+00:00","og_image":[{"url":"https:\/\/www.prijedordanas.com\/wp-content\/uploads\/2019\/12\/pu-prijedor-pres-decembar-2019-300x235.jpg"}],"author":"admin","twitter_card":"summary_large_image","twitter_misc":{"Written by":"admin","Est. reading time":"4 minutes"},"schema":{"@context":"https:\/\/schema.org","@graph":[{"@type":"Article","@id":"https:\/\/www.prijedordanas.com\/?p=138365#article","isPartOf":{"@id":"https:\/\/www.prijedordanas.com\/?p=138365"},"author":{"name":"admin","@id":"https:\/\/www.prijedordanas.com\/#\/schema\/person\/4e08ccf29b506ca916ff86d46bb700e6"},"headline":"PU Prijedor: Prona\u0111en voza\u010d koji se udaljio sa lica mjesta saobra\u0107ajne nezgode u kojoj je pje\u0161ak smrtno stradao","datePublished":"2019-12-12T10:27:45+00:00","dateModified":"2019-12-12T10:27:45+00:00","mainEntityOfPage":{"@id":"https:\/\/www.prijedordanas.com\/?p=138365"},"wordCount":817,"publisher":{"@id":"https:\/\/www.prijedordanas.com\/#organization"},"keywords":["PU Prijedor"],"articleSection":["Hronika"],"inLanguage":"en-US"},{"@type":"WebPage","@id":"https:\/\/www.prijedordanas.com\/?p=138365","url":"https:\/\/www.prijedordanas.com\/?p=138365","name":"PU Prijedor: Prona\u0111en voza\u010d koji se udaljio sa lica mjesta saobra\u0107ajne nezgode u kojoj je pje\u0161ak smrtno stradao - PrijedorDanas.com - Prijedorski gradski portal","isPartOf":{"@id":"https:\/\/www.prijedordanas.com\/#website"},"datePublished":"2019-12-12T10:27:45+00:00","dateModified":"2019-12-12T10:27:45+00:00","breadcrumb":{"@id":"https:\/\/www.prijedordanas.com\/?p=138365#breadcrumb"},"inLanguage":"en-US","potentialAction":[{"@type":"ReadAction","target":["https:\/\/www.prijedordanas.com\/?p=138365"]}]},{"@type":"BreadcrumbList","@id":"https:\/\/www.prijedordanas.com\/?p=138365#breadcrumb","itemListElement":[{"@type":"ListItem","position":1,"name":"Home","item":"https:\/\/www.prijedordanas.com\/"},{"@type":"ListItem","position":2,"name":"PU Prijedor: Prona\u0111en voza\u010d koji se udaljio sa lica mjesta saobra\u0107ajne nezgode u kojoj je pje\u0161ak smrtno stradao"}]},{"@type":"WebSite","@id":"https:\/\/www.prijedordanas.com\/#website","url":"https:\/\/www.prijedordanas.com\/","name":"PrijedorDanas.com - Prijedorski gradski portal","description":"Portal o doga\u0111anjima u gradu Prijedoru","publisher":{"@id":"https:\/\/www.prijedordanas.com\/#organization"},"potentialAction":[{"@type":"SearchAction","target":{"@type":"EntryPoint","urlTemplate":"https:\/\/www.prijedordanas.com\/?s={search_term_string}"},"query-input":"required name=search_term_string"}],"inLanguage":"en-US"},{"@type":"Organization","@id":"https:\/\/www.prijedordanas.com\/#organization","name":"PrijedorDanas.com","url":"https:\/\/www.prijedordanas.com\/","logo":{"@type":"ImageObject","inLanguage":"en-US","@id":"https:\/\/www.prijedordanas.com\/#\/schema\/logo\/image\/","url":"http:\/\/www.prijedordanas.com\/wp-content\/uploads\/2021\/12\/logopng.png","contentUrl":"http:\/\/www.prijedordanas.com\/wp-content\/uploads\/2021\/12\/logopng.png","width":1019,"height":776,"caption":"PrijedorDanas.com"},"image":{"@id":"https:\/\/www.prijedordanas.com\/#\/schema\/logo\/image\/"},"sameAs":["https:\/\/www.facebook.com\/PrijedorDanasCom\/"]},{"@type":"Person","@id":"https:\/\/www.prijedordanas.com\/#\/schema\/person\/4e08ccf29b506ca916ff86d46bb700e6","name":"admin","image":{"@type":"ImageObject","inLanguage":"en-US","@id":"https:\/\/www.prijedordanas.com\/#\/schema\/person\/image\/","url":"https:\/\/secure.gravatar.com\/avatar\/1d3fc949d550f0b53a5f0d51e06dfd79?s=96&d=mm&r=g","contentUrl":"https:\/\/secure.gravatar.com\/avatar\/1d3fc949d550f0b53a5f0d51e06dfd79?s=96&d=mm&r=g","caption":"admin"},"url":"https:\/\/www.prijedordanas.com\/?author=1"}]}},"_links":{"self":[{"href":"https:\/\/www.prijedordanas.com\/index.php?rest_route=\/wp\/v2\/posts\/138365"}],"collection":[{"href":"https:\/\/www.prijedordanas.com\/index.php?rest_route=\/wp\/v2\/posts"}],"about":[{"href":"https:\/\/www.prijedordanas.com\/index.php?rest_route=\/wp\/v2\/types\/post"}],"author":[{"embeddable":true,"href":"https:\/\/www.prijedordanas.com\/index.php?rest_route=\/wp\/v2\/users\/1"}],"replies":[{"embeddable":true,"href":"https:\/\/www.prijedordanas.com\/index.php?rest_route=%2Fwp%2Fv2%2Fcomments&post=138365"}],"version-history":[{"count":1,"href":"https:\/\/www.prijedordanas.com\/index.php?rest_route=\/wp\/v2\/posts\/138365\/revisions"}],"predecessor-version":[{"id":138367,"href":"https:\/\/www.prijedordanas.com\/index.php?rest_route=\/wp\/v2\/posts\/138365\/revisions\/138367"}],"wp:attachment":[{"href":"https:\/\/www.prijedordanas.com\/index.php?rest_route=%2Fwp%2Fv2%2Fmedia&parent=138365"}],"wp:term":[{"taxonomy":"category","embeddable":true,"href":"https:\/\/www.prijedordanas.com\/index.php?rest_route=%2Fwp%2Fv2%2Fcategories&post=138365"},{"taxonomy":"post_tag","embeddable":true,"href":"https:\/\/www.prijedordanas.com\/index.php?rest_route=%2Fwp%2Fv2%2Ftags&post=138365"}],"curies":[{"name":"wp","href":"https:\/\/api.w.org\/{rel}","templated":true}]}}