{"id":138258,"date":"2019-12-10T17:53:33","date_gmt":"2019-12-10T16:53:33","guid":{"rendered":"https:\/\/www.prijedordanas.com\/?p=138258"},"modified":"2019-12-10T17:53:33","modified_gmt":"2019-12-10T16:53:33","slug":"sudenje-u-banjaluci-pogledajte-kako-je-halid-muslimovic-tesko-optuzio-bivsu-ljubavnicu-sonju-basic-video","status":"publish","type":"post","link":"https:\/\/www.prijedordanas.com\/?p=138258","title":{"rendered":"Su\u0111enje u Banjaluci: Pogledajte kako je Halid Muslimovi\u0107 te\u0161ko optu\u017eio biv\u0161u ljubavnicu Sonju Ba\u0161i\u0107 &#8211; VIDEO"},"content":{"rendered":"<p><a href=\"https:\/\/www.prijedordanas.com\/wp-content\/uploads\/2019\/12\/avaz-sudjenje-muslimovic-basic-1.jpg\"><img loading=\"lazy\" decoding=\"async\" class=\"alignleft size-medium wp-image-138267\" src=\"https:\/\/www.prijedordanas.com\/wp-content\/uploads\/2019\/12\/avaz-sudjenje-muslimovic-basic-1-300x217.jpg\" alt=\"\" width=\"300\" height=\"217\" srcset=\"https:\/\/www.prijedordanas.com\/wp-content\/uploads\/2019\/12\/avaz-sudjenje-muslimovic-basic-1-300x217.jpg 300w, https:\/\/www.prijedordanas.com\/wp-content\/uploads\/2019\/12\/avaz-sudjenje-muslimovic-basic-1.jpg 690w\" sizes=\"(max-width: 300px) 100vw, 300px\" \/><\/a>Tokom dana je zavr\u0161eno novo ro\u010di\u0161te pred Osnovnim sudom u Banja Luci po optu\u017ebi kojom se pjeva\u010d iz Prijedora Halid Muslimovi\u0107 tereti za nano\u0161enje tjelesnih povreda biv\u0161oj ljubavnici Australki Sonji Ba\u0161i\u0107.<\/p>\n<p>Obje strane su se pojavile u Banjoj Luci, a ovaj put svjedo\u010dio je medicinski vje\u0161tak koji je potvrdio da su povrede na Sonjinom licu nastale od udarca dok su one po tijelu posljedica mogu\u0107eg pada.<\/p>\n<p>Muslimovi\u0107ev advokatski tim je tra\u017eio od Suda mogu\u0107nost da se na sljede\u0107em ro\u010di\u0161tu pojave i svoje iskaze daju svjedoci, navodni njih pet, koji bi potvrdili da je Sonja prije incidenta bila u alkoholiziranom stanju u kafani u kojoj su zajedno sjedili.<\/p>\n<p>Sud je prihvatio zahtjev odbrane te \u0107e se ti svjedoci pojaviti 30. januara 2020. godine kada je zakazano novo ro\u010di\u0161te.<\/p>\n<p>Nakon izlaska sa Suda brojne novinarske ekipe do\u010dekale su Sonju Ba\u0161i\u0107 i Halida Muslimovi\u0107a pa pogledajte \u0161ta je popularni pjeva\u010d rekao za svoju biv\u0161u ljubavnicu, te\u0161ko je optu\u017eiv\u0161i kako je narkodiler koji se slu\u017ei la\u017enim imenima u svojim navodnim kriminalnim radnjama koje, po njegovim rije\u010dima, godinama provodi u Australiji.<\/p>\n<p>expresstabloid.ba<\/p>\n<p><iframe loading=\"lazy\" title=\"Su\u0111enje Halidu Muslimovi\u0107u u Banjoj Luci\" width=\"500\" height=\"375\" src=\"https:\/\/www.youtube.com\/embed\/lD8h8jX18i0?feature=oembed\" frameborder=\"0\" allow=\"accelerometer; autoplay; encrypted-media; gyroscope; picture-in-picture\" allowfullscreen><\/iframe><\/p>\n<p><a href=\"https:\/\/www.prijedordanas.com\/wp-content\/uploads\/2019\/12\/avaz-sudjenje-muslimovic-basic-2.jpg\"><img loading=\"lazy\" decoding=\"async\" src=\"https:\/\/www.prijedordanas.com\/wp-content\/uploads\/2019\/12\/avaz-sudjenje-muslimovic-basic-2-300x217.jpg\" alt=\"\" width=\"300\" height=\"217\" class=\"alignleft size-medium wp-image-138268\" srcset=\"https:\/\/www.prijedordanas.com\/wp-content\/uploads\/2019\/12\/avaz-sudjenje-muslimovic-basic-2-300x217.jpg 300w, https:\/\/www.prijedordanas.com\/wp-content\/uploads\/2019\/12\/avaz-sudjenje-muslimovic-basic-2.jpg 690w\" sizes=\"(max-width: 300px) 100vw, 300px\" \/><\/a><\/p>\n","protected":false},"excerpt":{"rendered":"<p>Tokom dana je zavr\u0161eno novo ro\u010di\u0161te pred Osnovnim sudom u Banja Luci po optu\u017ebi kojom se pjeva\u010d iz Prijedora Halid Muslimovi\u0107 tereti za nano\u0161enje tjelesnih povreda biv\u0161oj ljubavnici Australki Sonji [&hellip;]<\/p>\n","protected":false},"author":1,"featured_media":0,"comment_status":"closed","ping_status":"open","sticky":false,"template":"","format":"standard","meta":{"_monsterinsights_skip_tracking":false,"_monsterinsights_sitenote_active":false,"_monsterinsights_sitenote_note":"","_monsterinsights_sitenote_category":0,"footnotes":""},"categories":[3],"tags":[11001],"yoast_head":"<!-- This site is optimized with the Yoast SEO plugin v21.6 - https:\/\/yoast.com\/wordpress\/plugins\/seo\/ -->\n<title>Su\u0111enje u Banjaluci: Pogledajte kako je Halid Muslimovi\u0107 te\u0161ko optu\u017eio biv\u0161u ljubavnicu Sonju Ba\u0161i\u0107 - VIDEO - PrijedorDanas.com - Prijedorski gradski portal<\/title>\n<meta name=\"robots\" content=\"index, follow, max-snippet:-1, max-image-preview:large, max-video-preview:-1\" \/>\n<link rel=\"canonical\" href=\"https:\/\/www.prijedordanas.com\/?p=138258\" \/>\n<meta property=\"og:locale\" content=\"en_US\" \/>\n<meta property=\"og:type\" content=\"article\" \/>\n<meta property=\"og:title\" content=\"Su\u0111enje u Banjaluci: Pogledajte kako je Halid Muslimovi\u0107 te\u0161ko optu\u017eio biv\u0161u ljubavnicu Sonju Ba\u0161i\u0107 - VIDEO - PrijedorDanas.com - Prijedorski gradski portal\" \/>\n<meta property=\"og:description\" content=\"Tokom dana je zavr\u0161eno novo ro\u010di\u0161te pred Osnovnim sudom u Banja Luci po optu\u017ebi kojom se pjeva\u010d iz Prijedora Halid Muslimovi\u0107 tereti za nano\u0161enje tjelesnih povreda biv\u0161oj ljubavnici Australki Sonji [&hellip;]\" \/>\n<meta property=\"og:url\" content=\"https:\/\/www.prijedordanas.com\/?p=138258\" \/>\n<meta property=\"og:site_name\" content=\"PrijedorDanas.com - Prijedorski gradski portal\" \/>\n<meta property=\"article:publisher\" content=\"https:\/\/www.facebook.com\/PrijedorDanasCom\/\" \/>\n<meta property=\"article:published_time\" content=\"2019-12-10T16:53:33+00:00\" \/>\n<meta property=\"og:image\" content=\"https:\/\/www.prijedordanas.com\/wp-content\/uploads\/2019\/12\/avaz-sudjenje-muslimovic-basic-1-300x217.jpg\" \/>\n<meta name=\"author\" content=\"admin\" \/>\n<meta name=\"twitter:card\" content=\"summary_large_image\" \/>\n<meta name=\"twitter:label1\" content=\"Written by\" \/>\n\t<meta name=\"twitter:data1\" content=\"admin\" \/>\n\t<meta name=\"twitter:label2\" content=\"Est. reading time\" \/>\n\t<meta name=\"twitter:data2\" content=\"1 minute\" \/>\n<script type=\"application\/ld+json\" class=\"yoast-schema-graph\">{\"@context\":\"https:\/\/schema.org\",\"@graph\":[{\"@type\":\"Article\",\"@id\":\"https:\/\/www.prijedordanas.com\/?p=138258#article\",\"isPartOf\":{\"@id\":\"https:\/\/www.prijedordanas.com\/?p=138258\"},\"author\":{\"name\":\"admin\",\"@id\":\"https:\/\/www.prijedordanas.com\/#\/schema\/person\/4e08ccf29b506ca916ff86d46bb700e6\"},\"headline\":\"Su\u0111enje u Banjaluci: Pogledajte kako je Halid Muslimovi\u0107 te\u0161ko optu\u017eio biv\u0161u ljubavnicu Sonju Ba\u0161i\u0107 &#8211; VIDEO\",\"datePublished\":\"2019-12-10T16:53:33+00:00\",\"dateModified\":\"2019-12-10T16:53:33+00:00\",\"mainEntityOfPage\":{\"@id\":\"https:\/\/www.prijedordanas.com\/?p=138258\"},\"wordCount\":232,\"publisher\":{\"@id\":\"https:\/\/www.prijedordanas.com\/#organization\"},\"keywords\":[\"Halid Mulismovi\u0107\"],\"articleSection\":[\"\u017divot\"],\"inLanguage\":\"en-US\"},{\"@type\":\"WebPage\",\"@id\":\"https:\/\/www.prijedordanas.com\/?p=138258\",\"url\":\"https:\/\/www.prijedordanas.com\/?p=138258\",\"name\":\"Su\u0111enje u Banjaluci: Pogledajte kako je Halid Muslimovi\u0107 te\u0161ko optu\u017eio biv\u0161u ljubavnicu Sonju Ba\u0161i\u0107 - VIDEO - PrijedorDanas.com - Prijedorski gradski portal\",\"isPartOf\":{\"@id\":\"https:\/\/www.prijedordanas.com\/#website\"},\"datePublished\":\"2019-12-10T16:53:33+00:00\",\"dateModified\":\"2019-12-10T16:53:33+00:00\",\"breadcrumb\":{\"@id\":\"https:\/\/www.prijedordanas.com\/?p=138258#breadcrumb\"},\"inLanguage\":\"en-US\",\"potentialAction\":[{\"@type\":\"ReadAction\",\"target\":[\"https:\/\/www.prijedordanas.com\/?p=138258\"]}]},{\"@type\":\"BreadcrumbList\",\"@id\":\"https:\/\/www.prijedordanas.com\/?p=138258#breadcrumb\",\"itemListElement\":[{\"@type\":\"ListItem\",\"position\":1,\"name\":\"Home\",\"item\":\"https:\/\/www.prijedordanas.com\/\"},{\"@type\":\"ListItem\",\"position\":2,\"name\":\"Su\u0111enje u Banjaluci: Pogledajte kako je Halid Muslimovi\u0107 te\u0161ko optu\u017eio biv\u0161u ljubavnicu Sonju Ba\u0161i\u0107 &#8211; VIDEO\"}]},{\"@type\":\"WebSite\",\"@id\":\"https:\/\/www.prijedordanas.com\/#website\",\"url\":\"https:\/\/www.prijedordanas.com\/\",\"name\":\"PrijedorDanas.com - Prijedorski gradski portal\",\"description\":\"Portal o doga\u0111anjima u gradu Prijedoru\",\"publisher\":{\"@id\":\"https:\/\/www.prijedordanas.com\/#organization\"},\"potentialAction\":[{\"@type\":\"SearchAction\",\"target\":{\"@type\":\"EntryPoint\",\"urlTemplate\":\"https:\/\/www.prijedordanas.com\/?s={search_term_string}\"},\"query-input\":\"required name=search_term_string\"}],\"inLanguage\":\"en-US\"},{\"@type\":\"Organization\",\"@id\":\"https:\/\/www.prijedordanas.com\/#organization\",\"name\":\"PrijedorDanas.com\",\"url\":\"https:\/\/www.prijedordanas.com\/\",\"logo\":{\"@type\":\"ImageObject\",\"inLanguage\":\"en-US\",\"@id\":\"https:\/\/www.prijedordanas.com\/#\/schema\/logo\/image\/\",\"url\":\"http:\/\/www.prijedordanas.com\/wp-content\/uploads\/2021\/12\/logopng.png\",\"contentUrl\":\"http:\/\/www.prijedordanas.com\/wp-content\/uploads\/2021\/12\/logopng.png\",\"width\":1019,\"height\":776,\"caption\":\"PrijedorDanas.com\"},\"image\":{\"@id\":\"https:\/\/www.prijedordanas.com\/#\/schema\/logo\/image\/\"},\"sameAs\":[\"https:\/\/www.facebook.com\/PrijedorDanasCom\/\"]},{\"@type\":\"Person\",\"@id\":\"https:\/\/www.prijedordanas.com\/#\/schema\/person\/4e08ccf29b506ca916ff86d46bb700e6\",\"name\":\"admin\",\"image\":{\"@type\":\"ImageObject\",\"inLanguage\":\"en-US\",\"@id\":\"https:\/\/www.prijedordanas.com\/#\/schema\/person\/image\/\",\"url\":\"https:\/\/secure.gravatar.com\/avatar\/1d3fc949d550f0b53a5f0d51e06dfd79?s=96&d=mm&r=g\",\"contentUrl\":\"https:\/\/secure.gravatar.com\/avatar\/1d3fc949d550f0b53a5f0d51e06dfd79?s=96&d=mm&r=g\",\"caption\":\"admin\"},\"url\":\"https:\/\/www.prijedordanas.com\/?author=1\"}]}<\/script>\n<!-- \/ Yoast SEO plugin. -->","yoast_head_json":{"title":"Su\u0111enje u Banjaluci: Pogledajte kako je Halid Muslimovi\u0107 te\u0161ko optu\u017eio biv\u0161u ljubavnicu Sonju Ba\u0161i\u0107 - VIDEO - PrijedorDanas.com - Prijedorski gradski portal","robots":{"index":"index","follow":"follow","max-snippet":"max-snippet:-1","max-image-preview":"max-image-preview:large","max-video-preview":"max-video-preview:-1"},"canonical":"https:\/\/www.prijedordanas.com\/?p=138258","og_locale":"en_US","og_type":"article","og_title":"Su\u0111enje u Banjaluci: Pogledajte kako je Halid Muslimovi\u0107 te\u0161ko optu\u017eio biv\u0161u ljubavnicu Sonju Ba\u0161i\u0107 - VIDEO - PrijedorDanas.com - Prijedorski gradski portal","og_description":"Tokom dana je zavr\u0161eno novo ro\u010di\u0161te pred Osnovnim sudom u Banja Luci po optu\u017ebi kojom se pjeva\u010d iz Prijedora Halid Muslimovi\u0107 tereti za nano\u0161enje tjelesnih povreda biv\u0161oj ljubavnici Australki Sonji [&hellip;]","og_url":"https:\/\/www.prijedordanas.com\/?p=138258","og_site_name":"PrijedorDanas.com - Prijedorski gradski portal","article_publisher":"https:\/\/www.facebook.com\/PrijedorDanasCom\/","article_published_time":"2019-12-10T16:53:33+00:00","og_image":[{"url":"https:\/\/www.prijedordanas.com\/wp-content\/uploads\/2019\/12\/avaz-sudjenje-muslimovic-basic-1-300x217.jpg"}],"author":"admin","twitter_card":"summary_large_image","twitter_misc":{"Written by":"admin","Est. reading time":"1 minute"},"schema":{"@context":"https:\/\/schema.org","@graph":[{"@type":"Article","@id":"https:\/\/www.prijedordanas.com\/?p=138258#article","isPartOf":{"@id":"https:\/\/www.prijedordanas.com\/?p=138258"},"author":{"name":"admin","@id":"https:\/\/www.prijedordanas.com\/#\/schema\/person\/4e08ccf29b506ca916ff86d46bb700e6"},"headline":"Su\u0111enje u Banjaluci: Pogledajte kako je Halid Muslimovi\u0107 te\u0161ko optu\u017eio biv\u0161u ljubavnicu Sonju Ba\u0161i\u0107 &#8211; VIDEO","datePublished":"2019-12-10T16:53:33+00:00","dateModified":"2019-12-10T16:53:33+00:00","mainEntityOfPage":{"@id":"https:\/\/www.prijedordanas.com\/?p=138258"},"wordCount":232,"publisher":{"@id":"https:\/\/www.prijedordanas.com\/#organization"},"keywords":["Halid Mulismovi\u0107"],"articleSection":["\u017divot"],"inLanguage":"en-US"},{"@type":"WebPage","@id":"https:\/\/www.prijedordanas.com\/?p=138258","url":"https:\/\/www.prijedordanas.com\/?p=138258","name":"Su\u0111enje u Banjaluci: Pogledajte kako je Halid Muslimovi\u0107 te\u0161ko optu\u017eio biv\u0161u ljubavnicu Sonju Ba\u0161i\u0107 - VIDEO - PrijedorDanas.com - Prijedorski gradski portal","isPartOf":{"@id":"https:\/\/www.prijedordanas.com\/#website"},"datePublished":"2019-12-10T16:53:33+00:00","dateModified":"2019-12-10T16:53:33+00:00","breadcrumb":{"@id":"https:\/\/www.prijedordanas.com\/?p=138258#breadcrumb"},"inLanguage":"en-US","potentialAction":[{"@type":"ReadAction","target":["https:\/\/www.prijedordanas.com\/?p=138258"]}]},{"@type":"BreadcrumbList","@id":"https:\/\/www.prijedordanas.com\/?p=138258#breadcrumb","itemListElement":[{"@type":"ListItem","position":1,"name":"Home","item":"https:\/\/www.prijedordanas.com\/"},{"@type":"ListItem","position":2,"name":"Su\u0111enje u Banjaluci: Pogledajte kako je Halid Muslimovi\u0107 te\u0161ko optu\u017eio biv\u0161u ljubavnicu Sonju Ba\u0161i\u0107 &#8211; VIDEO"}]},{"@type":"WebSite","@id":"https:\/\/www.prijedordanas.com\/#website","url":"https:\/\/www.prijedordanas.com\/","name":"PrijedorDanas.com - Prijedorski gradski portal","description":"Portal o doga\u0111anjima u gradu Prijedoru","publisher":{"@id":"https:\/\/www.prijedordanas.com\/#organization"},"potentialAction":[{"@type":"SearchAction","target":{"@type":"EntryPoint","urlTemplate":"https:\/\/www.prijedordanas.com\/?s={search_term_string}"},"query-input":"required name=search_term_string"}],"inLanguage":"en-US"},{"@type":"Organization","@id":"https:\/\/www.prijedordanas.com\/#organization","name":"PrijedorDanas.com","url":"https:\/\/www.prijedordanas.com\/","logo":{"@type":"ImageObject","inLanguage":"en-US","@id":"https:\/\/www.prijedordanas.com\/#\/schema\/logo\/image\/","url":"http:\/\/www.prijedordanas.com\/wp-content\/uploads\/2021\/12\/logopng.png","contentUrl":"http:\/\/www.prijedordanas.com\/wp-content\/uploads\/2021\/12\/logopng.png","width":1019,"height":776,"caption":"PrijedorDanas.com"},"image":{"@id":"https:\/\/www.prijedordanas.com\/#\/schema\/logo\/image\/"},"sameAs":["https:\/\/www.facebook.com\/PrijedorDanasCom\/"]},{"@type":"Person","@id":"https:\/\/www.prijedordanas.com\/#\/schema\/person\/4e08ccf29b506ca916ff86d46bb700e6","name":"admin","image":{"@type":"ImageObject","inLanguage":"en-US","@id":"https:\/\/www.prijedordanas.com\/#\/schema\/person\/image\/","url":"https:\/\/secure.gravatar.com\/avatar\/1d3fc949d550f0b53a5f0d51e06dfd79?s=96&d=mm&r=g","contentUrl":"https:\/\/secure.gravatar.com\/avatar\/1d3fc949d550f0b53a5f0d51e06dfd79?s=96&d=mm&r=g","caption":"admin"},"url":"https:\/\/www.prijedordanas.com\/?author=1"}]}},"_links":{"self":[{"href":"https:\/\/www.prijedordanas.com\/index.php?rest_route=\/wp\/v2\/posts\/138258"}],"collection":[{"href":"https:\/\/www.prijedordanas.com\/index.php?rest_route=\/wp\/v2\/posts"}],"about":[{"href":"https:\/\/www.prijedordanas.com\/index.php?rest_route=\/wp\/v2\/types\/post"}],"author":[{"embeddable":true,"href":"https:\/\/www.prijedordanas.com\/index.php?rest_route=\/wp\/v2\/users\/1"}],"replies":[{"embeddable":true,"href":"https:\/\/www.prijedordanas.com\/index.php?rest_route=%2Fwp%2Fv2%2Fcomments&post=138258"}],"version-history":[{"count":2,"href":"https:\/\/www.prijedordanas.com\/index.php?rest_route=\/wp\/v2\/posts\/138258\/revisions"}],"predecessor-version":[{"id":138269,"href":"https:\/\/www.prijedordanas.com\/index.php?rest_route=\/wp\/v2\/posts\/138258\/revisions\/138269"}],"wp:attachment":[{"href":"https:\/\/www.prijedordanas.com\/index.php?rest_route=%2Fwp%2Fv2%2Fmedia&parent=138258"}],"wp:term":[{"taxonomy":"category","embeddable":true,"href":"https:\/\/www.prijedordanas.com\/index.php?rest_route=%2Fwp%2Fv2%2Fcategories&post=138258"},{"taxonomy":"post_tag","embeddable":true,"href":"https:\/\/www.prijedordanas.com\/index.php?rest_route=%2Fwp%2Fv2%2Ftags&post=138258"}],"curies":[{"name":"wp","href":"https:\/\/api.w.org\/{rel}","templated":true}]}}